{"id":61882,"date":"2020-03-14T18:32:20","date_gmt":"2020-03-14T18:32:20","guid":{"rendered":"http:\/\/www.intoscana.it\/coronavirus-160-i-nuovi-casi-positivi-registrati-in-toscana\/"},"modified":"2020-05-19T15:50:17","modified_gmt":"2020-05-19T13:50:17","slug":"coronavirus-160-nuovi-casi","status":"publish","type":"post","link":"https:\/\/www.intoscana.it\/it\/coronavirus-160-nuovi-casi\/","title":{"rendered":"Coronavirus: 160 i nuovi casi positivi registrati in Toscana"},"content":{"rendered":"<p><strong>Sono in tutto 160 i nuovi casi positivi al test per il Coronavirus in Toscana rispetto al monitoraggio di ieri<\/strong>, venerd\u00ec 13 marzo: un numero che porta in totale i tamponi positivi al Covid-19 a quota 630. <br \/>Sono emersi dalle analisi condotte nei laboratori di virologia dell&#8217;Azienda ospedaliero universitaria di Careggi (53), in quella di Pisa (43) e in quella di Siena (64).<br \/>Si ricorda che si tratta dei dati comunicati oggi alle ore 16.30 dagli uffici dell&#8217;assessorato al diritto alla salute, che verranno trasmessi al Ministero della salute, e rilanciati ufficialmente dal capo della Protezione civile Angelo Borrelli nella consueta conferenza stampa quotidiana delle ore 18. \u00c8 possibile che pi\u00f9 avanti nel corso del pomeriggio le aziende sanitarie possano trasmettere dati differenti essendo stati rilevati pi\u00f9 avanti nel pomeriggio o nella serata.<\/p>\n<p>Ad oggi sono complessivamente 630 i tamponi risultati positivi al test del Coronavirus Covid-19. Questa la suddivisione per provincia di segnalazione: <strong>132 Firenze, 96 Lucca, 88 Massa Carrara, 63 Pistoia, 62 Pisa, 58 Siena, 40 Livorno, 33 Prato , 31 Grosseto,27 Arezzo.<\/strong> Il che porta ad un totale per la Asl centro di 228, per la Asl nord ovest di 286 e per la Asl sud est di 116.<\/p>\n<p><strong>Ad oggi sono 6 le guarigioni virali (casi negativizzati), 5 le guarigioni cliniche<\/strong> e 630 i casi attualmente positivi. <strong>Nove i decessi. Sono 8 uomini e una donna di et\u00e0 compresa tra i 70 e i 98 anni<\/strong> e tutti affetti da patologie concomitanti gi\u00e0 possedute. Tre risiedevano in provincia di Lucca, tre in provincia di Massa Carrara, uno ciascuno in quelle di Pistoia, Pisa e Livorno.<\/p>\n<p><strong>Dal 1\u00b0 febbraio ad oggi, sono in tutto 4.595 i tamponi eseguiti nei tre laboratori. Dal monitoraggio giornaliero sono 6.880 le persone in isolamento domiciliare,<\/strong> di cui 3.502 prese in carico attraverso i numeri dedicati, attivati da ciascuna Asl. Sono 2.163 persone nella Asl centro (Firenze &#8211; Empoli &#8211; Prato &#8211; Pistoia), 1.188 persone nella Asl nord ovest (Lucca &#8211; Massa Carrara &#8211; Pisa &#8211; Livorno) e 151 nella sud est (Arezzo &#8211; Siena \u2013 Grosseto).<\/p>\n","protected":false},"excerpt":{"rendered":"<p>In tutto sono 630 i tamponi positivi nella nostra regione e 6.880 le persone in isolamento domiciliare<\/p>\n","protected":false},"author":525,"featured_media":99945,"comment_status":"open","ping_status":"open","sticky":false,"template":"","format":"standard","meta":{"_acf_changed":false,"footnotes":""},"categories":[18],"tags":[],"class_list":["post-61882","post","type-post","status-publish","format-standard","has-post-thumbnail","hentry","category-salute"],"acf":[],"yoast_head":"<!-- This site is optimized with the Yoast SEO Premium plugin v24.2 (Yoast SEO v25.6) - https:\/\/yoast.com\/wordpress\/plugins\/seo\/ -->\n<title>Coronavirus: 160 i nuovi casi positivi registrati in Toscana - intoscana<\/title>\n<meta name=\"robots\" content=\"index, follow, max-snippet:-1, max-image-preview:large, max-video-preview:-1\" \/>\n<link rel=\"canonical\" href=\"https:\/\/www.intoscana.it\/it\/coronavirus-160-nuovi-casi\/\" \/>\n<meta property=\"og:locale\" content=\"it_IT\" \/>\n<meta property=\"og:type\" content=\"article\" \/>\n<meta property=\"og:title\" content=\"Coronavirus: 160 i nuovi casi positivi registrati in Toscana\" \/>\n<meta property=\"og:description\" content=\"In tutto sono 630 i tamponi positivi nella nostra regione e 6.880 le persone in isolamento domiciliare\" \/>\n<meta property=\"og:url\" content=\"https:\/\/www.intoscana.it\/it\/coronavirus-160-nuovi-casi\/\" \/>\n<meta property=\"og:site_name\" content=\"intoscana\" \/>\n<meta property=\"article:publisher\" content=\"https:\/\/www.facebook.com\/intoscana.it\" \/>\n<meta property=\"article:published_time\" content=\"2020-03-14T18:32:20+00:00\" \/>\n<meta property=\"article:modified_time\" content=\"2020-05-19T13:50:17+00:00\" \/>\n<meta property=\"og:image\" content=\"https:\/\/www.intoscana.it\/wp-content\/uploads\/shutterstock_1622495458.jpg\" \/>\n\t<meta property=\"og:image:width\" content=\"2000\" \/>\n\t<meta property=\"og:image:height\" content=\"1333\" \/>\n\t<meta property=\"og:image:type\" content=\"image\/jpeg\" \/>\n<meta name=\"author\" content=\"Redazione\" \/>\n<meta name=\"twitter:card\" content=\"summary_large_image\" \/>\n<meta name=\"twitter:creator\" content=\"@intoscana\" \/>\n<meta name=\"twitter:site\" content=\"@intoscana\" \/>\n<meta name=\"twitter:label1\" content=\"Written by\" \/>\n\t<meta name=\"twitter:data1\" content=\"Redazione\" \/>\n\t<meta name=\"twitter:label2\" content=\"Est. reading time\" \/>\n\t<meta name=\"twitter:data2\" content=\"2 minuti\" \/>\n<script type=\"application\/ld+json\" class=\"yoast-schema-graph\">{\"@context\":\"https:\/\/schema.org\",\"@graph\":[{\"@type\":\"WebPage\",\"@id\":\"https:\/\/www.intoscana.it\/it\/coronavirus-160-nuovi-casi\/\",\"url\":\"https:\/\/www.intoscana.it\/it\/coronavirus-160-nuovi-casi\/\",\"name\":\"Coronavirus: 160 i nuovi casi positivi registrati in Toscana - intoscana\",\"isPartOf\":{\"@id\":\"https:\/\/www.intoscana.it\/it\/#website\"},\"primaryImageOfPage\":{\"@id\":\"https:\/\/www.intoscana.it\/it\/coronavirus-160-nuovi-casi\/#primaryimage\"},\"image\":{\"@id\":\"https:\/\/www.intoscana.it\/it\/coronavirus-160-nuovi-casi\/#primaryimage\"},\"thumbnailUrl\":\"https:\/\/www.intoscana.it\/wp-content\/uploads\/shutterstock_1622495458.jpg\",\"datePublished\":\"2020-03-14T18:32:20+00:00\",\"dateModified\":\"2020-05-19T13:50:17+00:00\",\"author\":{\"@id\":\"https:\/\/www.intoscana.it\/it\/#\/schema\/person\/9223810753230f20bd670fdd322661f8\"},\"breadcrumb\":{\"@id\":\"https:\/\/www.intoscana.it\/it\/coronavirus-160-nuovi-casi\/#breadcrumb\"},\"inLanguage\":\"it-IT\",\"potentialAction\":[{\"@type\":\"ReadAction\",\"target\":[\"https:\/\/www.intoscana.it\/it\/coronavirus-160-nuovi-casi\/\"]}]},{\"@type\":\"ImageObject\",\"inLanguage\":\"it-IT\",\"@id\":\"https:\/\/www.intoscana.it\/it\/coronavirus-160-nuovi-casi\/#primaryimage\",\"url\":\"https:\/\/www.intoscana.it\/wp-content\/uploads\/shutterstock_1622495458.jpg\",\"contentUrl\":\"https:\/\/www.intoscana.it\/wp-content\/uploads\/shutterstock_1622495458.jpg\",\"width\":2000,\"height\":1333},{\"@type\":\"BreadcrumbList\",\"@id\":\"https:\/\/www.intoscana.it\/it\/coronavirus-160-nuovi-casi\/#breadcrumb\",\"itemListElement\":[{\"@type\":\"ListItem\",\"position\":1,\"name\":\"Home\",\"item\":\"https:\/\/www.intoscana.it\/it\/\"},{\"@type\":\"ListItem\",\"position\":2,\"name\":\"Coronavirus: 160 i nuovi casi positivi registrati in Toscana\"}]},{\"@type\":\"WebSite\",\"@id\":\"https:\/\/www.intoscana.it\/it\/#website\",\"url\":\"https:\/\/www.intoscana.it\/it\/\",\"name\":\"intoscana\",\"description\":\"\",\"potentialAction\":[{\"@type\":\"SearchAction\",\"target\":{\"@type\":\"EntryPoint\",\"urlTemplate\":\"https:\/\/www.intoscana.it\/it\/?s={search_term_string}\"},\"query-input\":{\"@type\":\"PropertyValueSpecification\",\"valueRequired\":true,\"valueName\":\"search_term_string\"}}],\"inLanguage\":\"it-IT\"},{\"@type\":\"Person\",\"@id\":\"https:\/\/www.intoscana.it\/it\/#\/schema\/person\/9223810753230f20bd670fdd322661f8\",\"name\":\"Redazione\",\"url\":\"https:\/\/www.intoscana.it\/it\/author\/redazione\/\"}]}<\/script>\n<!-- \/ Yoast SEO Premium plugin. -->","yoast_head_json":{"title":"Coronavirus: 160 i nuovi casi positivi registrati in Toscana - intoscana","robots":{"index":"index","follow":"follow","max-snippet":"max-snippet:-1","max-image-preview":"max-image-preview:large","max-video-preview":"max-video-preview:-1"},"canonical":"https:\/\/www.intoscana.it\/it\/coronavirus-160-nuovi-casi\/","og_locale":"it_IT","og_type":"article","og_title":"Coronavirus: 160 i nuovi casi positivi registrati in Toscana","og_description":"In tutto sono 630 i tamponi positivi nella nostra regione e 6.880 le persone in isolamento domiciliare","og_url":"https:\/\/www.intoscana.it\/it\/coronavirus-160-nuovi-casi\/","og_site_name":"intoscana","article_publisher":"https:\/\/www.facebook.com\/intoscana.it","article_published_time":"2020-03-14T18:32:20+00:00","article_modified_time":"2020-05-19T13:50:17+00:00","og_image":[{"width":2000,"height":1333,"url":"https:\/\/www.intoscana.it\/wp-content\/uploads\/shutterstock_1622495458.jpg","type":"image\/jpeg"}],"author":"Redazione","twitter_card":"summary_large_image","twitter_creator":"@intoscana","twitter_site":"@intoscana","twitter_misc":{"Written by":"Redazione","Est. reading time":"2 minuti"},"schema":{"@context":"https:\/\/schema.org","@graph":[{"@type":"WebPage","@id":"https:\/\/www.intoscana.it\/it\/coronavirus-160-nuovi-casi\/","url":"https:\/\/www.intoscana.it\/it\/coronavirus-160-nuovi-casi\/","name":"Coronavirus: 160 i nuovi casi positivi registrati in Toscana - intoscana","isPartOf":{"@id":"https:\/\/www.intoscana.it\/it\/#website"},"primaryImageOfPage":{"@id":"https:\/\/www.intoscana.it\/it\/coronavirus-160-nuovi-casi\/#primaryimage"},"image":{"@id":"https:\/\/www.intoscana.it\/it\/coronavirus-160-nuovi-casi\/#primaryimage"},"thumbnailUrl":"https:\/\/www.intoscana.it\/wp-content\/uploads\/shutterstock_1622495458.jpg","datePublished":"2020-03-14T18:32:20+00:00","dateModified":"2020-05-19T13:50:17+00:00","author":{"@id":"https:\/\/www.intoscana.it\/it\/#\/schema\/person\/9223810753230f20bd670fdd322661f8"},"breadcrumb":{"@id":"https:\/\/www.intoscana.it\/it\/coronavirus-160-nuovi-casi\/#breadcrumb"},"inLanguage":"it-IT","potentialAction":[{"@type":"ReadAction","target":["https:\/\/www.intoscana.it\/it\/coronavirus-160-nuovi-casi\/"]}]},{"@type":"ImageObject","inLanguage":"it-IT","@id":"https:\/\/www.intoscana.it\/it\/coronavirus-160-nuovi-casi\/#primaryimage","url":"https:\/\/www.intoscana.it\/wp-content\/uploads\/shutterstock_1622495458.jpg","contentUrl":"https:\/\/www.intoscana.it\/wp-content\/uploads\/shutterstock_1622495458.jpg","width":2000,"height":1333},{"@type":"BreadcrumbList","@id":"https:\/\/www.intoscana.it\/it\/coronavirus-160-nuovi-casi\/#breadcrumb","itemListElement":[{"@type":"ListItem","position":1,"name":"Home","item":"https:\/\/www.intoscana.it\/it\/"},{"@type":"ListItem","position":2,"name":"Coronavirus: 160 i nuovi casi positivi registrati in Toscana"}]},{"@type":"WebSite","@id":"https:\/\/www.intoscana.it\/it\/#website","url":"https:\/\/www.intoscana.it\/it\/","name":"intoscana","description":"","potentialAction":[{"@type":"SearchAction","target":{"@type":"EntryPoint","urlTemplate":"https:\/\/www.intoscana.it\/it\/?s={search_term_string}"},"query-input":{"@type":"PropertyValueSpecification","valueRequired":true,"valueName":"search_term_string"}}],"inLanguage":"it-IT"},{"@type":"Person","@id":"https:\/\/www.intoscana.it\/it\/#\/schema\/person\/9223810753230f20bd670fdd322661f8","name":"Redazione","url":"https:\/\/www.intoscana.it\/it\/author\/redazione\/"}]}},"_links":{"self":[{"href":"https:\/\/www.intoscana.it\/it\/wp-json\/wp\/v2\/posts\/61882","targetHints":{"allow":["GET"]}}],"collection":[{"href":"https:\/\/www.intoscana.it\/it\/wp-json\/wp\/v2\/posts"}],"about":[{"href":"https:\/\/www.intoscana.it\/it\/wp-json\/wp\/v2\/types\/post"}],"author":[{"embeddable":true,"href":"https:\/\/www.intoscana.it\/it\/wp-json\/wp\/v2\/users\/525"}],"replies":[{"embeddable":true,"href":"https:\/\/www.intoscana.it\/it\/wp-json\/wp\/v2\/comments?post=61882"}],"version-history":[{"count":0,"href":"https:\/\/www.intoscana.it\/it\/wp-json\/wp\/v2\/posts\/61882\/revisions"}],"wp:featuredmedia":[{"embeddable":true,"href":"https:\/\/www.intoscana.it\/it\/wp-json\/wp\/v2\/media\/99945"}],"wp:attachment":[{"href":"https:\/\/www.intoscana.it\/it\/wp-json\/wp\/v2\/media?parent=61882"}],"wp:term":[{"taxonomy":"category","embeddable":true,"href":"https:\/\/www.intoscana.it\/it\/wp-json\/wp\/v2\/categories?post=61882"},{"taxonomy":"post_tag","embeddable":true,"href":"https:\/\/www.intoscana.it\/it\/wp-json\/wp\/v2\/tags?post=61882"}],"curies":[{"name":"wp","href":"https:\/\/api.w.org\/{rel}","templated":true}]}}