{"id":62026,"date":"2019-01-24T11:28:28","date_gmt":"2019-01-24T11:28:28","guid":{"rendered":"http:\/\/www.intoscana.it\/allospedale-santo-stefano-di-prato-apre-il-day-service-geriatrico\/"},"modified":"2020-05-18T10:03:54","modified_gmt":"2020-05-18T08:03:54","slug":"allospedale-santo-stefano-di-prato-apre-il-day-service-geriatrico","status":"publish","type":"post","link":"https:\/\/www.intoscana.it\/it\/allospedale-santo-stefano-di-prato-apre-il-day-service-geriatrico\/","title":{"rendered":"All&#8217;Ospedale Santo Stefano di Prato apre il &#8216;day service&#8217; geriatrico"},"content":{"rendered":"<p><strong>Un &#8216;day service&#8217; geriatrico<\/strong> aperto alle porte dell&#8217;<strong>Ospedale Santo Stefano di Prato,<\/strong> per <strong>evitare l&#8217;attesa in pronto soccorso degli anziani che arrivano al triage con patologie acute<\/strong> o che sono gi\u00e0 conosciuti dai servizi geriatrici. La struttura, contigua alla <strong>medicina d&#8217;urgenza<\/strong>, consente una <strong>presa in carico immediata da parte di un team medico e infermieristico appositamente formato e dedicato<\/strong>.<\/p>\n<p>Anche i medici di famiglia potranno usare il &#8216;day service&#8217; per i loro assistiti, sia per le prime diagnosi che per i casi clinici complessi. Per l&#8217;<strong>assessore regionale al diritto alla salute Stefania Saccardi<\/strong> <strong>&#8220;il day service \u00e8 una soluzione assistenziale che semplificher\u00e0 i percorsi di cura degli anziani pratesi,<\/strong> migliorando anche la continuit\u00e0 assistenziale in una fase di vita nella quale il paziente pu\u00f2 trovarsi in condizione di fragilit\u00e0&#8221;.<\/p>\n<p>Per il <strong>direttore generale dell&#8217;Asl centro, Paolo Morello Marchese,<\/strong> il day service &#8220;sar\u00e0 <strong>una delle eccellenze del presidio&#8221;<\/strong>. Soddisfazione \u00e8 stata espressa anche dal <strong>sindaco di Prato Matteo Biffoni<\/strong>: &#8220;Il day service &#8211; ha detto &#8211; \u00e8 un tassello importante dei servizi sanitari per la nostra comunit\u00e0, con un occhio di riguardo per i pazienti pi\u00f9 fragili e per le loro famiglie&#8221;.<\/p>\n","protected":false},"excerpt":{"rendered":"<p>Servir\u00e0 ad evitare l&#8217;attesa per gli anziani che arrivano al triage con patologie acute<\/p>\n","protected":false},"author":525,"featured_media":100026,"comment_status":"open","ping_status":"open","sticky":false,"template":"","format":"standard","meta":{"_acf_changed":false,"footnotes":""},"categories":[18],"tags":[],"class_list":["post-62026","post","type-post","status-publish","format-standard","has-post-thumbnail","hentry","category-salute"],"acf":[],"yoast_head":"<!-- This site is optimized with the Yoast SEO Premium plugin v24.2 (Yoast SEO v25.6) - https:\/\/yoast.com\/wordpress\/plugins\/seo\/ -->\n<title>All&#039;Ospedale Santo Stefano di Prato apre il &#039;day service&#039; geriatrico - intoscana<\/title>\n<meta name=\"robots\" content=\"index, follow, max-snippet:-1, max-image-preview:large, max-video-preview:-1\" \/>\n<link rel=\"canonical\" href=\"https:\/\/www.intoscana.it\/it\/allospedale-santo-stefano-di-prato-apre-il-day-service-geriatrico\/\" \/>\n<meta property=\"og:locale\" content=\"it_IT\" \/>\n<meta property=\"og:type\" content=\"article\" \/>\n<meta property=\"og:title\" content=\"All&#039;Ospedale Santo Stefano di Prato apre il &#039;day service&#039; geriatrico\" \/>\n<meta property=\"og:description\" content=\"Servir\u00e0 ad evitare l&#039;attesa per gli anziani che arrivano al triage con patologie acute\" \/>\n<meta property=\"og:url\" content=\"https:\/\/www.intoscana.it\/it\/allospedale-santo-stefano-di-prato-apre-il-day-service-geriatrico\/\" \/>\n<meta property=\"og:site_name\" content=\"intoscana\" \/>\n<meta property=\"article:publisher\" content=\"https:\/\/www.facebook.com\/intoscana.it\" \/>\n<meta property=\"article:published_time\" content=\"2019-01-24T11:28:28+00:00\" \/>\n<meta property=\"article:modified_time\" content=\"2020-05-18T08:03:54+00:00\" \/>\n<meta property=\"og:image\" content=\"https:\/\/www.intoscana.it\/wp-content\/uploads\/44fb45a9292156051b784453236c0069-7.jpg\" \/>\n\t<meta property=\"og:image:width\" content=\"500\" \/>\n\t<meta property=\"og:image:height\" content=\"325\" \/>\n\t<meta property=\"og:image:type\" content=\"image\/jpeg\" \/>\n<meta name=\"author\" content=\"Redazione\" \/>\n<meta name=\"twitter:card\" content=\"summary_large_image\" \/>\n<meta name=\"twitter:creator\" content=\"@intoscana\" \/>\n<meta name=\"twitter:site\" content=\"@intoscana\" \/>\n<meta name=\"twitter:label1\" content=\"Written by\" \/>\n\t<meta name=\"twitter:data1\" content=\"Redazione\" \/>\n\t<meta name=\"twitter:label2\" content=\"Est. reading time\" \/>\n\t<meta name=\"twitter:data2\" content=\"1 minuto\" \/>\n<script type=\"application\/ld+json\" class=\"yoast-schema-graph\">{\"@context\":\"https:\/\/schema.org\",\"@graph\":[{\"@type\":\"WebPage\",\"@id\":\"https:\/\/www.intoscana.it\/it\/allospedale-santo-stefano-di-prato-apre-il-day-service-geriatrico\/\",\"url\":\"https:\/\/www.intoscana.it\/it\/allospedale-santo-stefano-di-prato-apre-il-day-service-geriatrico\/\",\"name\":\"All'Ospedale Santo Stefano di Prato apre il 'day service' geriatrico - intoscana\",\"isPartOf\":{\"@id\":\"https:\/\/www.intoscana.it\/it\/#website\"},\"primaryImageOfPage\":{\"@id\":\"https:\/\/www.intoscana.it\/it\/allospedale-santo-stefano-di-prato-apre-il-day-service-geriatrico\/#primaryimage\"},\"image\":{\"@id\":\"https:\/\/www.intoscana.it\/it\/allospedale-santo-stefano-di-prato-apre-il-day-service-geriatrico\/#primaryimage\"},\"thumbnailUrl\":\"https:\/\/www.intoscana.it\/wp-content\/uploads\/44fb45a9292156051b784453236c0069-7.jpg\",\"datePublished\":\"2019-01-24T11:28:28+00:00\",\"dateModified\":\"2020-05-18T08:03:54+00:00\",\"author\":{\"@id\":\"https:\/\/www.intoscana.it\/it\/#\/schema\/person\/9223810753230f20bd670fdd322661f8\"},\"breadcrumb\":{\"@id\":\"https:\/\/www.intoscana.it\/it\/allospedale-santo-stefano-di-prato-apre-il-day-service-geriatrico\/#breadcrumb\"},\"inLanguage\":\"it-IT\",\"potentialAction\":[{\"@type\":\"ReadAction\",\"target\":[\"https:\/\/www.intoscana.it\/it\/allospedale-santo-stefano-di-prato-apre-il-day-service-geriatrico\/\"]}]},{\"@type\":\"ImageObject\",\"inLanguage\":\"it-IT\",\"@id\":\"https:\/\/www.intoscana.it\/it\/allospedale-santo-stefano-di-prato-apre-il-day-service-geriatrico\/#primaryimage\",\"url\":\"https:\/\/www.intoscana.it\/wp-content\/uploads\/44fb45a9292156051b784453236c0069-7.jpg\",\"contentUrl\":\"https:\/\/www.intoscana.it\/wp-content\/uploads\/44fb45a9292156051b784453236c0069-7.jpg\",\"width\":500,\"height\":325},{\"@type\":\"BreadcrumbList\",\"@id\":\"https:\/\/www.intoscana.it\/it\/allospedale-santo-stefano-di-prato-apre-il-day-service-geriatrico\/#breadcrumb\",\"itemListElement\":[{\"@type\":\"ListItem\",\"position\":1,\"name\":\"Home\",\"item\":\"https:\/\/www.intoscana.it\/it\/\"},{\"@type\":\"ListItem\",\"position\":2,\"name\":\"All&#8217;Ospedale Santo Stefano di Prato apre il &#8216;day service&#8217; geriatrico\"}]},{\"@type\":\"WebSite\",\"@id\":\"https:\/\/www.intoscana.it\/it\/#website\",\"url\":\"https:\/\/www.intoscana.it\/it\/\",\"name\":\"intoscana\",\"description\":\"\",\"potentialAction\":[{\"@type\":\"SearchAction\",\"target\":{\"@type\":\"EntryPoint\",\"urlTemplate\":\"https:\/\/www.intoscana.it\/it\/?s={search_term_string}\"},\"query-input\":{\"@type\":\"PropertyValueSpecification\",\"valueRequired\":true,\"valueName\":\"search_term_string\"}}],\"inLanguage\":\"it-IT\"},{\"@type\":\"Person\",\"@id\":\"https:\/\/www.intoscana.it\/it\/#\/schema\/person\/9223810753230f20bd670fdd322661f8\",\"name\":\"Redazione\",\"url\":\"https:\/\/www.intoscana.it\/it\/author\/redazione\/\"}]}<\/script>\n<!-- \/ Yoast SEO Premium plugin. -->","yoast_head_json":{"title":"All'Ospedale Santo Stefano di Prato apre il 'day service' geriatrico - intoscana","robots":{"index":"index","follow":"follow","max-snippet":"max-snippet:-1","max-image-preview":"max-image-preview:large","max-video-preview":"max-video-preview:-1"},"canonical":"https:\/\/www.intoscana.it\/it\/allospedale-santo-stefano-di-prato-apre-il-day-service-geriatrico\/","og_locale":"it_IT","og_type":"article","og_title":"All'Ospedale Santo Stefano di Prato apre il 'day service' geriatrico","og_description":"Servir\u00e0 ad evitare l'attesa per gli anziani che arrivano al triage con patologie acute","og_url":"https:\/\/www.intoscana.it\/it\/allospedale-santo-stefano-di-prato-apre-il-day-service-geriatrico\/","og_site_name":"intoscana","article_publisher":"https:\/\/www.facebook.com\/intoscana.it","article_published_time":"2019-01-24T11:28:28+00:00","article_modified_time":"2020-05-18T08:03:54+00:00","og_image":[{"width":500,"height":325,"url":"https:\/\/www.intoscana.it\/wp-content\/uploads\/44fb45a9292156051b784453236c0069-7.jpg","type":"image\/jpeg"}],"author":"Redazione","twitter_card":"summary_large_image","twitter_creator":"@intoscana","twitter_site":"@intoscana","twitter_misc":{"Written by":"Redazione","Est. reading time":"1 minuto"},"schema":{"@context":"https:\/\/schema.org","@graph":[{"@type":"WebPage","@id":"https:\/\/www.intoscana.it\/it\/allospedale-santo-stefano-di-prato-apre-il-day-service-geriatrico\/","url":"https:\/\/www.intoscana.it\/it\/allospedale-santo-stefano-di-prato-apre-il-day-service-geriatrico\/","name":"All'Ospedale Santo Stefano di Prato apre il 'day service' geriatrico - intoscana","isPartOf":{"@id":"https:\/\/www.intoscana.it\/it\/#website"},"primaryImageOfPage":{"@id":"https:\/\/www.intoscana.it\/it\/allospedale-santo-stefano-di-prato-apre-il-day-service-geriatrico\/#primaryimage"},"image":{"@id":"https:\/\/www.intoscana.it\/it\/allospedale-santo-stefano-di-prato-apre-il-day-service-geriatrico\/#primaryimage"},"thumbnailUrl":"https:\/\/www.intoscana.it\/wp-content\/uploads\/44fb45a9292156051b784453236c0069-7.jpg","datePublished":"2019-01-24T11:28:28+00:00","dateModified":"2020-05-18T08:03:54+00:00","author":{"@id":"https:\/\/www.intoscana.it\/it\/#\/schema\/person\/9223810753230f20bd670fdd322661f8"},"breadcrumb":{"@id":"https:\/\/www.intoscana.it\/it\/allospedale-santo-stefano-di-prato-apre-il-day-service-geriatrico\/#breadcrumb"},"inLanguage":"it-IT","potentialAction":[{"@type":"ReadAction","target":["https:\/\/www.intoscana.it\/it\/allospedale-santo-stefano-di-prato-apre-il-day-service-geriatrico\/"]}]},{"@type":"ImageObject","inLanguage":"it-IT","@id":"https:\/\/www.intoscana.it\/it\/allospedale-santo-stefano-di-prato-apre-il-day-service-geriatrico\/#primaryimage","url":"https:\/\/www.intoscana.it\/wp-content\/uploads\/44fb45a9292156051b784453236c0069-7.jpg","contentUrl":"https:\/\/www.intoscana.it\/wp-content\/uploads\/44fb45a9292156051b784453236c0069-7.jpg","width":500,"height":325},{"@type":"BreadcrumbList","@id":"https:\/\/www.intoscana.it\/it\/allospedale-santo-stefano-di-prato-apre-il-day-service-geriatrico\/#breadcrumb","itemListElement":[{"@type":"ListItem","position":1,"name":"Home","item":"https:\/\/www.intoscana.it\/it\/"},{"@type":"ListItem","position":2,"name":"All&#8217;Ospedale Santo Stefano di Prato apre il &#8216;day service&#8217; geriatrico"}]},{"@type":"WebSite","@id":"https:\/\/www.intoscana.it\/it\/#website","url":"https:\/\/www.intoscana.it\/it\/","name":"intoscana","description":"","potentialAction":[{"@type":"SearchAction","target":{"@type":"EntryPoint","urlTemplate":"https:\/\/www.intoscana.it\/it\/?s={search_term_string}"},"query-input":{"@type":"PropertyValueSpecification","valueRequired":true,"valueName":"search_term_string"}}],"inLanguage":"it-IT"},{"@type":"Person","@id":"https:\/\/www.intoscana.it\/it\/#\/schema\/person\/9223810753230f20bd670fdd322661f8","name":"Redazione","url":"https:\/\/www.intoscana.it\/it\/author\/redazione\/"}]}},"_links":{"self":[{"href":"https:\/\/www.intoscana.it\/it\/wp-json\/wp\/v2\/posts\/62026","targetHints":{"allow":["GET"]}}],"collection":[{"href":"https:\/\/www.intoscana.it\/it\/wp-json\/wp\/v2\/posts"}],"about":[{"href":"https:\/\/www.intoscana.it\/it\/wp-json\/wp\/v2\/types\/post"}],"author":[{"embeddable":true,"href":"https:\/\/www.intoscana.it\/it\/wp-json\/wp\/v2\/users\/525"}],"replies":[{"embeddable":true,"href":"https:\/\/www.intoscana.it\/it\/wp-json\/wp\/v2\/comments?post=62026"}],"version-history":[{"count":0,"href":"https:\/\/www.intoscana.it\/it\/wp-json\/wp\/v2\/posts\/62026\/revisions"}],"wp:featuredmedia":[{"embeddable":true,"href":"https:\/\/www.intoscana.it\/it\/wp-json\/wp\/v2\/media\/100026"}],"wp:attachment":[{"href":"https:\/\/www.intoscana.it\/it\/wp-json\/wp\/v2\/media?parent=62026"}],"wp:term":[{"taxonomy":"category","embeddable":true,"href":"https:\/\/www.intoscana.it\/it\/wp-json\/wp\/v2\/categories?post=62026"},{"taxonomy":"post_tag","embeddable":true,"href":"https:\/\/www.intoscana.it\/it\/wp-json\/wp\/v2\/tags?post=62026"}],"curies":[{"name":"wp","href":"https:\/\/api.w.org\/{rel}","templated":true}]}}