{"id":62149,"date":"2019-01-23T09:02:03","date_gmt":"2019-01-23T09:02:03","guid":{"rendered":"http:\/\/www.intoscana.it\/federico-fiumani-e-labisso-sono-una-piccola-cosa-e-va-bene-cosi\/"},"modified":"2020-05-18T10:04:26","modified_gmt":"2020-05-18T08:04:26","slug":"federico-fiumani-e-labisso-sono-una-piccola-cosa-e-va-bene-cosi","status":"publish","type":"post","link":"https:\/\/www.intoscana.it\/it\/federico-fiumani-e-labisso-sono-una-piccola-cosa-e-va-bene-cosi\/","title":{"rendered":"Federico Fiumani e L\u2019Abisso: &#8216;Sono una piccola cosa e va bene cos\u00ec&#8217;"},"content":{"rendered":"<p>Dopo cinque anni da <strong><em>\u2018Preso nel vortice\u2019<\/em> <\/strong>del 2013&nbsp;&#8216;<em><strong>L\u2019abisso&#8217;<\/strong> <\/em>\u00e8 il <strong>20esimo disco in studio dei Diaframma,<\/strong> band che costituisce l\u2019esperienza pi\u00f9 longeva e continuativa della scena musicale indipendente nata in Italia negli anni \u201980; un patrimonio musicale che non cessa di ispirare i musicisti contemporanei.&nbsp;In questi cinque anni <strong>Federico Fiumani non ha smesso di suonare sui palchi di tutta Italia,<\/strong> attivit\u00e0 a cui ha affiancato un\u2019incessante <strong>uscita di raccolte, ristampe e live<\/strong> che sono andati ad impreziosire una discografia che <strong>dal loro primo singolo del 1982 conta pi\u00f9 di 50 uscite<\/strong>. Con &#8216;L\u2019abisso&#8217; Federico torna con la sincerit\u00e0 che da sempre lo contraddistingue a raccontare il suo punto di vista sui rapporti personali e sulla vita. <strong>Ecco la nostra intervista.<\/strong><\/p>\n<p><strong>Ciao Federico, mi hanno detto che oggi eri a girare un video<\/strong><br \/>S\u00ec il video \u00e8 stato realizzato per la canzone <em><strong>&#8216;Leggerezza&#8217;<\/strong><\/em> che \u00e8 il pezzo che apre l&#8217;album nuovo, io ne ho girata una parte, ho fato un playback alla chiesa di <strong>San Michele a Castello<\/strong>. Siamo stati tutto il pomeriggio a suonare al freddo. Poi c&#8217;\u00e8 un &#8216;altra parte che \u00e8 stata girata stamattina a Firenze con un&#8217;attrice. Il regista che \u00e8 un mio cugino che vive nelle Marche mi ha detto che \u00e8 una citazione da <strong>Godard,<\/strong> sono curioso di vedere il risultato.<\/p>\n<p><strong>Il tuo nuovo disco si intitola &#8216;L&#8217;abisso&#8217;, prima dell&#8217;intervista guardavo una carta dei Tarocchi, il Matto, che rappresenta un uomo con vestiti colorati che sta per gettarsi in un precipizio, \u00e8 una carta che esprime la gioia di vivere, quindi mi sono detta chiss\u00e0 forse anche per Federico l&#8217;abisso pu\u00f2 simboleggiare qualcosa di positivo.<\/strong><br \/>Beh di sicuro lo sta simboleggiando proprio adesso perch\u00e9 le cose vanno benissimo, il disco \u00e8 stato accolto molto bene, per il tour abbiamo gi\u00e0 fissato <strong>25 date in tutta Italia<\/strong>. Le cose stanno andando molto meglio di quello che pensavo, sono molto contento, quindi direi che la carta \u00e8 quella giusta. Il disco in realt\u00e0 si ispira da una parte a <strong>un abisso esistenziale<\/strong>, quello che mi aspetta<strong> tra un anno e mezzo visto che compir\u00f2 sessant&#8217;anni<\/strong> che \u00e8 l&#8217;ingresso nella vecchiaia ahim\u00e8. Dall&#8217;altra all&#8217;abisso verso cui stiamo sprofondando tutti, dove sta andando la civilt\u00e0 occidentale, si sta schiantando, non durer\u00e0 molto.<\/p>\n<p><strong>Quali sono le criticit\u00e0 pi\u00f9 grandi della nostra societ\u00e0, cosa ti spaventa di pi\u00f9?<\/strong><br \/>L&#8217;avere sostituito la macchina all&#8217;uomo. L&#8217;uomo \u00e8 sempre pi\u00f9 dipendente dalla tecnologia e ha dimenticato le sue prerogative essenziali che lo rendono umano appunto, cio\u00e8 le emozioni, i sentimenti, le cose che ci consumano ma che ci fanno vivere. Credo che il vero desiderio dell&#8217;umanit\u00e0 sia quello di diventare immortali e penso che l&#8217;uomo ci riuscir\u00e0 tra non molto, delegando tutte le sue emozioni alla macchina. Non prover\u00e0 pi\u00f9 niente, sar\u00e0 immortale ma diventer\u00e0 un automa. Il binomio uomo-macchina si compir\u00e0 definitivamente molto presto. Siamo alla fine di una civilt\u00e0 che poneva l&#8217;uomo al centro di tutto, ormai <strong>siamo sempre pi\u00f9 macchine gesticolanti<\/strong>.<\/p>\n<p><strong>Oggi pensavo che te, Edda e Giorgio Canali siete uniti dal fatto che il pubblico vi ama per la vostra autenticit\u00e0, \u00e8 questo il segreto del vostro successo, la vostra coerenza.<\/strong><br \/>In realt\u00e0 non \u00e8 che abbiamo un grande successo, forse Edda pi\u00f9 di tutti in questo momento. <strong>Siamo tre cani sciolti, ognuno va per la sua strada<\/strong>. Parlo per me, ma posso dire che siamo tutti e tre completamente ininfluenti rispetto a dove sta andando la musica in Italia in questo momento. <strong>Io per il mercato reale non esisto neppure, la mia dimensione \u00e8 molto privata, intima, posso riempire un club<\/strong>, ma insomma chi va forte in questo momento sono altri nomi come <strong>Gazzelle, Baustelle, Zen Circus, Motta,<\/strong> questi sono i nomi che fanno tendenza. Io sono una piccola cosa, ma a me va bene cos\u00ec.<\/p>\n<p><strong>Non sono molto d&#8217;accordo, forse non farai un grandissimo successo di vendite, ma di critica sicuramente.<\/strong><br \/>Diciamo che il mio successo &#8216;a misura d&#8217;uomo&#8217; mi va bene cos\u00ec, io voglio vivere una vita normale, senza troppa pressione, anche perch\u00e9 il successo \u00e8 un peso da portare. A livello di numeri e di incidenza nella musica Italia io sono totalmente inesistente.<\/p>\n<p><strong>Tempo fa leggevo una tua intervista in cui criticavi il fatto che spesso si paragona la trap al punk, quando in realt\u00e0 sono due cose molto diverse.<\/strong><br \/>Sono cose diverse anche perch\u00e9 all&#8217;epoca il punk era un fenomeno abbastanza di nicchia, in Italia poi non ne parliamo, eravamo una decina ad amare il punk. La trap \u00e8 un fenomeno di costume oltre che musicale, i numeri non sono paragonabili. <strong>Sfera Ebbasta<\/strong> \u00e8 un numero uno della musica italiana, mi fa effetto e mi fa anche abbastanza schifo una cosa del genere. Per me il punk era una musica che aveva dei contenuti oltre che una grossa dose di nichilismo, ma era un nichilismo che negava una realt\u00e0 e ne prevedeva una nuova, con la trap siamo proprio a livello terra terra.<\/p>\n<p><strong>Sei sempre molto critico sulla scena italiana contemporanea, ma c&#8217;\u00e8 qualcuno che ti piace tra i nuovi?<\/strong><br \/>I Baustelle moltissimo, per il resto sai <strong>io adesso la musica non la ascolto pi\u00f9 e sto proprio bene. Non seguo pi\u00f9 le tendenze, ambisco molto al silenzio, alla pace e alla tranquillit\u00e0<\/strong> <strong>cose tipiche della vecchiaia<\/strong>. Continuo ad ascoltare le cose vecchie che mi sono appartenute e che mi appartengono tutt&#8217;ora, cose che ho amato e sto bene cos\u00ec. <strong>Dove va la musica in Italia non mi interessa.<\/strong> Sono concentrato su quello che faccio io e cerco di farlo nel modo migliore possibile, mi tengo le mie esperienze per me. Non sono un sociologo della musica e <strong>non ti saprei dire come sta andando la musica in Italia, mi sembra male per\u00f2.<\/strong> Negli anni Settanta i miei idoli erano Fabrizio de Andr\u00e8 e De Gregori, adesso abbiamo Calcutta e Tommaso Paradiso, per me c&#8217;\u00e8 differenza. Calcutta e Tommaso sono bravi, per carit\u00e0 sono anche miei amici, ma non mi sento di paragonarli a De Andr\u00e8 e De Gregori.<\/p>\n<p><strong>Aneli al silenzio ma in questi anni hai suonato tantissimo in giro.<\/strong><br \/>Si anche perch\u00e9 dovevo guadagnare dei soldi, questo \u00e8 il mio mestiere. Mi diverto, ho un&#8217;ottima band, mi piace suonare. Per\u00f2 mi piace molto anche la pace, il silenzio e la tranquillit\u00e0. La mia situazione ideale \u00e8 non fare nulla, adoro i giorni in cui non ho niente da fare.<\/p>\n<p><strong>Ma parliamo del tuo disco, &#8216;Il figlio di Dio&#8217; chi \u00e8 il protagonista di questo pezzo?<\/strong><br \/>Sono tante persone che mi \u00e8 capitato di conoscere, dotate di un&#8217;energia magica, meravigliosa, incontenibile, una vitalit\u00e0 che io invidio loro moltissimo. Mi viene da pensare che Dio abbia premiato alcuni a scapito di altri dotandoli di questa energia, di questa voglia di vivere straripante. <strong>Piero Pel\u00f9 \u00e8 uno cos\u00ec dotato di un carisma naturale, ma anche di una vitalit\u00e0 che gli invidio molto, lui ha vissuto quattro vite in una vita sola<\/strong>.<\/p>\n<p><strong>A me ricordava il protagonista del film &#8216;Il sorpasso&#8217; di Dino Risi.<\/strong><br \/>Buona! Vittorio Gassmann, mi piace. Ecco <strong>io sono molto pi\u00f9 Trintignant<\/strong>.<\/p>\n<p><strong>Invece nel pezzo &#8216;I ragazzi stanno bene&#8217;, titolo tratto da &#8220;The kids are allright&#8217; degli Who, tu dici &#8216;il mio sogno gli appartiene&#8217;. Qual \u00e8 il sogno che vuoi tramandare alle nuove generazioni?<\/strong><br \/>L&#8217;estate scorsa sono stato invitato da un&#8217;associazione di musicisti fiorentini molto attivi che si chiama Fiore sul vulcano a fare un concerto a Firenze. Erano molto simpatici ed educati, sono stato molto bene. Loro mi chiedevano come mai Firenze negli anni &#8217;80 era cos\u00ec piena di energia e creativit\u00e0 mentre adesso no. Il mio sogno gli appartiene perch\u00e9 loro volevano impossessarsi di quello che c&#8217;era negli anni &#8217;80, una scena molto viva che adesso non c&#8217;\u00e8 pi\u00f9.<\/p>\n<p><strong>Il mio pezzo preferito del tuo disco \u00e8 &#8216;Le auto di notte&#8217; perch\u00e9 mi ricorda quasi la trama di un film horror di Carpenter. Macchine che uccidono! Come ti \u00e8 venuta questa idea?<\/strong><br \/>Perch\u00e9 \u00e8 la verit\u00e0, le auto di notte sono l&#8217;equivalente di persone orribili. Di giorno ci sono la polizia municipale, il traffico e i pedoni, mentre di notte le auto fanno cattiverie, saltano tutte le regole, vedi come sono i rapporti quando manca quella mediazione che c&#8217;\u00e8 durante il giorno. A me personalmente fa schifo vedere questa arroganza, questa prepotenza e cos\u00ec ci ho scritto una canzone, forse anche un po&#8217; per esorcizzare. Poi sai di notte in auto siamo nascosti, non ci si vede, vengono fuori i peggiori sentimenti.<\/p>\n<a class=\"fotogallery\" href=\"#modalgallery\" rel=\"modal:open\">sfoglia la gallery <i class=\"fas fa-chevron-right\"><\/i><\/a>\n    <div class=\"modal\" id=\"modalgallery\">\n        <div class=\"gallery\">\n          <div class=\"galleryimg\">\n            <div class=\"slidegallerybig\"> <div class=\"itemimg\">\n            <div class=\"wrapimg\">\n            <img decoding=\"async\" src=\"https:\/\/www.intoscana.it\/wp-content\/uploads\/diaframma-l-abisso-cover.jpg\">\n            <\/div>\n            <\/div>\n            <\/div>\n          <\/div>\n          <div class=\"asidemenu\">\n            <div class=\"action\">\n              <div class=\"countlidegallery\"><\/div>\n              <div class=\"closegallery\" href=\"#modalgallery\" rel=\"modal:close\"><i class=\"far fa-times\"><\/i><\/div>\n            <\/div>\n            <div class=\"title\">\n              <h2>Federico Fiumani e L\u2019Abisso: 'Sono una piccola cosa e va bene cos\u00ec'<\/h2>\n              <div class=\"socialarticolo\"> \n            <div class=\"contsocialico\">\n              <ul>\n                <li><a target=\"_blank\" href=\"https:\/\/www.facebook.com\/sharer\/sharer.php?u=https:\/\/www.intoscana.it\/it\/federico-fiumani-e-labisso-sono-una-piccola-cosa-e-va-bene-cosi\/\"> <i class=\"fab fa-facebook-f\"><\/i><\/a><\/li>\n                <li><a target=\"_blank\" href=\"https:\/\/twitter.com\/home?status=https:\/\/www.intoscana.it\/it\/federico-fiumani-e-labisso-sono-una-piccola-cosa-e-va-bene-cosi\/\"> <i class=\"fab fa-twitter\"><\/i><\/a><\/li>\n                <li>\n                  <div class=\"shareall\" target=\"_blank\" href=\"\"> <i class=\"fas fa-share-alt\"><\/i><\/div>\n                  <div class=\"sharemore\">\n                    <ul>\n                      <li><a target=\"_blank\" href=\"https:\/\/www.linkedin.com\/shareArticle?url=https:\/\/www.intoscana.it\/it\/federico-fiumani-e-labisso-sono-una-piccola-cosa-e-va-bene-cosi\/\"> <i class=\"fab fa-linkedin\"><\/i><\/a><\/li>\n                      <li><a target=\"_blank\" href=\"http:\/\/www.pinterest.com\/pin\/create\/bookmarklet\/?url=https:\/\/www.intoscana.it\/it\/federico-fiumani-e-labisso-sono-una-piccola-cosa-e-va-bene-cosi\/\"> <i class=\"fab fa-pinterest\"><\/i><\/a><\/li>\n                      <li><a target=\"_blank\" href=\"mailto?subject=Federico Fiumani e L\u2019Abisso: &#039;Sono una piccola cosa e va bene cos\u00ec&#039;&body=https:\/\/www.intoscana.it\/it\/federico-fiumani-e-labisso-sono-una-piccola-cosa-e-va-bene-cosi\/\"> <i class=\"fas fa-envelope\"><\/i><\/a><\/li>\n                    <\/ul>\n                    <div class=\"closesharemore\">\n                    <i class=\"fas fa-times\"><\/i>\n                    <\/div>\n                  <\/div>\n                <\/li>\n              <\/ul>\n            <\/div>\n          <\/div>\n        <\/div>\n          <\/div>\n        <\/div>\n      <\/div>\n<p><strong>E veniamo al pezzo che \u00e8 un po&#8217; una provocazione: Fica Power. In questa canzone racconti la storia di una donna che usa il suo essere donna appunto come forma di potere, giusto?<\/strong><br \/>No, non \u00e8 questo. Il testo parla di un uomo che \u00e8 felicemente soverchiato dal fascino femminile. Il Fica Power \u00e8 l&#8217;enorme potere che le donne esercitano sugli uomini, \u00e8 la bellezza della vita, i figli nascono per questo motivo, per la bellezza delle donne. Ma c\u2019\u00e8 una certa categoria di donne che questo potere lo esercita per avere dei vantaggi nel mondo del lavoro.<\/p>\n<p><strong>Tempo fa sei stato protagonista della cronaca perch\u00e9 hai pubblicamente denunciato un uomo che esercitava violenza sulle donne. Io ti ho ammirato perch\u00e9 ti sei esposto in prima persona rischiando una denuncia ed \u00e8 solo grazie a te se \u00e8 stata fermata una prassi che andava avanti da troppo tempo indisturbata. Per\u00f2 c&#8217;\u00e8 chi ti ha accusato di aver &#8216;scippato&#8217; la narrazione degli eventi alle vittime di queste violenze, donne che avrebbero voluto denunciare quanto accaduto in altre sedi e in altri modi, lontano dal clamore mediatico.<\/strong><br \/>Io non ho fatto il nome di nessuna delle importunate e me ne guardo bene, n\u00e9 ho reso pubblico alcunch\u00e9, anche se sono in possesso di documenti privati, lettere di denuncia fatte dagli avvocati di alcune donne che me le hanno date in visione per dare forza alla mia tesi. Mi sono limitato a dire quello che questa persona ha fatto, era l&#8217;ora che qualcuno lo facesse. Adesso questo personaggio \u00e8 sparito, ha cancellato tutti gli account, quindi si vede che la coscienza tanto pulita non ce l&#8217;aveva.<\/p>\n<p><strong>A volte basta solo dirle ad alta voce certe cose per essere tutti e tutte pi\u00f9 liberi<\/strong><br \/>Bisogna anche essere disposti a caricarsi un certo peso sulle spalle, perch\u00e9 quello che \u00e8 successo dopo per me \u00e8 stato abbastanza pesante, ma sono felice di averlo fatto. La violenza sulle donne \u00e8 una cosa inaccettabile in un paese civile. Bisogna costruire un tessuto sociale in cui chi la esercita deve essere punito, segnalato e emarginato. Non si pu\u00f2 fare finta di niente, perch\u00e9 senn\u00f2 non siamo pi\u00f9 uno stato, siamo una melma, una giungla. Io sono rimasto allibito nello scoprire che molti musicisti lo sapevano ma hanno suonato lo stesso per lui. Io ho rinunciato ai soldi e al concerto, ma non me ne importa niente, su certe cose non ci passo sopra.<\/p>\n<p><strong>DIAFRAMMA<br \/>Sabato 26 gennaio<\/strong><br \/><strong>Auditorium Flog<\/strong><br \/><strong>Via Michele Mercati, 24b, Firenze<\/strong><br \/><strong>Apertura 21,30 &#8211; Ingresso \u20ac 13\/10 rid<\/strong><\/p>\n<a class=\"googlemapbutton\" href=\"https:\/\/www.google.com\/maps\/search\/?api=1&#038;query=Flog+via%20Michele%20Mercati,%2024b+Firenze\" target=\"_blank\">Vedi mappa <i class=\"fas fa-map-marker-alt\"><\/i><\/a>\n","protected":false},"excerpt":{"rendered":"<p>Sabato 26 gennaio i Diaframma saranno in concerto all&#8217;Auditorium Flog di Firenze, ecco la nostra intervista al leader della band fiorentina<\/p>\n","protected":false},"author":518,"featured_media":100109,"comment_status":"open","ping_status":"open","sticky":false,"template":"","format":"standard","meta":{"_acf_changed":false,"footnotes":""},"categories":[14],"tags":[216,167],"class_list":["post-62149","post","type-post","status-publish","format-standard","has-post-thumbnail","hentry","category-musica","tag-concerti","tag-musica"],"acf":[],"yoast_head":"<!-- This site is optimized with the Yoast SEO Premium plugin v24.2 (Yoast SEO v25.6) - https:\/\/yoast.com\/wordpress\/plugins\/seo\/ -->\n<title>Federico Fiumani e L\u2019Abisso: &#039;Sono una piccola cosa e va bene cos\u00ec&#039; - intoscana<\/title>\n<meta name=\"description\" content=\"Sabato 26 gennaio i Diaframma saranno in concerto all&#039;Auditorium Flog di Firenze, ecco la nostra intervista a Federico Fiumani\" \/>\n<meta name=\"robots\" content=\"index, follow, max-snippet:-1, max-image-preview:large, max-video-preview:-1\" \/>\n<link rel=\"canonical\" href=\"https:\/\/www.intoscana.it\/it\/federico-fiumani-e-labisso-sono-una-piccola-cosa-e-va-bene-cosi\/\" \/>\n<meta property=\"og:locale\" content=\"it_IT\" \/>\n<meta property=\"og:type\" content=\"article\" \/>\n<meta property=\"og:title\" content=\"Federico Fiumani e L\u2019Abisso: &#039;Sono una piccola cosa e va bene cos\u00ec&#039;\" \/>\n<meta property=\"og:description\" content=\"Sabato 26 gennaio i Diaframma saranno in concerto all&#039;Auditorium Flog di Firenze, ecco la nostra intervista a Federico Fiumani\" \/>\n<meta property=\"og:url\" content=\"https:\/\/www.intoscana.it\/it\/federico-fiumani-e-labisso-sono-una-piccola-cosa-e-va-bene-cosi\/\" \/>\n<meta property=\"og:site_name\" content=\"intoscana\" \/>\n<meta property=\"article:publisher\" content=\"https:\/\/www.facebook.com\/intoscana.it\" \/>\n<meta property=\"article:published_time\" content=\"2019-01-23T09:02:03+00:00\" \/>\n<meta property=\"article:modified_time\" content=\"2020-05-18T08:04:26+00:00\" \/>\n<meta property=\"og:image\" content=\"https:\/\/www.intoscana.it\/wp-content\/uploads\/diaframma-2018-foto-1-2.jpg\" \/>\n\t<meta property=\"og:image:width\" content=\"2000\" \/>\n\t<meta property=\"og:image:height\" content=\"1470\" \/>\n\t<meta property=\"og:image:type\" content=\"image\/jpeg\" \/>\n<meta name=\"author\" content=\"Costanza Baldini\" \/>\n<meta name=\"twitter:card\" content=\"summary_large_image\" \/>\n<meta name=\"twitter:creator\" content=\"@intoscana\" \/>\n<meta name=\"twitter:site\" content=\"@intoscana\" \/>\n<meta name=\"twitter:label1\" content=\"Written by\" \/>\n\t<meta name=\"twitter:data1\" content=\"Costanza Baldini\" \/>\n\t<meta name=\"twitter:label2\" content=\"Est. reading time\" \/>\n\t<meta name=\"twitter:data2\" content=\"9 minuti\" \/>\n<script type=\"application\/ld+json\" class=\"yoast-schema-graph\">{\"@context\":\"https:\/\/schema.org\",\"@graph\":[{\"@type\":\"WebPage\",\"@id\":\"https:\/\/www.intoscana.it\/it\/federico-fiumani-e-labisso-sono-una-piccola-cosa-e-va-bene-cosi\/\",\"url\":\"https:\/\/www.intoscana.it\/it\/federico-fiumani-e-labisso-sono-una-piccola-cosa-e-va-bene-cosi\/\",\"name\":\"Federico Fiumani e L\u2019Abisso: 'Sono una piccola cosa e va bene cos\u00ec' - intoscana\",\"isPartOf\":{\"@id\":\"https:\/\/www.intoscana.it\/it\/#website\"},\"primaryImageOfPage\":{\"@id\":\"https:\/\/www.intoscana.it\/it\/federico-fiumani-e-labisso-sono-una-piccola-cosa-e-va-bene-cosi\/#primaryimage\"},\"image\":{\"@id\":\"https:\/\/www.intoscana.it\/it\/federico-fiumani-e-labisso-sono-una-piccola-cosa-e-va-bene-cosi\/#primaryimage\"},\"thumbnailUrl\":\"https:\/\/www.intoscana.it\/wp-content\/uploads\/diaframma-2018-foto-1-2.jpg\",\"datePublished\":\"2019-01-23T09:02:03+00:00\",\"dateModified\":\"2020-05-18T08:04:26+00:00\",\"author\":{\"@id\":\"https:\/\/www.intoscana.it\/it\/#\/schema\/person\/d469f35f09739bdf00bf5dd3f0647a82\"},\"description\":\"Sabato 26 gennaio i Diaframma saranno in concerto all'Auditorium Flog di Firenze, ecco la nostra intervista a Federico Fiumani\",\"breadcrumb\":{\"@id\":\"https:\/\/www.intoscana.it\/it\/federico-fiumani-e-labisso-sono-una-piccola-cosa-e-va-bene-cosi\/#breadcrumb\"},\"inLanguage\":\"it-IT\",\"potentialAction\":[{\"@type\":\"ReadAction\",\"target\":[\"https:\/\/www.intoscana.it\/it\/federico-fiumani-e-labisso-sono-una-piccola-cosa-e-va-bene-cosi\/\"]}]},{\"@type\":\"ImageObject\",\"inLanguage\":\"it-IT\",\"@id\":\"https:\/\/www.intoscana.it\/it\/federico-fiumani-e-labisso-sono-una-piccola-cosa-e-va-bene-cosi\/#primaryimage\",\"url\":\"https:\/\/www.intoscana.it\/wp-content\/uploads\/diaframma-2018-foto-1-2.jpg\",\"contentUrl\":\"https:\/\/www.intoscana.it\/wp-content\/uploads\/diaframma-2018-foto-1-2.jpg\",\"width\":2000,\"height\":1470},{\"@type\":\"BreadcrumbList\",\"@id\":\"https:\/\/www.intoscana.it\/it\/federico-fiumani-e-labisso-sono-una-piccola-cosa-e-va-bene-cosi\/#breadcrumb\",\"itemListElement\":[{\"@type\":\"ListItem\",\"position\":1,\"name\":\"Home\",\"item\":\"https:\/\/www.intoscana.it\/it\/\"},{\"@type\":\"ListItem\",\"position\":2,\"name\":\"Federico Fiumani e L\u2019Abisso: &#8216;Sono una piccola cosa e va bene cos\u00ec&#8217;\"}]},{\"@type\":\"WebSite\",\"@id\":\"https:\/\/www.intoscana.it\/it\/#website\",\"url\":\"https:\/\/www.intoscana.it\/it\/\",\"name\":\"intoscana\",\"description\":\"\",\"potentialAction\":[{\"@type\":\"SearchAction\",\"target\":{\"@type\":\"EntryPoint\",\"urlTemplate\":\"https:\/\/www.intoscana.it\/it\/?s={search_term_string}\"},\"query-input\":{\"@type\":\"PropertyValueSpecification\",\"valueRequired\":true,\"valueName\":\"search_term_string\"}}],\"inLanguage\":\"it-IT\"},{\"@type\":\"Person\",\"@id\":\"https:\/\/www.intoscana.it\/it\/#\/schema\/person\/d469f35f09739bdf00bf5dd3f0647a82\",\"name\":\"Costanza Baldini\",\"url\":\"https:\/\/www.intoscana.it\/it\/author\/costanza-baldini\/\"}]}<\/script>\n<!-- \/ Yoast SEO Premium plugin. -->","yoast_head_json":{"title":"Federico Fiumani e L\u2019Abisso: 'Sono una piccola cosa e va bene cos\u00ec' - intoscana","description":"Sabato 26 gennaio i Diaframma saranno in concerto all'Auditorium Flog di Firenze, ecco la nostra intervista a Federico Fiumani","robots":{"index":"index","follow":"follow","max-snippet":"max-snippet:-1","max-image-preview":"max-image-preview:large","max-video-preview":"max-video-preview:-1"},"canonical":"https:\/\/www.intoscana.it\/it\/federico-fiumani-e-labisso-sono-una-piccola-cosa-e-va-bene-cosi\/","og_locale":"it_IT","og_type":"article","og_title":"Federico Fiumani e L\u2019Abisso: 'Sono una piccola cosa e va bene cos\u00ec'","og_description":"Sabato 26 gennaio i Diaframma saranno in concerto all'Auditorium Flog di Firenze, ecco la nostra intervista a Federico Fiumani","og_url":"https:\/\/www.intoscana.it\/it\/federico-fiumani-e-labisso-sono-una-piccola-cosa-e-va-bene-cosi\/","og_site_name":"intoscana","article_publisher":"https:\/\/www.facebook.com\/intoscana.it","article_published_time":"2019-01-23T09:02:03+00:00","article_modified_time":"2020-05-18T08:04:26+00:00","og_image":[{"width":2000,"height":1470,"url":"https:\/\/www.intoscana.it\/wp-content\/uploads\/diaframma-2018-foto-1-2.jpg","type":"image\/jpeg"}],"author":"Costanza Baldini","twitter_card":"summary_large_image","twitter_creator":"@intoscana","twitter_site":"@intoscana","twitter_misc":{"Written by":"Costanza Baldini","Est. reading time":"9 minuti"},"schema":{"@context":"https:\/\/schema.org","@graph":[{"@type":"WebPage","@id":"https:\/\/www.intoscana.it\/it\/federico-fiumani-e-labisso-sono-una-piccola-cosa-e-va-bene-cosi\/","url":"https:\/\/www.intoscana.it\/it\/federico-fiumani-e-labisso-sono-una-piccola-cosa-e-va-bene-cosi\/","name":"Federico Fiumani e L\u2019Abisso: 'Sono una piccola cosa e va bene cos\u00ec' - intoscana","isPartOf":{"@id":"https:\/\/www.intoscana.it\/it\/#website"},"primaryImageOfPage":{"@id":"https:\/\/www.intoscana.it\/it\/federico-fiumani-e-labisso-sono-una-piccola-cosa-e-va-bene-cosi\/#primaryimage"},"image":{"@id":"https:\/\/www.intoscana.it\/it\/federico-fiumani-e-labisso-sono-una-piccola-cosa-e-va-bene-cosi\/#primaryimage"},"thumbnailUrl":"https:\/\/www.intoscana.it\/wp-content\/uploads\/diaframma-2018-foto-1-2.jpg","datePublished":"2019-01-23T09:02:03+00:00","dateModified":"2020-05-18T08:04:26+00:00","author":{"@id":"https:\/\/www.intoscana.it\/it\/#\/schema\/person\/d469f35f09739bdf00bf5dd3f0647a82"},"description":"Sabato 26 gennaio i Diaframma saranno in concerto all'Auditorium Flog di Firenze, ecco la nostra intervista a Federico Fiumani","breadcrumb":{"@id":"https:\/\/www.intoscana.it\/it\/federico-fiumani-e-labisso-sono-una-piccola-cosa-e-va-bene-cosi\/#breadcrumb"},"inLanguage":"it-IT","potentialAction":[{"@type":"ReadAction","target":["https:\/\/www.intoscana.it\/it\/federico-fiumani-e-labisso-sono-una-piccola-cosa-e-va-bene-cosi\/"]}]},{"@type":"ImageObject","inLanguage":"it-IT","@id":"https:\/\/www.intoscana.it\/it\/federico-fiumani-e-labisso-sono-una-piccola-cosa-e-va-bene-cosi\/#primaryimage","url":"https:\/\/www.intoscana.it\/wp-content\/uploads\/diaframma-2018-foto-1-2.jpg","contentUrl":"https:\/\/www.intoscana.it\/wp-content\/uploads\/diaframma-2018-foto-1-2.jpg","width":2000,"height":1470},{"@type":"BreadcrumbList","@id":"https:\/\/www.intoscana.it\/it\/federico-fiumani-e-labisso-sono-una-piccola-cosa-e-va-bene-cosi\/#breadcrumb","itemListElement":[{"@type":"ListItem","position":1,"name":"Home","item":"https:\/\/www.intoscana.it\/it\/"},{"@type":"ListItem","position":2,"name":"Federico Fiumani e L\u2019Abisso: &#8216;Sono una piccola cosa e va bene cos\u00ec&#8217;"}]},{"@type":"WebSite","@id":"https:\/\/www.intoscana.it\/it\/#website","url":"https:\/\/www.intoscana.it\/it\/","name":"intoscana","description":"","potentialAction":[{"@type":"SearchAction","target":{"@type":"EntryPoint","urlTemplate":"https:\/\/www.intoscana.it\/it\/?s={search_term_string}"},"query-input":{"@type":"PropertyValueSpecification","valueRequired":true,"valueName":"search_term_string"}}],"inLanguage":"it-IT"},{"@type":"Person","@id":"https:\/\/www.intoscana.it\/it\/#\/schema\/person\/d469f35f09739bdf00bf5dd3f0647a82","name":"Costanza Baldini","url":"https:\/\/www.intoscana.it\/it\/author\/costanza-baldini\/"}]}},"_links":{"self":[{"href":"https:\/\/www.intoscana.it\/it\/wp-json\/wp\/v2\/posts\/62149","targetHints":{"allow":["GET"]}}],"collection":[{"href":"https:\/\/www.intoscana.it\/it\/wp-json\/wp\/v2\/posts"}],"about":[{"href":"https:\/\/www.intoscana.it\/it\/wp-json\/wp\/v2\/types\/post"}],"author":[{"embeddable":true,"href":"https:\/\/www.intoscana.it\/it\/wp-json\/wp\/v2\/users\/518"}],"replies":[{"embeddable":true,"href":"https:\/\/www.intoscana.it\/it\/wp-json\/wp\/v2\/comments?post=62149"}],"version-history":[{"count":0,"href":"https:\/\/www.intoscana.it\/it\/wp-json\/wp\/v2\/posts\/62149\/revisions"}],"wp:featuredmedia":[{"embeddable":true,"href":"https:\/\/www.intoscana.it\/it\/wp-json\/wp\/v2\/media\/100109"}],"wp:attachment":[{"href":"https:\/\/www.intoscana.it\/it\/wp-json\/wp\/v2\/media?parent=62149"}],"wp:term":[{"taxonomy":"category","embeddable":true,"href":"https:\/\/www.intoscana.it\/it\/wp-json\/wp\/v2\/categories?post=62149"},{"taxonomy":"post_tag","embeddable":true,"href":"https:\/\/www.intoscana.it\/it\/wp-json\/wp\/v2\/tags?post=62149"}],"curies":[{"name":"wp","href":"https:\/\/api.w.org\/{rel}","templated":true}]}}