{"id":62162,"date":"2019-02-07T10:15:13","date_gmt":"2019-02-07T10:15:13","guid":{"rendered":"http:\/\/www.intoscana.it\/tornano-i-concerti-aperitivo-dellorchestra-della-toscana\/"},"modified":"2020-05-18T10:04:29","modified_gmt":"2020-05-18T08:04:29","slug":"tornano-i-concerti-aperitivo-dellorchestra-della-toscana","status":"publish","type":"post","link":"https:\/\/www.intoscana.it\/it\/tornano-i-concerti-aperitivo-dellorchestra-della-toscana\/","title":{"rendered":"Tornano i &#8216;concerti aperitivo&#8217; dell&#8217;Orchestra della Toscana"},"content":{"rendered":"<p><strong>Per cinque domeniche, da febbraio a marzo,<\/strong> la prestigiosa sala dell&#8217;hotel che si trova <strong>a pochi passi dal Teatro Verdi<\/strong>&nbsp; accoglier\u00e0 i <strong>Gruppi da Camera dell\u2019ORT<\/strong>. Il cartellone dei concerti inizia <strong>domenica 10 febbraio<\/strong> con<strong> \u201cI Fiati all&#8217;Opera\u201d<\/strong>: il Quintetto a fiati dell&#8217;ORT accompagna l&#8217;<strong>attore Alessandro Riccio<\/strong>, raccontando in modo inusuale e accattivante alcuni aspetti della vita di compositori fra i pi\u00f9 grandi della storia della musica.<\/p>\n<p>La domenica successiva, <strong>17 febbraio<\/strong>, torna l&#8217;<strong>Ensemble d&#8217;archi dell&#8217;ORT,<\/strong> quattordici musicisti guidati da Chiara Morandi con il nuovo programma \u201cA tutta danza\u201d che celebra le danze dal barocco fino ai giorni nostri. <strong>Domenica 24 febbraio<\/strong> il testimone passa al <strong>Trio d&#8217;archi dell&#8217;ORT<\/strong> interprete del <strong>Divertimento K.563 di Mozart<\/strong>. Violino, viola e violoncello per l\u2019unico trio originale composto da Mozart, considerato \u201cuna delle composizioni pi\u00f9 nobili\u201d del compositore nonch\u00e9 un autentico capolavoro.<\/p>\n<p>Si prosegue <strong>domenica 3 marzo<\/strong> con l&#8217;<strong>Ensemble Yo Yo,<\/strong> formazione di giovani strumentisti frequentanti la seconda edizione del Corso di alta formazione YO \u2013 YO (Youth Orchestra \u2013 Youth ORT). Per loro musiche di Saverio Mercadante e Anton\u00cdn Dvo\u0159\u00e1k. La rassegna si concluder\u00e0&nbsp;<strong>domenica 10 marzo<\/strong> dove il <strong>Sestetto di Ottoni e Percussioni dell\u2019ORT<\/strong> proporr\u00e0 uno spettacolo affascinante che coniuga il teatro con la musica:<strong> Oceano\u2026 nella vita di J. S. Bach<\/strong>. L\u2019attrice <strong>Annamaria Guerrini<\/strong> attraverser\u00e0 le composizione bachiane con la narrazione di 14 personaggi.<\/p>\n<p> <strong>I concerti iniziano tutti alle ore 11.00 e sono seguiti da un aperitivo.<\/strong> Il biglietto a posto unico costa 10,00 euro ed \u00e8 comprensivo dell&#8217;aperitivo a fine concerto. Anche per questa stagione \u00e8 gi\u00e0 alta la richiesta del pubblico. <strong>Il primo di questi appuntamenti \u00e8 infatti esaurito.<\/strong> Per gli altri concerti in programma <strong>si consiglia caldamente l&#8217;acquisto in prevendita data la limitata capienza della sala.<\/strong><\/p>\n<p> <strong>Biglietti<\/strong> acquistabili presso la b<strong>iglietteria del Teatro Verdi<\/strong> (tel. 055 212320, via Ghibellina 97, dal lun al sab 10-13 e 16-19), gli sportelli del circuito <strong>Box Office<\/strong> (+ \u20ac 2,50 di prevendita), online su<a href=\"http:\/\/www.teatroverdifirenze.it\" target=\"_blank\" rel=\"noopener noreferrer\"><strong> www.teatroverdifirenze.it<\/strong><\/a> (+ \u20ac 1,00 di commissioni),<strong> sul luogo prima del concerto<\/strong> se non esauriti in prevendita. <\/p>\n<p> <strong>Per informazioni:<\/strong><br \/><strong><a href=\"https:\/\/www.orchestradellatoscana.it\/i-concerti-aperitivo-2019\/\" target=\"_blank\" rel=\"noopener noreferrer\" class=\"broken_link\">https:\/\/www.orchestradellatoscana.it\/i-concerti-aperitivo-2019\/<\/a><\/strong><\/p>\n<a class=\"googlemapbutton\" href=\"https:\/\/www.google.com\/maps\/search\/?api=1&#038;query=Relais%20Santa%20Croce+via%20Ghibellina,%2087+Firenze\" target=\"_blank\">Vedi mappa <i class=\"fas fa-map-marker-alt\"><\/i><\/a>\n","protected":false},"excerpt":{"rendered":"<p>Al Relais Santa Croce di Firenze cinque appuntamenti a ingresso gratuito dal 10 febbraio al 10 marzo<\/p>\n","protected":false},"author":525,"featured_media":100121,"comment_status":"open","ping_status":"open","sticky":false,"template":"","format":"standard","meta":{"_acf_changed":false,"footnotes":""},"categories":[14],"tags":[232,230],"class_list":["post-62162","post","type-post","status-publish","format-standard","has-post-thumbnail","hentry","category-musica","tag-orchestra-della-toscana","tag-ort"],"acf":[],"yoast_head":"<!-- This site is optimized with the Yoast SEO Premium plugin v24.2 (Yoast SEO v25.6) - https:\/\/yoast.com\/wordpress\/plugins\/seo\/ -->\n<title>Tornano i &#039;concerti aperitivo&#039; dell&#039;Orchestra della Toscana - intoscana<\/title>\n<meta name=\"description\" content=\"Dal 10 febbraio al 10 marzo tornano i &#039;concerti aperitivo&#039; dell&#039;Orchestra della Toscana al Relais Santa Croce\" \/>\n<meta name=\"robots\" content=\"index, follow, max-snippet:-1, max-image-preview:large, max-video-preview:-1\" \/>\n<link rel=\"canonical\" href=\"https:\/\/www.intoscana.it\/it\/tornano-i-concerti-aperitivo-dellorchestra-della-toscana\/\" \/>\n<meta property=\"og:locale\" content=\"it_IT\" \/>\n<meta property=\"og:type\" content=\"article\" \/>\n<meta property=\"og:title\" content=\"Tornano i &#039;concerti aperitivo&#039; dell&#039;Orchestra della Toscana\" \/>\n<meta property=\"og:description\" content=\"Dal 10 febbraio al 10 marzo tornano i &#039;concerti aperitivo&#039; dell&#039;Orchestra della Toscana al Relais Santa Croce\" \/>\n<meta property=\"og:url\" content=\"https:\/\/www.intoscana.it\/it\/tornano-i-concerti-aperitivo-dellorchestra-della-toscana\/\" \/>\n<meta property=\"og:site_name\" content=\"intoscana\" \/>\n<meta property=\"article:publisher\" content=\"https:\/\/www.facebook.com\/intoscana.it\" \/>\n<meta property=\"article:published_time\" content=\"2019-02-07T10:15:13+00:00\" \/>\n<meta property=\"article:modified_time\" content=\"2020-05-18T08:04:29+00:00\" \/>\n<meta property=\"og:image\" content=\"https:\/\/www.intoscana.it\/wp-content\/uploads\/aperitivo.png\" \/>\n\t<meta property=\"og:image:width\" content=\"890\" \/>\n\t<meta property=\"og:image:height\" content=\"330\" \/>\n\t<meta property=\"og:image:type\" content=\"image\/png\" \/>\n<meta name=\"author\" content=\"Redazione\" \/>\n<meta name=\"twitter:card\" content=\"summary_large_image\" \/>\n<meta name=\"twitter:creator\" content=\"@intoscana\" \/>\n<meta name=\"twitter:site\" content=\"@intoscana\" \/>\n<meta name=\"twitter:label1\" content=\"Written by\" \/>\n\t<meta name=\"twitter:data1\" content=\"Redazione\" \/>\n\t<meta name=\"twitter:label2\" content=\"Est. reading time\" \/>\n\t<meta name=\"twitter:data2\" content=\"2 minuti\" \/>\n<script type=\"application\/ld+json\" class=\"yoast-schema-graph\">{\"@context\":\"https:\/\/schema.org\",\"@graph\":[{\"@type\":\"WebPage\",\"@id\":\"https:\/\/www.intoscana.it\/it\/tornano-i-concerti-aperitivo-dellorchestra-della-toscana\/\",\"url\":\"https:\/\/www.intoscana.it\/it\/tornano-i-concerti-aperitivo-dellorchestra-della-toscana\/\",\"name\":\"Tornano i 'concerti aperitivo' dell'Orchestra della Toscana - intoscana\",\"isPartOf\":{\"@id\":\"https:\/\/www.intoscana.it\/it\/#website\"},\"primaryImageOfPage\":{\"@id\":\"https:\/\/www.intoscana.it\/it\/tornano-i-concerti-aperitivo-dellorchestra-della-toscana\/#primaryimage\"},\"image\":{\"@id\":\"https:\/\/www.intoscana.it\/it\/tornano-i-concerti-aperitivo-dellorchestra-della-toscana\/#primaryimage\"},\"thumbnailUrl\":\"https:\/\/www.intoscana.it\/wp-content\/uploads\/aperitivo.png\",\"datePublished\":\"2019-02-07T10:15:13+00:00\",\"dateModified\":\"2020-05-18T08:04:29+00:00\",\"author\":{\"@id\":\"https:\/\/www.intoscana.it\/it\/#\/schema\/person\/9223810753230f20bd670fdd322661f8\"},\"description\":\"Dal 10 febbraio al 10 marzo tornano i 'concerti aperitivo' dell'Orchestra della Toscana al Relais Santa Croce\",\"breadcrumb\":{\"@id\":\"https:\/\/www.intoscana.it\/it\/tornano-i-concerti-aperitivo-dellorchestra-della-toscana\/#breadcrumb\"},\"inLanguage\":\"it-IT\",\"potentialAction\":[{\"@type\":\"ReadAction\",\"target\":[\"https:\/\/www.intoscana.it\/it\/tornano-i-concerti-aperitivo-dellorchestra-della-toscana\/\"]}]},{\"@type\":\"ImageObject\",\"inLanguage\":\"it-IT\",\"@id\":\"https:\/\/www.intoscana.it\/it\/tornano-i-concerti-aperitivo-dellorchestra-della-toscana\/#primaryimage\",\"url\":\"https:\/\/www.intoscana.it\/wp-content\/uploads\/aperitivo.png\",\"contentUrl\":\"https:\/\/www.intoscana.it\/wp-content\/uploads\/aperitivo.png\",\"width\":890,\"height\":330},{\"@type\":\"BreadcrumbList\",\"@id\":\"https:\/\/www.intoscana.it\/it\/tornano-i-concerti-aperitivo-dellorchestra-della-toscana\/#breadcrumb\",\"itemListElement\":[{\"@type\":\"ListItem\",\"position\":1,\"name\":\"Home\",\"item\":\"https:\/\/www.intoscana.it\/it\/\"},{\"@type\":\"ListItem\",\"position\":2,\"name\":\"Tornano i &#8216;concerti aperitivo&#8217; dell&#8217;Orchestra della Toscana\"}]},{\"@type\":\"WebSite\",\"@id\":\"https:\/\/www.intoscana.it\/it\/#website\",\"url\":\"https:\/\/www.intoscana.it\/it\/\",\"name\":\"intoscana\",\"description\":\"\",\"potentialAction\":[{\"@type\":\"SearchAction\",\"target\":{\"@type\":\"EntryPoint\",\"urlTemplate\":\"https:\/\/www.intoscana.it\/it\/?s={search_term_string}\"},\"query-input\":{\"@type\":\"PropertyValueSpecification\",\"valueRequired\":true,\"valueName\":\"search_term_string\"}}],\"inLanguage\":\"it-IT\"},{\"@type\":\"Person\",\"@id\":\"https:\/\/www.intoscana.it\/it\/#\/schema\/person\/9223810753230f20bd670fdd322661f8\",\"name\":\"Redazione\",\"url\":\"https:\/\/www.intoscana.it\/it\/author\/redazione\/\"}]}<\/script>\n<!-- \/ Yoast SEO Premium plugin. -->","yoast_head_json":{"title":"Tornano i 'concerti aperitivo' dell'Orchestra della Toscana - intoscana","description":"Dal 10 febbraio al 10 marzo tornano i 'concerti aperitivo' dell'Orchestra della Toscana al Relais Santa Croce","robots":{"index":"index","follow":"follow","max-snippet":"max-snippet:-1","max-image-preview":"max-image-preview:large","max-video-preview":"max-video-preview:-1"},"canonical":"https:\/\/www.intoscana.it\/it\/tornano-i-concerti-aperitivo-dellorchestra-della-toscana\/","og_locale":"it_IT","og_type":"article","og_title":"Tornano i 'concerti aperitivo' dell'Orchestra della Toscana","og_description":"Dal 10 febbraio al 10 marzo tornano i 'concerti aperitivo' dell'Orchestra della Toscana al Relais Santa Croce","og_url":"https:\/\/www.intoscana.it\/it\/tornano-i-concerti-aperitivo-dellorchestra-della-toscana\/","og_site_name":"intoscana","article_publisher":"https:\/\/www.facebook.com\/intoscana.it","article_published_time":"2019-02-07T10:15:13+00:00","article_modified_time":"2020-05-18T08:04:29+00:00","og_image":[{"width":890,"height":330,"url":"https:\/\/www.intoscana.it\/wp-content\/uploads\/aperitivo.png","type":"image\/png"}],"author":"Redazione","twitter_card":"summary_large_image","twitter_creator":"@intoscana","twitter_site":"@intoscana","twitter_misc":{"Written by":"Redazione","Est. reading time":"2 minuti"},"schema":{"@context":"https:\/\/schema.org","@graph":[{"@type":"WebPage","@id":"https:\/\/www.intoscana.it\/it\/tornano-i-concerti-aperitivo-dellorchestra-della-toscana\/","url":"https:\/\/www.intoscana.it\/it\/tornano-i-concerti-aperitivo-dellorchestra-della-toscana\/","name":"Tornano i 'concerti aperitivo' dell'Orchestra della Toscana - intoscana","isPartOf":{"@id":"https:\/\/www.intoscana.it\/it\/#website"},"primaryImageOfPage":{"@id":"https:\/\/www.intoscana.it\/it\/tornano-i-concerti-aperitivo-dellorchestra-della-toscana\/#primaryimage"},"image":{"@id":"https:\/\/www.intoscana.it\/it\/tornano-i-concerti-aperitivo-dellorchestra-della-toscana\/#primaryimage"},"thumbnailUrl":"https:\/\/www.intoscana.it\/wp-content\/uploads\/aperitivo.png","datePublished":"2019-02-07T10:15:13+00:00","dateModified":"2020-05-18T08:04:29+00:00","author":{"@id":"https:\/\/www.intoscana.it\/it\/#\/schema\/person\/9223810753230f20bd670fdd322661f8"},"description":"Dal 10 febbraio al 10 marzo tornano i 'concerti aperitivo' dell'Orchestra della Toscana al Relais Santa Croce","breadcrumb":{"@id":"https:\/\/www.intoscana.it\/it\/tornano-i-concerti-aperitivo-dellorchestra-della-toscana\/#breadcrumb"},"inLanguage":"it-IT","potentialAction":[{"@type":"ReadAction","target":["https:\/\/www.intoscana.it\/it\/tornano-i-concerti-aperitivo-dellorchestra-della-toscana\/"]}]},{"@type":"ImageObject","inLanguage":"it-IT","@id":"https:\/\/www.intoscana.it\/it\/tornano-i-concerti-aperitivo-dellorchestra-della-toscana\/#primaryimage","url":"https:\/\/www.intoscana.it\/wp-content\/uploads\/aperitivo.png","contentUrl":"https:\/\/www.intoscana.it\/wp-content\/uploads\/aperitivo.png","width":890,"height":330},{"@type":"BreadcrumbList","@id":"https:\/\/www.intoscana.it\/it\/tornano-i-concerti-aperitivo-dellorchestra-della-toscana\/#breadcrumb","itemListElement":[{"@type":"ListItem","position":1,"name":"Home","item":"https:\/\/www.intoscana.it\/it\/"},{"@type":"ListItem","position":2,"name":"Tornano i &#8216;concerti aperitivo&#8217; dell&#8217;Orchestra della Toscana"}]},{"@type":"WebSite","@id":"https:\/\/www.intoscana.it\/it\/#website","url":"https:\/\/www.intoscana.it\/it\/","name":"intoscana","description":"","potentialAction":[{"@type":"SearchAction","target":{"@type":"EntryPoint","urlTemplate":"https:\/\/www.intoscana.it\/it\/?s={search_term_string}"},"query-input":{"@type":"PropertyValueSpecification","valueRequired":true,"valueName":"search_term_string"}}],"inLanguage":"it-IT"},{"@type":"Person","@id":"https:\/\/www.intoscana.it\/it\/#\/schema\/person\/9223810753230f20bd670fdd322661f8","name":"Redazione","url":"https:\/\/www.intoscana.it\/it\/author\/redazione\/"}]}},"_links":{"self":[{"href":"https:\/\/www.intoscana.it\/it\/wp-json\/wp\/v2\/posts\/62162","targetHints":{"allow":["GET"]}}],"collection":[{"href":"https:\/\/www.intoscana.it\/it\/wp-json\/wp\/v2\/posts"}],"about":[{"href":"https:\/\/www.intoscana.it\/it\/wp-json\/wp\/v2\/types\/post"}],"author":[{"embeddable":true,"href":"https:\/\/www.intoscana.it\/it\/wp-json\/wp\/v2\/users\/525"}],"replies":[{"embeddable":true,"href":"https:\/\/www.intoscana.it\/it\/wp-json\/wp\/v2\/comments?post=62162"}],"version-history":[{"count":0,"href":"https:\/\/www.intoscana.it\/it\/wp-json\/wp\/v2\/posts\/62162\/revisions"}],"wp:featuredmedia":[{"embeddable":true,"href":"https:\/\/www.intoscana.it\/it\/wp-json\/wp\/v2\/media\/100121"}],"wp:attachment":[{"href":"https:\/\/www.intoscana.it\/it\/wp-json\/wp\/v2\/media?parent=62162"}],"wp:term":[{"taxonomy":"category","embeddable":true,"href":"https:\/\/www.intoscana.it\/it\/wp-json\/wp\/v2\/categories?post=62162"},{"taxonomy":"post_tag","embeddable":true,"href":"https:\/\/www.intoscana.it\/it\/wp-json\/wp\/v2\/tags?post=62162"}],"curies":[{"name":"wp","href":"https:\/\/api.w.org\/{rel}","templated":true}]}}