{"id":62167,"date":"2019-02-12T09:19:12","date_gmt":"2019-02-12T09:19:12","guid":{"rendered":"http:\/\/www.intoscana.it\/alla-flog-i-giardini-di-miro-alla-scoperta-di-different-times\/"},"modified":"2020-05-18T10:04:30","modified_gmt":"2020-05-18T08:04:30","slug":"alla-flog-i-giardini-di-miro-alla-scoperta-di-different-times","status":"publish","type":"post","link":"https:\/\/www.intoscana.it\/it\/alla-flog-i-giardini-di-miro-alla-scoperta-di-different-times\/","title":{"rendered":"Alla Flog i Giardini di Mir\u00f2: alla scoperta di &#8216;Different Times&#8217;"},"content":{"rendered":"<p><strong>Un ritorno in grande stile per i Giardini di Mir\u00f2<\/strong> che saranno in concerto <strong>sabato 16 febbraio alla Flog di Firenze.<\/strong> La band originaria di Cavriago dopo&nbsp;quasi quindici anni \u00e8 tornata a collaborare con <strong>Giacomo Fiorenza<\/strong>, il produttore col quale aveva realizzato i primi due album <strong>&#8220;Rise and Fall of Academic Drifting&#8221;<\/strong> e <strong>&#8220;Punk&#8230; Not Diet&#8221;<\/strong>, due dischi fondamentali per la storia e l&#8217;evoluzione della <strong>scena Indie italiana<\/strong>. Per la label<strong> 42 Records<\/strong>, una delle etichette pi\u00f9 importanti del panorama nazionale (I Cani, Cosmo, Colapesce, Any Other tra i tanti) \u00e8 da poco uscito&nbsp;<strong>\u201cDifferent Times\u201d <\/strong>un viaggio strumentale in equilibrio tra passato e presente, che ben traspare dalla<strong> title track<\/strong> dove il classico sound dei <strong>Giardini di Mir\u00f2<\/strong> viene screziato di suggestioni inedite e dallo spiccato sapore cinematografico.&nbsp;<strong>Ecco la nostra intervista<\/strong> a uno dei fondatori: <strong>Corrado Nuccini.<\/strong><\/p>\n<p><strong>Ciao Corrado sono passati ben sette anni da \u2018Good Luck\u2019, cos\u2019\u00e8 successo in tutto questo tempo?<br \/><\/strong>Dal 2012 ad oggi i Giardini non si sono fermati, hanno pubblicato un album nel 2014 che si chiama \u2018<strong>Rapsodia satanica\u2019,<\/strong> nel 2016 abbiamo fatto la ristampa del nostro primo disco con un po\u2019 di date. Nel mentre abbiamo suonato e devo dire che l\u2019attivit\u00e0 del gruppo non si \u00e8 mai fermata in questo tempo che visto cos\u00ec sembra molto lungo. In realt\u00e0 ci sono stati in mezzo anche altri episodi musicali, io ho registrato diverse cose con <strong>Emidio Clementi dei Massimo Volume<\/strong>, <strong>Jucca Reverberi<\/strong> ha fatto un paio di dischi con <strong>Max Collini degli Offlaga Disco Pax<\/strong> per il progetto \u2018<strong>Spartiti<\/strong>\u2019. La musica \u00e8 sempre stata centrale nella nostra esistenza in questi sette anni, quindi per noi la vita non \u00e8 cambiata particolarmente. Posso dire che la gestione di questo album \u00e8 stata particolarmente lunga. Dal 2017 fino all\u2019uscita siamo stati impegnati a registrare, certo non tutti i giorni, ma in una maniera piuttosto continua.<\/p>\n<p><strong>Passando a parlare del disco \u201cDifferent Times\u201d, la title track inizia con dei suoni che mi ricordano versi di un animale marino, una balena o forse un delfino. Che cosa sono?<\/strong><br \/>Sono presi da una banca dati di un musicista che si chiama <strong>Chris Watson <\/strong>che&nbsp;ha realizzato delle raccolte ambientali di suoni che noi abbiamo utilizzato. Watson lavora per la BBC in ambito di documentari naturalistici, in particolare nel <strong>\u2018field recording\u2019,<\/strong> ha raccolto suoni che ha poi archiviato come <strong>suoni di terra, d\u2019aria e di acqua<\/strong>. Ci piace molto perch\u00e9 ha fatto un disco che si chiama <strong>\u2018El tren fantasma\u2019<\/strong> ed \u00e8 la storia di questo treno messicano che non porta da nessuna parte. Ha fatto una registrazione in cui si sentono solo i suoni del treno che avanza, come se fosse qualcosa che proviene da un mondo naturale o sovrannaturale.<\/p>\n\n<p><strong>Avete dichiarato pi\u00f9 volte che &#8220;Different Times&#8221; \u00e8 un album sul tempo, che rapporto avete col tempo? Buono o cattivo?<br \/><\/strong>Il tempo \u00e8 un elemento assolutamente fondamentale e costitutivo non solo di questo disco ma di tutta la nostra produzione. In generale i titoli arrivano come una visione, a un certo punto del lavoro qualcosa ti fa \u2018toc-toc\u2019 ti dice: \u2018io chiamerei quello che stai facendo cos\u00ec\u2019. E infatti \u00e8 successo cos\u00ec, una sera mentre tornavamo a casa dalle registrazioni mi \u00e8 venuto in mente questo titolo. All\u2019inizio pensavamo che non fosse particolarmente \u2018forte\u2019, perch\u00e9 alla fine si rischia di cadere in un clich\u00e9, ma alla fine abbiamo perseverato nell\u2019idea. Devo dire che tutti i discorsi che facciamo a partire dalla tua prima domanda, sono basati sul tempo. Credo che volenti o nolenti nella percezione di tutti, nella musica che spesso anticipa le emozioni che percepisce nell\u2019aria che magari ancora non si capisce bene quali siano ma ci sono gi\u00e0 e anche nel vostro lavoro di giornalisti, ci sia una chiara percezione del fatto che <strong>\u00e8 in atto un cambiamento, il mondo si sta trasformando, questo nostro secolo sta prendendo una forma diversa<\/strong>. \u00c8&nbsp;una percezione che viviamo tutti la questione del tempo, \u00e8 sempre molto attuale. <strong>Il tempo in s\u00e9 \u00e8 un elemento estremamente poetico perch\u00e9 \u00e8 freddo, non \u00e8 buono n\u00e9 cattivo, non \u00e8 lungo, non \u00e8 corto, \u00e8 matematico ma \u00e8 anche infinito<\/strong>, ha qualcosa di estremamente potente in s\u00e9. Anche noi all\u2019interno di questo percorso musicale non capiamo se siamo agli inizi, alla fine, a met\u00e0 o a tre quarti, l\u2019indagine sul tempo quindi \u00e8 stata fondamentale.<\/p>\n<p><strong>Passando ad un altro pezzo, mi ha colpito molto \u2018Pity The Nation\u2019, mi chiedevo se in qualche modo si ispira alla poesia di Khalil Gibran che ha lo stesso titolo<\/strong><br \/>Assolutamente s\u00ec, nello specifico alla versione che ne ha fatto il <strong>poeta americano Lawrence Ferlinghetti.<\/strong> L\u2019idea iniziale era quella di inserire l\u2019audio di Ferlinghetti proprio all\u2019interno del pezzo, poi non ci stava per questioni di lunghezza quindi ne abbiamo fatto una melodia un po\u2019 robotica-aliena che \u00e8 diventata una canzone. La cosa sconvolgente del testo \u00e8 la semplicit\u00e0 con cui mette a nudo determinate situazioni che non parlano di <strong>Salvini, Putin o Trump<\/strong> ma di <strong>\u2018leader bugiardi, saggi messi a tacere e bigotti che urlano in radio\u2019<\/strong>. Parole che ci riportano a un archetipo senza tempo che si ricollega con l\u2019attualit\u00e0 ma non solo.<\/p>\n<p><strong>&#8220;Different Times&#8221; mi ha ricordato molto per le atmosfere che riesce a creare la colonna sonora realizzata dai Mogwai per \u2018Les Revenants\u2019. Mi chiedevo se per questo disco in particolare vi siete ispirati ad atmosfere cinematografiche<\/strong><br \/>C\u2019\u00e8 un pezzo in particolare, <strong>\u2018Failed to Chart\u2019<\/strong> che ha il parlato sopra di <strong>Glenn Johnson dei Piano Magic<\/strong> che mentre registravamo qualcuno ha detto \u2018assomiglia a Les Revenants dei Mogwai\u2019. Devo dire che i Mogwai sono stati e continuano ad essere un gruppo che secondo me all\u2019interno di quello che si chiama <strong>post-rock o nuova psichedelia<\/strong> sono di assoluto riferimento per noi perch\u00e9 sono stati capaci di rinnovarsi rimanendo uguali a se stessi. Il concetto di cinematografico bisogna chiarirlo. Con \u2018musica cinematografica\u2019 di solito si intende quella che ti fa chiudere gli occhi e vedere qualcosa che non \u00e8 presente. La musica per il cinema \u00e8 totalmente diversa, \u00e8 legata alle scene, a momenti specifici, non \u00e8 <strong>quella musica senza confini che ispira i Giardini di Mir\u00f2.<\/strong> In ogni caso noi abbiamo sempre flirtato pi\u00f9 o meno consapevolmente con un tipo di musica che ad occhi chiusi ti fa vedere delle cose.<\/p>\n<p><strong>Un\u2019altra domanda sul tempo: qualche mese fa \u00e8 uscito un libro scritto su di voi da Marco Braggion, che effetto vi fa pensare che esiste un libro su di voi che siete insieme dal \u201898. Come si fa a restare insieme tutti questi anni, per una band \u00e8 un record<\/strong><br \/>Quando si festeggiano i 50 anni di matrimonio spesso chiedono \u2018come si fa\u2019. In realt\u00e0 le regole che tengono insieme le persone sono simili in qualsiasi attivit\u00e0. Uno dei segreti probabilmente \u00e8 anche prendersi un po\u2019 di spazio, non far si che il gruppo diventi qualcosa di totalizzante perch\u00e9 in quel caso si rischia di soffocare le diverse voci. I Giardini di Mir\u00f2, mi piace sottolinearlo, hanno cambiato nel tempo solo il batterista ed \u00e8 successo un paio di volte spesso perch\u00e9 sono andati via dall\u2019Italia.<strong> Francesco Donadello<\/strong> \u00e8 andato ad abitare a Berlino e ora chiss\u00e0 dov\u2019\u00e8, e <strong>Andrea Mancin<\/strong> che l\u2019ha sostituito ora \u00e8 a New York. Per il resto tutto il nucleo \u00e8 rimasto uguale. Sono pochi i gruppi che mantengono gli stessi elementi dall\u2019inizio alla fine, questo per me \u00e8 sinonimo del fatto che all\u2019interno si fa qualcosa di piacevole senn\u00f2 non sacrifichi il tuo tempo e le tue energie.<\/p>\n<p><strong>Ho visto che farete un lunghissimo tour in Cina, mi chiedevo come mai questa scelta<br \/><\/strong>In realt\u00e0 ci \u00e8 stato proposto, \u00e8 frutto di una serie di coincidenze. <strong>Un altro dei temi di &#8220;Different Times&#8221; oltre all\u2019analisi del concetto di tempo, \u00e8 quello delle periferie,<\/strong> dalla copertina del disco alla nostra esperienza di vita, il fatto che veniamo dalla provincia della provincia. Abbiamo sempre cercato di far si che questo elemento fosse costitutivo del nostro modo di approcciarci a fare musica e anche a tutto il resto. <strong>Per la copertina del disco abbiamo scelto la fotografia di una periferia cinese,<\/strong> non sapevamo ancora del tour, non c\u2019era nessuna relazione, deve uscire anche un video che parla delle periferie del mondo. Probabilmente \u00e8 una serie di coincidenze, vedremo cosa succeder\u00e0.<\/p>\n<p><strong>Voi venite da Cavriago dove si trova il famoso busto di Lenin citato anche dagli Offlaga Disco Pax nel pezzo \u2018Piccola Pietroburgo\u2019. Si potrebbe pensare che i Giardini di Mir\u00f2 e gli Offlaga siano le due facce della medaglia di una stessa provincia, quella emiliana, due modi diversi di vedere la periferia, uno pi\u00f9 realista e l\u2019altro pi\u00f9 onirico? Mi colpisce il fatto che due band nate molto vicine geograficamente abbiano poi fatto cose molto diverse.<br \/><\/strong>Per gli <strong>Offlaga Disco Pax<\/strong> l\u2019elemento centrale \u00e8 sempre stata pi\u00f9 la narrazione di un immaginario creato dai testi di <strong>Max Collini.<\/strong> Mentre centrale nei Giardini di Mir\u00f2 \u00e8 sempre stata l\u2019estetica musicale. Noi abbiamo sempre avuto pi\u00f9 un\u2019utopia europeista, come diceva <strong>Tondelli in \u2018Autobahn\u2019:<\/strong> prendere la Brennero e arrivare in Europa fino ai mari del nord. <strong>Noi abbiamo sempre fatto una musica che non aveva come desiderio quello di essere a Sanremo o di passare sulle radio mainstream<\/strong>. Il nostro desiderio era far parte di una scena che all\u2019epoca vedevamo nei concerti al <strong>Link<\/strong> o al <strong>Covo<\/strong> di Bologna, gruppi che arrivavano da ogni parte del mondo. Stava nascendo un\u2019idea di Europa diversa.<\/p>\n<p><strong><a class=\"googlemapbutton\" href=\"https:\/\/www.google.com\/maps\/search\/?api=1&#038;query=Flog+via%20Michele%20Mercati,%2024b+Firenze\" target=\"_blank\">Vedi mappa <i class=\"fas fa-map-marker-alt\"><\/i><\/a><\/strong><\/p>\n","protected":false},"excerpt":{"rendered":"<p>Sabato 16 febbraio in concerto a Firenze la band \u2018regina\u2019 della psichedelia italiana, ecco la nostra intervista a Corrado Nuccini<\/p>\n","protected":false},"author":518,"featured_media":100125,"comment_status":"open","ping_status":"open","sticky":false,"template":"","format":"standard","meta":{"_acf_changed":false,"footnotes":""},"categories":[14],"tags":[216,167],"class_list":["post-62167","post","type-post","status-publish","format-standard","has-post-thumbnail","hentry","category-musica","tag-concerti","tag-musica"],"acf":[],"yoast_head":"<!-- This site is optimized with the Yoast SEO Premium plugin v24.2 (Yoast SEO v25.6) - https:\/\/yoast.com\/wordpress\/plugins\/seo\/ -->\n<title>Alla Flog i Giardini di Mir\u00f2: alla scoperta di &#039;Different Times&#039; - intoscana<\/title>\n<meta name=\"description\" content=\"Sabato 16 febbraio i Giardini di Mir\u00f2 in concerto alla Flog di Firenze\" \/>\n<meta name=\"robots\" content=\"index, follow, max-snippet:-1, max-image-preview:large, max-video-preview:-1\" \/>\n<link rel=\"canonical\" href=\"https:\/\/www.intoscana.it\/it\/alla-flog-i-giardini-di-miro-alla-scoperta-di-different-times\/\" \/>\n<meta property=\"og:locale\" content=\"it_IT\" \/>\n<meta property=\"og:type\" content=\"article\" \/>\n<meta property=\"og:title\" content=\"Alla Flog i Giardini di Mir\u00f2: alla scoperta di &#039;Different Times&#039;\" \/>\n<meta property=\"og:description\" content=\"Sabato 16 febbraio i Giardini di Mir\u00f2 in concerto alla Flog di Firenze\" \/>\n<meta property=\"og:url\" content=\"https:\/\/www.intoscana.it\/it\/alla-flog-i-giardini-di-miro-alla-scoperta-di-different-times\/\" \/>\n<meta property=\"og:site_name\" content=\"intoscana\" \/>\n<meta property=\"article:publisher\" content=\"https:\/\/www.facebook.com\/intoscana.it\" \/>\n<meta property=\"article:published_time\" content=\"2019-02-12T09:19:12+00:00\" \/>\n<meta property=\"article:modified_time\" content=\"2020-05-18T08:04:30+00:00\" \/>\n<meta property=\"og:image\" content=\"https:\/\/www.intoscana.it\/wp-content\/uploads\/50858166_1962293490493182_6946754957240434688_o.jpg\" \/>\n\t<meta property=\"og:image:width\" content=\"1024\" \/>\n\t<meta property=\"og:image:height\" content=\"684\" \/>\n\t<meta property=\"og:image:type\" content=\"image\/jpeg\" \/>\n<meta name=\"author\" content=\"Costanza Baldini\" \/>\n<meta name=\"twitter:card\" content=\"summary_large_image\" \/>\n<meta name=\"twitter:creator\" content=\"@intoscana\" \/>\n<meta name=\"twitter:site\" content=\"@intoscana\" \/>\n<meta name=\"twitter:label1\" content=\"Written by\" \/>\n\t<meta name=\"twitter:data1\" content=\"Costanza Baldini\" \/>\n\t<meta name=\"twitter:label2\" content=\"Est. reading time\" \/>\n\t<meta name=\"twitter:data2\" content=\"8 minuti\" \/>\n<script type=\"application\/ld+json\" class=\"yoast-schema-graph\">{\"@context\":\"https:\/\/schema.org\",\"@graph\":[{\"@type\":\"WebPage\",\"@id\":\"https:\/\/www.intoscana.it\/it\/alla-flog-i-giardini-di-miro-alla-scoperta-di-different-times\/\",\"url\":\"https:\/\/www.intoscana.it\/it\/alla-flog-i-giardini-di-miro-alla-scoperta-di-different-times\/\",\"name\":\"Alla Flog i Giardini di Mir\u00f2: alla scoperta di 'Different Times' - intoscana\",\"isPartOf\":{\"@id\":\"https:\/\/www.intoscana.it\/it\/#website\"},\"primaryImageOfPage\":{\"@id\":\"https:\/\/www.intoscana.it\/it\/alla-flog-i-giardini-di-miro-alla-scoperta-di-different-times\/#primaryimage\"},\"image\":{\"@id\":\"https:\/\/www.intoscana.it\/it\/alla-flog-i-giardini-di-miro-alla-scoperta-di-different-times\/#primaryimage\"},\"thumbnailUrl\":\"https:\/\/www.intoscana.it\/wp-content\/uploads\/50858166_1962293490493182_6946754957240434688_o.jpg\",\"datePublished\":\"2019-02-12T09:19:12+00:00\",\"dateModified\":\"2020-05-18T08:04:30+00:00\",\"author\":{\"@id\":\"https:\/\/www.intoscana.it\/it\/#\/schema\/person\/d469f35f09739bdf00bf5dd3f0647a82\"},\"description\":\"Sabato 16 febbraio i Giardini di Mir\u00f2 in concerto alla Flog di Firenze\",\"breadcrumb\":{\"@id\":\"https:\/\/www.intoscana.it\/it\/alla-flog-i-giardini-di-miro-alla-scoperta-di-different-times\/#breadcrumb\"},\"inLanguage\":\"it-IT\",\"potentialAction\":[{\"@type\":\"ReadAction\",\"target\":[\"https:\/\/www.intoscana.it\/it\/alla-flog-i-giardini-di-miro-alla-scoperta-di-different-times\/\"]}]},{\"@type\":\"ImageObject\",\"inLanguage\":\"it-IT\",\"@id\":\"https:\/\/www.intoscana.it\/it\/alla-flog-i-giardini-di-miro-alla-scoperta-di-different-times\/#primaryimage\",\"url\":\"https:\/\/www.intoscana.it\/wp-content\/uploads\/50858166_1962293490493182_6946754957240434688_o.jpg\",\"contentUrl\":\"https:\/\/www.intoscana.it\/wp-content\/uploads\/50858166_1962293490493182_6946754957240434688_o.jpg\",\"width\":1024,\"height\":684},{\"@type\":\"BreadcrumbList\",\"@id\":\"https:\/\/www.intoscana.it\/it\/alla-flog-i-giardini-di-miro-alla-scoperta-di-different-times\/#breadcrumb\",\"itemListElement\":[{\"@type\":\"ListItem\",\"position\":1,\"name\":\"Home\",\"item\":\"https:\/\/www.intoscana.it\/it\/\"},{\"@type\":\"ListItem\",\"position\":2,\"name\":\"Alla Flog i Giardini di Mir\u00f2: alla scoperta di &#8216;Different Times&#8217;\"}]},{\"@type\":\"WebSite\",\"@id\":\"https:\/\/www.intoscana.it\/it\/#website\",\"url\":\"https:\/\/www.intoscana.it\/it\/\",\"name\":\"intoscana\",\"description\":\"\",\"potentialAction\":[{\"@type\":\"SearchAction\",\"target\":{\"@type\":\"EntryPoint\",\"urlTemplate\":\"https:\/\/www.intoscana.it\/it\/?s={search_term_string}\"},\"query-input\":{\"@type\":\"PropertyValueSpecification\",\"valueRequired\":true,\"valueName\":\"search_term_string\"}}],\"inLanguage\":\"it-IT\"},{\"@type\":\"Person\",\"@id\":\"https:\/\/www.intoscana.it\/it\/#\/schema\/person\/d469f35f09739bdf00bf5dd3f0647a82\",\"name\":\"Costanza Baldini\",\"url\":\"https:\/\/www.intoscana.it\/it\/author\/costanza-baldini\/\"}]}<\/script>\n<!-- \/ Yoast SEO Premium plugin. -->","yoast_head_json":{"title":"Alla Flog i Giardini di Mir\u00f2: alla scoperta di 'Different Times' - intoscana","description":"Sabato 16 febbraio i Giardini di Mir\u00f2 in concerto alla Flog di Firenze","robots":{"index":"index","follow":"follow","max-snippet":"max-snippet:-1","max-image-preview":"max-image-preview:large","max-video-preview":"max-video-preview:-1"},"canonical":"https:\/\/www.intoscana.it\/it\/alla-flog-i-giardini-di-miro-alla-scoperta-di-different-times\/","og_locale":"it_IT","og_type":"article","og_title":"Alla Flog i Giardini di Mir\u00f2: alla scoperta di 'Different Times'","og_description":"Sabato 16 febbraio i Giardini di Mir\u00f2 in concerto alla Flog di Firenze","og_url":"https:\/\/www.intoscana.it\/it\/alla-flog-i-giardini-di-miro-alla-scoperta-di-different-times\/","og_site_name":"intoscana","article_publisher":"https:\/\/www.facebook.com\/intoscana.it","article_published_time":"2019-02-12T09:19:12+00:00","article_modified_time":"2020-05-18T08:04:30+00:00","og_image":[{"width":1024,"height":684,"url":"https:\/\/www.intoscana.it\/wp-content\/uploads\/50858166_1962293490493182_6946754957240434688_o.jpg","type":"image\/jpeg"}],"author":"Costanza Baldini","twitter_card":"summary_large_image","twitter_creator":"@intoscana","twitter_site":"@intoscana","twitter_misc":{"Written by":"Costanza Baldini","Est. reading time":"8 minuti"},"schema":{"@context":"https:\/\/schema.org","@graph":[{"@type":"WebPage","@id":"https:\/\/www.intoscana.it\/it\/alla-flog-i-giardini-di-miro-alla-scoperta-di-different-times\/","url":"https:\/\/www.intoscana.it\/it\/alla-flog-i-giardini-di-miro-alla-scoperta-di-different-times\/","name":"Alla Flog i Giardini di Mir\u00f2: alla scoperta di 'Different Times' - intoscana","isPartOf":{"@id":"https:\/\/www.intoscana.it\/it\/#website"},"primaryImageOfPage":{"@id":"https:\/\/www.intoscana.it\/it\/alla-flog-i-giardini-di-miro-alla-scoperta-di-different-times\/#primaryimage"},"image":{"@id":"https:\/\/www.intoscana.it\/it\/alla-flog-i-giardini-di-miro-alla-scoperta-di-different-times\/#primaryimage"},"thumbnailUrl":"https:\/\/www.intoscana.it\/wp-content\/uploads\/50858166_1962293490493182_6946754957240434688_o.jpg","datePublished":"2019-02-12T09:19:12+00:00","dateModified":"2020-05-18T08:04:30+00:00","author":{"@id":"https:\/\/www.intoscana.it\/it\/#\/schema\/person\/d469f35f09739bdf00bf5dd3f0647a82"},"description":"Sabato 16 febbraio i Giardini di Mir\u00f2 in concerto alla Flog di Firenze","breadcrumb":{"@id":"https:\/\/www.intoscana.it\/it\/alla-flog-i-giardini-di-miro-alla-scoperta-di-different-times\/#breadcrumb"},"inLanguage":"it-IT","potentialAction":[{"@type":"ReadAction","target":["https:\/\/www.intoscana.it\/it\/alla-flog-i-giardini-di-miro-alla-scoperta-di-different-times\/"]}]},{"@type":"ImageObject","inLanguage":"it-IT","@id":"https:\/\/www.intoscana.it\/it\/alla-flog-i-giardini-di-miro-alla-scoperta-di-different-times\/#primaryimage","url":"https:\/\/www.intoscana.it\/wp-content\/uploads\/50858166_1962293490493182_6946754957240434688_o.jpg","contentUrl":"https:\/\/www.intoscana.it\/wp-content\/uploads\/50858166_1962293490493182_6946754957240434688_o.jpg","width":1024,"height":684},{"@type":"BreadcrumbList","@id":"https:\/\/www.intoscana.it\/it\/alla-flog-i-giardini-di-miro-alla-scoperta-di-different-times\/#breadcrumb","itemListElement":[{"@type":"ListItem","position":1,"name":"Home","item":"https:\/\/www.intoscana.it\/it\/"},{"@type":"ListItem","position":2,"name":"Alla Flog i Giardini di Mir\u00f2: alla scoperta di &#8216;Different Times&#8217;"}]},{"@type":"WebSite","@id":"https:\/\/www.intoscana.it\/it\/#website","url":"https:\/\/www.intoscana.it\/it\/","name":"intoscana","description":"","potentialAction":[{"@type":"SearchAction","target":{"@type":"EntryPoint","urlTemplate":"https:\/\/www.intoscana.it\/it\/?s={search_term_string}"},"query-input":{"@type":"PropertyValueSpecification","valueRequired":true,"valueName":"search_term_string"}}],"inLanguage":"it-IT"},{"@type":"Person","@id":"https:\/\/www.intoscana.it\/it\/#\/schema\/person\/d469f35f09739bdf00bf5dd3f0647a82","name":"Costanza Baldini","url":"https:\/\/www.intoscana.it\/it\/author\/costanza-baldini\/"}]}},"_links":{"self":[{"href":"https:\/\/www.intoscana.it\/it\/wp-json\/wp\/v2\/posts\/62167","targetHints":{"allow":["GET"]}}],"collection":[{"href":"https:\/\/www.intoscana.it\/it\/wp-json\/wp\/v2\/posts"}],"about":[{"href":"https:\/\/www.intoscana.it\/it\/wp-json\/wp\/v2\/types\/post"}],"author":[{"embeddable":true,"href":"https:\/\/www.intoscana.it\/it\/wp-json\/wp\/v2\/users\/518"}],"replies":[{"embeddable":true,"href":"https:\/\/www.intoscana.it\/it\/wp-json\/wp\/v2\/comments?post=62167"}],"version-history":[{"count":0,"href":"https:\/\/www.intoscana.it\/it\/wp-json\/wp\/v2\/posts\/62167\/revisions"}],"wp:featuredmedia":[{"embeddable":true,"href":"https:\/\/www.intoscana.it\/it\/wp-json\/wp\/v2\/media\/100125"}],"wp:attachment":[{"href":"https:\/\/www.intoscana.it\/it\/wp-json\/wp\/v2\/media?parent=62167"}],"wp:term":[{"taxonomy":"category","embeddable":true,"href":"https:\/\/www.intoscana.it\/it\/wp-json\/wp\/v2\/categories?post=62167"},{"taxonomy":"post_tag","embeddable":true,"href":"https:\/\/www.intoscana.it\/it\/wp-json\/wp\/v2\/tags?post=62167"}],"curies":[{"name":"wp","href":"https:\/\/api.w.org\/{rel}","templated":true}]}}