{"id":62570,"date":"2019-05-06T09:17:48","date_gmt":"2019-05-06T09:17:48","guid":{"rendered":"http:\/\/www.intoscana.it\/cure-palliative-a-firenze-un-centralino-per-aiutare-i-malati\/"},"modified":"2020-05-18T09:56:46","modified_gmt":"2020-05-18T07:56:46","slug":"cure-palliative-a-firenze-un-centralino-per-aiutare-i-malati","status":"publish","type":"post","link":"https:\/\/www.intoscana.it\/it\/cure-palliative-a-firenze-un-centralino-per-aiutare-i-malati\/","title":{"rendered":"Cure palliative, a Firenze un centralino per aiutare i malati"},"content":{"rendered":"<p><strong>Si chiama TE.LE<\/strong> ed \u00e8 l\u2019innovativo <strong>centralino telefonico<\/strong> per le persone che hanno bisogno di alleviare la sofferenza della malattia. Il servizio, realizzato dalla <strong>Fondazione File<\/strong> e attivo a partire dal prossimo autunno, costituir\u00e0<strong> una sorta di ponte tra la persona malata e i servizi sanitari del territorio.<\/strong><\/p>\n<p> Allo speciale numero telefonico, che <strong>sar\u00e0 attivo sei giorni su sette dalle 8 alle 20,<\/strong> risponderanno <strong>operatori professionisti adeguatamente formati<\/strong> sulle cure palliative, che potranno garantire una visita domiciliare all\u2019utente e sapranno indirizzarlo al servizio pi\u00f9 adeguato.<\/p>\n<p>\u201cSi tratta di un centralino dedicato alle cure palliative \u2013 ha detto <strong>Donatella Carmi, presidente di File<\/strong> &#8211; pensato anche per evitare pluralit\u00e0 di chiamate a numeri diversi con rimbalzo di referenti e scarso coordinamento reciproco e realizzare <strong>un percorso omogeneo e condiviso tra i vari operatori sanitari<\/strong> in modo da facilitare l\u2019accesso alle cure palliative e ridurre accessi inappropriati al pronto soccorso ed eventuali conseguenti ricoveri\u201d.<\/p>\n<p>La Fondazione File nel 2018 ha assistito <strong>1.786 pazienti, ha effettuato 9.684 visite, 1.154 consulenze ospedaliere e 569 assistenze psicologiche<\/strong> alle famiglie di persone malate. <strong>\u00c8 nata nel 2002, assiste persone malate con patologie croniche in fase avanzata,<\/strong> tutelando la qualit\u00e0 della loro vita e la loro dignit\u00e0. Le \u00e9quipe, composte da medici, infermieri, psicologi e fisioterapisti e coadiuvate dagli oltre 80 volontari qualificati, operano in collaborazione con l\u2019Usl Toscana Centro a domicilio e in 4 hospice, oltre a garantire consulenze presso le strutture sanitarie (ospedali e Rsa). File si prende cura anche dei familiari, sia durante la malattia, che per l\u2019elaborazione del lutto, con il supporto degli psicologi e mediante 6 gruppi di auto mutuo aiuto.<\/p>\n","protected":false},"excerpt":{"rendered":"<p>Al via il primo servizio telefonico per orientare i pazienti al servizio sanitario pi\u00f9 adeguato promosso dalla Fondazione File<\/p>\n","protected":false},"author":525,"featured_media":100321,"comment_status":"open","ping_status":"open","sticky":false,"template":"","format":"standard","meta":{"_acf_changed":false,"footnotes":""},"categories":[18],"tags":[],"class_list":["post-62570","post","type-post","status-publish","format-standard","has-post-thumbnail","hentry","category-salute"],"acf":[],"yoast_head":"<!-- This site is optimized with the Yoast SEO Premium plugin v24.2 (Yoast SEO v25.6) - https:\/\/yoast.com\/wordpress\/plugins\/seo\/ -->\n<title>Cure palliative, a Firenze un centralino per aiutare i malati - intoscana<\/title>\n<meta name=\"description\" content=\"Cure palliative, a Firenze un centralino per aiutare i malati\" \/>\n<meta name=\"robots\" content=\"index, follow, max-snippet:-1, max-image-preview:large, max-video-preview:-1\" \/>\n<link rel=\"canonical\" href=\"https:\/\/www.intoscana.it\/it\/cure-palliative-a-firenze-un-centralino-per-aiutare-i-malati\/\" \/>\n<meta property=\"og:locale\" content=\"it_IT\" \/>\n<meta property=\"og:type\" content=\"article\" \/>\n<meta property=\"og:title\" content=\"Cure palliative, a Firenze un centralino per aiutare i malati\" \/>\n<meta property=\"og:description\" content=\"Cure palliative, a Firenze un centralino per aiutare i malati\" \/>\n<meta property=\"og:url\" content=\"https:\/\/www.intoscana.it\/it\/cure-palliative-a-firenze-un-centralino-per-aiutare-i-malati\/\" \/>\n<meta property=\"og:site_name\" content=\"intoscana\" \/>\n<meta property=\"article:publisher\" content=\"https:\/\/www.facebook.com\/intoscana.it\" \/>\n<meta property=\"article:published_time\" content=\"2019-05-06T09:17:48+00:00\" \/>\n<meta property=\"article:modified_time\" content=\"2020-05-18T07:56:46+00:00\" \/>\n<meta property=\"og:image\" content=\"https:\/\/www.intoscana.it\/wp-content\/uploads\/anziano-1.jpg\" \/>\n\t<meta property=\"og:image:width\" content=\"2000\" \/>\n\t<meta property=\"og:image:height\" content=\"1333\" \/>\n\t<meta property=\"og:image:type\" content=\"image\/jpeg\" \/>\n<meta name=\"author\" content=\"Redazione\" \/>\n<meta name=\"twitter:card\" content=\"summary_large_image\" \/>\n<meta name=\"twitter:creator\" content=\"@intoscana\" \/>\n<meta name=\"twitter:site\" content=\"@intoscana\" \/>\n<meta name=\"twitter:label1\" content=\"Written by\" \/>\n\t<meta name=\"twitter:data1\" content=\"Redazione\" \/>\n\t<meta name=\"twitter:label2\" content=\"Est. reading time\" \/>\n\t<meta name=\"twitter:data2\" content=\"1 minuto\" \/>\n<script type=\"application\/ld+json\" class=\"yoast-schema-graph\">{\"@context\":\"https:\/\/schema.org\",\"@graph\":[{\"@type\":\"WebPage\",\"@id\":\"https:\/\/www.intoscana.it\/it\/cure-palliative-a-firenze-un-centralino-per-aiutare-i-malati\/\",\"url\":\"https:\/\/www.intoscana.it\/it\/cure-palliative-a-firenze-un-centralino-per-aiutare-i-malati\/\",\"name\":\"Cure palliative, a Firenze un centralino per aiutare i malati - intoscana\",\"isPartOf\":{\"@id\":\"https:\/\/www.intoscana.it\/it\/#website\"},\"primaryImageOfPage\":{\"@id\":\"https:\/\/www.intoscana.it\/it\/cure-palliative-a-firenze-un-centralino-per-aiutare-i-malati\/#primaryimage\"},\"image\":{\"@id\":\"https:\/\/www.intoscana.it\/it\/cure-palliative-a-firenze-un-centralino-per-aiutare-i-malati\/#primaryimage\"},\"thumbnailUrl\":\"https:\/\/www.intoscana.it\/wp-content\/uploads\/anziano-1.jpg\",\"datePublished\":\"2019-05-06T09:17:48+00:00\",\"dateModified\":\"2020-05-18T07:56:46+00:00\",\"author\":{\"@id\":\"https:\/\/www.intoscana.it\/it\/#\/schema\/person\/9223810753230f20bd670fdd322661f8\"},\"description\":\"Cure palliative, a Firenze un centralino per aiutare i malati\",\"breadcrumb\":{\"@id\":\"https:\/\/www.intoscana.it\/it\/cure-palliative-a-firenze-un-centralino-per-aiutare-i-malati\/#breadcrumb\"},\"inLanguage\":\"it-IT\",\"potentialAction\":[{\"@type\":\"ReadAction\",\"target\":[\"https:\/\/www.intoscana.it\/it\/cure-palliative-a-firenze-un-centralino-per-aiutare-i-malati\/\"]}]},{\"@type\":\"ImageObject\",\"inLanguage\":\"it-IT\",\"@id\":\"https:\/\/www.intoscana.it\/it\/cure-palliative-a-firenze-un-centralino-per-aiutare-i-malati\/#primaryimage\",\"url\":\"https:\/\/www.intoscana.it\/wp-content\/uploads\/anziano-1.jpg\",\"contentUrl\":\"https:\/\/www.intoscana.it\/wp-content\/uploads\/anziano-1.jpg\",\"width\":2000,\"height\":1333},{\"@type\":\"BreadcrumbList\",\"@id\":\"https:\/\/www.intoscana.it\/it\/cure-palliative-a-firenze-un-centralino-per-aiutare-i-malati\/#breadcrumb\",\"itemListElement\":[{\"@type\":\"ListItem\",\"position\":1,\"name\":\"Home\",\"item\":\"https:\/\/www.intoscana.it\/it\/\"},{\"@type\":\"ListItem\",\"position\":2,\"name\":\"Cure palliative, a Firenze un centralino per aiutare i malati\"}]},{\"@type\":\"WebSite\",\"@id\":\"https:\/\/www.intoscana.it\/it\/#website\",\"url\":\"https:\/\/www.intoscana.it\/it\/\",\"name\":\"intoscana\",\"description\":\"\",\"potentialAction\":[{\"@type\":\"SearchAction\",\"target\":{\"@type\":\"EntryPoint\",\"urlTemplate\":\"https:\/\/www.intoscana.it\/it\/?s={search_term_string}\"},\"query-input\":{\"@type\":\"PropertyValueSpecification\",\"valueRequired\":true,\"valueName\":\"search_term_string\"}}],\"inLanguage\":\"it-IT\"},{\"@type\":\"Person\",\"@id\":\"https:\/\/www.intoscana.it\/it\/#\/schema\/person\/9223810753230f20bd670fdd322661f8\",\"name\":\"Redazione\",\"url\":\"https:\/\/www.intoscana.it\/it\/author\/redazione\/\"}]}<\/script>\n<!-- \/ Yoast SEO Premium plugin. -->","yoast_head_json":{"title":"Cure palliative, a Firenze un centralino per aiutare i malati - intoscana","description":"Cure palliative, a Firenze un centralino per aiutare i malati","robots":{"index":"index","follow":"follow","max-snippet":"max-snippet:-1","max-image-preview":"max-image-preview:large","max-video-preview":"max-video-preview:-1"},"canonical":"https:\/\/www.intoscana.it\/it\/cure-palliative-a-firenze-un-centralino-per-aiutare-i-malati\/","og_locale":"it_IT","og_type":"article","og_title":"Cure palliative, a Firenze un centralino per aiutare i malati","og_description":"Cure palliative, a Firenze un centralino per aiutare i malati","og_url":"https:\/\/www.intoscana.it\/it\/cure-palliative-a-firenze-un-centralino-per-aiutare-i-malati\/","og_site_name":"intoscana","article_publisher":"https:\/\/www.facebook.com\/intoscana.it","article_published_time":"2019-05-06T09:17:48+00:00","article_modified_time":"2020-05-18T07:56:46+00:00","og_image":[{"width":2000,"height":1333,"url":"https:\/\/www.intoscana.it\/wp-content\/uploads\/anziano-1.jpg","type":"image\/jpeg"}],"author":"Redazione","twitter_card":"summary_large_image","twitter_creator":"@intoscana","twitter_site":"@intoscana","twitter_misc":{"Written by":"Redazione","Est. reading time":"1 minuto"},"schema":{"@context":"https:\/\/schema.org","@graph":[{"@type":"WebPage","@id":"https:\/\/www.intoscana.it\/it\/cure-palliative-a-firenze-un-centralino-per-aiutare-i-malati\/","url":"https:\/\/www.intoscana.it\/it\/cure-palliative-a-firenze-un-centralino-per-aiutare-i-malati\/","name":"Cure palliative, a Firenze un centralino per aiutare i malati - intoscana","isPartOf":{"@id":"https:\/\/www.intoscana.it\/it\/#website"},"primaryImageOfPage":{"@id":"https:\/\/www.intoscana.it\/it\/cure-palliative-a-firenze-un-centralino-per-aiutare-i-malati\/#primaryimage"},"image":{"@id":"https:\/\/www.intoscana.it\/it\/cure-palliative-a-firenze-un-centralino-per-aiutare-i-malati\/#primaryimage"},"thumbnailUrl":"https:\/\/www.intoscana.it\/wp-content\/uploads\/anziano-1.jpg","datePublished":"2019-05-06T09:17:48+00:00","dateModified":"2020-05-18T07:56:46+00:00","author":{"@id":"https:\/\/www.intoscana.it\/it\/#\/schema\/person\/9223810753230f20bd670fdd322661f8"},"description":"Cure palliative, a Firenze un centralino per aiutare i malati","breadcrumb":{"@id":"https:\/\/www.intoscana.it\/it\/cure-palliative-a-firenze-un-centralino-per-aiutare-i-malati\/#breadcrumb"},"inLanguage":"it-IT","potentialAction":[{"@type":"ReadAction","target":["https:\/\/www.intoscana.it\/it\/cure-palliative-a-firenze-un-centralino-per-aiutare-i-malati\/"]}]},{"@type":"ImageObject","inLanguage":"it-IT","@id":"https:\/\/www.intoscana.it\/it\/cure-palliative-a-firenze-un-centralino-per-aiutare-i-malati\/#primaryimage","url":"https:\/\/www.intoscana.it\/wp-content\/uploads\/anziano-1.jpg","contentUrl":"https:\/\/www.intoscana.it\/wp-content\/uploads\/anziano-1.jpg","width":2000,"height":1333},{"@type":"BreadcrumbList","@id":"https:\/\/www.intoscana.it\/it\/cure-palliative-a-firenze-un-centralino-per-aiutare-i-malati\/#breadcrumb","itemListElement":[{"@type":"ListItem","position":1,"name":"Home","item":"https:\/\/www.intoscana.it\/it\/"},{"@type":"ListItem","position":2,"name":"Cure palliative, a Firenze un centralino per aiutare i malati"}]},{"@type":"WebSite","@id":"https:\/\/www.intoscana.it\/it\/#website","url":"https:\/\/www.intoscana.it\/it\/","name":"intoscana","description":"","potentialAction":[{"@type":"SearchAction","target":{"@type":"EntryPoint","urlTemplate":"https:\/\/www.intoscana.it\/it\/?s={search_term_string}"},"query-input":{"@type":"PropertyValueSpecification","valueRequired":true,"valueName":"search_term_string"}}],"inLanguage":"it-IT"},{"@type":"Person","@id":"https:\/\/www.intoscana.it\/it\/#\/schema\/person\/9223810753230f20bd670fdd322661f8","name":"Redazione","url":"https:\/\/www.intoscana.it\/it\/author\/redazione\/"}]}},"_links":{"self":[{"href":"https:\/\/www.intoscana.it\/it\/wp-json\/wp\/v2\/posts\/62570","targetHints":{"allow":["GET"]}}],"collection":[{"href":"https:\/\/www.intoscana.it\/it\/wp-json\/wp\/v2\/posts"}],"about":[{"href":"https:\/\/www.intoscana.it\/it\/wp-json\/wp\/v2\/types\/post"}],"author":[{"embeddable":true,"href":"https:\/\/www.intoscana.it\/it\/wp-json\/wp\/v2\/users\/525"}],"replies":[{"embeddable":true,"href":"https:\/\/www.intoscana.it\/it\/wp-json\/wp\/v2\/comments?post=62570"}],"version-history":[{"count":0,"href":"https:\/\/www.intoscana.it\/it\/wp-json\/wp\/v2\/posts\/62570\/revisions"}],"wp:featuredmedia":[{"embeddable":true,"href":"https:\/\/www.intoscana.it\/it\/wp-json\/wp\/v2\/media\/100321"}],"wp:attachment":[{"href":"https:\/\/www.intoscana.it\/it\/wp-json\/wp\/v2\/media?parent=62570"}],"wp:term":[{"taxonomy":"category","embeddable":true,"href":"https:\/\/www.intoscana.it\/it\/wp-json\/wp\/v2\/categories?post=62570"},{"taxonomy":"post_tag","embeddable":true,"href":"https:\/\/www.intoscana.it\/it\/wp-json\/wp\/v2\/tags?post=62570"}],"curies":[{"name":"wp","href":"https:\/\/api.w.org\/{rel}","templated":true}]}}