{"id":62585,"date":"2019-10-14T15:31:31","date_gmt":"2019-10-14T15:31:31","guid":{"rendered":"http:\/\/www.intoscana.it\/tumori-cutanei-in-toscana-diagnosi-precoce-e-chirurgia-sicura\/"},"modified":"2020-05-19T15:52:16","modified_gmt":"2020-05-19T13:52:16","slug":"tumori-cutanei-regione-toscana","status":"publish","type":"post","link":"https:\/\/www.intoscana.it\/it\/tumori-cutanei-regione-toscana\/","title":{"rendered":"Tumori cutanei, in Toscana diagnosi precoce e chirurgia sicura"},"content":{"rendered":"<p><strong>&#8220;I tumori cutanei sono in costante aumento, anche a causa del progressivo invecchiamento della popolazione.<\/strong> La Toscana \u00e8 <strong>una delle regioni pi\u00f9 &#8216;vecchie&#8217;, con un&#8217;alta percentuale di anziani<\/strong>, e dunque il problema ci riguarda molto. A fronte di questo, per\u00f2, in Toscana abbiamo strutture e tecnologie all&#8217;avanguardia, in grado di fare diagnosi precoce dei tumori della pelle, e anche di intervenire con tecniche chirurgiche che, come ci dicono gli esperti, vengono usate in pochissimi altri centri di dermatologia in Italia. Detto questo, per\u00f2, \u00e8 sempre bene ricordare che <strong>la prima misura di sicurezza \u00e8 la prevenzione:<\/strong> dunque,<strong> esporsi al sole con le dovute cautele<\/strong> e secondo le regole dettate dai dermatologi, ed <strong>evitare le lampade abbronzanti&#8221;.<\/strong><\/p>\n<p><strong>L&#8217;assessore al diritto alla salute Stefania Saccardi<\/strong> ha partecipato oggi alla conferenza stampa della <strong>SIDeMaST,<\/strong> la Societ\u00e0 italiana di dermatologia medica, chirurgica, estetica e malattie sessualmente trasmesse, in cui sono stati presentati<strong> i dati sui tumori della pelle non melanoma, in aumento ovunque, e anche in Toscana.<\/strong><\/p>\n<p>&#8220;La Toscana si \u00e8 attezzata con il lavoro in rete &#8211; ha sottolineato<strong> l&#8217;assessore Stefania Saccardi<\/strong> -, facendo tesoro delle specificit\u00e0 di ciascuna azienda, per collaborare e rispondere ai bisogni di tutte le persone.<\/p>\n<p><strong>In Toscana, hanno detto gli esperti, si registrano ogni anno 11.400 nuovi casi di tumori cutanei<\/strong> non melanoma (4.000 carcinoma basocellulare, 400 carcinoma spinocellulare, 7.000 cheratosi attinica), con un aumento del 20% l&#8217;anno. Questi tumori insieme rappresentano il 95% di tutte le neoplasie cutanee. <strong>Sono pi\u00f9 a rischio i lavoratori all&#8217;aperto, e un altro fattore di rischio sono le lampade abbronzanti.<\/strong><\/p>\n<p>Se trascurati,<strong> i tumori della pelle non melanoma possono trasformarsi in carcinomi invasivi,<\/strong> da qui l&#8217;importanza di una diagnosi precoce. <strong>In Toscana siamo ben attrezzati, sia per la diangosi precoce,&nbsp;<\/strong>l&#8217;<strong>ambulatorio di dermatologia dell&#8217;Aou Senese assicura tempi di attesa minima<\/strong>, e per una visita oggi si arriva ad aspettare anche un solo giorno. Inoltre quello di Siena \u00e8 <strong>tra i pochissimi in Italia a disporre del microscopio confocale laser,<\/strong> uno strumento non invasivo per la diagnosi precoce dei tumori della pelle. Oltre che in ambito diagnostico, <strong>la realt\u00e0 senese \u00e8 leader anche sul fronte della chirurgia:<\/strong> la chirurgia di Mohs permette di disegnare i bordi del tumore prima dell&#8217;intervento e di ridurre in modo significativo il rischio di recidive dovute ad asportazioni incomplete; e sul fronte della cura: la radioterapia come alternativa al trattmento chirurgico, opzione particolarmente indicata nei tunori di piccole dimensioni&#8221;.<\/p>\n","protected":false},"excerpt":{"rendered":"<p>In Toscana si registrano ogni anno 11.400 nuovi casi di tumori cutanei non melanoma<\/p>\n","protected":false},"author":525,"featured_media":100336,"comment_status":"open","ping_status":"open","sticky":false,"template":"","format":"standard","meta":{"_acf_changed":false,"footnotes":""},"categories":[18],"tags":[],"class_list":["post-62585","post","type-post","status-publish","format-standard","has-post-thumbnail","hentry","category-salute"],"acf":[],"yoast_head":"<!-- This site is optimized with the Yoast SEO Premium plugin v24.2 (Yoast SEO v25.6) - https:\/\/yoast.com\/wordpress\/plugins\/seo\/ -->\n<title>Tumori cutanei, in Toscana diagnosi precoce e chirurgia sicura - intoscana<\/title>\n<meta name=\"robots\" content=\"index, follow, max-snippet:-1, max-image-preview:large, max-video-preview:-1\" \/>\n<link rel=\"canonical\" href=\"https:\/\/www.intoscana.it\/it\/tumori-cutanei-regione-toscana\/\" \/>\n<meta property=\"og:locale\" content=\"it_IT\" \/>\n<meta property=\"og:type\" content=\"article\" \/>\n<meta property=\"og:title\" content=\"Tumori cutanei, in Toscana diagnosi precoce e chirurgia sicura\" \/>\n<meta property=\"og:description\" content=\"In Toscana si registrano ogni anno 11.400 nuovi casi di tumori cutanei non melanoma\" \/>\n<meta property=\"og:url\" content=\"https:\/\/www.intoscana.it\/it\/tumori-cutanei-regione-toscana\/\" \/>\n<meta property=\"og:site_name\" content=\"intoscana\" \/>\n<meta property=\"article:publisher\" content=\"https:\/\/www.facebook.com\/intoscana.it\" \/>\n<meta property=\"article:published_time\" content=\"2019-10-14T15:31:31+00:00\" \/>\n<meta property=\"article:modified_time\" content=\"2020-05-19T13:52:16+00:00\" \/>\n<meta property=\"og:image\" content=\"https:\/\/www.intoscana.it\/wp-content\/uploads\/pelle-3.jpg\" \/>\n\t<meta property=\"og:image:width\" content=\"2000\" \/>\n\t<meta property=\"og:image:height\" content=\"992\" \/>\n\t<meta property=\"og:image:type\" content=\"image\/jpeg\" \/>\n<meta name=\"author\" content=\"Redazione\" \/>\n<meta name=\"twitter:card\" content=\"summary_large_image\" \/>\n<meta name=\"twitter:creator\" content=\"@intoscana\" \/>\n<meta name=\"twitter:site\" content=\"@intoscana\" \/>\n<meta name=\"twitter:label1\" content=\"Written by\" \/>\n\t<meta name=\"twitter:data1\" content=\"Redazione\" \/>\n\t<meta name=\"twitter:label2\" content=\"Est. reading time\" \/>\n\t<meta name=\"twitter:data2\" content=\"2 minuti\" \/>\n<script type=\"application\/ld+json\" class=\"yoast-schema-graph\">{\"@context\":\"https:\/\/schema.org\",\"@graph\":[{\"@type\":\"WebPage\",\"@id\":\"https:\/\/www.intoscana.it\/it\/tumori-cutanei-regione-toscana\/\",\"url\":\"https:\/\/www.intoscana.it\/it\/tumori-cutanei-regione-toscana\/\",\"name\":\"Tumori cutanei, in Toscana diagnosi precoce e chirurgia sicura - intoscana\",\"isPartOf\":{\"@id\":\"https:\/\/www.intoscana.it\/it\/#website\"},\"primaryImageOfPage\":{\"@id\":\"https:\/\/www.intoscana.it\/it\/tumori-cutanei-regione-toscana\/#primaryimage\"},\"image\":{\"@id\":\"https:\/\/www.intoscana.it\/it\/tumori-cutanei-regione-toscana\/#primaryimage\"},\"thumbnailUrl\":\"https:\/\/www.intoscana.it\/wp-content\/uploads\/pelle-3.jpg\",\"datePublished\":\"2019-10-14T15:31:31+00:00\",\"dateModified\":\"2020-05-19T13:52:16+00:00\",\"author\":{\"@id\":\"https:\/\/www.intoscana.it\/it\/#\/schema\/person\/9223810753230f20bd670fdd322661f8\"},\"breadcrumb\":{\"@id\":\"https:\/\/www.intoscana.it\/it\/tumori-cutanei-regione-toscana\/#breadcrumb\"},\"inLanguage\":\"it-IT\",\"potentialAction\":[{\"@type\":\"ReadAction\",\"target\":[\"https:\/\/www.intoscana.it\/it\/tumori-cutanei-regione-toscana\/\"]}]},{\"@type\":\"ImageObject\",\"inLanguage\":\"it-IT\",\"@id\":\"https:\/\/www.intoscana.it\/it\/tumori-cutanei-regione-toscana\/#primaryimage\",\"url\":\"https:\/\/www.intoscana.it\/wp-content\/uploads\/pelle-3.jpg\",\"contentUrl\":\"https:\/\/www.intoscana.it\/wp-content\/uploads\/pelle-3.jpg\",\"width\":2000,\"height\":992,\"caption\":\"Tumori cutanei, in Toscana diagnosi precoce e chirurgia sicura\"},{\"@type\":\"BreadcrumbList\",\"@id\":\"https:\/\/www.intoscana.it\/it\/tumori-cutanei-regione-toscana\/#breadcrumb\",\"itemListElement\":[{\"@type\":\"ListItem\",\"position\":1,\"name\":\"Home\",\"item\":\"https:\/\/www.intoscana.it\/it\/\"},{\"@type\":\"ListItem\",\"position\":2,\"name\":\"Tumori cutanei, in Toscana diagnosi precoce e chirurgia sicura\"}]},{\"@type\":\"WebSite\",\"@id\":\"https:\/\/www.intoscana.it\/it\/#website\",\"url\":\"https:\/\/www.intoscana.it\/it\/\",\"name\":\"intoscana\",\"description\":\"\",\"potentialAction\":[{\"@type\":\"SearchAction\",\"target\":{\"@type\":\"EntryPoint\",\"urlTemplate\":\"https:\/\/www.intoscana.it\/it\/?s={search_term_string}\"},\"query-input\":{\"@type\":\"PropertyValueSpecification\",\"valueRequired\":true,\"valueName\":\"search_term_string\"}}],\"inLanguage\":\"it-IT\"},{\"@type\":\"Person\",\"@id\":\"https:\/\/www.intoscana.it\/it\/#\/schema\/person\/9223810753230f20bd670fdd322661f8\",\"name\":\"Redazione\",\"url\":\"https:\/\/www.intoscana.it\/it\/author\/redazione\/\"}]}<\/script>\n<!-- \/ Yoast SEO Premium plugin. -->","yoast_head_json":{"title":"Tumori cutanei, in Toscana diagnosi precoce e chirurgia sicura - intoscana","robots":{"index":"index","follow":"follow","max-snippet":"max-snippet:-1","max-image-preview":"max-image-preview:large","max-video-preview":"max-video-preview:-1"},"canonical":"https:\/\/www.intoscana.it\/it\/tumori-cutanei-regione-toscana\/","og_locale":"it_IT","og_type":"article","og_title":"Tumori cutanei, in Toscana diagnosi precoce e chirurgia sicura","og_description":"In Toscana si registrano ogni anno 11.400 nuovi casi di tumori cutanei non melanoma","og_url":"https:\/\/www.intoscana.it\/it\/tumori-cutanei-regione-toscana\/","og_site_name":"intoscana","article_publisher":"https:\/\/www.facebook.com\/intoscana.it","article_published_time":"2019-10-14T15:31:31+00:00","article_modified_time":"2020-05-19T13:52:16+00:00","og_image":[{"width":2000,"height":992,"url":"https:\/\/www.intoscana.it\/wp-content\/uploads\/pelle-3.jpg","type":"image\/jpeg"}],"author":"Redazione","twitter_card":"summary_large_image","twitter_creator":"@intoscana","twitter_site":"@intoscana","twitter_misc":{"Written by":"Redazione","Est. reading time":"2 minuti"},"schema":{"@context":"https:\/\/schema.org","@graph":[{"@type":"WebPage","@id":"https:\/\/www.intoscana.it\/it\/tumori-cutanei-regione-toscana\/","url":"https:\/\/www.intoscana.it\/it\/tumori-cutanei-regione-toscana\/","name":"Tumori cutanei, in Toscana diagnosi precoce e chirurgia sicura - intoscana","isPartOf":{"@id":"https:\/\/www.intoscana.it\/it\/#website"},"primaryImageOfPage":{"@id":"https:\/\/www.intoscana.it\/it\/tumori-cutanei-regione-toscana\/#primaryimage"},"image":{"@id":"https:\/\/www.intoscana.it\/it\/tumori-cutanei-regione-toscana\/#primaryimage"},"thumbnailUrl":"https:\/\/www.intoscana.it\/wp-content\/uploads\/pelle-3.jpg","datePublished":"2019-10-14T15:31:31+00:00","dateModified":"2020-05-19T13:52:16+00:00","author":{"@id":"https:\/\/www.intoscana.it\/it\/#\/schema\/person\/9223810753230f20bd670fdd322661f8"},"breadcrumb":{"@id":"https:\/\/www.intoscana.it\/it\/tumori-cutanei-regione-toscana\/#breadcrumb"},"inLanguage":"it-IT","potentialAction":[{"@type":"ReadAction","target":["https:\/\/www.intoscana.it\/it\/tumori-cutanei-regione-toscana\/"]}]},{"@type":"ImageObject","inLanguage":"it-IT","@id":"https:\/\/www.intoscana.it\/it\/tumori-cutanei-regione-toscana\/#primaryimage","url":"https:\/\/www.intoscana.it\/wp-content\/uploads\/pelle-3.jpg","contentUrl":"https:\/\/www.intoscana.it\/wp-content\/uploads\/pelle-3.jpg","width":2000,"height":992,"caption":"Tumori cutanei, in Toscana diagnosi precoce e chirurgia sicura"},{"@type":"BreadcrumbList","@id":"https:\/\/www.intoscana.it\/it\/tumori-cutanei-regione-toscana\/#breadcrumb","itemListElement":[{"@type":"ListItem","position":1,"name":"Home","item":"https:\/\/www.intoscana.it\/it\/"},{"@type":"ListItem","position":2,"name":"Tumori cutanei, in Toscana diagnosi precoce e chirurgia sicura"}]},{"@type":"WebSite","@id":"https:\/\/www.intoscana.it\/it\/#website","url":"https:\/\/www.intoscana.it\/it\/","name":"intoscana","description":"","potentialAction":[{"@type":"SearchAction","target":{"@type":"EntryPoint","urlTemplate":"https:\/\/www.intoscana.it\/it\/?s={search_term_string}"},"query-input":{"@type":"PropertyValueSpecification","valueRequired":true,"valueName":"search_term_string"}}],"inLanguage":"it-IT"},{"@type":"Person","@id":"https:\/\/www.intoscana.it\/it\/#\/schema\/person\/9223810753230f20bd670fdd322661f8","name":"Redazione","url":"https:\/\/www.intoscana.it\/it\/author\/redazione\/"}]}},"_links":{"self":[{"href":"https:\/\/www.intoscana.it\/it\/wp-json\/wp\/v2\/posts\/62585","targetHints":{"allow":["GET"]}}],"collection":[{"href":"https:\/\/www.intoscana.it\/it\/wp-json\/wp\/v2\/posts"}],"about":[{"href":"https:\/\/www.intoscana.it\/it\/wp-json\/wp\/v2\/types\/post"}],"author":[{"embeddable":true,"href":"https:\/\/www.intoscana.it\/it\/wp-json\/wp\/v2\/users\/525"}],"replies":[{"embeddable":true,"href":"https:\/\/www.intoscana.it\/it\/wp-json\/wp\/v2\/comments?post=62585"}],"version-history":[{"count":0,"href":"https:\/\/www.intoscana.it\/it\/wp-json\/wp\/v2\/posts\/62585\/revisions"}],"wp:featuredmedia":[{"embeddable":true,"href":"https:\/\/www.intoscana.it\/it\/wp-json\/wp\/v2\/media\/100336"}],"wp:attachment":[{"href":"https:\/\/www.intoscana.it\/it\/wp-json\/wp\/v2\/media?parent=62585"}],"wp:term":[{"taxonomy":"category","embeddable":true,"href":"https:\/\/www.intoscana.it\/it\/wp-json\/wp\/v2\/categories?post=62585"},{"taxonomy":"post_tag","embeddable":true,"href":"https:\/\/www.intoscana.it\/it\/wp-json\/wp\/v2\/tags?post=62585"}],"curies":[{"name":"wp","href":"https:\/\/api.w.org\/{rel}","templated":true}]}}