{"id":62586,"date":"2019-10-16T16:15:37","date_gmt":"2019-10-16T16:15:37","guid":{"rendered":"http:\/\/www.intoscana.it\/medicina-personalizzata-premiato-il-progetto-internazionale-di-careggi\/"},"modified":"2020-05-19T15:52:16","modified_gmt":"2020-05-19T13:52:16","slug":"careggi-medicina-personalizzata","status":"publish","type":"post","link":"https:\/\/www.intoscana.it\/it\/careggi-medicina-personalizzata\/","title":{"rendered":"Medicina personalizzata: premiato il progetto internazionale di Careggi"},"content":{"rendered":"<p><strong>L&#8217;uso dell&#8217;immunoterapia per il trattamento del carcinoma polmonare non a piccole cellule<\/strong> (Nsclc): \u00e8 questo l&#8217;obiettivo di un p<strong>rogetto transnazionale, cui l&#8217;Azienda ospedaliera universitaria di Careggi partecipa in qualit\u00e0 di partner, vincitore della Joint transnational call 2019<\/strong> &#8216;Personalised medicine: multidisciplinary research towards implementation&#8217; nell&#8217;ambito di &#8216;Era PerMed, Era-Net cofund in personalised medicine&#8221;.<\/p>\n<p><strong>Il carcinoma polmonare \u00e8 la prima causa di morte per tumore, la diagnosi \u00e8 spesso tardiva<\/strong> e la prognosi infausta. L&#8217;immunoterapia con inibitori di Pd-1 ha mostrato un miglioramento della sopravvivenza nel Nsclc avanzato, ma la selezione dei pazienti \u00e8 ancora difficile, perch\u00e9 non tutti ottengono un beneficio da questo trattamento. Obiettivo primario dello studio, importante anche dal punto di vista socio-economico, <strong>\u00e8 identificare fattori predittivi, nel materiale prelevato con broncoscopia al momento della diagnosi, per personalizzare la terapia.<\/strong><\/p>\n<p>In pratica <strong>lo studio valuta un device innovativo che permetta di eseguire alla diagnosi uno screening di sensibilit\u00e0 e resistenza ai farmaci,<\/strong> prima immunoterapici poi chemioterapici, per offrire ai pazienti affetti da Nsclc avanzato la terapia pi\u00f9 efficace e per evitare trattamenti con scarsi benefici e con un costo elevato. Il coinvolgimento dell&#8217;Aou Careggi prevede l&#8217;arruolamento in studio di pazienti affetti da Nsclc avanzato e trattati con anti-PD-1, per i quali sar\u00e0 crioconservato materiale prelevato con broncoscopia.<\/p>\n<p><strong>Lo scopo della Call, era quello di selezionare progetti di consorzi internazionali<\/strong> che svolgano attivit\u00e0 di ricerca e innovazione, creando sinergie tra la ricerca biomedica di base, la ricerca clinica, la bioinformatica, l&#8217;epidemiologia, la ricerca socioeconomica, nonch\u00e9 la ricerca sugli impatti della medicina personalizzata nella pratica clinica e nella societ\u00e0. Il progetto BronchoBOC si \u00e8 classificato primo nella graduatoria di merito, ottenendo un eccellente riconoscimento.<\/p>\n","protected":false},"excerpt":{"rendered":"<p>L&#8217;ospedale fiorentino \u00e8 partner di un progetto di ricerca per il trattamento del carcinoma polmonare vincitore della Joint transnational call 2019&nbsp;<\/p>\n","protected":false},"author":525,"featured_media":100337,"comment_status":"open","ping_status":"open","sticky":false,"template":"","format":"standard","meta":{"_acf_changed":false,"footnotes":""},"categories":[18],"tags":[134,398],"class_list":["post-62586","post","type-post","status-publish","format-standard","has-post-thumbnail","hentry","category-salute","tag-salute","tag-sanita-toscana"],"acf":[],"yoast_head":"<!-- This site is optimized with the Yoast SEO Premium plugin v24.2 (Yoast SEO v25.6) - https:\/\/yoast.com\/wordpress\/plugins\/seo\/ -->\n<title>Medicina personalizzata: premiato il progetto internazionale di Careggi - intoscana<\/title>\n<meta name=\"robots\" content=\"index, follow, max-snippet:-1, max-image-preview:large, max-video-preview:-1\" \/>\n<link rel=\"canonical\" href=\"https:\/\/www.intoscana.it\/it\/careggi-medicina-personalizzata\/\" \/>\n<meta property=\"og:locale\" content=\"it_IT\" \/>\n<meta property=\"og:type\" content=\"article\" \/>\n<meta property=\"og:title\" content=\"Medicina personalizzata: premiato il progetto internazionale di Careggi\" \/>\n<meta property=\"og:description\" content=\"L&#039;ospedale fiorentino \u00e8 partner di un progetto di ricerca per il trattamento del carcinoma polmonare vincitore della Joint transnational call 2019&nbsp;\" \/>\n<meta property=\"og:url\" content=\"https:\/\/www.intoscana.it\/it\/careggi-medicina-personalizzata\/\" \/>\n<meta property=\"og:site_name\" content=\"intoscana\" \/>\n<meta property=\"article:publisher\" content=\"https:\/\/www.facebook.com\/intoscana.it\" \/>\n<meta property=\"article:published_time\" content=\"2019-10-16T16:15:37+00:00\" \/>\n<meta property=\"article:modified_time\" content=\"2020-05-19T13:52:16+00:00\" \/>\n<meta property=\"og:image\" content=\"https:\/\/www.intoscana.it\/wp-content\/uploads\/Careggi-18.jpg\" \/>\n\t<meta property=\"og:image:width\" content=\"700\" \/>\n\t<meta property=\"og:image:height\" content=\"466\" \/>\n\t<meta property=\"og:image:type\" content=\"image\/jpeg\" \/>\n<meta name=\"author\" content=\"Redazione\" \/>\n<meta name=\"twitter:card\" content=\"summary_large_image\" \/>\n<meta name=\"twitter:creator\" content=\"@intoscana\" \/>\n<meta name=\"twitter:site\" content=\"@intoscana\" \/>\n<meta name=\"twitter:label1\" content=\"Written by\" \/>\n\t<meta name=\"twitter:data1\" content=\"Redazione\" \/>\n\t<meta name=\"twitter:label2\" content=\"Est. reading time\" \/>\n\t<meta name=\"twitter:data2\" content=\"1 minuto\" \/>\n<script type=\"application\/ld+json\" class=\"yoast-schema-graph\">{\"@context\":\"https:\/\/schema.org\",\"@graph\":[{\"@type\":\"WebPage\",\"@id\":\"https:\/\/www.intoscana.it\/it\/careggi-medicina-personalizzata\/\",\"url\":\"https:\/\/www.intoscana.it\/it\/careggi-medicina-personalizzata\/\",\"name\":\"Medicina personalizzata: premiato il progetto internazionale di Careggi - intoscana\",\"isPartOf\":{\"@id\":\"https:\/\/www.intoscana.it\/it\/#website\"},\"primaryImageOfPage\":{\"@id\":\"https:\/\/www.intoscana.it\/it\/careggi-medicina-personalizzata\/#primaryimage\"},\"image\":{\"@id\":\"https:\/\/www.intoscana.it\/it\/careggi-medicina-personalizzata\/#primaryimage\"},\"thumbnailUrl\":\"https:\/\/www.intoscana.it\/wp-content\/uploads\/Careggi-18.jpg\",\"datePublished\":\"2019-10-16T16:15:37+00:00\",\"dateModified\":\"2020-05-19T13:52:16+00:00\",\"author\":{\"@id\":\"https:\/\/www.intoscana.it\/it\/#\/schema\/person\/9223810753230f20bd670fdd322661f8\"},\"breadcrumb\":{\"@id\":\"https:\/\/www.intoscana.it\/it\/careggi-medicina-personalizzata\/#breadcrumb\"},\"inLanguage\":\"it-IT\",\"potentialAction\":[{\"@type\":\"ReadAction\",\"target\":[\"https:\/\/www.intoscana.it\/it\/careggi-medicina-personalizzata\/\"]}]},{\"@type\":\"ImageObject\",\"inLanguage\":\"it-IT\",\"@id\":\"https:\/\/www.intoscana.it\/it\/careggi-medicina-personalizzata\/#primaryimage\",\"url\":\"https:\/\/www.intoscana.it\/wp-content\/uploads\/Careggi-18.jpg\",\"contentUrl\":\"https:\/\/www.intoscana.it\/wp-content\/uploads\/Careggi-18.jpg\",\"width\":700,\"height\":466,\"caption\":\"Ospedale di Careggi\"},{\"@type\":\"BreadcrumbList\",\"@id\":\"https:\/\/www.intoscana.it\/it\/careggi-medicina-personalizzata\/#breadcrumb\",\"itemListElement\":[{\"@type\":\"ListItem\",\"position\":1,\"name\":\"Home\",\"item\":\"https:\/\/www.intoscana.it\/it\/\"},{\"@type\":\"ListItem\",\"position\":2,\"name\":\"Medicina personalizzata: premiato il progetto internazionale di Careggi\"}]},{\"@type\":\"WebSite\",\"@id\":\"https:\/\/www.intoscana.it\/it\/#website\",\"url\":\"https:\/\/www.intoscana.it\/it\/\",\"name\":\"intoscana\",\"description\":\"\",\"potentialAction\":[{\"@type\":\"SearchAction\",\"target\":{\"@type\":\"EntryPoint\",\"urlTemplate\":\"https:\/\/www.intoscana.it\/it\/?s={search_term_string}\"},\"query-input\":{\"@type\":\"PropertyValueSpecification\",\"valueRequired\":true,\"valueName\":\"search_term_string\"}}],\"inLanguage\":\"it-IT\"},{\"@type\":\"Person\",\"@id\":\"https:\/\/www.intoscana.it\/it\/#\/schema\/person\/9223810753230f20bd670fdd322661f8\",\"name\":\"Redazione\",\"url\":\"https:\/\/www.intoscana.it\/it\/author\/redazione\/\"}]}<\/script>\n<!-- \/ Yoast SEO Premium plugin. -->","yoast_head_json":{"title":"Medicina personalizzata: premiato il progetto internazionale di Careggi - intoscana","robots":{"index":"index","follow":"follow","max-snippet":"max-snippet:-1","max-image-preview":"max-image-preview:large","max-video-preview":"max-video-preview:-1"},"canonical":"https:\/\/www.intoscana.it\/it\/careggi-medicina-personalizzata\/","og_locale":"it_IT","og_type":"article","og_title":"Medicina personalizzata: premiato il progetto internazionale di Careggi","og_description":"L'ospedale fiorentino \u00e8 partner di un progetto di ricerca per il trattamento del carcinoma polmonare vincitore della Joint transnational call 2019&nbsp;","og_url":"https:\/\/www.intoscana.it\/it\/careggi-medicina-personalizzata\/","og_site_name":"intoscana","article_publisher":"https:\/\/www.facebook.com\/intoscana.it","article_published_time":"2019-10-16T16:15:37+00:00","article_modified_time":"2020-05-19T13:52:16+00:00","og_image":[{"width":700,"height":466,"url":"https:\/\/www.intoscana.it\/wp-content\/uploads\/Careggi-18.jpg","type":"image\/jpeg"}],"author":"Redazione","twitter_card":"summary_large_image","twitter_creator":"@intoscana","twitter_site":"@intoscana","twitter_misc":{"Written by":"Redazione","Est. reading time":"1 minuto"},"schema":{"@context":"https:\/\/schema.org","@graph":[{"@type":"WebPage","@id":"https:\/\/www.intoscana.it\/it\/careggi-medicina-personalizzata\/","url":"https:\/\/www.intoscana.it\/it\/careggi-medicina-personalizzata\/","name":"Medicina personalizzata: premiato il progetto internazionale di Careggi - intoscana","isPartOf":{"@id":"https:\/\/www.intoscana.it\/it\/#website"},"primaryImageOfPage":{"@id":"https:\/\/www.intoscana.it\/it\/careggi-medicina-personalizzata\/#primaryimage"},"image":{"@id":"https:\/\/www.intoscana.it\/it\/careggi-medicina-personalizzata\/#primaryimage"},"thumbnailUrl":"https:\/\/www.intoscana.it\/wp-content\/uploads\/Careggi-18.jpg","datePublished":"2019-10-16T16:15:37+00:00","dateModified":"2020-05-19T13:52:16+00:00","author":{"@id":"https:\/\/www.intoscana.it\/it\/#\/schema\/person\/9223810753230f20bd670fdd322661f8"},"breadcrumb":{"@id":"https:\/\/www.intoscana.it\/it\/careggi-medicina-personalizzata\/#breadcrumb"},"inLanguage":"it-IT","potentialAction":[{"@type":"ReadAction","target":["https:\/\/www.intoscana.it\/it\/careggi-medicina-personalizzata\/"]}]},{"@type":"ImageObject","inLanguage":"it-IT","@id":"https:\/\/www.intoscana.it\/it\/careggi-medicina-personalizzata\/#primaryimage","url":"https:\/\/www.intoscana.it\/wp-content\/uploads\/Careggi-18.jpg","contentUrl":"https:\/\/www.intoscana.it\/wp-content\/uploads\/Careggi-18.jpg","width":700,"height":466,"caption":"Ospedale di Careggi"},{"@type":"BreadcrumbList","@id":"https:\/\/www.intoscana.it\/it\/careggi-medicina-personalizzata\/#breadcrumb","itemListElement":[{"@type":"ListItem","position":1,"name":"Home","item":"https:\/\/www.intoscana.it\/it\/"},{"@type":"ListItem","position":2,"name":"Medicina personalizzata: premiato il progetto internazionale di Careggi"}]},{"@type":"WebSite","@id":"https:\/\/www.intoscana.it\/it\/#website","url":"https:\/\/www.intoscana.it\/it\/","name":"intoscana","description":"","potentialAction":[{"@type":"SearchAction","target":{"@type":"EntryPoint","urlTemplate":"https:\/\/www.intoscana.it\/it\/?s={search_term_string}"},"query-input":{"@type":"PropertyValueSpecification","valueRequired":true,"valueName":"search_term_string"}}],"inLanguage":"it-IT"},{"@type":"Person","@id":"https:\/\/www.intoscana.it\/it\/#\/schema\/person\/9223810753230f20bd670fdd322661f8","name":"Redazione","url":"https:\/\/www.intoscana.it\/it\/author\/redazione\/"}]}},"_links":{"self":[{"href":"https:\/\/www.intoscana.it\/it\/wp-json\/wp\/v2\/posts\/62586","targetHints":{"allow":["GET"]}}],"collection":[{"href":"https:\/\/www.intoscana.it\/it\/wp-json\/wp\/v2\/posts"}],"about":[{"href":"https:\/\/www.intoscana.it\/it\/wp-json\/wp\/v2\/types\/post"}],"author":[{"embeddable":true,"href":"https:\/\/www.intoscana.it\/it\/wp-json\/wp\/v2\/users\/525"}],"replies":[{"embeddable":true,"href":"https:\/\/www.intoscana.it\/it\/wp-json\/wp\/v2\/comments?post=62586"}],"version-history":[{"count":0,"href":"https:\/\/www.intoscana.it\/it\/wp-json\/wp\/v2\/posts\/62586\/revisions"}],"wp:featuredmedia":[{"embeddable":true,"href":"https:\/\/www.intoscana.it\/it\/wp-json\/wp\/v2\/media\/100337"}],"wp:attachment":[{"href":"https:\/\/www.intoscana.it\/it\/wp-json\/wp\/v2\/media?parent=62586"}],"wp:term":[{"taxonomy":"category","embeddable":true,"href":"https:\/\/www.intoscana.it\/it\/wp-json\/wp\/v2\/categories?post=62586"},{"taxonomy":"post_tag","embeddable":true,"href":"https:\/\/www.intoscana.it\/it\/wp-json\/wp\/v2\/tags?post=62586"}],"curies":[{"name":"wp","href":"https:\/\/api.w.org\/{rel}","templated":true}]}}