{"id":62588,"date":"2019-10-22T11:28:01","date_gmt":"2019-10-22T11:28:01","guid":{"rendered":"http:\/\/www.intoscana.it\/bimbo-nato-senza-orecchie-uno-e-stato-ricostruito-in-3d-al-meyer\/"},"modified":"2020-05-19T15:52:17","modified_gmt":"2020-05-19T13:52:17","slug":"orecchio-3d","status":"publish","type":"post","link":"https:\/\/www.intoscana.it\/it\/orecchio-3d\/","title":{"rendered":"Bimbo nato senza orecchie: uno \u00e8 stato ricostruito in 3D al Meyer"},"content":{"rendered":"<p><strong>All&#8217;ospedale Meyer di Firenze \u00e8 stato ricostruito ex novo un orecchio a un bambino grazie alla stampa in 3D.<\/strong> Il paziente, 13enne, \u00e8 affetto da microtia, malformazione congenita rara che colpisce 5 bambini su 10.000, nel suo caso bilaterale, e porta a un&#8217;assenza di sviluppo dell&#8217;orecchio esterno, il padiglione auricolare. Il chirurgo plastico partendo da <strong>cartilagini costali dello stesso bimbo ha dato ad esse la forma di orecchio grazie ai modelli stampati in 3D.<\/strong><\/p>\n<p>Questo intervento riguarda un orecchio ma, si apprende da fonti ospedaliere, <strong>nei prossimi mesi \u00e8 previsto che possa essere fatta una seconda ricostruzione analoga.<\/strong> Nell&#8217;intervento, spiega il Meyer, la forma esatta delle cartilagini del bambino con le quali ricostruire l&#8217;orecchio \u00e8 stata acquisita mediante Tac, poi, grazie ad un software di ultima generazione, \u00e8 stata stampata in 3D una copia delle cartilagini.<\/p>\n<p><img decoding=\"async\" alt=\"orecchio-3d-meyer\" style=\"width: 600px;\" title=\"orecchio-3d-meyer\" src=\"https:\/\/www.intoscana.it\/shared\/intoscana\/immagini\/orecchio-3d-meyer.jpg\" height=\"400\" \/><\/p>\n<p><strong>Da questo modello tridimensionale si \u00e8 potuta vedere al millimetro la porzione di cartilagini da prelevare.<\/strong> Inoltre, per definire con la massima precisione possibile che forma avrebbe avuto un orecchio &#8220;naturale&#8221; del bambino, \u00e8 stato preso a modello un orecchio della sua mamma. Numerose le simulazioni fatte dai chirurghi prima di procedere all&#8217;intervento vero e proprio in sala operatoria.<\/p>\n<p><strong>Si tratta del primo intervento in Italia che si avvale della tecnologia 3D e col team di chirurghi dell&#8217;ospedale pediatrico fiorentino,<\/strong> guidati dal dottor Flavio Facchini, in sala erano presenti alcuni ingegneri del laboratorio T3Ddy, un&#8217;eccellenza che nasce dall&#8217;incontro fra Meyer e Dipartimento di Ingegneria Industriale dell&#8217;Universit\u00e0 di Firenze che ha l&#8217;obiettivo di applicare tecnologie 3D altamente innovative nella pratica clinica.<\/p>\n","protected":false},"excerpt":{"rendered":"<p>Il paziente di 13 anni \u00e8 nato senza entrambi i padiglioni auricolari: all&#8217;ospedale pediatrico fiorentino uno \u00e8 stato ricostruito grazie alla tecnologia 3D<\/p>\n","protected":false},"author":525,"featured_media":100339,"comment_status":"open","ping_status":"open","sticky":false,"template":"","format":"standard","meta":{"_acf_changed":false,"footnotes":""},"categories":[18],"tags":[134],"class_list":["post-62588","post","type-post","status-publish","format-standard","has-post-thumbnail","hentry","category-salute","tag-salute"],"acf":[],"yoast_head":"<!-- This site is optimized with the Yoast SEO Premium plugin v24.2 (Yoast SEO v25.6) - https:\/\/yoast.com\/wordpress\/plugins\/seo\/ -->\n<title>Bimbo nato senza orecchie: uno \u00e8 stato ricostruito in 3D al Meyer - intoscana<\/title>\n<meta name=\"robots\" content=\"index, follow, max-snippet:-1, max-image-preview:large, max-video-preview:-1\" \/>\n<link rel=\"canonical\" href=\"https:\/\/www.intoscana.it\/it\/orecchio-3d\/\" \/>\n<meta property=\"og:locale\" content=\"it_IT\" \/>\n<meta property=\"og:type\" content=\"article\" \/>\n<meta property=\"og:title\" content=\"Bimbo nato senza orecchie: uno \u00e8 stato ricostruito in 3D al Meyer\" \/>\n<meta property=\"og:description\" content=\"Il paziente di 13 anni \u00e8 nato senza entrambi i padiglioni auricolari: all&#039;ospedale pediatrico fiorentino uno \u00e8 stato ricostruito grazie alla tecnologia 3D\" \/>\n<meta property=\"og:url\" content=\"https:\/\/www.intoscana.it\/it\/orecchio-3d\/\" \/>\n<meta property=\"og:site_name\" content=\"intoscana\" \/>\n<meta property=\"article:publisher\" content=\"https:\/\/www.facebook.com\/intoscana.it\" \/>\n<meta property=\"article:published_time\" content=\"2019-10-22T11:28:01+00:00\" \/>\n<meta property=\"article:modified_time\" content=\"2020-05-19T13:52:17+00:00\" \/>\n<meta property=\"og:image\" content=\"https:\/\/www.intoscana.it\/wp-content\/uploads\/ospedale-pediatrico-meyer-4-3.jpg\" \/>\n\t<meta property=\"og:image:width\" content=\"1194\" \/>\n\t<meta property=\"og:image:height\" content=\"793\" \/>\n\t<meta property=\"og:image:type\" content=\"image\/jpeg\" \/>\n<meta name=\"author\" content=\"Redazione\" \/>\n<meta name=\"twitter:card\" content=\"summary_large_image\" \/>\n<meta name=\"twitter:creator\" content=\"@intoscana\" \/>\n<meta name=\"twitter:site\" content=\"@intoscana\" \/>\n<meta name=\"twitter:label1\" content=\"Written by\" \/>\n\t<meta name=\"twitter:data1\" content=\"Redazione\" \/>\n\t<meta name=\"twitter:label2\" content=\"Est. reading time\" \/>\n\t<meta name=\"twitter:data2\" content=\"1 minuto\" \/>\n<script type=\"application\/ld+json\" class=\"yoast-schema-graph\">{\"@context\":\"https:\/\/schema.org\",\"@graph\":[{\"@type\":\"WebPage\",\"@id\":\"https:\/\/www.intoscana.it\/it\/orecchio-3d\/\",\"url\":\"https:\/\/www.intoscana.it\/it\/orecchio-3d\/\",\"name\":\"Bimbo nato senza orecchie: uno \u00e8 stato ricostruito in 3D al Meyer - intoscana\",\"isPartOf\":{\"@id\":\"https:\/\/www.intoscana.it\/it\/#website\"},\"primaryImageOfPage\":{\"@id\":\"https:\/\/www.intoscana.it\/it\/orecchio-3d\/#primaryimage\"},\"image\":{\"@id\":\"https:\/\/www.intoscana.it\/it\/orecchio-3d\/#primaryimage\"},\"thumbnailUrl\":\"https:\/\/www.intoscana.it\/wp-content\/uploads\/ospedale-pediatrico-meyer-4-3.jpg\",\"datePublished\":\"2019-10-22T11:28:01+00:00\",\"dateModified\":\"2020-05-19T13:52:17+00:00\",\"author\":{\"@id\":\"https:\/\/www.intoscana.it\/it\/#\/schema\/person\/9223810753230f20bd670fdd322661f8\"},\"breadcrumb\":{\"@id\":\"https:\/\/www.intoscana.it\/it\/orecchio-3d\/#breadcrumb\"},\"inLanguage\":\"it-IT\",\"potentialAction\":[{\"@type\":\"ReadAction\",\"target\":[\"https:\/\/www.intoscana.it\/it\/orecchio-3d\/\"]}]},{\"@type\":\"ImageObject\",\"inLanguage\":\"it-IT\",\"@id\":\"https:\/\/www.intoscana.it\/it\/orecchio-3d\/#primaryimage\",\"url\":\"https:\/\/www.intoscana.it\/wp-content\/uploads\/ospedale-pediatrico-meyer-4-3.jpg\",\"contentUrl\":\"https:\/\/www.intoscana.it\/wp-content\/uploads\/ospedale-pediatrico-meyer-4-3.jpg\",\"width\":1194,\"height\":793,\"caption\":\"Ospedale Meyer\"},{\"@type\":\"BreadcrumbList\",\"@id\":\"https:\/\/www.intoscana.it\/it\/orecchio-3d\/#breadcrumb\",\"itemListElement\":[{\"@type\":\"ListItem\",\"position\":1,\"name\":\"Home\",\"item\":\"https:\/\/www.intoscana.it\/it\/\"},{\"@type\":\"ListItem\",\"position\":2,\"name\":\"Bimbo nato senza orecchie: uno \u00e8 stato ricostruito in 3D al Meyer\"}]},{\"@type\":\"WebSite\",\"@id\":\"https:\/\/www.intoscana.it\/it\/#website\",\"url\":\"https:\/\/www.intoscana.it\/it\/\",\"name\":\"intoscana\",\"description\":\"\",\"potentialAction\":[{\"@type\":\"SearchAction\",\"target\":{\"@type\":\"EntryPoint\",\"urlTemplate\":\"https:\/\/www.intoscana.it\/it\/?s={search_term_string}\"},\"query-input\":{\"@type\":\"PropertyValueSpecification\",\"valueRequired\":true,\"valueName\":\"search_term_string\"}}],\"inLanguage\":\"it-IT\"},{\"@type\":\"Person\",\"@id\":\"https:\/\/www.intoscana.it\/it\/#\/schema\/person\/9223810753230f20bd670fdd322661f8\",\"name\":\"Redazione\",\"url\":\"https:\/\/www.intoscana.it\/it\/author\/redazione\/\"}]}<\/script>\n<!-- \/ Yoast SEO Premium plugin. -->","yoast_head_json":{"title":"Bimbo nato senza orecchie: uno \u00e8 stato ricostruito in 3D al Meyer - intoscana","robots":{"index":"index","follow":"follow","max-snippet":"max-snippet:-1","max-image-preview":"max-image-preview:large","max-video-preview":"max-video-preview:-1"},"canonical":"https:\/\/www.intoscana.it\/it\/orecchio-3d\/","og_locale":"it_IT","og_type":"article","og_title":"Bimbo nato senza orecchie: uno \u00e8 stato ricostruito in 3D al Meyer","og_description":"Il paziente di 13 anni \u00e8 nato senza entrambi i padiglioni auricolari: all'ospedale pediatrico fiorentino uno \u00e8 stato ricostruito grazie alla tecnologia 3D","og_url":"https:\/\/www.intoscana.it\/it\/orecchio-3d\/","og_site_name":"intoscana","article_publisher":"https:\/\/www.facebook.com\/intoscana.it","article_published_time":"2019-10-22T11:28:01+00:00","article_modified_time":"2020-05-19T13:52:17+00:00","og_image":[{"width":1194,"height":793,"url":"https:\/\/www.intoscana.it\/wp-content\/uploads\/ospedale-pediatrico-meyer-4-3.jpg","type":"image\/jpeg"}],"author":"Redazione","twitter_card":"summary_large_image","twitter_creator":"@intoscana","twitter_site":"@intoscana","twitter_misc":{"Written by":"Redazione","Est. reading time":"1 minuto"},"schema":{"@context":"https:\/\/schema.org","@graph":[{"@type":"WebPage","@id":"https:\/\/www.intoscana.it\/it\/orecchio-3d\/","url":"https:\/\/www.intoscana.it\/it\/orecchio-3d\/","name":"Bimbo nato senza orecchie: uno \u00e8 stato ricostruito in 3D al Meyer - intoscana","isPartOf":{"@id":"https:\/\/www.intoscana.it\/it\/#website"},"primaryImageOfPage":{"@id":"https:\/\/www.intoscana.it\/it\/orecchio-3d\/#primaryimage"},"image":{"@id":"https:\/\/www.intoscana.it\/it\/orecchio-3d\/#primaryimage"},"thumbnailUrl":"https:\/\/www.intoscana.it\/wp-content\/uploads\/ospedale-pediatrico-meyer-4-3.jpg","datePublished":"2019-10-22T11:28:01+00:00","dateModified":"2020-05-19T13:52:17+00:00","author":{"@id":"https:\/\/www.intoscana.it\/it\/#\/schema\/person\/9223810753230f20bd670fdd322661f8"},"breadcrumb":{"@id":"https:\/\/www.intoscana.it\/it\/orecchio-3d\/#breadcrumb"},"inLanguage":"it-IT","potentialAction":[{"@type":"ReadAction","target":["https:\/\/www.intoscana.it\/it\/orecchio-3d\/"]}]},{"@type":"ImageObject","inLanguage":"it-IT","@id":"https:\/\/www.intoscana.it\/it\/orecchio-3d\/#primaryimage","url":"https:\/\/www.intoscana.it\/wp-content\/uploads\/ospedale-pediatrico-meyer-4-3.jpg","contentUrl":"https:\/\/www.intoscana.it\/wp-content\/uploads\/ospedale-pediatrico-meyer-4-3.jpg","width":1194,"height":793,"caption":"Ospedale Meyer"},{"@type":"BreadcrumbList","@id":"https:\/\/www.intoscana.it\/it\/orecchio-3d\/#breadcrumb","itemListElement":[{"@type":"ListItem","position":1,"name":"Home","item":"https:\/\/www.intoscana.it\/it\/"},{"@type":"ListItem","position":2,"name":"Bimbo nato senza orecchie: uno \u00e8 stato ricostruito in 3D al Meyer"}]},{"@type":"WebSite","@id":"https:\/\/www.intoscana.it\/it\/#website","url":"https:\/\/www.intoscana.it\/it\/","name":"intoscana","description":"","potentialAction":[{"@type":"SearchAction","target":{"@type":"EntryPoint","urlTemplate":"https:\/\/www.intoscana.it\/it\/?s={search_term_string}"},"query-input":{"@type":"PropertyValueSpecification","valueRequired":true,"valueName":"search_term_string"}}],"inLanguage":"it-IT"},{"@type":"Person","@id":"https:\/\/www.intoscana.it\/it\/#\/schema\/person\/9223810753230f20bd670fdd322661f8","name":"Redazione","url":"https:\/\/www.intoscana.it\/it\/author\/redazione\/"}]}},"_links":{"self":[{"href":"https:\/\/www.intoscana.it\/it\/wp-json\/wp\/v2\/posts\/62588","targetHints":{"allow":["GET"]}}],"collection":[{"href":"https:\/\/www.intoscana.it\/it\/wp-json\/wp\/v2\/posts"}],"about":[{"href":"https:\/\/www.intoscana.it\/it\/wp-json\/wp\/v2\/types\/post"}],"author":[{"embeddable":true,"href":"https:\/\/www.intoscana.it\/it\/wp-json\/wp\/v2\/users\/525"}],"replies":[{"embeddable":true,"href":"https:\/\/www.intoscana.it\/it\/wp-json\/wp\/v2\/comments?post=62588"}],"version-history":[{"count":0,"href":"https:\/\/www.intoscana.it\/it\/wp-json\/wp\/v2\/posts\/62588\/revisions"}],"wp:featuredmedia":[{"embeddable":true,"href":"https:\/\/www.intoscana.it\/it\/wp-json\/wp\/v2\/media\/100339"}],"wp:attachment":[{"href":"https:\/\/www.intoscana.it\/it\/wp-json\/wp\/v2\/media?parent=62588"}],"wp:term":[{"taxonomy":"category","embeddable":true,"href":"https:\/\/www.intoscana.it\/it\/wp-json\/wp\/v2\/categories?post=62588"},{"taxonomy":"post_tag","embeddable":true,"href":"https:\/\/www.intoscana.it\/it\/wp-json\/wp\/v2\/tags?post=62588"}],"curies":[{"name":"wp","href":"https:\/\/api.w.org\/{rel}","templated":true}]}}