{"id":62598,"date":"2020-01-28T12:13:58","date_gmt":"2020-01-28T12:13:58","guid":{"rendered":"http:\/\/www.intoscana.it\/coronavirus-la-toscana-prepara-una-task-force-per-gestire-la-situazione\/"},"modified":"2020-05-19T15:52:21","modified_gmt":"2020-05-19T13:52:21","slug":"coronavirus-task-force-2","status":"publish","type":"post","link":"https:\/\/www.intoscana.it\/it\/coronavirus-task-force-2\/","title":{"rendered":"Coronavirus: la Toscana prepara una task force per gestire la situazione"},"content":{"rendered":"<p><strong>Sul coronavirus &#8220;ci sono direttive da parte del Ministero, noi ci stiamo attivando al massimo, stiamo costituendo una task force per monitorare eventuali casi sospetti, ogni presidio ospedaliero \u00e8 allertato su questo fronte&#8221;.<\/strong> Cos\u00ec l&#8217;assessore al Diritto alla salute della Regione, Stefania Saccardi, ha annunciato le misure di sicurezza adottate in Toscana per il virus cinese. L&#8217;istituzione di una task force \u00e8 prevista entro la fine della settimana.<\/p>\n<p><strong>Venerd\u00ec scorso inoltre si \u00e8 svolta una riunione con i direttori generali e sanitari delle Aziende sanitarie e ospedaliere<\/strong>, compresa Estar, in cui \u00e8 stato richiesto di assicurare corretti percorsi ai pronto soccorso, con presa in carico dedicata e protetta di pazienti che si presentano spontaneamente con sintomi sospetti.<\/p>\n<p><strong>In questa settimana si terranno alcune riunioni con i vari settori della sanit\u00e0 toscana<\/strong>. Ieri pomeriggio, per esempio, si sono riuniti i referenti delle centrali del 118, mentre mercoled\u00ec \u00e8 in programma una riunione del gruppo tecnico permanente che si occupa di prevenzione delle malattie infettive e delle vaccinazioni. \u00c8 infine previsto anche un incontro coi medici di medicina generale e i pediatri.<br \/><strong>&#8220;Siamo tutti allertati &#8211; ha concluso Saccardi &#8211; e in costante contatto con l&#8217;istituto superiore di Sanit\u00e0 e il Ministero perch\u00e9 il tema \u00e8 di carattere nazionale.<\/strong> Il problema non riguarda solo la Toscana, ma la Regione ha il dovere di stare allerta e di organizzarsi nel modo migliore&#8221;.<\/p>\n<p><strong>Durante gli ultimi giorni sono stati gestiti diversi casi che riportavano nell\u2019anamnesi contatti con la Provincia di Wuhan, nessuno dei quali per\u00f2 rispondeva alla definizione di caso del Ministero<\/strong>. Dalla Regione viene richiesto espressamente ai media di contribuire a mantenere la calma e non diffondere fake news, rilanciando allerta ingiustificati.<\/p>\n<p><strong>Le autorit\u00e0 sanitarie della Regione sono in continuo contatto con le autorit\u00e0 centrali e con le proprie strutture territoriali per gestire al meglio in tempo reale le situazioni di allerta<\/strong>. Sul sito dell&#8217;<a href=\"https:\/\/www.ars.toscana.it\/2-articoli\/4241-polmonite-da-nuovo-coronavirus-cina.html\" target=\"_blank\" rel=\"noopener noreferrer\">Ars, l&#8217;Agenzia Regionale di Sanit\u00e0<\/a>, un aggiornamento costante della situazione, con i dati riportati dall&#8217;Oms e la loro distribuzione, le modalit\u00e0 di trasmissione del virus e la valutazione del rischio, le raccomandazioni dell&#8217;Oms e la guida per la sorveglianza, la situazione e gli interventi in Europa e in Italia.<\/p>\n<p>&nbsp;<\/p>\n","protected":false},"excerpt":{"rendered":"<p>La Regione organizza anche simulazioni negli ospedali e un contatto costante con il Ministero della salute e con tutte le aziende sanitarie e ospedaliere<\/p>\n","protected":false},"author":525,"featured_media":100349,"comment_status":"open","ping_status":"open","sticky":false,"template":"","format":"standard","meta":{"_acf_changed":false,"footnotes":""},"categories":[18],"tags":[151,134,349],"class_list":["post-62598","post","type-post","status-publish","format-standard","has-post-thumbnail","hentry","category-salute","tag-regione-toscana","tag-salute","tag-sanita"],"acf":[],"yoast_head":"<!-- This site is optimized with the Yoast SEO Premium plugin v24.2 (Yoast SEO v25.6) - https:\/\/yoast.com\/wordpress\/plugins\/seo\/ -->\n<title>Coronavirus: la Toscana prepara una task force per gestire la situazione - intoscana<\/title>\n<meta name=\"robots\" content=\"index, follow, max-snippet:-1, max-image-preview:large, max-video-preview:-1\" \/>\n<link rel=\"canonical\" href=\"https:\/\/www.intoscana.it\/it\/coronavirus-task-force-2\/\" \/>\n<meta property=\"og:locale\" content=\"it_IT\" \/>\n<meta property=\"og:type\" content=\"article\" \/>\n<meta property=\"og:title\" content=\"Coronavirus: la Toscana prepara una task force per gestire la situazione\" \/>\n<meta property=\"og:description\" content=\"La Regione organizza anche simulazioni negli ospedali e un contatto costante con il Ministero della salute e con tutte le aziende sanitarie e ospedaliere\" \/>\n<meta property=\"og:url\" content=\"https:\/\/www.intoscana.it\/it\/coronavirus-task-force-2\/\" \/>\n<meta property=\"og:site_name\" content=\"intoscana\" \/>\n<meta property=\"article:publisher\" content=\"https:\/\/www.facebook.com\/intoscana.it\" \/>\n<meta property=\"article:published_time\" content=\"2020-01-28T12:13:58+00:00\" \/>\n<meta property=\"article:modified_time\" content=\"2020-05-19T13:52:21+00:00\" \/>\n<meta property=\"og:image\" content=\"https:\/\/www.intoscana.it\/wp-content\/uploads\/coronavirus-1.jpeg\" \/>\n\t<meta property=\"og:image:width\" content=\"2000\" \/>\n\t<meta property=\"og:image:height\" content=\"1428\" \/>\n\t<meta property=\"og:image:type\" content=\"image\/jpeg\" \/>\n<meta name=\"author\" content=\"Redazione\" \/>\n<meta name=\"twitter:card\" content=\"summary_large_image\" \/>\n<meta name=\"twitter:creator\" content=\"@intoscana\" \/>\n<meta name=\"twitter:site\" content=\"@intoscana\" \/>\n<meta name=\"twitter:label1\" content=\"Written by\" \/>\n\t<meta name=\"twitter:data1\" content=\"Redazione\" \/>\n\t<meta name=\"twitter:label2\" content=\"Est. reading time\" \/>\n\t<meta name=\"twitter:data2\" content=\"2 minuti\" \/>\n<script type=\"application\/ld+json\" class=\"yoast-schema-graph\">{\"@context\":\"https:\/\/schema.org\",\"@graph\":[{\"@type\":\"WebPage\",\"@id\":\"https:\/\/www.intoscana.it\/it\/coronavirus-task-force-2\/\",\"url\":\"https:\/\/www.intoscana.it\/it\/coronavirus-task-force-2\/\",\"name\":\"Coronavirus: la Toscana prepara una task force per gestire la situazione - intoscana\",\"isPartOf\":{\"@id\":\"https:\/\/www.intoscana.it\/it\/#website\"},\"primaryImageOfPage\":{\"@id\":\"https:\/\/www.intoscana.it\/it\/coronavirus-task-force-2\/#primaryimage\"},\"image\":{\"@id\":\"https:\/\/www.intoscana.it\/it\/coronavirus-task-force-2\/#primaryimage\"},\"thumbnailUrl\":\"https:\/\/www.intoscana.it\/wp-content\/uploads\/coronavirus-1.jpeg\",\"datePublished\":\"2020-01-28T12:13:58+00:00\",\"dateModified\":\"2020-05-19T13:52:21+00:00\",\"author\":{\"@id\":\"https:\/\/www.intoscana.it\/it\/#\/schema\/person\/9223810753230f20bd670fdd322661f8\"},\"breadcrumb\":{\"@id\":\"https:\/\/www.intoscana.it\/it\/coronavirus-task-force-2\/#breadcrumb\"},\"inLanguage\":\"it-IT\",\"potentialAction\":[{\"@type\":\"ReadAction\",\"target\":[\"https:\/\/www.intoscana.it\/it\/coronavirus-task-force-2\/\"]}]},{\"@type\":\"ImageObject\",\"inLanguage\":\"it-IT\",\"@id\":\"https:\/\/www.intoscana.it\/it\/coronavirus-task-force-2\/#primaryimage\",\"url\":\"https:\/\/www.intoscana.it\/wp-content\/uploads\/coronavirus-1.jpeg\",\"contentUrl\":\"https:\/\/www.intoscana.it\/wp-content\/uploads\/coronavirus-1.jpeg\",\"width\":2000,\"height\":1428},{\"@type\":\"BreadcrumbList\",\"@id\":\"https:\/\/www.intoscana.it\/it\/coronavirus-task-force-2\/#breadcrumb\",\"itemListElement\":[{\"@type\":\"ListItem\",\"position\":1,\"name\":\"Home\",\"item\":\"https:\/\/www.intoscana.it\/it\/\"},{\"@type\":\"ListItem\",\"position\":2,\"name\":\"Coronavirus: la Toscana prepara una task force per gestire la situazione\"}]},{\"@type\":\"WebSite\",\"@id\":\"https:\/\/www.intoscana.it\/it\/#website\",\"url\":\"https:\/\/www.intoscana.it\/it\/\",\"name\":\"intoscana\",\"description\":\"\",\"potentialAction\":[{\"@type\":\"SearchAction\",\"target\":{\"@type\":\"EntryPoint\",\"urlTemplate\":\"https:\/\/www.intoscana.it\/it\/?s={search_term_string}\"},\"query-input\":{\"@type\":\"PropertyValueSpecification\",\"valueRequired\":true,\"valueName\":\"search_term_string\"}}],\"inLanguage\":\"it-IT\"},{\"@type\":\"Person\",\"@id\":\"https:\/\/www.intoscana.it\/it\/#\/schema\/person\/9223810753230f20bd670fdd322661f8\",\"name\":\"Redazione\",\"url\":\"https:\/\/www.intoscana.it\/it\/author\/redazione\/\"}]}<\/script>\n<!-- \/ Yoast SEO Premium plugin. -->","yoast_head_json":{"title":"Coronavirus: la Toscana prepara una task force per gestire la situazione - intoscana","robots":{"index":"index","follow":"follow","max-snippet":"max-snippet:-1","max-image-preview":"max-image-preview:large","max-video-preview":"max-video-preview:-1"},"canonical":"https:\/\/www.intoscana.it\/it\/coronavirus-task-force-2\/","og_locale":"it_IT","og_type":"article","og_title":"Coronavirus: la Toscana prepara una task force per gestire la situazione","og_description":"La Regione organizza anche simulazioni negli ospedali e un contatto costante con il Ministero della salute e con tutte le aziende sanitarie e ospedaliere","og_url":"https:\/\/www.intoscana.it\/it\/coronavirus-task-force-2\/","og_site_name":"intoscana","article_publisher":"https:\/\/www.facebook.com\/intoscana.it","article_published_time":"2020-01-28T12:13:58+00:00","article_modified_time":"2020-05-19T13:52:21+00:00","og_image":[{"width":2000,"height":1428,"url":"https:\/\/www.intoscana.it\/wp-content\/uploads\/coronavirus-1.jpeg","type":"image\/jpeg"}],"author":"Redazione","twitter_card":"summary_large_image","twitter_creator":"@intoscana","twitter_site":"@intoscana","twitter_misc":{"Written by":"Redazione","Est. reading time":"2 minuti"},"schema":{"@context":"https:\/\/schema.org","@graph":[{"@type":"WebPage","@id":"https:\/\/www.intoscana.it\/it\/coronavirus-task-force-2\/","url":"https:\/\/www.intoscana.it\/it\/coronavirus-task-force-2\/","name":"Coronavirus: la Toscana prepara una task force per gestire la situazione - intoscana","isPartOf":{"@id":"https:\/\/www.intoscana.it\/it\/#website"},"primaryImageOfPage":{"@id":"https:\/\/www.intoscana.it\/it\/coronavirus-task-force-2\/#primaryimage"},"image":{"@id":"https:\/\/www.intoscana.it\/it\/coronavirus-task-force-2\/#primaryimage"},"thumbnailUrl":"https:\/\/www.intoscana.it\/wp-content\/uploads\/coronavirus-1.jpeg","datePublished":"2020-01-28T12:13:58+00:00","dateModified":"2020-05-19T13:52:21+00:00","author":{"@id":"https:\/\/www.intoscana.it\/it\/#\/schema\/person\/9223810753230f20bd670fdd322661f8"},"breadcrumb":{"@id":"https:\/\/www.intoscana.it\/it\/coronavirus-task-force-2\/#breadcrumb"},"inLanguage":"it-IT","potentialAction":[{"@type":"ReadAction","target":["https:\/\/www.intoscana.it\/it\/coronavirus-task-force-2\/"]}]},{"@type":"ImageObject","inLanguage":"it-IT","@id":"https:\/\/www.intoscana.it\/it\/coronavirus-task-force-2\/#primaryimage","url":"https:\/\/www.intoscana.it\/wp-content\/uploads\/coronavirus-1.jpeg","contentUrl":"https:\/\/www.intoscana.it\/wp-content\/uploads\/coronavirus-1.jpeg","width":2000,"height":1428},{"@type":"BreadcrumbList","@id":"https:\/\/www.intoscana.it\/it\/coronavirus-task-force-2\/#breadcrumb","itemListElement":[{"@type":"ListItem","position":1,"name":"Home","item":"https:\/\/www.intoscana.it\/it\/"},{"@type":"ListItem","position":2,"name":"Coronavirus: la Toscana prepara una task force per gestire la situazione"}]},{"@type":"WebSite","@id":"https:\/\/www.intoscana.it\/it\/#website","url":"https:\/\/www.intoscana.it\/it\/","name":"intoscana","description":"","potentialAction":[{"@type":"SearchAction","target":{"@type":"EntryPoint","urlTemplate":"https:\/\/www.intoscana.it\/it\/?s={search_term_string}"},"query-input":{"@type":"PropertyValueSpecification","valueRequired":true,"valueName":"search_term_string"}}],"inLanguage":"it-IT"},{"@type":"Person","@id":"https:\/\/www.intoscana.it\/it\/#\/schema\/person\/9223810753230f20bd670fdd322661f8","name":"Redazione","url":"https:\/\/www.intoscana.it\/it\/author\/redazione\/"}]}},"_links":{"self":[{"href":"https:\/\/www.intoscana.it\/it\/wp-json\/wp\/v2\/posts\/62598","targetHints":{"allow":["GET"]}}],"collection":[{"href":"https:\/\/www.intoscana.it\/it\/wp-json\/wp\/v2\/posts"}],"about":[{"href":"https:\/\/www.intoscana.it\/it\/wp-json\/wp\/v2\/types\/post"}],"author":[{"embeddable":true,"href":"https:\/\/www.intoscana.it\/it\/wp-json\/wp\/v2\/users\/525"}],"replies":[{"embeddable":true,"href":"https:\/\/www.intoscana.it\/it\/wp-json\/wp\/v2\/comments?post=62598"}],"version-history":[{"count":0,"href":"https:\/\/www.intoscana.it\/it\/wp-json\/wp\/v2\/posts\/62598\/revisions"}],"wp:featuredmedia":[{"embeddable":true,"href":"https:\/\/www.intoscana.it\/it\/wp-json\/wp\/v2\/media\/100349"}],"wp:attachment":[{"href":"https:\/\/www.intoscana.it\/it\/wp-json\/wp\/v2\/media?parent=62598"}],"wp:term":[{"taxonomy":"category","embeddable":true,"href":"https:\/\/www.intoscana.it\/it\/wp-json\/wp\/v2\/categories?post=62598"},{"taxonomy":"post_tag","embeddable":true,"href":"https:\/\/www.intoscana.it\/it\/wp-json\/wp\/v2\/tags?post=62598"}],"curies":[{"name":"wp","href":"https:\/\/api.w.org\/{rel}","templated":true}]}}