{"id":62599,"date":"2020-01-31T11:23:58","date_gmt":"2020-01-31T11:23:58","guid":{"rendered":"http:\/\/www.intoscana.it\/la-scherma-contro-il-tumore-parte-la-campagna-mieloma-ti-sfido\/"},"modified":"2020-05-19T15:52:21","modified_gmt":"2020-05-19T13:52:21","slug":"mieloma-scherma-tumore","status":"publish","type":"post","link":"https:\/\/www.intoscana.it\/it\/mieloma-scherma-tumore\/","title":{"rendered":"La scherma contro il tumore: parte la campagna &#8216;Mieloma ti sfido&#8217;"},"content":{"rendered":"<p>I campioni olimpici di scherma <strong>Aldo Montano ed Elisa Di Francisca<\/strong> sono i testimonial di una <strong>campagna di sensibilizzazione sul mieloma<\/strong> lanciata dalla<strong> Regione Toscana<\/strong> con il progetto <em><strong>&#8216;Mieloma ti sfido. Io non mi lascio cadere&#8217;<\/strong><\/em> promosso dall&#8217;Associazione italiana contro le leucemie-linfomi e mieloma onlus.<\/p>\n<p><strong>In<\/strong>&nbsp;<strong>piazza della Repubblica a Firenze<\/strong>&nbsp;\u00e8 visibile<strong>&nbsp;l&#8217;installazione itinerante &#8216;I duellanti&#8217;<\/strong> che intende attirare l&#8217;attenzione su questa<strong> forma aggressiva di tumore del sangue, ancora poco conosciuta,<\/strong> ma che in Toscana registra <strong>250 nuovi casi all&#8217;anno.<\/strong> Inoltre, il video della campagna con Montano e Di Francisca \u00e8 online sul sito di <strong>&#8216;Mieloma ti sfido&#8217;<\/strong>. Dopo Firenze, la campagna di sensibilizzazione sar\u00e0 a Brescia, Catania, Udine e Verona.<\/p>\n<p>Gli esiti delle ricerche medico scientifiche in termini di nuovi farmaci, le diagnosi pi\u00f9 precoci e la disponibilit\u00e0 di nuove terapie, <strong>hanno migliorato molto la qualit\u00e0 di vita dei pazienti<\/strong> e aumentato la loro possibilit\u00e0 di sopravvivenza. &#8220;I contenuti di questa campagna di sensibilizzazione &#8211; ha detto l&#8217;<strong>assessore regionale al Diritto alla salute Stefania Saccardi<\/strong> &#8211; aiutano a diffondere la consapevolezza di <strong>una malattia importante, che va riconosciuta in tempo per una diagnosi precoce<\/strong> e il miglioramento della prospettiva di vita. Si tratta di messaggi positivi di speranza grazie ai progressi della ricerca e a una comunit\u00e0 che sa fare rete&#8221;.<\/p>\n<p>Per Montano <strong>&#8220;i veri campioni sono i pazienti che combattono ogni giorno contro la malattia<\/strong> e in questa lotta sono soli perch\u00e9 in loro devono trovare prima la forza e la volont\u00e0 per reagire&#8221;.&nbsp;<\/p>\n<p><strong>Per informazioni:<\/strong><br \/><strong><a href=\"https:\/\/www.mielomatisfido.it\/\">https:\/\/www.mielomatisfido.it\/<\/a><\/strong><\/p>\n<p>&nbsp;<\/p>\n","protected":false},"excerpt":{"rendered":"<p>I campioni olimpici Montano e Di Francisca testimonial della nuova campagna di sensibilizzazione lanciata dalla Regione Toscana<\/p>\n","protected":false},"author":525,"featured_media":100350,"comment_status":"open","ping_status":"open","sticky":false,"template":"","format":"standard","meta":{"_acf_changed":false,"footnotes":""},"categories":[18],"tags":[],"class_list":["post-62599","post","type-post","status-publish","format-standard","has-post-thumbnail","hentry","category-salute"],"acf":[],"yoast_head":"<!-- This site is optimized with the Yoast SEO Premium plugin v24.2 (Yoast SEO v25.6) - https:\/\/yoast.com\/wordpress\/plugins\/seo\/ -->\n<title>La scherma contro il tumore: parte la campagna &#039;Mieloma ti sfido&#039; - intoscana<\/title>\n<meta name=\"robots\" content=\"index, follow, max-snippet:-1, max-image-preview:large, max-video-preview:-1\" \/>\n<link rel=\"canonical\" href=\"https:\/\/www.intoscana.it\/it\/mieloma-scherma-tumore\/\" \/>\n<meta property=\"og:locale\" content=\"it_IT\" \/>\n<meta property=\"og:type\" content=\"article\" \/>\n<meta property=\"og:title\" content=\"La scherma contro il tumore: parte la campagna &#039;Mieloma ti sfido&#039;\" \/>\n<meta property=\"og:description\" content=\"I campioni olimpici Montano e Di Francisca testimonial della nuova campagna di sensibilizzazione lanciata dalla Regione Toscana\" \/>\n<meta property=\"og:url\" content=\"https:\/\/www.intoscana.it\/it\/mieloma-scherma-tumore\/\" \/>\n<meta property=\"og:site_name\" content=\"intoscana\" \/>\n<meta property=\"article:publisher\" content=\"https:\/\/www.facebook.com\/intoscana.it\" \/>\n<meta property=\"article:published_time\" content=\"2020-01-31T11:23:58+00:00\" \/>\n<meta property=\"article:modified_time\" content=\"2020-05-19T13:52:21+00:00\" \/>\n<meta property=\"og:image\" content=\"https:\/\/www.intoscana.it\/wp-content\/uploads\/mieloma_us.jpg_997313609.jpg\" \/>\n\t<meta property=\"og:image:width\" content=\"750\" \/>\n\t<meta property=\"og:image:height\" content=\"505\" \/>\n\t<meta property=\"og:image:type\" content=\"image\/jpeg\" \/>\n<meta name=\"author\" content=\"Redazione\" \/>\n<meta name=\"twitter:card\" content=\"summary_large_image\" \/>\n<meta name=\"twitter:creator\" content=\"@intoscana\" \/>\n<meta name=\"twitter:site\" content=\"@intoscana\" \/>\n<meta name=\"twitter:label1\" content=\"Written by\" \/>\n\t<meta name=\"twitter:data1\" content=\"Redazione\" \/>\n\t<meta name=\"twitter:label2\" content=\"Est. reading time\" \/>\n\t<meta name=\"twitter:data2\" content=\"1 minuto\" \/>\n<script type=\"application\/ld+json\" class=\"yoast-schema-graph\">{\"@context\":\"https:\/\/schema.org\",\"@graph\":[{\"@type\":\"WebPage\",\"@id\":\"https:\/\/www.intoscana.it\/it\/mieloma-scherma-tumore\/\",\"url\":\"https:\/\/www.intoscana.it\/it\/mieloma-scherma-tumore\/\",\"name\":\"La scherma contro il tumore: parte la campagna 'Mieloma ti sfido' - intoscana\",\"isPartOf\":{\"@id\":\"https:\/\/www.intoscana.it\/it\/#website\"},\"primaryImageOfPage\":{\"@id\":\"https:\/\/www.intoscana.it\/it\/mieloma-scherma-tumore\/#primaryimage\"},\"image\":{\"@id\":\"https:\/\/www.intoscana.it\/it\/mieloma-scherma-tumore\/#primaryimage\"},\"thumbnailUrl\":\"https:\/\/www.intoscana.it\/wp-content\/uploads\/mieloma_us.jpg_997313609.jpg\",\"datePublished\":\"2020-01-31T11:23:58+00:00\",\"dateModified\":\"2020-05-19T13:52:21+00:00\",\"author\":{\"@id\":\"https:\/\/www.intoscana.it\/it\/#\/schema\/person\/9223810753230f20bd670fdd322661f8\"},\"breadcrumb\":{\"@id\":\"https:\/\/www.intoscana.it\/it\/mieloma-scherma-tumore\/#breadcrumb\"},\"inLanguage\":\"it-IT\",\"potentialAction\":[{\"@type\":\"ReadAction\",\"target\":[\"https:\/\/www.intoscana.it\/it\/mieloma-scherma-tumore\/\"]}]},{\"@type\":\"ImageObject\",\"inLanguage\":\"it-IT\",\"@id\":\"https:\/\/www.intoscana.it\/it\/mieloma-scherma-tumore\/#primaryimage\",\"url\":\"https:\/\/www.intoscana.it\/wp-content\/uploads\/mieloma_us.jpg_997313609.jpg\",\"contentUrl\":\"https:\/\/www.intoscana.it\/wp-content\/uploads\/mieloma_us.jpg_997313609.jpg\",\"width\":750,\"height\":505,\"caption\":\"Campioni di scherma contro il tumore: parte la campagna 'Mieloma ti sfido'\"},{\"@type\":\"BreadcrumbList\",\"@id\":\"https:\/\/www.intoscana.it\/it\/mieloma-scherma-tumore\/#breadcrumb\",\"itemListElement\":[{\"@type\":\"ListItem\",\"position\":1,\"name\":\"Home\",\"item\":\"https:\/\/www.intoscana.it\/it\/\"},{\"@type\":\"ListItem\",\"position\":2,\"name\":\"La scherma contro il tumore: parte la campagna &#8216;Mieloma ti sfido&#8217;\"}]},{\"@type\":\"WebSite\",\"@id\":\"https:\/\/www.intoscana.it\/it\/#website\",\"url\":\"https:\/\/www.intoscana.it\/it\/\",\"name\":\"intoscana\",\"description\":\"\",\"potentialAction\":[{\"@type\":\"SearchAction\",\"target\":{\"@type\":\"EntryPoint\",\"urlTemplate\":\"https:\/\/www.intoscana.it\/it\/?s={search_term_string}\"},\"query-input\":{\"@type\":\"PropertyValueSpecification\",\"valueRequired\":true,\"valueName\":\"search_term_string\"}}],\"inLanguage\":\"it-IT\"},{\"@type\":\"Person\",\"@id\":\"https:\/\/www.intoscana.it\/it\/#\/schema\/person\/9223810753230f20bd670fdd322661f8\",\"name\":\"Redazione\",\"url\":\"https:\/\/www.intoscana.it\/it\/author\/redazione\/\"}]}<\/script>\n<!-- \/ Yoast SEO Premium plugin. -->","yoast_head_json":{"title":"La scherma contro il tumore: parte la campagna 'Mieloma ti sfido' - intoscana","robots":{"index":"index","follow":"follow","max-snippet":"max-snippet:-1","max-image-preview":"max-image-preview:large","max-video-preview":"max-video-preview:-1"},"canonical":"https:\/\/www.intoscana.it\/it\/mieloma-scherma-tumore\/","og_locale":"it_IT","og_type":"article","og_title":"La scherma contro il tumore: parte la campagna 'Mieloma ti sfido'","og_description":"I campioni olimpici Montano e Di Francisca testimonial della nuova campagna di sensibilizzazione lanciata dalla Regione Toscana","og_url":"https:\/\/www.intoscana.it\/it\/mieloma-scherma-tumore\/","og_site_name":"intoscana","article_publisher":"https:\/\/www.facebook.com\/intoscana.it","article_published_time":"2020-01-31T11:23:58+00:00","article_modified_time":"2020-05-19T13:52:21+00:00","og_image":[{"width":750,"height":505,"url":"https:\/\/www.intoscana.it\/wp-content\/uploads\/mieloma_us.jpg_997313609.jpg","type":"image\/jpeg"}],"author":"Redazione","twitter_card":"summary_large_image","twitter_creator":"@intoscana","twitter_site":"@intoscana","twitter_misc":{"Written by":"Redazione","Est. reading time":"1 minuto"},"schema":{"@context":"https:\/\/schema.org","@graph":[{"@type":"WebPage","@id":"https:\/\/www.intoscana.it\/it\/mieloma-scherma-tumore\/","url":"https:\/\/www.intoscana.it\/it\/mieloma-scherma-tumore\/","name":"La scherma contro il tumore: parte la campagna 'Mieloma ti sfido' - intoscana","isPartOf":{"@id":"https:\/\/www.intoscana.it\/it\/#website"},"primaryImageOfPage":{"@id":"https:\/\/www.intoscana.it\/it\/mieloma-scherma-tumore\/#primaryimage"},"image":{"@id":"https:\/\/www.intoscana.it\/it\/mieloma-scherma-tumore\/#primaryimage"},"thumbnailUrl":"https:\/\/www.intoscana.it\/wp-content\/uploads\/mieloma_us.jpg_997313609.jpg","datePublished":"2020-01-31T11:23:58+00:00","dateModified":"2020-05-19T13:52:21+00:00","author":{"@id":"https:\/\/www.intoscana.it\/it\/#\/schema\/person\/9223810753230f20bd670fdd322661f8"},"breadcrumb":{"@id":"https:\/\/www.intoscana.it\/it\/mieloma-scherma-tumore\/#breadcrumb"},"inLanguage":"it-IT","potentialAction":[{"@type":"ReadAction","target":["https:\/\/www.intoscana.it\/it\/mieloma-scherma-tumore\/"]}]},{"@type":"ImageObject","inLanguage":"it-IT","@id":"https:\/\/www.intoscana.it\/it\/mieloma-scherma-tumore\/#primaryimage","url":"https:\/\/www.intoscana.it\/wp-content\/uploads\/mieloma_us.jpg_997313609.jpg","contentUrl":"https:\/\/www.intoscana.it\/wp-content\/uploads\/mieloma_us.jpg_997313609.jpg","width":750,"height":505,"caption":"Campioni di scherma contro il tumore: parte la campagna 'Mieloma ti sfido'"},{"@type":"BreadcrumbList","@id":"https:\/\/www.intoscana.it\/it\/mieloma-scherma-tumore\/#breadcrumb","itemListElement":[{"@type":"ListItem","position":1,"name":"Home","item":"https:\/\/www.intoscana.it\/it\/"},{"@type":"ListItem","position":2,"name":"La scherma contro il tumore: parte la campagna &#8216;Mieloma ti sfido&#8217;"}]},{"@type":"WebSite","@id":"https:\/\/www.intoscana.it\/it\/#website","url":"https:\/\/www.intoscana.it\/it\/","name":"intoscana","description":"","potentialAction":[{"@type":"SearchAction","target":{"@type":"EntryPoint","urlTemplate":"https:\/\/www.intoscana.it\/it\/?s={search_term_string}"},"query-input":{"@type":"PropertyValueSpecification","valueRequired":true,"valueName":"search_term_string"}}],"inLanguage":"it-IT"},{"@type":"Person","@id":"https:\/\/www.intoscana.it\/it\/#\/schema\/person\/9223810753230f20bd670fdd322661f8","name":"Redazione","url":"https:\/\/www.intoscana.it\/it\/author\/redazione\/"}]}},"_links":{"self":[{"href":"https:\/\/www.intoscana.it\/it\/wp-json\/wp\/v2\/posts\/62599","targetHints":{"allow":["GET"]}}],"collection":[{"href":"https:\/\/www.intoscana.it\/it\/wp-json\/wp\/v2\/posts"}],"about":[{"href":"https:\/\/www.intoscana.it\/it\/wp-json\/wp\/v2\/types\/post"}],"author":[{"embeddable":true,"href":"https:\/\/www.intoscana.it\/it\/wp-json\/wp\/v2\/users\/525"}],"replies":[{"embeddable":true,"href":"https:\/\/www.intoscana.it\/it\/wp-json\/wp\/v2\/comments?post=62599"}],"version-history":[{"count":0,"href":"https:\/\/www.intoscana.it\/it\/wp-json\/wp\/v2\/posts\/62599\/revisions"}],"wp:featuredmedia":[{"embeddable":true,"href":"https:\/\/www.intoscana.it\/it\/wp-json\/wp\/v2\/media\/100350"}],"wp:attachment":[{"href":"https:\/\/www.intoscana.it\/it\/wp-json\/wp\/v2\/media?parent=62599"}],"wp:term":[{"taxonomy":"category","embeddable":true,"href":"https:\/\/www.intoscana.it\/it\/wp-json\/wp\/v2\/categories?post=62599"},{"taxonomy":"post_tag","embeddable":true,"href":"https:\/\/www.intoscana.it\/it\/wp-json\/wp\/v2\/tags?post=62599"}],"curies":[{"name":"wp","href":"https:\/\/api.w.org\/{rel}","templated":true}]}}