{"id":62602,"date":"2020-02-28T10:09:46","date_gmt":"2020-02-28T10:09:46","guid":{"rendered":"http:\/\/www.intoscana.it\/coronavirus-in-toscana-due-nuovi-casi-ora-i-contagiati-sono-otto\/"},"modified":"2020-05-19T15:52:22","modified_gmt":"2020-05-19T13:52:22","slug":"coronavirus-toscana-live","status":"publish","type":"post","link":"https:\/\/www.intoscana.it\/it\/coronavirus-toscana-live\/","title":{"rendered":"Coronavirus in Toscana, due nuovi casi. Ora i contagiati sono otto"},"content":{"rendered":"<p><strong>In Toscana il coronavirus non fa paura.<\/strong> Fortunatamente la situazione \u00e8 sotto controllo e anche le persone contagiate stanno bene. Sono infatti in miglioramento le condizioni cliniche dell\u2019imprenditore fiorentino ricoverato a Ponte a Niccheri, il primo dei casi di coronavirus toscani confermati dall\u2019Istituto superiore di sanit\u00e0. Ancora in osservazione, ma clinicamente guarito come gi\u00e0 era stato annunciato, \u00e8 invece il paziente di Pescia che si trova nel reparto di malattie infettive dell\u2019ospedale di Pistoia, unico altro caso di coronavirus toscano confermato al momento dall\u2019Iss. Stamani si \u00e8 riunita come di consueto a Palazzo Strozzi Sacrati a Firenze l\u2019unit\u00e0 di crisi di emergenza sanitaria, guidata dal presidente della Toscana Enrico Rossi. Il bollettino conta al momento otto casi, due dunque pi\u00f9 di ieri: sei positivi sospetti, in attesa di validazione da parte dell\u2019Istituto superiore di sanit\u00e0, due confermati (ma uno gi\u00e0 guarito).<\/p>\n<p><span style=\"text-decoration: underline;\"><strong>Due nuovi casi<\/strong><\/span><br \/>I due nuovi tamponi positivi, ma in attesa di validazione da parte dell\u2019Istituto superiore di sanit\u00e0, riguardano un altro calciatore della Pianese, in provincia di Siena, e un operatore della squadra. Nel primo caso si tratta di un ventitreenne che viveva in casa con il giovane gi\u00e0 risultato sospetto positivo. A differenza del compagno di squadra, in buone condizioni anche lui ma ricoverato alle Scotte di Siena, il secondo giocatore \u00e8 al momento solo in isolamento domiciliare, con lievi sintomi influenzali. Per il sessantenne operatore della squadra di calcio, che ha accusato febbre alta e tosse, \u00e8 stato disposto invece il ricovero e gi\u00e0 si trova alle Scotte. Tra ricoverati sono in via di miglioramento anche il vicino di casa, sessantacinquenne, dell\u2019imprenditore fiorentino e lo studente nordeuropeo di ventisei anni, che non presenta quasi pi\u00f9 sintomi. Il primo \u00e8 ricoverato a Careggi e il secondo a Ponte a Niccheri. Rimane in isolamento domiciliare, ma non ha pi\u00f9 febbre, il quarantaquattrenne di Torre del Lago rientrato da V\u00f2 dove si era recato per lavoro.<\/p>\n<p><span style=\"text-decoration: underline;\"><strong>Isolamento domiciliare<\/strong><\/span><br \/>In Toscana sono 884 le persone in isolamento domiciliare. Di queste 393 sono state prese in carico attraverso il numero dedicato delle Asl, 138 sono contatti stretti di casi positivi probabili o confermati e 353 bambini e studenti o loro familiari: in questo caso si tratta di ragazzi di origine cinese, per i quali l&#8217;isolamento \u00e8 scattato in seguito alle segnalazioni arrivate alla Asl Toscana centro (Firenze-Prato-Pistoia) dai dirigenti scolastici, perch\u00e9 allievi di ritorno dalla Cina. I 393 presi in carico attraverso il numero dedicato delle Aziende sanitarie sono cos\u00ec distribuiti: 165 nella Asl Toscana centro, 113 in quella nord ovest (che comprende le province di Lucca-Massa Carrara-Pisa-Livorno), 115 in quella sud est (Arezzo-Siena-Grosseto). Per i 138 contatti stretti d ei casi positivi probabili o confermati 93 sono nell&#8217;Asl Toscana centro, 21 in quella nord ovest e 24 in quella sud est.<\/p>\n<p><span style=\"text-decoration: underline;\"><strong>Coronavirus, le raccomandazioni del Meyer<\/strong><\/span><br \/>Limitare gli accessi al pronto soccorso se non per i casi di effettiva gravit\u00e0; non presentarsi mai autonomamente ma contattare prima i pediatri di famiglia, che saranno disponibili anche il sabato e la domenica. Cos\u00ec, alla vigilia del fine settimana, l&#8217;ospedale pediatrico Meyer ribadisce il suo invito alle famiglie per evitare l&#8217;affollamento dei servizi dedicati all&#8217;emergenza. Dall&#8217;inizio di febbraio, una task-force del Meyer ha messo a punto nuove regole per gestire l&#8217;emergenza epidemiologica da coronavirus, recependo in modo progressivo le direttive del Governo e della Regione Toscana. Due gli obiettivi: limitare per quanto possibile gli ingressi all&#8217;ospedale e creare percorsi dedicati esclusivamente ai casi sospetti, in modo da poterli gestire in sicurezza e con la massima tempestivit\u00e0. \u00abRivolgiamo una raccomandazione alle famiglie &#8211; spiega Alberto Zanobini, direttore generale del Meyer &#8211; se i bambini presentano febbre, tosse e altri sintomi influenzali o in caso di sospetto contatto con soggetti positivi al coronavirus, di rimanere a casa e di chiamare il proprio pediatra di famiglia per ogni consiglio che si renda necessario senza venire al pronto soccorso\u00bb. Sar\u00e0 sospeso per questo fine settimana per decisione della Asl il servizio Acap del Meyer, l&#8217;ambulatorio della continuit\u00e0 assistenziale pediatrica riservato ai casi meno gravi. Il pronto soccorso sar\u00e0 riservato soltanto alle effettive urgenze.<\/p>\n<p><span style=\"text-decoration: underline;\"><strong>Camp Darby, tamponi negativi per due avieri<\/strong><\/span><br \/>Sono risultati negativi i tamponi per verificare l&#8217;eventuale infezione da coronavirus effettuati su due giovani avieri statunitensi di stanza a Camp Darby, la base Usa di Tombolo tra le province di Pisa e Livorno. \u00c8 quanto rende noto la stessa base di Camp Darby. I tamponi erano stati fatti al pre-triage dell&#8217;ospedale di Pisa. Ieri pomeriggio i due militari sono stati prelevati da un&#8217;ambulanza attrezzata e col personale sanitario che indossava il kit per evitare il rischio di eventuali contagi. Secondo quanto appreso, i due militari si trovavano gi\u00e0 da alcuni giorni in isolamento all&#8217;interno della base per alcuni sintomi influenzali, ma stamani a entrambi \u00e8 salita la febbre e si \u00e8 deciso di sottoporli ad analisi specifiche\u00bb.<\/p>\n<p><span style=\"text-decoration: underline;\"><strong>L&#8217;allarme di Coldiretti<\/strong><\/span><br \/>In caduta libera le vendita al dettaglio dei fiori e delle piante fiorite in vaso, con ripercussioni sul mercato interno a danno delle aziende florovivaistiche Toscane che registrano il crollo del 50% degli scambi di fiori di stagione come viola ciocca e tulipani, mentre l&#8217;export risulta congelato a causa dello stop degli ordini dall&#8217;estero. \u00c8 la stima tracciata da Coldiretti Toscana, sulla base delle segnalazioni delle pi\u00f9 grandi aziende floricole e florovivaistiche dalle regione che stanno risentendo di gravi danni a causa della diffusione del Coronavirus. Per ridare speranza e fiducia in un clima reso teso dagli aggiornamenti quotidiani sull\u2019infezione, marted\u00ec prossimo, 3 marzo 2020, si tinger\u00e0 di mille colori con i fiori e le piante fiorite il Mercato di Campagna Amica di Viareggio in via Fratti, a partire dalle ore 10.30, dove il \u2018Tutor del Fiore\u2019 spiegher\u00e0 caratteristiche, stagionalit\u00e0 e significati dei fiori, un momento di bellezza a beneficio dei cittadini-consumatori. Ora Coldiretti chiede misure di sostegno alle attivit\u00e0 pi\u00f9 duramente colpite attraverso fondi per il crollo di presenze in agriturismo, sgravi fiscali e contributivi con il rinvio di pagamenti, compensazioni previdenziali delle giornate di lavoro perse e attivazione degli ammortizzatori sociali per i lavoratori nonch\u00e9 interventi per colpire le pratiche commerciali sleali che frenano le esportazioni ed un piano promozionale sulla sicurezza e qualit\u00e0 del made in Italy alimentare all\u2019estero.<\/p>\n<p><span style=\"text-decoration: underline;\"><strong>Rossi ringrazia gli operatori sanitari e la comunit\u00e0 cinese<\/strong><\/span><br \/>Il presidente Enrico Rossi ha attribuito il merito dei risultati ottenuti per il momento dalla Toscana sul fronte del contenimento del coronavirus agli operatori sanitari e del sistema di prevenzione e alla collaborazione della comunit\u00e0 cinese. A seguito degli elogi ricevuti dal dottor Giuseppe Ippolito, direttore scientifico dello Spallanzani di Roma, il presidente ha ricordato che \u00abstiamo ottenendo grandi risultati sul terreno pi\u00f9 difficile grazie all\u2019efficace azione del nostro sistema di prevenzione e anche alla fondamentale collaborazione della comunit\u00e0 cinese, che significativamente oggi \u00e8 stata sottolineata dal dottor Ippolito, che ha elogiato il meccanismo di autoisolamento che la comunit\u00e0 cinese ha messo in atto in tutto il paese e che in Toscana ha consentito di monitorare 1500 persone sopratutto grazie al protocollo di sorveglianza attiva applicato dalla Asl Toscana centro. Sono molto soddisfatto finora e voglio ringraziare uno ad uno tutti gli operatori della sanit\u00e0 toscana, che ogni giorno sono al lavoro con il massimo dell\u2019impegno: \u00e8 grazie a loro che stiamo affrontando questa battaglia e sono convinto che la vinceremo\u00bb.<\/p>\n<p><span style=\"text-decoration: underline;\"><strong>Torre del lago non \u00e8 un focolaio<\/strong><\/span><br \/>Il sindaco di Viareggio (Lucca), Giorgio Del Ghingaro, su facebook scrive: \u00abIl caso di Torre del Lago (Lucca) \u00e8 specifico, non un focolaio: si tratta di una persona che arriva da uno dei comuni del Veneto interessati dalla problematica. Il paziente \u00e8 stato visitato, manifestava sintomi influenzali e, avendo un&#8217;attivit\u00e0 a Vo&#8217;, il medico ha riscontrato gli estremi della malattia. Fatto il primo tampone: \u00e8 risultato positivo. Siamo in attesa della conferma dell&#8217;Iss. Ovviamente, speriamo non ci sia. La persona sta bene, \u00e8 sfebbrata e tranquilla. Ho firmato un&#8217;ordinanza che la costringe a casa secondo quanto prevede la legge. Gestiamo la cosa non come emergenza, ma come situazione contingente, sotto stretta sorveglianza della Asl e del dipartimento di Igiene\u00bb.<\/p>\n<p><span style=\"text-decoration: underline;\"><strong>Pescia, ditta chiusa 15 giorni<\/strong><\/span><br \/>\u00abA seguito delle note problematiche del coronavirus, la nostra azienda rimarr\u00e0 chiusa per 15 giorni\u00bb. Questo il messaggio registrato in segreteria che risponde alle chiamate telefoniche nell&#8217;azienda di Massa e Cozzile (Pistoia) nella quale lavora l&#8217;informatico risultato positivo al Coronavirus, residente a Pescia (Pistoia). L&#8217;uomo dopo tre giorni di soggiorno per motivi di lavoro a Codogno, al suo ritorno &#8211; il 21 febbraio &#8211; aveva trascorso diverse ore nella sede dell&#8217;azienda venendo a contatto con i colleghi. Molti di questi, in seguito all&#8217;indagine epidemiologica, sono stati sottoposti alla quarantena di due settimane\u00bb.<\/p>\n<p><span style=\"text-decoration: underline;\"><strong>Calcio, la Pianese in quarantena<\/strong><\/span><br \/>Un&#8217;intera squadra di professionisti, la Pianese, formazione di Piancastagnaio (Siena) che disputa il campionato di serie C, girone A, \u00e8 stata messa in quarantena dopo che uno dei suoi giocatori \u00e8 risultato positivo al tampone per il covid-19. I toscani avevano giocato domenica in campionato ad Alessandria contro la Juventus U23, ma senza schierare il calciatore in questione, gi\u00e0 febbricitante. Per precauzione, comunque, la Juventus ha deciso di impedire per qualche giorno ai componenti della U23 di allenarsi con la prima squadra, anche se nessuno di loro ha accusato finora sintomi che possano far temere un contagio.<\/p>\n<p><span style=\"text-decoration: underline;\"><strong>Firenze, musei civici aperti contro la &#8216;paura&#8217;<\/strong><\/span><br \/>Per dare un ulteriore segnale di apertura e di fiducia, oltre a confermare tutti gli spazi culturali, musei, cinema, mostre, biblioteche aperti, il sindaco di Firenze Dario Nardella e l&#8217;assessore alla cultura Tommaso Sacchi hanno deciso di aprire per tre giorni i musei civici gratuitamente a tutti. \u00abDal 6 all&#8217;8 marzo &#8211; spiegano &#8211; vogliamo lanciare un week end di apertura gratuita di tutti i nostri musei civici, da Palazzo Vecchio alla cappella Brancacci al museo Novecento. Cittadini fiorentini e turisti potranno approfittare di questa occasione e ritrovare nei nostri musei l&#8217;entusiasmo dell&#8217;essere comunit\u00e0 contro la paura\u00bb.<\/p>\n<p><span style=\"text-decoration: underline;\"><strong>INFO UTILI<\/strong><\/span><br \/>Il numero verde istituito dalla Regione Toscana per fornire indicazioni sui percorsi e le iniziative sul tema del coronavirus \u00e8 il seguente: <strong>800 556060<\/strong> (attivo dal luned\u00ec al venerd\u00ec, dalle 9 alle 18). <br \/>Esiste poi il numero di pubblica utilit\u00e0: <strong>1500<\/strong> (attivo 24 ore su 24).<br \/>Per dichiarare di essere stati in Cina, i numeri da chiamare (attivi dalle 8 alle 20, anche con operatore e interprete cinese) sono questi: Asl Toscana centro (Firenze, Prato, Pistoia, Empoli) 055 5454777; Asl Toscana nord ovest (Pisa, Livorno, Lucca, Massa Carrara, Viareggio) 050 954444; Asl Toscana sud est (Arezzo, Grosseto, Siena) 800 579579. <br \/>Per maggiori informazioni, consultare la pagina dedicata al coronavirus sul sito di Regione Toscana all&#8217;indirizzo: <a href=\"https:\/\/www.regione.toscana.it\/-\/coronavirus\" target=\"_blank\" rel=\"noopener noreferrer\">www.regione.toscana.it\/-\/coronavirus<\/a><\/p>\n","protected":false},"excerpt":{"rendered":"<p>Migliorano le condizioni dei ricoverati. Due nuovi casi in attesa di validazione e due soli casi confermti (uno dei quali \u00e8 clinicamente guarito). Sono 884 le persone in isolamento domiciliare<\/p>\n","protected":false},"author":525,"featured_media":100353,"comment_status":"open","ping_status":"open","sticky":false,"template":"","format":"standard","meta":{"_acf_changed":false,"footnotes":""},"categories":[18],"tags":[418,151,134,349,153],"class_list":["post-62602","post","type-post","status-publish","format-standard","has-post-thumbnail","hentry","category-salute","tag-covid-19","tag-regione-toscana","tag-salute","tag-sanita","tag-toscana"],"acf":[],"yoast_head":"<!-- This site is optimized with the Yoast SEO Premium plugin v24.2 (Yoast SEO v25.6) - https:\/\/yoast.com\/wordpress\/plugins\/seo\/ -->\n<title>Coronavirus in Toscana, due nuovi casi. Ora i contagiati sono otto - intoscana<\/title>\n<meta name=\"robots\" content=\"index, follow, max-snippet:-1, max-image-preview:large, max-video-preview:-1\" \/>\n<link rel=\"canonical\" href=\"https:\/\/www.intoscana.it\/it\/coronavirus-toscana-live\/\" \/>\n<meta property=\"og:locale\" content=\"it_IT\" \/>\n<meta property=\"og:type\" content=\"article\" \/>\n<meta property=\"og:title\" content=\"Coronavirus in Toscana, due nuovi casi. Ora i contagiati sono otto\" \/>\n<meta property=\"og:description\" content=\"Migliorano le condizioni dei ricoverati. Due nuovi casi in attesa di validazione e due soli casi confermti (uno dei quali \u00e8 clinicamente guarito). Sono 884 le persone in isolamento domiciliare\" \/>\n<meta property=\"og:url\" content=\"https:\/\/www.intoscana.it\/it\/coronavirus-toscana-live\/\" \/>\n<meta property=\"og:site_name\" content=\"intoscana\" \/>\n<meta property=\"article:publisher\" content=\"https:\/\/www.facebook.com\/intoscana.it\" \/>\n<meta property=\"article:published_time\" content=\"2020-02-28T10:09:46+00:00\" \/>\n<meta property=\"article:modified_time\" content=\"2020-05-19T13:52:22+00:00\" \/>\n<meta property=\"og:image\" content=\"https:\/\/www.intoscana.it\/wp-content\/uploads\/coronavirus-firenze-elena.katkova-shutterstock.com_.jpg\" \/>\n\t<meta property=\"og:image:width\" content=\"1000\" \/>\n\t<meta property=\"og:image:height\" content=\"667\" \/>\n\t<meta property=\"og:image:type\" content=\"image\/jpeg\" \/>\n<meta name=\"author\" content=\"Redazione\" \/>\n<meta name=\"twitter:card\" content=\"summary_large_image\" \/>\n<meta name=\"twitter:creator\" content=\"@intoscana\" \/>\n<meta name=\"twitter:site\" content=\"@intoscana\" \/>\n<meta name=\"twitter:label1\" content=\"Written by\" \/>\n\t<meta name=\"twitter:data1\" content=\"Redazione\" \/>\n\t<meta name=\"twitter:label2\" content=\"Est. reading time\" \/>\n\t<meta name=\"twitter:data2\" content=\"9 minuti\" \/>\n<script type=\"application\/ld+json\" class=\"yoast-schema-graph\">{\"@context\":\"https:\/\/schema.org\",\"@graph\":[{\"@type\":\"WebPage\",\"@id\":\"https:\/\/www.intoscana.it\/it\/coronavirus-toscana-live\/\",\"url\":\"https:\/\/www.intoscana.it\/it\/coronavirus-toscana-live\/\",\"name\":\"Coronavirus in Toscana, due nuovi casi. Ora i contagiati sono otto - intoscana\",\"isPartOf\":{\"@id\":\"https:\/\/www.intoscana.it\/it\/#website\"},\"primaryImageOfPage\":{\"@id\":\"https:\/\/www.intoscana.it\/it\/coronavirus-toscana-live\/#primaryimage\"},\"image\":{\"@id\":\"https:\/\/www.intoscana.it\/it\/coronavirus-toscana-live\/#primaryimage\"},\"thumbnailUrl\":\"https:\/\/www.intoscana.it\/wp-content\/uploads\/coronavirus-firenze-elena.katkova-shutterstock.com_.jpg\",\"datePublished\":\"2020-02-28T10:09:46+00:00\",\"dateModified\":\"2020-05-19T13:52:22+00:00\",\"author\":{\"@id\":\"https:\/\/www.intoscana.it\/it\/#\/schema\/person\/9223810753230f20bd670fdd322661f8\"},\"breadcrumb\":{\"@id\":\"https:\/\/www.intoscana.it\/it\/coronavirus-toscana-live\/#breadcrumb\"},\"inLanguage\":\"it-IT\",\"potentialAction\":[{\"@type\":\"ReadAction\",\"target\":[\"https:\/\/www.intoscana.it\/it\/coronavirus-toscana-live\/\"]}]},{\"@type\":\"ImageObject\",\"inLanguage\":\"it-IT\",\"@id\":\"https:\/\/www.intoscana.it\/it\/coronavirus-toscana-live\/#primaryimage\",\"url\":\"https:\/\/www.intoscana.it\/wp-content\/uploads\/coronavirus-firenze-elena.katkova-shutterstock.com_.jpg\",\"contentUrl\":\"https:\/\/www.intoscana.it\/wp-content\/uploads\/coronavirus-firenze-elena.katkova-shutterstock.com_.jpg\",\"width\":1000,\"height\":667},{\"@type\":\"BreadcrumbList\",\"@id\":\"https:\/\/www.intoscana.it\/it\/coronavirus-toscana-live\/#breadcrumb\",\"itemListElement\":[{\"@type\":\"ListItem\",\"position\":1,\"name\":\"Home\",\"item\":\"https:\/\/www.intoscana.it\/it\/\"},{\"@type\":\"ListItem\",\"position\":2,\"name\":\"Coronavirus in Toscana, due nuovi casi. Ora i contagiati sono otto\"}]},{\"@type\":\"WebSite\",\"@id\":\"https:\/\/www.intoscana.it\/it\/#website\",\"url\":\"https:\/\/www.intoscana.it\/it\/\",\"name\":\"intoscana\",\"description\":\"\",\"potentialAction\":[{\"@type\":\"SearchAction\",\"target\":{\"@type\":\"EntryPoint\",\"urlTemplate\":\"https:\/\/www.intoscana.it\/it\/?s={search_term_string}\"},\"query-input\":{\"@type\":\"PropertyValueSpecification\",\"valueRequired\":true,\"valueName\":\"search_term_string\"}}],\"inLanguage\":\"it-IT\"},{\"@type\":\"Person\",\"@id\":\"https:\/\/www.intoscana.it\/it\/#\/schema\/person\/9223810753230f20bd670fdd322661f8\",\"name\":\"Redazione\",\"url\":\"https:\/\/www.intoscana.it\/it\/author\/redazione\/\"}]}<\/script>\n<!-- \/ Yoast SEO Premium plugin. -->","yoast_head_json":{"title":"Coronavirus in Toscana, due nuovi casi. Ora i contagiati sono otto - intoscana","robots":{"index":"index","follow":"follow","max-snippet":"max-snippet:-1","max-image-preview":"max-image-preview:large","max-video-preview":"max-video-preview:-1"},"canonical":"https:\/\/www.intoscana.it\/it\/coronavirus-toscana-live\/","og_locale":"it_IT","og_type":"article","og_title":"Coronavirus in Toscana, due nuovi casi. Ora i contagiati sono otto","og_description":"Migliorano le condizioni dei ricoverati. Due nuovi casi in attesa di validazione e due soli casi confermti (uno dei quali \u00e8 clinicamente guarito). Sono 884 le persone in isolamento domiciliare","og_url":"https:\/\/www.intoscana.it\/it\/coronavirus-toscana-live\/","og_site_name":"intoscana","article_publisher":"https:\/\/www.facebook.com\/intoscana.it","article_published_time":"2020-02-28T10:09:46+00:00","article_modified_time":"2020-05-19T13:52:22+00:00","og_image":[{"width":1000,"height":667,"url":"https:\/\/www.intoscana.it\/wp-content\/uploads\/coronavirus-firenze-elena.katkova-shutterstock.com_.jpg","type":"image\/jpeg"}],"author":"Redazione","twitter_card":"summary_large_image","twitter_creator":"@intoscana","twitter_site":"@intoscana","twitter_misc":{"Written by":"Redazione","Est. reading time":"9 minuti"},"schema":{"@context":"https:\/\/schema.org","@graph":[{"@type":"WebPage","@id":"https:\/\/www.intoscana.it\/it\/coronavirus-toscana-live\/","url":"https:\/\/www.intoscana.it\/it\/coronavirus-toscana-live\/","name":"Coronavirus in Toscana, due nuovi casi. Ora i contagiati sono otto - intoscana","isPartOf":{"@id":"https:\/\/www.intoscana.it\/it\/#website"},"primaryImageOfPage":{"@id":"https:\/\/www.intoscana.it\/it\/coronavirus-toscana-live\/#primaryimage"},"image":{"@id":"https:\/\/www.intoscana.it\/it\/coronavirus-toscana-live\/#primaryimage"},"thumbnailUrl":"https:\/\/www.intoscana.it\/wp-content\/uploads\/coronavirus-firenze-elena.katkova-shutterstock.com_.jpg","datePublished":"2020-02-28T10:09:46+00:00","dateModified":"2020-05-19T13:52:22+00:00","author":{"@id":"https:\/\/www.intoscana.it\/it\/#\/schema\/person\/9223810753230f20bd670fdd322661f8"},"breadcrumb":{"@id":"https:\/\/www.intoscana.it\/it\/coronavirus-toscana-live\/#breadcrumb"},"inLanguage":"it-IT","potentialAction":[{"@type":"ReadAction","target":["https:\/\/www.intoscana.it\/it\/coronavirus-toscana-live\/"]}]},{"@type":"ImageObject","inLanguage":"it-IT","@id":"https:\/\/www.intoscana.it\/it\/coronavirus-toscana-live\/#primaryimage","url":"https:\/\/www.intoscana.it\/wp-content\/uploads\/coronavirus-firenze-elena.katkova-shutterstock.com_.jpg","contentUrl":"https:\/\/www.intoscana.it\/wp-content\/uploads\/coronavirus-firenze-elena.katkova-shutterstock.com_.jpg","width":1000,"height":667},{"@type":"BreadcrumbList","@id":"https:\/\/www.intoscana.it\/it\/coronavirus-toscana-live\/#breadcrumb","itemListElement":[{"@type":"ListItem","position":1,"name":"Home","item":"https:\/\/www.intoscana.it\/it\/"},{"@type":"ListItem","position":2,"name":"Coronavirus in Toscana, due nuovi casi. Ora i contagiati sono otto"}]},{"@type":"WebSite","@id":"https:\/\/www.intoscana.it\/it\/#website","url":"https:\/\/www.intoscana.it\/it\/","name":"intoscana","description":"","potentialAction":[{"@type":"SearchAction","target":{"@type":"EntryPoint","urlTemplate":"https:\/\/www.intoscana.it\/it\/?s={search_term_string}"},"query-input":{"@type":"PropertyValueSpecification","valueRequired":true,"valueName":"search_term_string"}}],"inLanguage":"it-IT"},{"@type":"Person","@id":"https:\/\/www.intoscana.it\/it\/#\/schema\/person\/9223810753230f20bd670fdd322661f8","name":"Redazione","url":"https:\/\/www.intoscana.it\/it\/author\/redazione\/"}]}},"_links":{"self":[{"href":"https:\/\/www.intoscana.it\/it\/wp-json\/wp\/v2\/posts\/62602","targetHints":{"allow":["GET"]}}],"collection":[{"href":"https:\/\/www.intoscana.it\/it\/wp-json\/wp\/v2\/posts"}],"about":[{"href":"https:\/\/www.intoscana.it\/it\/wp-json\/wp\/v2\/types\/post"}],"author":[{"embeddable":true,"href":"https:\/\/www.intoscana.it\/it\/wp-json\/wp\/v2\/users\/525"}],"replies":[{"embeddable":true,"href":"https:\/\/www.intoscana.it\/it\/wp-json\/wp\/v2\/comments?post=62602"}],"version-history":[{"count":0,"href":"https:\/\/www.intoscana.it\/it\/wp-json\/wp\/v2\/posts\/62602\/revisions"}],"wp:featuredmedia":[{"embeddable":true,"href":"https:\/\/www.intoscana.it\/it\/wp-json\/wp\/v2\/media\/100353"}],"wp:attachment":[{"href":"https:\/\/www.intoscana.it\/it\/wp-json\/wp\/v2\/media?parent=62602"}],"wp:term":[{"taxonomy":"category","embeddable":true,"href":"https:\/\/www.intoscana.it\/it\/wp-json\/wp\/v2\/categories?post=62602"},{"taxonomy":"post_tag","embeddable":true,"href":"https:\/\/www.intoscana.it\/it\/wp-json\/wp\/v2\/tags?post=62602"}],"curies":[{"name":"wp","href":"https:\/\/api.w.org\/{rel}","templated":true}]}}