{"id":62604,"date":"2020-03-02T09:52:57","date_gmt":"2020-03-02T09:52:57","guid":{"rendered":"http:\/\/www.intoscana.it\/coronavirus-un-nuovo-caso-sospetto-in-toscana-tre-i-pazienti-guariti\/"},"modified":"2020-05-19T15:52:23","modified_gmt":"2020-05-19T13:52:23","slug":"coronavirus-nuovo-caso-sospetto","status":"publish","type":"post","link":"https:\/\/www.intoscana.it\/it\/coronavirus-nuovo-caso-sospetto\/","title":{"rendered":"Coronavirus: un nuovo caso sospetto in Toscana, tre i pazienti guariti"},"content":{"rendered":"<p>Un nuovo caso sospetto positivo al Coronavirus in Toscana, registrato ieri sera nel territorio di competenza della Asl sud est, in attesa di validazione da parte dell\u2019Istituto superiore di sanit\u00e0. <strong>Si tratta di una donna di 42 anni, residente a Pergine Valdarno, frazione del Comune di Laterina, in provincia di Arezzo,<\/strong> in sorveglianza attiva domiciliare da ieri sera e il cui tampone, risultato positivo, \u00e8 stato inviato all\u2019Istituto superiore di sanit\u00e0 per la validazione.<\/p>\n<p><strong>Dagli approfondimenti epidemiologici subito attivati la donna \u00e8 risultata essere un contatto stretto della paziente fiorentina (sua collega), di 32 anni, recatasi nei giorni scorsi a Milano,<\/strong> ricoverata nel reparto di malattie infettive dell\u2019ospedale di Ponte a Niccheri,<strong> \u201cclinicamente guarita\u201d, da domani a casa in isolamento domiciliare.<\/strong> <br \/>La 42enne (in autoisolamento volontario domiciliare da quando ha appreso della positivit\u00e0 della collega) ha contattato il numero verde della Asl sud est nella serata di ieri, in stato febbrile tale da richiedere il tampone. Le sue condizioni di salute sono costantemente monitorate e risultano essere discrete.<\/p>\n<p><span style=\"text-decoration: underline;\"><strong> Tre pazienti clinicamente guariti e gli altri sono stabili<\/strong><\/span><br \/>Permangono stabili, e in alcuni casi in miglioramento, le situazioni degli altri pazienti, presi in carico dal sistema sanitario toscano in questi giorni:<strong> i due coniugi di Codogno, arrivati in auto a Carrara dove possiedono una seconda casa<\/strong> (in sorveglianza attiva al proprio domicilio); <strong>il settantenne di Albiano Magra (Aulla, Lunigiana), il musicista che si \u00e8 recato per un concerto a Codogno,<\/strong> messosi in autoisolamento domiciliare dove si trova tuttora.<br \/><strong>Ma anche l\u2019imprenditore fiorentino, di 63 anni, ricoverato a Firenze (il primissimo caso di positivit\u00e0 in Toscana) e il suo vicino di casa<\/strong>, ricoverato a Careggi in isolamento nel reparto di malattie infettive.<\/p>\n<p><strong> Stabili anche le condizioni del 44enne di Torre del Lago<\/strong>, rientrato con positivit\u00e0 da Vo\u2019 (Veneto), in isolamento domiciliare senza pi\u00f9 febbre, del <strong>calciatore 23enne della Pianese<\/strong> (la squadra di Piancastagnaio) in isolamento domiciliare, dell\u2019altro calciatore, ricoverato al Policlinico Le Scotte di Siena e infine del <strong>sessantenne, operatore della squadra, ricoverato nello stesso reparto.<\/strong><\/p>\n<p><strong>L\u2019informatico di Pescia, di 49 anni, il primo paziente clinicamente guarito<\/strong>, \u00e8 ancora trattenuto a scopo precauzionale nel reparto di malattie infettive del San Jacopo di Pistoia, mentre a<strong>nche lo studente 26enne norvegese ricoverato a Ponte a Niccheri \u00e8 stato dichiarato clinicamente guarito.<\/strong><\/p>\n<p>A oggi, luned\u00ec 2 marzo, in Toscana sono risultati positivi al test per il Coronavirus 13 tamponi. Di questi, 5 hanno avuto la conferma di positivit\u00e0 da parte dell&#8217;Istituto superiore di sanit\u00e0, altri 8 sono ancora in attesa di conferma.<\/p>\n<p><span style=\"text-decoration: underline;\"><strong> 944 persone in isolamento in Toscana<\/strong><\/span> <br \/>Dal monitoraggio giornaliero risulta che in Toscana ci sono &#8211; a oggi, luned\u00ec 2 marzo &#8211; 944 persone in isolamento domiciliare di cui 480 prese in carico attraverso i numeri dedicati, attivati da ciascuna Asl. Si tratta di 251 casi nella Asl centro (Firenze &#8211; Empoli &#8211; Prato &#8211; Pistoia), di 104 casi nella Asl nord ovest (Lucca &#8211; Massa Carrara &#8211; Pisa &#8211; Livorno) e di 125 casi in quella sud est (Arezzo &#8211; Siena &#8211; Grosseto).<\/p>\n<p><span style=\"text-decoration: underline;\"><strong>Test e cure gratis per tutti gli stranieri in Toscana<br \/><\/strong><\/span>Test e cure gratuite in Toscana per tutti gli stranieri soggiornanti nel territorio regionale per motivi di studio, ricerca e insegnamento e turismo. Lo prevede un&#8217;ordinanza che sar\u00e0 firmata oggi dal presidente della Regione Enrico Rossi. Studenti, ricercatori e turisti stranieri avranno accesso ai percorsi di prevenzione e cura del Covid-19 previsti dalle ordinanze nazionali e regionali sinora emanate. Anche per loro, per essere sottoposti al tampone, varr\u00e0 la doppia condizioni di provenire da aree sottoposte a misura di quarantena o essere stati in relazione stretta e prolungata con un caso positivo, e avere evidenti sintomi influenzali e respiratori. &#8220;Per queste persone, 8.000 all&#8217;anno quelle presenti per ragioni di studio e ricerca e per gli oltre 40 milioni di turisti stranieri annuali &#8211; spiega Rossi &#8211; non esiste una definizione chiara di carattere nazionale delle modalit\u00e0 di presa in carico e della copertura sanitaria. \u00c8 una lacuna che con questo provvedimento proviamo a colmare&#8221;.<\/p>\n<p><span style=\"text-decoration: underline;\"><strong>5 letti in terapia intensiva per i malati dalla Lombardia<br \/><\/strong><\/span>La Toscana mette a disposizione della Lombardia cinque letti di terapia intensiva, per accogliere altrettanti pazienti lombardi colpiti dal Coronavirus. &#8220;Nonostante la situazione di difficolt\u00e0 &#8211; dicono il presidente Enrico Rossi e l&#8217;assessore al diritto alla salute Stefania Saccardi &#8211; abbiamo voluto rispondere alla richiesta del Ministero della salute, mettendo a disposizione della Lombardia cinque letti di terapia intensiva nei nostri ospedali. Ci sembrava un gesto di solidariet\u00e0 doveroso&#8221;. Negli ospedali della Toscana ci sono 445 letti di terapia intensiva e sub-intensiva.<\/p>\n<p><span style=\"text-decoration: underline;\"><strong>Decreto nazionale: stop a gite e lavoro agile per tutti<\/strong> <\/span><br \/>Il Decreto del Presidente del Consiglio dei Ministri, varato ieri, prevede misure applicabili in tutta Italia come la possibilit\u00e0 che la modalit\u00e0 di &#8220;lavoro agile&#8221; sia applicata, per la durata dello stato di emergenza, dai datori di lavoro a ogni rapporto di lavoro subordinato, anche in assenza degli accordi individuali previsti.<br \/>Confermata la sospensione fino al 15 marzo dei viaggi d&#8217;istruzione, delle iniziative di scambio o gemellaggio, delle visite guidate e delle uscite didattiche comunque denominate, programmate dalle istituzioni scolastiche di ogni ordine e grado, con la previsione del diritto di recesso dai contratti gi\u00e0 stipulati. Confermato anche l&#8217;obbligo, fino al 15 marzo, della presentazione del certificato medico per la riammissione nelle scuole di ogni ordine e grado per assenze dovute a malattia infettiva.<\/p>\n<p><span style=\"text-decoration: underline;\"><strong>INFO UTILI<\/strong><\/span><br \/>Il numero verde istituito dalla Regione Toscana per fornire indicazioni sui percorsi e le iniziative sul tema del coronavirus \u00e8 il seguente: <strong>800 556060<\/strong> (attivo dal luned\u00ec al venerd\u00ec, dalle 9 alle 18). Esiste poi il numero di pubblica utilit\u00e0: 1500 (attivo 24 ore su 24).<br \/><strong>Per dichiarare di essere stati in Cina<\/strong>, i numeri da chiamare (attivi dalle 8 alle 20, anche con operatore e interprete cinese) sono questi: Asl Toscana centro (Firenze, Prato, Pistoia, Empoli) 055 5454777; Asl Toscana nord ovest (Pisa, Livorno, Lucca, Massa Carrara, Viareggio) 050 954444; Asl Toscana sud est (Arezzo, Grosseto, Siena) 800 579579.<br \/>Per maggiori informazioni, consultare la pagina dedicata al coronavirus sul sito di Regione Toscana all&#8217;indirizzo: <strong><a href=\"http:\/\/www.regione.toscana.it\/-\/coronavirus\">www.regione.toscana.it\/-\/coronavirus<\/a><\/strong><\/p>\n","protected":false},"excerpt":{"rendered":"<p>Si tratta di una donna di 42 anni di Pergine Valdarno che \u00e8 stata in contatto con la fiorentina di 32 anni, sua collega, che si era recata nei giorni scorsi a Milano<\/p>\n","protected":false},"author":525,"featured_media":100355,"comment_status":"open","ping_status":"open","sticky":false,"template":"","format":"standard","meta":{"_acf_changed":false,"footnotes":""},"categories":[18],"tags":[418],"class_list":["post-62604","post","type-post","status-publish","format-standard","has-post-thumbnail","hentry","category-salute","tag-covid-19"],"acf":[],"yoast_head":"<!-- This site is optimized with the Yoast SEO Premium plugin v24.2 (Yoast SEO v25.6) - https:\/\/yoast.com\/wordpress\/plugins\/seo\/ -->\n<title>Coronavirus: un nuovo caso sospetto in Toscana, tre i pazienti guariti - intoscana<\/title>\n<meta name=\"robots\" content=\"index, follow, max-snippet:-1, max-image-preview:large, max-video-preview:-1\" \/>\n<link rel=\"canonical\" href=\"https:\/\/www.intoscana.it\/it\/coronavirus-nuovo-caso-sospetto\/\" \/>\n<meta property=\"og:locale\" content=\"it_IT\" \/>\n<meta property=\"og:type\" content=\"article\" \/>\n<meta property=\"og:title\" content=\"Coronavirus: un nuovo caso sospetto in Toscana, tre i pazienti guariti\" \/>\n<meta property=\"og:description\" content=\"Si tratta di una donna di 42 anni di Pergine Valdarno che \u00e8 stata in contatto con la fiorentina di 32 anni, sua collega, che si era recata nei giorni scorsi a Milano\" \/>\n<meta property=\"og:url\" content=\"https:\/\/www.intoscana.it\/it\/coronavirus-nuovo-caso-sospetto\/\" \/>\n<meta property=\"og:site_name\" content=\"intoscana\" \/>\n<meta property=\"article:publisher\" content=\"https:\/\/www.facebook.com\/intoscana.it\" \/>\n<meta property=\"article:published_time\" content=\"2020-03-02T09:52:57+00:00\" \/>\n<meta property=\"article:modified_time\" content=\"2020-05-19T13:52:23+00:00\" \/>\n<meta property=\"og:image\" content=\"https:\/\/www.intoscana.it\/wp-content\/uploads\/coronavirus-mascherina-1.jpg\" \/>\n\t<meta property=\"og:image:width\" content=\"1000\" \/>\n\t<meta property=\"og:image:height\" content=\"667\" \/>\n\t<meta property=\"og:image:type\" content=\"image\/jpeg\" \/>\n<meta name=\"author\" content=\"Redazione\" \/>\n<meta name=\"twitter:card\" content=\"summary_large_image\" \/>\n<meta name=\"twitter:creator\" content=\"@intoscana\" \/>\n<meta name=\"twitter:site\" content=\"@intoscana\" \/>\n<meta name=\"twitter:label1\" content=\"Written by\" \/>\n\t<meta name=\"twitter:data1\" content=\"Redazione\" \/>\n\t<meta name=\"twitter:label2\" content=\"Est. reading time\" \/>\n\t<meta name=\"twitter:data2\" content=\"5 minuti\" \/>\n<script type=\"application\/ld+json\" class=\"yoast-schema-graph\">{\"@context\":\"https:\/\/schema.org\",\"@graph\":[{\"@type\":\"WebPage\",\"@id\":\"https:\/\/www.intoscana.it\/it\/coronavirus-nuovo-caso-sospetto\/\",\"url\":\"https:\/\/www.intoscana.it\/it\/coronavirus-nuovo-caso-sospetto\/\",\"name\":\"Coronavirus: un nuovo caso sospetto in Toscana, tre i pazienti guariti - intoscana\",\"isPartOf\":{\"@id\":\"https:\/\/www.intoscana.it\/it\/#website\"},\"primaryImageOfPage\":{\"@id\":\"https:\/\/www.intoscana.it\/it\/coronavirus-nuovo-caso-sospetto\/#primaryimage\"},\"image\":{\"@id\":\"https:\/\/www.intoscana.it\/it\/coronavirus-nuovo-caso-sospetto\/#primaryimage\"},\"thumbnailUrl\":\"https:\/\/www.intoscana.it\/wp-content\/uploads\/coronavirus-mascherina-1.jpg\",\"datePublished\":\"2020-03-02T09:52:57+00:00\",\"dateModified\":\"2020-05-19T13:52:23+00:00\",\"author\":{\"@id\":\"https:\/\/www.intoscana.it\/it\/#\/schema\/person\/9223810753230f20bd670fdd322661f8\"},\"breadcrumb\":{\"@id\":\"https:\/\/www.intoscana.it\/it\/coronavirus-nuovo-caso-sospetto\/#breadcrumb\"},\"inLanguage\":\"it-IT\",\"potentialAction\":[{\"@type\":\"ReadAction\",\"target\":[\"https:\/\/www.intoscana.it\/it\/coronavirus-nuovo-caso-sospetto\/\"]}]},{\"@type\":\"ImageObject\",\"inLanguage\":\"it-IT\",\"@id\":\"https:\/\/www.intoscana.it\/it\/coronavirus-nuovo-caso-sospetto\/#primaryimage\",\"url\":\"https:\/\/www.intoscana.it\/wp-content\/uploads\/coronavirus-mascherina-1.jpg\",\"contentUrl\":\"https:\/\/www.intoscana.it\/wp-content\/uploads\/coronavirus-mascherina-1.jpg\",\"width\":1000,\"height\":667},{\"@type\":\"BreadcrumbList\",\"@id\":\"https:\/\/www.intoscana.it\/it\/coronavirus-nuovo-caso-sospetto\/#breadcrumb\",\"itemListElement\":[{\"@type\":\"ListItem\",\"position\":1,\"name\":\"Home\",\"item\":\"https:\/\/www.intoscana.it\/it\/\"},{\"@type\":\"ListItem\",\"position\":2,\"name\":\"Coronavirus: un nuovo caso sospetto in Toscana, tre i pazienti guariti\"}]},{\"@type\":\"WebSite\",\"@id\":\"https:\/\/www.intoscana.it\/it\/#website\",\"url\":\"https:\/\/www.intoscana.it\/it\/\",\"name\":\"intoscana\",\"description\":\"\",\"potentialAction\":[{\"@type\":\"SearchAction\",\"target\":{\"@type\":\"EntryPoint\",\"urlTemplate\":\"https:\/\/www.intoscana.it\/it\/?s={search_term_string}\"},\"query-input\":{\"@type\":\"PropertyValueSpecification\",\"valueRequired\":true,\"valueName\":\"search_term_string\"}}],\"inLanguage\":\"it-IT\"},{\"@type\":\"Person\",\"@id\":\"https:\/\/www.intoscana.it\/it\/#\/schema\/person\/9223810753230f20bd670fdd322661f8\",\"name\":\"Redazione\",\"url\":\"https:\/\/www.intoscana.it\/it\/author\/redazione\/\"}]}<\/script>\n<!-- \/ Yoast SEO Premium plugin. -->","yoast_head_json":{"title":"Coronavirus: un nuovo caso sospetto in Toscana, tre i pazienti guariti - intoscana","robots":{"index":"index","follow":"follow","max-snippet":"max-snippet:-1","max-image-preview":"max-image-preview:large","max-video-preview":"max-video-preview:-1"},"canonical":"https:\/\/www.intoscana.it\/it\/coronavirus-nuovo-caso-sospetto\/","og_locale":"it_IT","og_type":"article","og_title":"Coronavirus: un nuovo caso sospetto in Toscana, tre i pazienti guariti","og_description":"Si tratta di una donna di 42 anni di Pergine Valdarno che \u00e8 stata in contatto con la fiorentina di 32 anni, sua collega, che si era recata nei giorni scorsi a Milano","og_url":"https:\/\/www.intoscana.it\/it\/coronavirus-nuovo-caso-sospetto\/","og_site_name":"intoscana","article_publisher":"https:\/\/www.facebook.com\/intoscana.it","article_published_time":"2020-03-02T09:52:57+00:00","article_modified_time":"2020-05-19T13:52:23+00:00","og_image":[{"width":1000,"height":667,"url":"https:\/\/www.intoscana.it\/wp-content\/uploads\/coronavirus-mascherina-1.jpg","type":"image\/jpeg"}],"author":"Redazione","twitter_card":"summary_large_image","twitter_creator":"@intoscana","twitter_site":"@intoscana","twitter_misc":{"Written by":"Redazione","Est. reading time":"5 minuti"},"schema":{"@context":"https:\/\/schema.org","@graph":[{"@type":"WebPage","@id":"https:\/\/www.intoscana.it\/it\/coronavirus-nuovo-caso-sospetto\/","url":"https:\/\/www.intoscana.it\/it\/coronavirus-nuovo-caso-sospetto\/","name":"Coronavirus: un nuovo caso sospetto in Toscana, tre i pazienti guariti - intoscana","isPartOf":{"@id":"https:\/\/www.intoscana.it\/it\/#website"},"primaryImageOfPage":{"@id":"https:\/\/www.intoscana.it\/it\/coronavirus-nuovo-caso-sospetto\/#primaryimage"},"image":{"@id":"https:\/\/www.intoscana.it\/it\/coronavirus-nuovo-caso-sospetto\/#primaryimage"},"thumbnailUrl":"https:\/\/www.intoscana.it\/wp-content\/uploads\/coronavirus-mascherina-1.jpg","datePublished":"2020-03-02T09:52:57+00:00","dateModified":"2020-05-19T13:52:23+00:00","author":{"@id":"https:\/\/www.intoscana.it\/it\/#\/schema\/person\/9223810753230f20bd670fdd322661f8"},"breadcrumb":{"@id":"https:\/\/www.intoscana.it\/it\/coronavirus-nuovo-caso-sospetto\/#breadcrumb"},"inLanguage":"it-IT","potentialAction":[{"@type":"ReadAction","target":["https:\/\/www.intoscana.it\/it\/coronavirus-nuovo-caso-sospetto\/"]}]},{"@type":"ImageObject","inLanguage":"it-IT","@id":"https:\/\/www.intoscana.it\/it\/coronavirus-nuovo-caso-sospetto\/#primaryimage","url":"https:\/\/www.intoscana.it\/wp-content\/uploads\/coronavirus-mascherina-1.jpg","contentUrl":"https:\/\/www.intoscana.it\/wp-content\/uploads\/coronavirus-mascherina-1.jpg","width":1000,"height":667},{"@type":"BreadcrumbList","@id":"https:\/\/www.intoscana.it\/it\/coronavirus-nuovo-caso-sospetto\/#breadcrumb","itemListElement":[{"@type":"ListItem","position":1,"name":"Home","item":"https:\/\/www.intoscana.it\/it\/"},{"@type":"ListItem","position":2,"name":"Coronavirus: un nuovo caso sospetto in Toscana, tre i pazienti guariti"}]},{"@type":"WebSite","@id":"https:\/\/www.intoscana.it\/it\/#website","url":"https:\/\/www.intoscana.it\/it\/","name":"intoscana","description":"","potentialAction":[{"@type":"SearchAction","target":{"@type":"EntryPoint","urlTemplate":"https:\/\/www.intoscana.it\/it\/?s={search_term_string}"},"query-input":{"@type":"PropertyValueSpecification","valueRequired":true,"valueName":"search_term_string"}}],"inLanguage":"it-IT"},{"@type":"Person","@id":"https:\/\/www.intoscana.it\/it\/#\/schema\/person\/9223810753230f20bd670fdd322661f8","name":"Redazione","url":"https:\/\/www.intoscana.it\/it\/author\/redazione\/"}]}},"_links":{"self":[{"href":"https:\/\/www.intoscana.it\/it\/wp-json\/wp\/v2\/posts\/62604","targetHints":{"allow":["GET"]}}],"collection":[{"href":"https:\/\/www.intoscana.it\/it\/wp-json\/wp\/v2\/posts"}],"about":[{"href":"https:\/\/www.intoscana.it\/it\/wp-json\/wp\/v2\/types\/post"}],"author":[{"embeddable":true,"href":"https:\/\/www.intoscana.it\/it\/wp-json\/wp\/v2\/users\/525"}],"replies":[{"embeddable":true,"href":"https:\/\/www.intoscana.it\/it\/wp-json\/wp\/v2\/comments?post=62604"}],"version-history":[{"count":0,"href":"https:\/\/www.intoscana.it\/it\/wp-json\/wp\/v2\/posts\/62604\/revisions"}],"wp:featuredmedia":[{"embeddable":true,"href":"https:\/\/www.intoscana.it\/it\/wp-json\/wp\/v2\/media\/100355"}],"wp:attachment":[{"href":"https:\/\/www.intoscana.it\/it\/wp-json\/wp\/v2\/media?parent=62604"}],"wp:term":[{"taxonomy":"category","embeddable":true,"href":"https:\/\/www.intoscana.it\/it\/wp-json\/wp\/v2\/categories?post=62604"},{"taxonomy":"post_tag","embeddable":true,"href":"https:\/\/www.intoscana.it\/it\/wp-json\/wp\/v2\/tags?post=62604"}],"curies":[{"name":"wp","href":"https:\/\/api.w.org\/{rel}","templated":true}]}}