{"id":62605,"date":"2020-02-29T09:06:19","date_gmt":"2020-02-29T09:06:19","guid":{"rendered":"http:\/\/www.intoscana.it\/coronavirus-3-nuovi-casi-sospetti-in-toscana-gli-altri-in-via-di-guarigione\/"},"modified":"2020-05-19T15:52:23","modified_gmt":"2020-05-19T13:52:23","slug":"coronavirus-pianese","status":"publish","type":"post","link":"https:\/\/www.intoscana.it\/it\/coronavirus-pianese\/","title":{"rendered":"Coronavirus: 3 nuovi casi sospetti in Toscana, gli altri in via di guarigione"},"content":{"rendered":"<p><strong>Sono tre i nuovi casi di positivit\u00e0 al Coronavirus<\/strong> registrati tra venerd\u00ec sera e sabato mattina in Toscana. <strong>Tutti sono in attesa di validazione da parte dell\u2019Istituto superiore di sanit\u00e0, ma per loro sono scattate le misure di prevenzione<\/strong>. Nel primo caso si tratta di <strong>un settantenne di Albiano Magra (Aulla, Lunigiana),<\/strong> un musicista che si \u00e8 recato per un concerto a Codogno. Dopo il suo rientro si \u00e8 messo in <strong>autoisolamento domiciliare dove si trova tutt\u2019ora<\/strong>. Il tampone effettuato su di lui \u00e8 positivo. Al momento accusa uno stato febbrile, ma le sue condizioni sono buone.<\/p>\n<p><strong>Il secondo nuovo caso si \u00e8 registrato a Carrara. <\/strong>Si tratta di <strong>una 65enne di Codogno arrivata nella citt\u00e0 apuana dove possiede una seconda casa.<\/strong> La signora, giunta in auto, \u00e8 sempre rimasta all\u2019interno del proprio domicilio carrarino. Al momento ha tosse e un leggero stato febbrile, ma ieri sera il suo tampone \u00e8 risultato positivo.&nbsp;\u00c8 scattata la profilassi prevista, ma in questo caso, non avendo avuto ulteriori contatti con altri, non \u00e8 necessario ampliare il raggio degli accertamenti.<\/p>\n<p><strong>Il terzo nuovo caso \u00e8 quello di una giovane fiorentina<\/strong> che quattro giorni fa si \u00e8 recata a Milano. Al rientro il suo tampone \u00e8 risultato positivo. Attualmente <strong>\u00e8 ricoverata nel reparto malattie infettive del presidio fiorentino di Ponte a Niccheri,<\/strong> dove verr\u00e0 sopposta ad alcuni esami e ad una radiografia. Nel frattempo \u00e8 scattata l\u2019indagine epidemiologica tesa ad individuare i contatti che ha avuto in questi giorni.<\/p>\n<p><span style=\"text-decoration: underline;\"><strong>Pazienti stabili e in via di guarigione<\/strong><\/span><br \/>\u00c8 stabile la situazione relativa agli altri casi gi\u00e0 accertati, a partire dal primissimo caso di positivit\u00e0 in Toscana: le condizioni dell\u2019<strong>imprenditore fiorentino ricoverato a Firenze nel presidio di Ponte a Niccheri<\/strong>, risultano infatti stazionarie.<strong> Il suo vicino di casa, di origini brasiliane, \u00e8 ricoverato a Careggi in isolamento<\/strong> nel reparto di malattie infettive. Sta bene, \u00e8 asintomatico e anche per lui si \u00e8 in attesa della validazione da parte dell\u2019Istituto superiore di sanit\u00e0 ed \u00e8 possibile un suo invio a breve al suo domicilio, dove continuerebbe ad essere essistito.<br \/><strong>\u00c8&nbsp;sempre ricoverato nel reparto di malattie infettive dell\u2019ospedale S. Jacopo di Pistoia, il pesciatino, il primo paziente guarito.<\/strong> Viene comunque trattenuto in ospedale, a scopo precauzionale. <strong>Stanno migliorando le condizioni dello studente 26enne norvegese ricoverato a Ponte a Niccheri.<\/strong> Continua con l\u2019isolamento domiciliare e non ha pi\u00f9 febbre <strong>il 44enne di Torre del Lago rientrato con positivit\u00e0 da V\u00f2, in Lombardia<\/strong>.<\/p>\n<p><span style=\"text-decoration: underline;\"><strong>La situazione della squadra di calcio Pianese<\/strong><\/span><br \/>Nella Toscana del sud sono tre i soggetti positivi: <strong>il calciatore 23enne della Pianese<\/strong> (la squadra di Piancastagnaio) che \u00e8, stabile, in isolamento domiciliare. Poi c\u2019\u00e8<strong> l\u2019altro calciatore, che \u00e8 invece ricoverato al Policlinico Le Scotte di Siena<\/strong> le cui condizioni sono stazionarie. Infine<strong> il sessantenne magazziniere della squadra che si trova ricoverato nello stesso reparto<\/strong> e le cui condizioni sono al momento buone e stabili.<\/p>\n<p><span style=\"text-decoration: underline;\"><strong>921 persone in isolamento in tutta la Toscana<\/strong><\/span><br \/>Dal monitoraggio giornaliero risulta che in Toscana ci sono oggi 921 persone in isolamento domiciliare di cui 443 prese in carico attraverso i numeri dedicati attivati da ciascuna Asl. Si tratta di 202 casi nella Asl centro (Firenze \u2013 Empoli \u2013 Prato \u2013 Pistoia), di 120 casi nella Asl nord ovest (Lucca- Massa Carrara- Pisa \u2013 Livorno) e di 121 casi in quella sud est (Arezzo \u2013 Siena- Grosseto).<\/p>\n<p><span style=\"text-decoration: underline;\"><strong>Rinviata la partita Udinese-Fiorentina<\/strong><\/span><br \/>Udinese-Fiorentina non si disputer\u00e0 pi\u00f9 a porte chiuse sabato alle 18, bens\u00ec <strong>sar\u00e0 recuperata il 13 maggio prossimo come le altre gare che la Lega Calcio aveva inizialmente disposto si giocassero senza pubblico<\/strong> a causa dell\u2019emergenza per il corona virus. La decisione \u00e8 arrivata poco dopo mezzogiorno, dopo che la regione Friuli Venezia Giulia, attraverso il Governatore Massimiliano Fedriga, aveva nuovamente chiesto il rinvio della partita. <strong>Oltre alla sfida della Dacia Arena saranno dunque recuperate a maggio le gare Juventus-Inter, Parma-Spal, Milan-Genoa e Sassuolo Brescia<\/strong> oltre allo spostamento della finale di <strong>Coppa Italia al 20 maggio.<\/strong> La Fiorentina, che subito dopo il comunicato della Lega ha organizzato il viaggio di ritorno a Firenze, ha preso atto della decisione pur essendosi opposta al rinvio a luned\u00ec o all\u201911 marzo, altre date originariamente prese in considerazione per il rinvio.<\/p>\n<p><span style=\"text-decoration: underline;\"><strong>Firenze, musei civici aperti contro la &#8216;paura&#8217;<\/strong><\/span><br \/>Per dare un ulteriore segnale di apertura e di fiducia, oltre a confermare tutti gli spazi culturali, musei, cinema, mostre, biblioteche aperti, il sindaco di Firenze Dario Nardella e l&#8217;assessore alla cultura Tommaso Sacchi hanno deciso di aprire per tre giorni i musei civici gratuitamente a tutti. \u00abDal 6 all&#8217;8 marzo &#8211; spiegano &#8211; vogliamo lanciare un week end di apertura gratuita di tutti i nostri musei civici, da Palazzo Vecchio alla cappella Brancacci al museo Novecento. Cittadini fiorentini e turisti potranno approfittare di questa occasione e ritrovare nei nostri musei l&#8217;entusiasmo dell&#8217;essere comunit\u00e0 contro la paura\u00bb.<\/p>\n<p><strong>INFO UTILI<\/strong><br \/>Il numero verde istituito dalla Regione Toscana per fornire indicazioni sui percorsi e le iniziative sul tema del coronavirus \u00e8 il seguente: <strong>800 556060<\/strong> (attivo dal luned\u00ec al venerd\u00ec, dalle 9 alle 18). Esiste poi il numero di pubblica utilit\u00e0: 1500 (attivo 24 ore su 24).<br \/><strong>Per dichiarare di essere stati in Cina<\/strong>, i numeri da chiamare (attivi dalle 8 alle 20, anche con operatore e interprete cinese) sono questi: Asl Toscana centro (Firenze, Prato, Pistoia, Empoli) 055 5454777; Asl Toscana nord ovest (Pisa, Livorno, Lucca, Massa Carrara, Viareggio) 050 954444; Asl Toscana sud est (Arezzo, Grosseto, Siena) 800 579579.<br \/>Per maggiori informazioni, consultare la pagina dedicata al coronavirus sul sito di Regione Toscana all&#8217;indirizzo: <strong><a href=\"http:\/\/www.regione.toscana.it\/-\/coronavirus\">www.regione.toscana.it\/-\/coronavirus<\/a><\/strong><\/p>\n<p>&nbsp;<\/p>\n","protected":false},"excerpt":{"rendered":"<p>Si tratta di un 70enne in Lunigiana, una cittadina di Codogno che si trova a Carrara e una giovane fiorentina che nei giorni scorsi \u00e8 andata a Milano<\/p>\n","protected":false},"author":525,"featured_media":100356,"comment_status":"open","ping_status":"open","sticky":false,"template":"","format":"standard","meta":{"_acf_changed":false,"footnotes":""},"categories":[18],"tags":[418],"class_list":["post-62605","post","type-post","status-publish","format-standard","has-post-thumbnail","hentry","category-salute","tag-covid-19"],"acf":[],"yoast_head":"<!-- This site is optimized with the Yoast SEO Premium plugin v24.2 (Yoast SEO v25.6) - https:\/\/yoast.com\/wordpress\/plugins\/seo\/ -->\n<title>Coronavirus: 3 nuovi casi sospetti in Toscana, gli altri in via di guarigione - intoscana<\/title>\n<meta name=\"robots\" content=\"index, follow, max-snippet:-1, max-image-preview:large, max-video-preview:-1\" \/>\n<link rel=\"canonical\" href=\"https:\/\/www.intoscana.it\/it\/coronavirus-pianese\/\" \/>\n<meta property=\"og:locale\" content=\"it_IT\" \/>\n<meta property=\"og:type\" content=\"article\" \/>\n<meta property=\"og:title\" content=\"Coronavirus: 3 nuovi casi sospetti in Toscana, gli altri in via di guarigione\" \/>\n<meta property=\"og:description\" content=\"Si tratta di un 70enne in Lunigiana, una cittadina di Codogno che si trova a Carrara e una giovane fiorentina che nei giorni scorsi \u00e8 andata a Milano\" \/>\n<meta property=\"og:url\" content=\"https:\/\/www.intoscana.it\/it\/coronavirus-pianese\/\" \/>\n<meta property=\"og:site_name\" content=\"intoscana\" \/>\n<meta property=\"article:publisher\" content=\"https:\/\/www.facebook.com\/intoscana.it\" \/>\n<meta property=\"article:published_time\" content=\"2020-02-29T09:06:19+00:00\" \/>\n<meta property=\"article:modified_time\" content=\"2020-05-19T13:52:23+00:00\" \/>\n<meta property=\"og:image\" content=\"https:\/\/www.intoscana.it\/wp-content\/uploads\/coronavirus-1.jpg\" \/>\n\t<meta property=\"og:image:width\" content=\"1126\" \/>\n\t<meta property=\"og:image:height\" content=\"600\" \/>\n\t<meta property=\"og:image:type\" content=\"image\/jpeg\" \/>\n<meta name=\"author\" content=\"Redazione\" \/>\n<meta name=\"twitter:card\" content=\"summary_large_image\" \/>\n<meta name=\"twitter:creator\" content=\"@intoscana\" \/>\n<meta name=\"twitter:site\" content=\"@intoscana\" \/>\n<meta name=\"twitter:label1\" content=\"Written by\" \/>\n\t<meta name=\"twitter:data1\" content=\"Redazione\" \/>\n\t<meta name=\"twitter:label2\" content=\"Est. reading time\" \/>\n\t<meta name=\"twitter:data2\" content=\"4 minuti\" \/>\n<script type=\"application\/ld+json\" class=\"yoast-schema-graph\">{\"@context\":\"https:\/\/schema.org\",\"@graph\":[{\"@type\":\"WebPage\",\"@id\":\"https:\/\/www.intoscana.it\/it\/coronavirus-pianese\/\",\"url\":\"https:\/\/www.intoscana.it\/it\/coronavirus-pianese\/\",\"name\":\"Coronavirus: 3 nuovi casi sospetti in Toscana, gli altri in via di guarigione - intoscana\",\"isPartOf\":{\"@id\":\"https:\/\/www.intoscana.it\/it\/#website\"},\"primaryImageOfPage\":{\"@id\":\"https:\/\/www.intoscana.it\/it\/coronavirus-pianese\/#primaryimage\"},\"image\":{\"@id\":\"https:\/\/www.intoscana.it\/it\/coronavirus-pianese\/#primaryimage\"},\"thumbnailUrl\":\"https:\/\/www.intoscana.it\/wp-content\/uploads\/coronavirus-1.jpg\",\"datePublished\":\"2020-02-29T09:06:19+00:00\",\"dateModified\":\"2020-05-19T13:52:23+00:00\",\"author\":{\"@id\":\"https:\/\/www.intoscana.it\/it\/#\/schema\/person\/9223810753230f20bd670fdd322661f8\"},\"breadcrumb\":{\"@id\":\"https:\/\/www.intoscana.it\/it\/coronavirus-pianese\/#breadcrumb\"},\"inLanguage\":\"it-IT\",\"potentialAction\":[{\"@type\":\"ReadAction\",\"target\":[\"https:\/\/www.intoscana.it\/it\/coronavirus-pianese\/\"]}]},{\"@type\":\"ImageObject\",\"inLanguage\":\"it-IT\",\"@id\":\"https:\/\/www.intoscana.it\/it\/coronavirus-pianese\/#primaryimage\",\"url\":\"https:\/\/www.intoscana.it\/wp-content\/uploads\/coronavirus-1.jpg\",\"contentUrl\":\"https:\/\/www.intoscana.it\/wp-content\/uploads\/coronavirus-1.jpg\",\"width\":1126,\"height\":600,\"caption\":\"Coronavirus\"},{\"@type\":\"BreadcrumbList\",\"@id\":\"https:\/\/www.intoscana.it\/it\/coronavirus-pianese\/#breadcrumb\",\"itemListElement\":[{\"@type\":\"ListItem\",\"position\":1,\"name\":\"Home\",\"item\":\"https:\/\/www.intoscana.it\/it\/\"},{\"@type\":\"ListItem\",\"position\":2,\"name\":\"Coronavirus: 3 nuovi casi sospetti in Toscana, gli altri in via di guarigione\"}]},{\"@type\":\"WebSite\",\"@id\":\"https:\/\/www.intoscana.it\/it\/#website\",\"url\":\"https:\/\/www.intoscana.it\/it\/\",\"name\":\"intoscana\",\"description\":\"\",\"potentialAction\":[{\"@type\":\"SearchAction\",\"target\":{\"@type\":\"EntryPoint\",\"urlTemplate\":\"https:\/\/www.intoscana.it\/it\/?s={search_term_string}\"},\"query-input\":{\"@type\":\"PropertyValueSpecification\",\"valueRequired\":true,\"valueName\":\"search_term_string\"}}],\"inLanguage\":\"it-IT\"},{\"@type\":\"Person\",\"@id\":\"https:\/\/www.intoscana.it\/it\/#\/schema\/person\/9223810753230f20bd670fdd322661f8\",\"name\":\"Redazione\",\"url\":\"https:\/\/www.intoscana.it\/it\/author\/redazione\/\"}]}<\/script>\n<!-- \/ Yoast SEO Premium plugin. -->","yoast_head_json":{"title":"Coronavirus: 3 nuovi casi sospetti in Toscana, gli altri in via di guarigione - intoscana","robots":{"index":"index","follow":"follow","max-snippet":"max-snippet:-1","max-image-preview":"max-image-preview:large","max-video-preview":"max-video-preview:-1"},"canonical":"https:\/\/www.intoscana.it\/it\/coronavirus-pianese\/","og_locale":"it_IT","og_type":"article","og_title":"Coronavirus: 3 nuovi casi sospetti in Toscana, gli altri in via di guarigione","og_description":"Si tratta di un 70enne in Lunigiana, una cittadina di Codogno che si trova a Carrara e una giovane fiorentina che nei giorni scorsi \u00e8 andata a Milano","og_url":"https:\/\/www.intoscana.it\/it\/coronavirus-pianese\/","og_site_name":"intoscana","article_publisher":"https:\/\/www.facebook.com\/intoscana.it","article_published_time":"2020-02-29T09:06:19+00:00","article_modified_time":"2020-05-19T13:52:23+00:00","og_image":[{"width":1126,"height":600,"url":"https:\/\/www.intoscana.it\/wp-content\/uploads\/coronavirus-1.jpg","type":"image\/jpeg"}],"author":"Redazione","twitter_card":"summary_large_image","twitter_creator":"@intoscana","twitter_site":"@intoscana","twitter_misc":{"Written by":"Redazione","Est. reading time":"4 minuti"},"schema":{"@context":"https:\/\/schema.org","@graph":[{"@type":"WebPage","@id":"https:\/\/www.intoscana.it\/it\/coronavirus-pianese\/","url":"https:\/\/www.intoscana.it\/it\/coronavirus-pianese\/","name":"Coronavirus: 3 nuovi casi sospetti in Toscana, gli altri in via di guarigione - intoscana","isPartOf":{"@id":"https:\/\/www.intoscana.it\/it\/#website"},"primaryImageOfPage":{"@id":"https:\/\/www.intoscana.it\/it\/coronavirus-pianese\/#primaryimage"},"image":{"@id":"https:\/\/www.intoscana.it\/it\/coronavirus-pianese\/#primaryimage"},"thumbnailUrl":"https:\/\/www.intoscana.it\/wp-content\/uploads\/coronavirus-1.jpg","datePublished":"2020-02-29T09:06:19+00:00","dateModified":"2020-05-19T13:52:23+00:00","author":{"@id":"https:\/\/www.intoscana.it\/it\/#\/schema\/person\/9223810753230f20bd670fdd322661f8"},"breadcrumb":{"@id":"https:\/\/www.intoscana.it\/it\/coronavirus-pianese\/#breadcrumb"},"inLanguage":"it-IT","potentialAction":[{"@type":"ReadAction","target":["https:\/\/www.intoscana.it\/it\/coronavirus-pianese\/"]}]},{"@type":"ImageObject","inLanguage":"it-IT","@id":"https:\/\/www.intoscana.it\/it\/coronavirus-pianese\/#primaryimage","url":"https:\/\/www.intoscana.it\/wp-content\/uploads\/coronavirus-1.jpg","contentUrl":"https:\/\/www.intoscana.it\/wp-content\/uploads\/coronavirus-1.jpg","width":1126,"height":600,"caption":"Coronavirus"},{"@type":"BreadcrumbList","@id":"https:\/\/www.intoscana.it\/it\/coronavirus-pianese\/#breadcrumb","itemListElement":[{"@type":"ListItem","position":1,"name":"Home","item":"https:\/\/www.intoscana.it\/it\/"},{"@type":"ListItem","position":2,"name":"Coronavirus: 3 nuovi casi sospetti in Toscana, gli altri in via di guarigione"}]},{"@type":"WebSite","@id":"https:\/\/www.intoscana.it\/it\/#website","url":"https:\/\/www.intoscana.it\/it\/","name":"intoscana","description":"","potentialAction":[{"@type":"SearchAction","target":{"@type":"EntryPoint","urlTemplate":"https:\/\/www.intoscana.it\/it\/?s={search_term_string}"},"query-input":{"@type":"PropertyValueSpecification","valueRequired":true,"valueName":"search_term_string"}}],"inLanguage":"it-IT"},{"@type":"Person","@id":"https:\/\/www.intoscana.it\/it\/#\/schema\/person\/9223810753230f20bd670fdd322661f8","name":"Redazione","url":"https:\/\/www.intoscana.it\/it\/author\/redazione\/"}]}},"_links":{"self":[{"href":"https:\/\/www.intoscana.it\/it\/wp-json\/wp\/v2\/posts\/62605","targetHints":{"allow":["GET"]}}],"collection":[{"href":"https:\/\/www.intoscana.it\/it\/wp-json\/wp\/v2\/posts"}],"about":[{"href":"https:\/\/www.intoscana.it\/it\/wp-json\/wp\/v2\/types\/post"}],"author":[{"embeddable":true,"href":"https:\/\/www.intoscana.it\/it\/wp-json\/wp\/v2\/users\/525"}],"replies":[{"embeddable":true,"href":"https:\/\/www.intoscana.it\/it\/wp-json\/wp\/v2\/comments?post=62605"}],"version-history":[{"count":0,"href":"https:\/\/www.intoscana.it\/it\/wp-json\/wp\/v2\/posts\/62605\/revisions"}],"wp:featuredmedia":[{"embeddable":true,"href":"https:\/\/www.intoscana.it\/it\/wp-json\/wp\/v2\/media\/100356"}],"wp:attachment":[{"href":"https:\/\/www.intoscana.it\/it\/wp-json\/wp\/v2\/media?parent=62605"}],"wp:term":[{"taxonomy":"category","embeddable":true,"href":"https:\/\/www.intoscana.it\/it\/wp-json\/wp\/v2\/categories?post=62605"},{"taxonomy":"post_tag","embeddable":true,"href":"https:\/\/www.intoscana.it\/it\/wp-json\/wp\/v2\/tags?post=62605"}],"curies":[{"name":"wp","href":"https:\/\/api.w.org\/{rel}","templated":true}]}}