{"id":62607,"date":"2020-02-26T16:15:20","date_gmt":"2020-02-26T16:15:20","guid":{"rendered":"http:\/\/www.intoscana.it\/coronavirus-600mila-mascherine-per-le-asl-della-toscana\/"},"modified":"2020-05-19T15:52:24","modified_gmt":"2020-05-19T13:52:24","slug":"coronavirus-mascherine-toscana","status":"publish","type":"post","link":"https:\/\/www.intoscana.it\/it\/coronavirus-mascherine-toscana\/","title":{"rendered":"Coronavirus, 600mila mascherine per le Asl della Toscana"},"content":{"rendered":"<p>Nell&#8217;ultimo mese sono circa <strong>600mila le mascherine<\/strong> consegnate da Estar (Ente di supporto tecnico amministrativo regionale) a tutte le Aziende sanitarie della Toscana. Lo rende noto la Regione Toscana. <strong>Consegnati, tra l&#8217;altro, anche 459mila camici, 12,6 milioni di guanti, oltre 50mila dispenser per il lavaggio delle mani e 4mila tute<\/strong>. Rispetto ad un consumo standard mensile, secondo la Regione, i vari tipi di mascherine hanno registrato un incremento anche del 395%.<\/p>\n<p><strong>Negli ultimi giorni, per venire incontro alle esigenze delle Asl, sono stati inoltre approntati kit specifici per operatori del 118 e altri kit dedicati ai medici di famiglia<\/strong>, ai pediatri di libera scelta e ai medici di continuit\u00e0. Nonostante queste consegne, le necessit\u00e0 di approvvigionamento rimangono a tutt&#8217;oggi estremamente elevate, ed \u00e8 per questo che sono gi\u00e0 stati inviati ordini che possano coprire le richieste per almeno un mese di intensa attivit\u00e0. Per esempio, 867mila camici, 27mila mascherine Ffp2, 1,5 milioni di mascherine chirurgiche (Tnt).<\/p>\n<p>Infine l&#8217;assessore toscano al diritto alla salute, <strong>Stefania Saccardi<\/strong>, in una comunicazione in Consiglio regionale, ieri ha reso noto che negli ospedali toscani <strong>sono disponibili 209 letti di malattie infettive e 445 letti di terapia intensiva e sub-intensiva.<\/strong><\/p>\n<p>Gli ospedali toscani dotati di letti di malattie infettive sono dodici: Ospedale San Jacopo &#8211; Pistoia, Nuovo Ospedale S. Stefano &#8211; Prato, Ospedale S.M. Annunziata &#8211; Ponte a Niccheri, AOU Careggi, AOU Meyer (<strong>area vasta centro, 78 posti<\/strong>); SS. Giacomo e Cristoforo, Massa, Ospedale San Luca &#8211; Lucca, Riuniti &#8211; Livorno, AOU Pisana (<strong>area vasta nord-ovest, 66 posti<\/strong>); Area Aretina Nord &#8211; Arezzo, Misericordia Grosseto, AOU Senese (<strong>area vasta sud-est, 65 posti<\/strong>).<\/p>\n","protected":false},"excerpt":{"rendered":"<p>Con il virus aumenta l&#8217;uso delle mascherine: pi\u00f9 395%. Consegnati anche 13 milioni di guanti. Negli ospedali toscani 209 posti letto per malattie infettive e 445 per terapia intensiva<\/p>\n","protected":false},"author":525,"featured_media":100358,"comment_status":"open","ping_status":"open","sticky":false,"template":"","format":"standard","meta":{"_acf_changed":false,"footnotes":""},"categories":[18],"tags":[418,151,134,349],"class_list":["post-62607","post","type-post","status-publish","format-standard","has-post-thumbnail","hentry","category-salute","tag-covid-19","tag-regione-toscana","tag-salute","tag-sanita"],"acf":[],"yoast_head":"<!-- This site is optimized with the Yoast SEO Premium plugin v24.2 (Yoast SEO v25.6) - https:\/\/yoast.com\/wordpress\/plugins\/seo\/ -->\n<title>Coronavirus, 600mila mascherine per le Asl della Toscana - intoscana<\/title>\n<meta name=\"robots\" content=\"index, follow, max-snippet:-1, max-image-preview:large, max-video-preview:-1\" \/>\n<link rel=\"canonical\" href=\"https:\/\/www.intoscana.it\/it\/coronavirus-mascherine-toscana\/\" \/>\n<meta property=\"og:locale\" content=\"it_IT\" \/>\n<meta property=\"og:type\" content=\"article\" \/>\n<meta property=\"og:title\" content=\"Coronavirus, 600mila mascherine per le Asl della Toscana\" \/>\n<meta property=\"og:description\" content=\"Con il virus aumenta l&#039;uso delle mascherine: pi\u00f9 395%. Consegnati anche 13 milioni di guanti. Negli ospedali toscani 209 posti letto per malattie infettive e 445 per terapia intensiva\" \/>\n<meta property=\"og:url\" content=\"https:\/\/www.intoscana.it\/it\/coronavirus-mascherine-toscana\/\" \/>\n<meta property=\"og:site_name\" content=\"intoscana\" \/>\n<meta property=\"article:publisher\" content=\"https:\/\/www.facebook.com\/intoscana.it\" \/>\n<meta property=\"article:published_time\" content=\"2020-02-26T16:15:20+00:00\" \/>\n<meta property=\"article:modified_time\" content=\"2020-05-19T13:52:24+00:00\" \/>\n<meta property=\"og:image\" content=\"https:\/\/www.intoscana.it\/wp-content\/uploads\/mascherine-nuove-toscana-coronavirus-1.jpg\" \/>\n\t<meta property=\"og:image:width\" content=\"1000\" \/>\n\t<meta property=\"og:image:height\" content=\"667\" \/>\n\t<meta property=\"og:image:type\" content=\"image\/jpeg\" \/>\n<meta name=\"author\" content=\"Redazione\" \/>\n<meta name=\"twitter:card\" content=\"summary_large_image\" \/>\n<meta name=\"twitter:creator\" content=\"@intoscana\" \/>\n<meta name=\"twitter:site\" content=\"@intoscana\" \/>\n<meta name=\"twitter:label1\" content=\"Written by\" \/>\n\t<meta name=\"twitter:data1\" content=\"Redazione\" \/>\n\t<meta name=\"twitter:label2\" content=\"Est. reading time\" \/>\n\t<meta name=\"twitter:data2\" content=\"1 minuto\" \/>\n<script type=\"application\/ld+json\" class=\"yoast-schema-graph\">{\"@context\":\"https:\/\/schema.org\",\"@graph\":[{\"@type\":\"WebPage\",\"@id\":\"https:\/\/www.intoscana.it\/it\/coronavirus-mascherine-toscana\/\",\"url\":\"https:\/\/www.intoscana.it\/it\/coronavirus-mascherine-toscana\/\",\"name\":\"Coronavirus, 600mila mascherine per le Asl della Toscana - intoscana\",\"isPartOf\":{\"@id\":\"https:\/\/www.intoscana.it\/it\/#website\"},\"primaryImageOfPage\":{\"@id\":\"https:\/\/www.intoscana.it\/it\/coronavirus-mascherine-toscana\/#primaryimage\"},\"image\":{\"@id\":\"https:\/\/www.intoscana.it\/it\/coronavirus-mascherine-toscana\/#primaryimage\"},\"thumbnailUrl\":\"https:\/\/www.intoscana.it\/wp-content\/uploads\/mascherine-nuove-toscana-coronavirus-1.jpg\",\"datePublished\":\"2020-02-26T16:15:20+00:00\",\"dateModified\":\"2020-05-19T13:52:24+00:00\",\"author\":{\"@id\":\"https:\/\/www.intoscana.it\/it\/#\/schema\/person\/9223810753230f20bd670fdd322661f8\"},\"breadcrumb\":{\"@id\":\"https:\/\/www.intoscana.it\/it\/coronavirus-mascherine-toscana\/#breadcrumb\"},\"inLanguage\":\"it-IT\",\"potentialAction\":[{\"@type\":\"ReadAction\",\"target\":[\"https:\/\/www.intoscana.it\/it\/coronavirus-mascherine-toscana\/\"]}]},{\"@type\":\"ImageObject\",\"inLanguage\":\"it-IT\",\"@id\":\"https:\/\/www.intoscana.it\/it\/coronavirus-mascherine-toscana\/#primaryimage\",\"url\":\"https:\/\/www.intoscana.it\/wp-content\/uploads\/mascherine-nuove-toscana-coronavirus-1.jpg\",\"contentUrl\":\"https:\/\/www.intoscana.it\/wp-content\/uploads\/mascherine-nuove-toscana-coronavirus-1.jpg\",\"width\":1000,\"height\":667},{\"@type\":\"BreadcrumbList\",\"@id\":\"https:\/\/www.intoscana.it\/it\/coronavirus-mascherine-toscana\/#breadcrumb\",\"itemListElement\":[{\"@type\":\"ListItem\",\"position\":1,\"name\":\"Home\",\"item\":\"https:\/\/www.intoscana.it\/it\/\"},{\"@type\":\"ListItem\",\"position\":2,\"name\":\"Coronavirus, 600mila mascherine per le Asl della Toscana\"}]},{\"@type\":\"WebSite\",\"@id\":\"https:\/\/www.intoscana.it\/it\/#website\",\"url\":\"https:\/\/www.intoscana.it\/it\/\",\"name\":\"intoscana\",\"description\":\"\",\"potentialAction\":[{\"@type\":\"SearchAction\",\"target\":{\"@type\":\"EntryPoint\",\"urlTemplate\":\"https:\/\/www.intoscana.it\/it\/?s={search_term_string}\"},\"query-input\":{\"@type\":\"PropertyValueSpecification\",\"valueRequired\":true,\"valueName\":\"search_term_string\"}}],\"inLanguage\":\"it-IT\"},{\"@type\":\"Person\",\"@id\":\"https:\/\/www.intoscana.it\/it\/#\/schema\/person\/9223810753230f20bd670fdd322661f8\",\"name\":\"Redazione\",\"url\":\"https:\/\/www.intoscana.it\/it\/author\/redazione\/\"}]}<\/script>\n<!-- \/ Yoast SEO Premium plugin. -->","yoast_head_json":{"title":"Coronavirus, 600mila mascherine per le Asl della Toscana - intoscana","robots":{"index":"index","follow":"follow","max-snippet":"max-snippet:-1","max-image-preview":"max-image-preview:large","max-video-preview":"max-video-preview:-1"},"canonical":"https:\/\/www.intoscana.it\/it\/coronavirus-mascherine-toscana\/","og_locale":"it_IT","og_type":"article","og_title":"Coronavirus, 600mila mascherine per le Asl della Toscana","og_description":"Con il virus aumenta l'uso delle mascherine: pi\u00f9 395%. Consegnati anche 13 milioni di guanti. Negli ospedali toscani 209 posti letto per malattie infettive e 445 per terapia intensiva","og_url":"https:\/\/www.intoscana.it\/it\/coronavirus-mascherine-toscana\/","og_site_name":"intoscana","article_publisher":"https:\/\/www.facebook.com\/intoscana.it","article_published_time":"2020-02-26T16:15:20+00:00","article_modified_time":"2020-05-19T13:52:24+00:00","og_image":[{"width":1000,"height":667,"url":"https:\/\/www.intoscana.it\/wp-content\/uploads\/mascherine-nuove-toscana-coronavirus-1.jpg","type":"image\/jpeg"}],"author":"Redazione","twitter_card":"summary_large_image","twitter_creator":"@intoscana","twitter_site":"@intoscana","twitter_misc":{"Written by":"Redazione","Est. reading time":"1 minuto"},"schema":{"@context":"https:\/\/schema.org","@graph":[{"@type":"WebPage","@id":"https:\/\/www.intoscana.it\/it\/coronavirus-mascherine-toscana\/","url":"https:\/\/www.intoscana.it\/it\/coronavirus-mascherine-toscana\/","name":"Coronavirus, 600mila mascherine per le Asl della Toscana - intoscana","isPartOf":{"@id":"https:\/\/www.intoscana.it\/it\/#website"},"primaryImageOfPage":{"@id":"https:\/\/www.intoscana.it\/it\/coronavirus-mascherine-toscana\/#primaryimage"},"image":{"@id":"https:\/\/www.intoscana.it\/it\/coronavirus-mascherine-toscana\/#primaryimage"},"thumbnailUrl":"https:\/\/www.intoscana.it\/wp-content\/uploads\/mascherine-nuove-toscana-coronavirus-1.jpg","datePublished":"2020-02-26T16:15:20+00:00","dateModified":"2020-05-19T13:52:24+00:00","author":{"@id":"https:\/\/www.intoscana.it\/it\/#\/schema\/person\/9223810753230f20bd670fdd322661f8"},"breadcrumb":{"@id":"https:\/\/www.intoscana.it\/it\/coronavirus-mascherine-toscana\/#breadcrumb"},"inLanguage":"it-IT","potentialAction":[{"@type":"ReadAction","target":["https:\/\/www.intoscana.it\/it\/coronavirus-mascherine-toscana\/"]}]},{"@type":"ImageObject","inLanguage":"it-IT","@id":"https:\/\/www.intoscana.it\/it\/coronavirus-mascherine-toscana\/#primaryimage","url":"https:\/\/www.intoscana.it\/wp-content\/uploads\/mascherine-nuove-toscana-coronavirus-1.jpg","contentUrl":"https:\/\/www.intoscana.it\/wp-content\/uploads\/mascherine-nuove-toscana-coronavirus-1.jpg","width":1000,"height":667},{"@type":"BreadcrumbList","@id":"https:\/\/www.intoscana.it\/it\/coronavirus-mascherine-toscana\/#breadcrumb","itemListElement":[{"@type":"ListItem","position":1,"name":"Home","item":"https:\/\/www.intoscana.it\/it\/"},{"@type":"ListItem","position":2,"name":"Coronavirus, 600mila mascherine per le Asl della Toscana"}]},{"@type":"WebSite","@id":"https:\/\/www.intoscana.it\/it\/#website","url":"https:\/\/www.intoscana.it\/it\/","name":"intoscana","description":"","potentialAction":[{"@type":"SearchAction","target":{"@type":"EntryPoint","urlTemplate":"https:\/\/www.intoscana.it\/it\/?s={search_term_string}"},"query-input":{"@type":"PropertyValueSpecification","valueRequired":true,"valueName":"search_term_string"}}],"inLanguage":"it-IT"},{"@type":"Person","@id":"https:\/\/www.intoscana.it\/it\/#\/schema\/person\/9223810753230f20bd670fdd322661f8","name":"Redazione","url":"https:\/\/www.intoscana.it\/it\/author\/redazione\/"}]}},"_links":{"self":[{"href":"https:\/\/www.intoscana.it\/it\/wp-json\/wp\/v2\/posts\/62607","targetHints":{"allow":["GET"]}}],"collection":[{"href":"https:\/\/www.intoscana.it\/it\/wp-json\/wp\/v2\/posts"}],"about":[{"href":"https:\/\/www.intoscana.it\/it\/wp-json\/wp\/v2\/types\/post"}],"author":[{"embeddable":true,"href":"https:\/\/www.intoscana.it\/it\/wp-json\/wp\/v2\/users\/525"}],"replies":[{"embeddable":true,"href":"https:\/\/www.intoscana.it\/it\/wp-json\/wp\/v2\/comments?post=62607"}],"version-history":[{"count":0,"href":"https:\/\/www.intoscana.it\/it\/wp-json\/wp\/v2\/posts\/62607\/revisions"}],"wp:featuredmedia":[{"embeddable":true,"href":"https:\/\/www.intoscana.it\/it\/wp-json\/wp\/v2\/media\/100358"}],"wp:attachment":[{"href":"https:\/\/www.intoscana.it\/it\/wp-json\/wp\/v2\/media?parent=62607"}],"wp:term":[{"taxonomy":"category","embeddable":true,"href":"https:\/\/www.intoscana.it\/it\/wp-json\/wp\/v2\/categories?post=62607"},{"taxonomy":"post_tag","embeddable":true,"href":"https:\/\/www.intoscana.it\/it\/wp-json\/wp\/v2\/tags?post=62607"}],"curies":[{"name":"wp","href":"https:\/\/api.w.org\/{rel}","templated":true}]}}