{"id":62611,"date":"2020-03-19T18:20:02","date_gmt":"2020-03-19T18:20:02","guid":{"rendered":"http:\/\/www.intoscana.it\/coronavirus-in-arrivo-altre-130-000-mascherine-nuova-ordinanza\/"},"modified":"2020-05-19T15:52:25","modified_gmt":"2020-05-19T13:52:25","slug":"coronavirus-mascherine-toscane","status":"publish","type":"post","link":"https:\/\/www.intoscana.it\/it\/coronavirus-mascherine-toscane\/","title":{"rendered":"Coronavirus, in arrivo altre 130.000 mascherine. Nuova ordinanza"},"content":{"rendered":"<p>Il presidente Rossi l\u2019aveva anticipato domenica scorsa, il 15 marzo, quando montava la polemica da parte di infermieri e medici sulle mascherine chirurgiche della Protezione Civile nazionale e sulla loro adeguatezza.<\/p>\n<p><strong>Ed eccole le istruzioni toscane all\u2019uso dei vari dispositivi, allegate alla nuova ordinanza (la n. 17 del 19 marzo)<\/strong>, ma anche i risultati delle analisi di laboratorio eseguite dall\u2019universit\u00e0 sulle mascherine fatte produrre dalla Regione. Perch\u00e9 in questo momento di emergenza sanitaria, aveva spiegato gi\u00e0 nei giorni scorsi il presidente, \u00abdobbiamo utilizzare tutto quello che abbiamo a disposizione\u00bb, anche se privo o mancante dell\u2019ultimo timbro.<\/p>\n<p>Domani, venerd\u00ec 20 marzo, <strong>dagli uffici della giunta fanno sapere che saranno distribuite altre altre 129mila mascherina: 35mila marchiate CE, 54mila \u2018autoprodotte\u2019 in Toscana e 40mila della Protezione civile.<\/strong><\/p>\n<p>Prima si usino naturalmente quelle chirurgiche marchiate CE (per la precisione CE UNI EN 149:2009), si scrive nell\u2019ordinanza; ma poi, se quelle a disposizione nei magazzini Estar marchiate CE &#8211; che la centrale d\u2019acquisto sta cercando ovunque e con ogni sforzo &#8211; non saranno a sufficienza, i sanitari utilizzino in ospedale quelle di tessuto che la Regione sta facendo produrre: sicure e gi\u00e0 testate dal dipartimento di chimica dell\u2019universit\u00e0 di Firenze, sia pur in attesa di validazione da parte dell\u2019istituto superiore di sanit\u00e0 come quelle della Protezione civile.<\/p>\n<p><strong>Del resto non si tratta di dispositivi non controllati.<\/strong> Il laboratorio dell\u2019universit\u00e0 attesta che le mascherine \u2018toscane\u2019 sono in grado di bloccare in ambo i sensi qualsiasi particella pi\u00f9 grande di due millesimi di millimetro. Fino ad un millesimo di millimetro la percentuale di filtraggio oscilla tra il 99,7 e il 99,5 per cento, a mezzo millesimo di millimetro scende a 97,1 dall\u2019interno all\u2019esterno e al 95,8 dall\u2019esterno all\u2019interno, sotto tre millesimi di millimetro risale al 98 e 96,9 per cento. Sono compatibili con i requisiti di sicurezza delle mascherine chirurgiche marchiate.<\/p>\n<p><strong>Naturalmente le mascherine vanno utilizzate in modo corretto.<\/strong> Mentre si indossano e dopo averle tolte dalla confezione, va evitato di toccarle con le mani e, se proprio necessario, conviene lavarsele prima e dopo. Altrettanta cautela va impiegata nel tirarle via: lavarsi di nuovo le mani, sciogliere i lacci (prima quelli in basso), gettare la mascherina in un sacchetto di raccolta dedicato guardando bene di non toccarla all\u2019interno, lavarsi ancora le mani.<\/p>\n<p><strong>Le mascherine sono monouso.<\/strong> Appena si inumidiscono con il respiro e in ogni caso alla fine del turno vanno gettate. Vanno utilizzate, si raccomanda nell\u2019allegato all\u2019ordinanza, quando non sia possibile mantenere la distanza di sicurezza da altre persone.<\/p>\n<p><strong>Intanto il presidente Rossi lancia un nuovo appello per un &#8220;prestito di solidariet\u00e0&#8221; alle aziende che usano, per i loro processi, mascherine con filtro FFP2 e FFP3 e i cui stabilimenti in questo momento sono chiusi.<\/strong> \u00abPrestate i dispositivi che avete in magazzino al Servizio sanitario nazionale &#8211; propone Rossi &#8211; e quando gli approvvigionamenti saranno pi\u00f9 costanti la Regione provveder\u00e0 a restituire questo prestito\u00bb.<\/p>\n<p><strong>Le aziende a cui si rivolge riguardano pi\u00f9 settori, come ad esempio quello orafo o che ha a che fare con cromature galvaniche.<\/strong> L\u2019appello e l\u2019invito a sottoscrivere un patto \u00e8 contenuto in un manifesto predisposto in queste ore e gi\u00e0 on-line.<\/p>\n<p>Le mascherine FFP2 e FFP3 sono dispositivi di protezione individuale preziosi per le attivit\u00e0 chirurgiche complesse. Anche alcune migliaia di mascherine in pi\u00f9 possono essere importantissime per tutti gli operatori sanitari in prima linea contro il coronavirus. <strong>Le aziende che intendono raccogliere l\u2019appello possono telefonare al 335.440659 oppure scrivere a d.testi@estar.toscana.it<\/strong>. \u00abInsieme \u2013 conclude Rossi \u2013 ce la possiamo fare\u00bb.<\/p>\n","protected":false},"excerpt":{"rendered":"<p>Dalla Regione Toscana distribuite 35mila mascherine marchiate CE, 54mila autoprodotte e 40mila della Protezione civile. Appello alle aziende chiuse: &#8216;Prestate alla Regione le vostre mascherine&#8217;<\/p>\n","protected":false},"author":525,"featured_media":100362,"comment_status":"open","ping_status":"open","sticky":false,"template":"","format":"standard","meta":{"_acf_changed":false,"footnotes":""},"categories":[18],"tags":[418,151,134,349],"class_list":["post-62611","post","type-post","status-publish","format-standard","has-post-thumbnail","hentry","category-salute","tag-covid-19","tag-regione-toscana","tag-salute","tag-sanita"],"acf":[],"yoast_head":"<!-- This site is optimized with the Yoast SEO Premium plugin v24.2 (Yoast SEO v25.6) - https:\/\/yoast.com\/wordpress\/plugins\/seo\/ -->\n<title>Coronavirus, in arrivo altre 130.000 mascherine. Nuova ordinanza - intoscana<\/title>\n<meta name=\"robots\" content=\"index, follow, max-snippet:-1, max-image-preview:large, max-video-preview:-1\" \/>\n<link rel=\"canonical\" href=\"https:\/\/www.intoscana.it\/it\/coronavirus-mascherine-toscane\/\" \/>\n<meta property=\"og:locale\" content=\"it_IT\" \/>\n<meta property=\"og:type\" content=\"article\" \/>\n<meta property=\"og:title\" content=\"Coronavirus, in arrivo altre 130.000 mascherine. Nuova ordinanza\" \/>\n<meta property=\"og:description\" content=\"Dalla Regione Toscana distribuite 35mila mascherine marchiate CE, 54mila autoprodotte e 40mila della Protezione civile. Appello alle aziende chiuse: &#039;Prestate alla Regione le vostre mascherine&#039;\" \/>\n<meta property=\"og:url\" content=\"https:\/\/www.intoscana.it\/it\/coronavirus-mascherine-toscane\/\" \/>\n<meta property=\"og:site_name\" content=\"intoscana\" \/>\n<meta property=\"article:publisher\" content=\"https:\/\/www.facebook.com\/intoscana.it\" \/>\n<meta property=\"article:published_time\" content=\"2020-03-19T18:20:02+00:00\" \/>\n<meta property=\"article:modified_time\" content=\"2020-05-19T13:52:25+00:00\" \/>\n<meta property=\"og:image\" content=\"https:\/\/www.intoscana.it\/wp-content\/uploads\/mascherina-coronavirus-toscana.jpg\" \/>\n\t<meta property=\"og:image:width\" content=\"1000\" \/>\n\t<meta property=\"og:image:height\" content=\"682\" \/>\n\t<meta property=\"og:image:type\" content=\"image\/jpeg\" \/>\n<meta name=\"author\" content=\"Redazione\" \/>\n<meta name=\"twitter:card\" content=\"summary_large_image\" \/>\n<meta name=\"twitter:creator\" content=\"@intoscana\" \/>\n<meta name=\"twitter:site\" content=\"@intoscana\" \/>\n<meta name=\"twitter:label1\" content=\"Written by\" \/>\n\t<meta name=\"twitter:data1\" content=\"Redazione\" \/>\n\t<meta name=\"twitter:label2\" content=\"Est. reading time\" \/>\n\t<meta name=\"twitter:data2\" content=\"3 minuti\" \/>\n<script type=\"application\/ld+json\" class=\"yoast-schema-graph\">{\"@context\":\"https:\/\/schema.org\",\"@graph\":[{\"@type\":\"WebPage\",\"@id\":\"https:\/\/www.intoscana.it\/it\/coronavirus-mascherine-toscane\/\",\"url\":\"https:\/\/www.intoscana.it\/it\/coronavirus-mascherine-toscane\/\",\"name\":\"Coronavirus, in arrivo altre 130.000 mascherine. Nuova ordinanza - intoscana\",\"isPartOf\":{\"@id\":\"https:\/\/www.intoscana.it\/it\/#website\"},\"primaryImageOfPage\":{\"@id\":\"https:\/\/www.intoscana.it\/it\/coronavirus-mascherine-toscane\/#primaryimage\"},\"image\":{\"@id\":\"https:\/\/www.intoscana.it\/it\/coronavirus-mascherine-toscane\/#primaryimage\"},\"thumbnailUrl\":\"https:\/\/www.intoscana.it\/wp-content\/uploads\/mascherina-coronavirus-toscana.jpg\",\"datePublished\":\"2020-03-19T18:20:02+00:00\",\"dateModified\":\"2020-05-19T13:52:25+00:00\",\"author\":{\"@id\":\"https:\/\/www.intoscana.it\/it\/#\/schema\/person\/9223810753230f20bd670fdd322661f8\"},\"breadcrumb\":{\"@id\":\"https:\/\/www.intoscana.it\/it\/coronavirus-mascherine-toscane\/#breadcrumb\"},\"inLanguage\":\"it-IT\",\"potentialAction\":[{\"@type\":\"ReadAction\",\"target\":[\"https:\/\/www.intoscana.it\/it\/coronavirus-mascherine-toscane\/\"]}]},{\"@type\":\"ImageObject\",\"inLanguage\":\"it-IT\",\"@id\":\"https:\/\/www.intoscana.it\/it\/coronavirus-mascherine-toscane\/#primaryimage\",\"url\":\"https:\/\/www.intoscana.it\/wp-content\/uploads\/mascherina-coronavirus-toscana.jpg\",\"contentUrl\":\"https:\/\/www.intoscana.it\/wp-content\/uploads\/mascherina-coronavirus-toscana.jpg\",\"width\":1000,\"height\":682},{\"@type\":\"BreadcrumbList\",\"@id\":\"https:\/\/www.intoscana.it\/it\/coronavirus-mascherine-toscane\/#breadcrumb\",\"itemListElement\":[{\"@type\":\"ListItem\",\"position\":1,\"name\":\"Home\",\"item\":\"https:\/\/www.intoscana.it\/it\/\"},{\"@type\":\"ListItem\",\"position\":2,\"name\":\"Coronavirus, in arrivo altre 130.000 mascherine. Nuova ordinanza\"}]},{\"@type\":\"WebSite\",\"@id\":\"https:\/\/www.intoscana.it\/it\/#website\",\"url\":\"https:\/\/www.intoscana.it\/it\/\",\"name\":\"intoscana\",\"description\":\"\",\"potentialAction\":[{\"@type\":\"SearchAction\",\"target\":{\"@type\":\"EntryPoint\",\"urlTemplate\":\"https:\/\/www.intoscana.it\/it\/?s={search_term_string}\"},\"query-input\":{\"@type\":\"PropertyValueSpecification\",\"valueRequired\":true,\"valueName\":\"search_term_string\"}}],\"inLanguage\":\"it-IT\"},{\"@type\":\"Person\",\"@id\":\"https:\/\/www.intoscana.it\/it\/#\/schema\/person\/9223810753230f20bd670fdd322661f8\",\"name\":\"Redazione\",\"url\":\"https:\/\/www.intoscana.it\/it\/author\/redazione\/\"}]}<\/script>\n<!-- \/ Yoast SEO Premium plugin. -->","yoast_head_json":{"title":"Coronavirus, in arrivo altre 130.000 mascherine. Nuova ordinanza - intoscana","robots":{"index":"index","follow":"follow","max-snippet":"max-snippet:-1","max-image-preview":"max-image-preview:large","max-video-preview":"max-video-preview:-1"},"canonical":"https:\/\/www.intoscana.it\/it\/coronavirus-mascherine-toscane\/","og_locale":"it_IT","og_type":"article","og_title":"Coronavirus, in arrivo altre 130.000 mascherine. Nuova ordinanza","og_description":"Dalla Regione Toscana distribuite 35mila mascherine marchiate CE, 54mila autoprodotte e 40mila della Protezione civile. Appello alle aziende chiuse: 'Prestate alla Regione le vostre mascherine'","og_url":"https:\/\/www.intoscana.it\/it\/coronavirus-mascherine-toscane\/","og_site_name":"intoscana","article_publisher":"https:\/\/www.facebook.com\/intoscana.it","article_published_time":"2020-03-19T18:20:02+00:00","article_modified_time":"2020-05-19T13:52:25+00:00","og_image":[{"width":1000,"height":682,"url":"https:\/\/www.intoscana.it\/wp-content\/uploads\/mascherina-coronavirus-toscana.jpg","type":"image\/jpeg"}],"author":"Redazione","twitter_card":"summary_large_image","twitter_creator":"@intoscana","twitter_site":"@intoscana","twitter_misc":{"Written by":"Redazione","Est. reading time":"3 minuti"},"schema":{"@context":"https:\/\/schema.org","@graph":[{"@type":"WebPage","@id":"https:\/\/www.intoscana.it\/it\/coronavirus-mascherine-toscane\/","url":"https:\/\/www.intoscana.it\/it\/coronavirus-mascherine-toscane\/","name":"Coronavirus, in arrivo altre 130.000 mascherine. Nuova ordinanza - intoscana","isPartOf":{"@id":"https:\/\/www.intoscana.it\/it\/#website"},"primaryImageOfPage":{"@id":"https:\/\/www.intoscana.it\/it\/coronavirus-mascherine-toscane\/#primaryimage"},"image":{"@id":"https:\/\/www.intoscana.it\/it\/coronavirus-mascherine-toscane\/#primaryimage"},"thumbnailUrl":"https:\/\/www.intoscana.it\/wp-content\/uploads\/mascherina-coronavirus-toscana.jpg","datePublished":"2020-03-19T18:20:02+00:00","dateModified":"2020-05-19T13:52:25+00:00","author":{"@id":"https:\/\/www.intoscana.it\/it\/#\/schema\/person\/9223810753230f20bd670fdd322661f8"},"breadcrumb":{"@id":"https:\/\/www.intoscana.it\/it\/coronavirus-mascherine-toscane\/#breadcrumb"},"inLanguage":"it-IT","potentialAction":[{"@type":"ReadAction","target":["https:\/\/www.intoscana.it\/it\/coronavirus-mascherine-toscane\/"]}]},{"@type":"ImageObject","inLanguage":"it-IT","@id":"https:\/\/www.intoscana.it\/it\/coronavirus-mascherine-toscane\/#primaryimage","url":"https:\/\/www.intoscana.it\/wp-content\/uploads\/mascherina-coronavirus-toscana.jpg","contentUrl":"https:\/\/www.intoscana.it\/wp-content\/uploads\/mascherina-coronavirus-toscana.jpg","width":1000,"height":682},{"@type":"BreadcrumbList","@id":"https:\/\/www.intoscana.it\/it\/coronavirus-mascherine-toscane\/#breadcrumb","itemListElement":[{"@type":"ListItem","position":1,"name":"Home","item":"https:\/\/www.intoscana.it\/it\/"},{"@type":"ListItem","position":2,"name":"Coronavirus, in arrivo altre 130.000 mascherine. Nuova ordinanza"}]},{"@type":"WebSite","@id":"https:\/\/www.intoscana.it\/it\/#website","url":"https:\/\/www.intoscana.it\/it\/","name":"intoscana","description":"","potentialAction":[{"@type":"SearchAction","target":{"@type":"EntryPoint","urlTemplate":"https:\/\/www.intoscana.it\/it\/?s={search_term_string}"},"query-input":{"@type":"PropertyValueSpecification","valueRequired":true,"valueName":"search_term_string"}}],"inLanguage":"it-IT"},{"@type":"Person","@id":"https:\/\/www.intoscana.it\/it\/#\/schema\/person\/9223810753230f20bd670fdd322661f8","name":"Redazione","url":"https:\/\/www.intoscana.it\/it\/author\/redazione\/"}]}},"_links":{"self":[{"href":"https:\/\/www.intoscana.it\/it\/wp-json\/wp\/v2\/posts\/62611","targetHints":{"allow":["GET"]}}],"collection":[{"href":"https:\/\/www.intoscana.it\/it\/wp-json\/wp\/v2\/posts"}],"about":[{"href":"https:\/\/www.intoscana.it\/it\/wp-json\/wp\/v2\/types\/post"}],"author":[{"embeddable":true,"href":"https:\/\/www.intoscana.it\/it\/wp-json\/wp\/v2\/users\/525"}],"replies":[{"embeddable":true,"href":"https:\/\/www.intoscana.it\/it\/wp-json\/wp\/v2\/comments?post=62611"}],"version-history":[{"count":0,"href":"https:\/\/www.intoscana.it\/it\/wp-json\/wp\/v2\/posts\/62611\/revisions"}],"wp:featuredmedia":[{"embeddable":true,"href":"https:\/\/www.intoscana.it\/it\/wp-json\/wp\/v2\/media\/100362"}],"wp:attachment":[{"href":"https:\/\/www.intoscana.it\/it\/wp-json\/wp\/v2\/media?parent=62611"}],"wp:term":[{"taxonomy":"category","embeddable":true,"href":"https:\/\/www.intoscana.it\/it\/wp-json\/wp\/v2\/categories?post=62611"},{"taxonomy":"post_tag","embeddable":true,"href":"https:\/\/www.intoscana.it\/it\/wp-json\/wp\/v2\/tags?post=62611"}],"curies":[{"name":"wp","href":"https:\/\/api.w.org\/{rel}","templated":true}]}}