{"id":62620,"date":"2019-02-21T21:07:34","date_gmt":"2019-02-21T21:07:34","guid":{"rendered":"http:\/\/www.intoscana.it\/santanna-ecco-la-mano-bionica-ma-anche-sensibile\/"},"modified":"2020-05-18T09:56:58","modified_gmt":"2020-05-18T07:56:58","slug":"santanna-ecco-la-mano-bionica-ma-anche-sensibile","status":"publish","type":"post","link":"https:\/\/www.intoscana.it\/it\/santanna-ecco-la-mano-bionica-ma-anche-sensibile\/","title":{"rendered":"Sant&#8217;Anna, ecco la mano bionica (ma anche &#8216;sensibile&#8217;)"},"content":{"rendered":"<p>La&nbsp;<strong>mano bionica<\/strong> che consente ai pazienti anche di far percepire al tatto consistenza, forma degli oggetti,&nbsp;posizione e dimensioni, senza utilizzare la vista \u00e8 stata sperimentata in Italia ed \u00e8 comparabile a una mano naturale perch\u00e9 stimola le sensazioni attraverso i nervi residui del moncherino.<\/p>\n<p>A testimoniarne la validit\u00e0 sono i risultati del progetto pubblicati sulla rivista&nbsp;<strong>Science Robotics,<\/strong>&nbsp; dopo&nbsp;dieci anni di ricerca scientifica del gruppo di lavoro coordinato dal professor&nbsp;<strong>Silvestro Micera<\/strong>, docente di Bioingegneria presso l&#8217;Istituto di BioRobotica&nbsp;della&nbsp;<strong>Scuola Superiore Sant&#8217;Anna<\/strong>&nbsp;e presso l&#8217;<strong>Ecole Polytechnique Federale&nbsp;di Losanna<\/strong> e dal professor&nbsp;<strong>Paolo Maria Rossini<\/strong>, direttore dell\u2019Area di Neuroscienze della&nbsp;Fondazione Policlinico Universitario Agostino Gemelli IRCCS&nbsp;\u2013 Universit\u00e0 Cattolica sede di Roma.<\/p>\n<p>Fino ad oggi&nbsp;l\u2019eccessiva dipendenza dalla vista da parte dei pazienti, dovuta all\u2019assenza di un feedback sensoriale \u00e8 un problema che contribuisce alla difficolt\u00e0 di sentire la mano bionica come parte integrante del proprio corpo e quindi alla mancanza di naturalezza nell\u2019utilizzarla. Recentemente per\u00f2 diversi gruppi di ricercatori sono riusciti a fornire un feedback tattile (ovvero la sensazione del tatto, ad esempio quando sfiori o afferri un oggetto) ai pazienti amputati utilizzando diversi approcci, migliorando nei pazienti sia l\u2019utilizzo sia la sensazione di \u2018appartenenza\u2019 delle protesi al proprio corpo.&nbsp;<\/p>\n<p><em>\u201cNel nostro studio<\/em> &#8211; spiega il professor<strong>&nbsp;Silvestro Micera<\/strong>&nbsp;&#8211;&nbsp;<em>abbiamo dimostrato che la sostituzione sensoriale basata sulla \u2018stimolazione intraneurale\u2019&nbsp;\u00e8 in grado di fornire un feedback propriocettivo in tempo reale e in combinazione con un feedback tattile sensoriale. Il cervello riesce facilmente a combinare le informazioni in maniera efficace ed i pazienti riescono ad utilizzarle in tempo reale con ottime prestazion<\/em>i<em>\u201d.<\/em>Con questa stimolazione il paziente, dopo un apposito training, impara progressivamente a tradurre questi impulsi in sensazioni di natura tattile. Questo approccio ha permesso a due soggetti amputati di riguadagnare un\u2019elevata \u2018acuit\u00e0 propriocettiva\u2019, con risultati paragonabili a quelli ottenuti in soggetti sani.&nbsp;<\/p>\n<p>Questi studi aprono dunque alla realizzazione di<strong> arti bionici<\/strong> in grado di dare al paziente informazioni che giungono dal mondo esterno e contemporaneamente di reagire in risposta agli stimoli ricevuti (protesi bidirezionali), e in grado di trasmettere sensazioni pi\u00f9 ricche e comparabili a quelle percepite da un arto in carne ed ossa.<\/p>\n","protected":false},"excerpt":{"rendered":"<p>Dopo 10 anni di studi pubblicati sulla rivista Science Robotics i risultati della ricerca coordinata dal professor Micera della Scuola Sant&#8217;Anna di Pisa<\/p>\n","protected":false},"author":525,"featured_media":100371,"comment_status":"open","ping_status":"open","sticky":false,"template":"","format":"standard","meta":{"_acf_changed":false,"footnotes":""},"categories":[18],"tags":[],"class_list":["post-62620","post","type-post","status-publish","format-standard","has-post-thumbnail","hentry","category-salute"],"acf":[],"yoast_head":"<!-- This site is optimized with the Yoast SEO Premium plugin v24.2 (Yoast SEO v25.6) - https:\/\/yoast.com\/wordpress\/plugins\/seo\/ -->\n<title>Sant&#039;Anna, ecco la mano bionica (ma anche &#039;sensibile&#039;) - intoscana<\/title>\n<meta name=\"robots\" content=\"index, follow, max-snippet:-1, max-image-preview:large, max-video-preview:-1\" \/>\n<link rel=\"canonical\" href=\"https:\/\/www.intoscana.it\/it\/santanna-ecco-la-mano-bionica-ma-anche-sensibile\/\" \/>\n<meta property=\"og:locale\" content=\"it_IT\" \/>\n<meta property=\"og:type\" content=\"article\" \/>\n<meta property=\"og:title\" content=\"Sant&#039;Anna, ecco la mano bionica (ma anche &#039;sensibile&#039;)\" \/>\n<meta property=\"og:description\" content=\"Dopo 10 anni di studi pubblicati sulla rivista Science Robotics i risultati della ricerca coordinata dal professor Micera della Scuola Sant&#039;Anna di Pisa\" \/>\n<meta property=\"og:url\" content=\"https:\/\/www.intoscana.it\/it\/santanna-ecco-la-mano-bionica-ma-anche-sensibile\/\" \/>\n<meta property=\"og:site_name\" content=\"intoscana\" \/>\n<meta property=\"article:publisher\" content=\"https:\/\/www.facebook.com\/intoscana.it\" \/>\n<meta property=\"article:published_time\" content=\"2019-02-21T21:07:34+00:00\" \/>\n<meta property=\"article:modified_time\" content=\"2020-05-18T07:56:58+00:00\" \/>\n<meta property=\"og:image\" content=\"https:\/\/www.intoscana.it\/wp-content\/uploads\/almerina_mascarello.jpg\" \/>\n\t<meta property=\"og:image:width\" content=\"480\" \/>\n\t<meta property=\"og:image:height\" content=\"320\" \/>\n\t<meta property=\"og:image:type\" content=\"image\/jpeg\" \/>\n<meta name=\"author\" content=\"Redazione\" \/>\n<meta name=\"twitter:card\" content=\"summary_large_image\" \/>\n<meta name=\"twitter:creator\" content=\"@intoscana\" \/>\n<meta name=\"twitter:site\" content=\"@intoscana\" \/>\n<meta name=\"twitter:label1\" content=\"Written by\" \/>\n\t<meta name=\"twitter:data1\" content=\"Redazione\" \/>\n\t<meta name=\"twitter:label2\" content=\"Est. reading time\" \/>\n\t<meta name=\"twitter:data2\" content=\"2 minuti\" \/>\n<script type=\"application\/ld+json\" class=\"yoast-schema-graph\">{\"@context\":\"https:\/\/schema.org\",\"@graph\":[{\"@type\":\"WebPage\",\"@id\":\"https:\/\/www.intoscana.it\/it\/santanna-ecco-la-mano-bionica-ma-anche-sensibile\/\",\"url\":\"https:\/\/www.intoscana.it\/it\/santanna-ecco-la-mano-bionica-ma-anche-sensibile\/\",\"name\":\"Sant'Anna, ecco la mano bionica (ma anche 'sensibile') - intoscana\",\"isPartOf\":{\"@id\":\"https:\/\/www.intoscana.it\/it\/#website\"},\"primaryImageOfPage\":{\"@id\":\"https:\/\/www.intoscana.it\/it\/santanna-ecco-la-mano-bionica-ma-anche-sensibile\/#primaryimage\"},\"image\":{\"@id\":\"https:\/\/www.intoscana.it\/it\/santanna-ecco-la-mano-bionica-ma-anche-sensibile\/#primaryimage\"},\"thumbnailUrl\":\"https:\/\/www.intoscana.it\/wp-content\/uploads\/almerina_mascarello.jpg\",\"datePublished\":\"2019-02-21T21:07:34+00:00\",\"dateModified\":\"2020-05-18T07:56:58+00:00\",\"author\":{\"@id\":\"https:\/\/www.intoscana.it\/it\/#\/schema\/person\/9223810753230f20bd670fdd322661f8\"},\"breadcrumb\":{\"@id\":\"https:\/\/www.intoscana.it\/it\/santanna-ecco-la-mano-bionica-ma-anche-sensibile\/#breadcrumb\"},\"inLanguage\":\"it-IT\",\"potentialAction\":[{\"@type\":\"ReadAction\",\"target\":[\"https:\/\/www.intoscana.it\/it\/santanna-ecco-la-mano-bionica-ma-anche-sensibile\/\"]}]},{\"@type\":\"ImageObject\",\"inLanguage\":\"it-IT\",\"@id\":\"https:\/\/www.intoscana.it\/it\/santanna-ecco-la-mano-bionica-ma-anche-sensibile\/#primaryimage\",\"url\":\"https:\/\/www.intoscana.it\/wp-content\/uploads\/almerina_mascarello.jpg\",\"contentUrl\":\"https:\/\/www.intoscana.it\/wp-content\/uploads\/almerina_mascarello.jpg\",\"width\":480,\"height\":320,\"caption\":\"Mano bionica, adesso \u00e8 anche sensibile, pubblicati i risultati su Science Robotics, dopo 10 anni di studi.\"},{\"@type\":\"BreadcrumbList\",\"@id\":\"https:\/\/www.intoscana.it\/it\/santanna-ecco-la-mano-bionica-ma-anche-sensibile\/#breadcrumb\",\"itemListElement\":[{\"@type\":\"ListItem\",\"position\":1,\"name\":\"Home\",\"item\":\"https:\/\/www.intoscana.it\/it\/\"},{\"@type\":\"ListItem\",\"position\":2,\"name\":\"Sant&#8217;Anna, ecco la mano bionica (ma anche &#8216;sensibile&#8217;)\"}]},{\"@type\":\"WebSite\",\"@id\":\"https:\/\/www.intoscana.it\/it\/#website\",\"url\":\"https:\/\/www.intoscana.it\/it\/\",\"name\":\"intoscana\",\"description\":\"\",\"potentialAction\":[{\"@type\":\"SearchAction\",\"target\":{\"@type\":\"EntryPoint\",\"urlTemplate\":\"https:\/\/www.intoscana.it\/it\/?s={search_term_string}\"},\"query-input\":{\"@type\":\"PropertyValueSpecification\",\"valueRequired\":true,\"valueName\":\"search_term_string\"}}],\"inLanguage\":\"it-IT\"},{\"@type\":\"Person\",\"@id\":\"https:\/\/www.intoscana.it\/it\/#\/schema\/person\/9223810753230f20bd670fdd322661f8\",\"name\":\"Redazione\",\"url\":\"https:\/\/www.intoscana.it\/it\/author\/redazione\/\"}]}<\/script>\n<!-- \/ Yoast SEO Premium plugin. -->","yoast_head_json":{"title":"Sant'Anna, ecco la mano bionica (ma anche 'sensibile') - intoscana","robots":{"index":"index","follow":"follow","max-snippet":"max-snippet:-1","max-image-preview":"max-image-preview:large","max-video-preview":"max-video-preview:-1"},"canonical":"https:\/\/www.intoscana.it\/it\/santanna-ecco-la-mano-bionica-ma-anche-sensibile\/","og_locale":"it_IT","og_type":"article","og_title":"Sant'Anna, ecco la mano bionica (ma anche 'sensibile')","og_description":"Dopo 10 anni di studi pubblicati sulla rivista Science Robotics i risultati della ricerca coordinata dal professor Micera della Scuola Sant'Anna di Pisa","og_url":"https:\/\/www.intoscana.it\/it\/santanna-ecco-la-mano-bionica-ma-anche-sensibile\/","og_site_name":"intoscana","article_publisher":"https:\/\/www.facebook.com\/intoscana.it","article_published_time":"2019-02-21T21:07:34+00:00","article_modified_time":"2020-05-18T07:56:58+00:00","og_image":[{"width":480,"height":320,"url":"https:\/\/www.intoscana.it\/wp-content\/uploads\/almerina_mascarello.jpg","type":"image\/jpeg"}],"author":"Redazione","twitter_card":"summary_large_image","twitter_creator":"@intoscana","twitter_site":"@intoscana","twitter_misc":{"Written by":"Redazione","Est. reading time":"2 minuti"},"schema":{"@context":"https:\/\/schema.org","@graph":[{"@type":"WebPage","@id":"https:\/\/www.intoscana.it\/it\/santanna-ecco-la-mano-bionica-ma-anche-sensibile\/","url":"https:\/\/www.intoscana.it\/it\/santanna-ecco-la-mano-bionica-ma-anche-sensibile\/","name":"Sant'Anna, ecco la mano bionica (ma anche 'sensibile') - intoscana","isPartOf":{"@id":"https:\/\/www.intoscana.it\/it\/#website"},"primaryImageOfPage":{"@id":"https:\/\/www.intoscana.it\/it\/santanna-ecco-la-mano-bionica-ma-anche-sensibile\/#primaryimage"},"image":{"@id":"https:\/\/www.intoscana.it\/it\/santanna-ecco-la-mano-bionica-ma-anche-sensibile\/#primaryimage"},"thumbnailUrl":"https:\/\/www.intoscana.it\/wp-content\/uploads\/almerina_mascarello.jpg","datePublished":"2019-02-21T21:07:34+00:00","dateModified":"2020-05-18T07:56:58+00:00","author":{"@id":"https:\/\/www.intoscana.it\/it\/#\/schema\/person\/9223810753230f20bd670fdd322661f8"},"breadcrumb":{"@id":"https:\/\/www.intoscana.it\/it\/santanna-ecco-la-mano-bionica-ma-anche-sensibile\/#breadcrumb"},"inLanguage":"it-IT","potentialAction":[{"@type":"ReadAction","target":["https:\/\/www.intoscana.it\/it\/santanna-ecco-la-mano-bionica-ma-anche-sensibile\/"]}]},{"@type":"ImageObject","inLanguage":"it-IT","@id":"https:\/\/www.intoscana.it\/it\/santanna-ecco-la-mano-bionica-ma-anche-sensibile\/#primaryimage","url":"https:\/\/www.intoscana.it\/wp-content\/uploads\/almerina_mascarello.jpg","contentUrl":"https:\/\/www.intoscana.it\/wp-content\/uploads\/almerina_mascarello.jpg","width":480,"height":320,"caption":"Mano bionica, adesso \u00e8 anche sensibile, pubblicati i risultati su Science Robotics, dopo 10 anni di studi."},{"@type":"BreadcrumbList","@id":"https:\/\/www.intoscana.it\/it\/santanna-ecco-la-mano-bionica-ma-anche-sensibile\/#breadcrumb","itemListElement":[{"@type":"ListItem","position":1,"name":"Home","item":"https:\/\/www.intoscana.it\/it\/"},{"@type":"ListItem","position":2,"name":"Sant&#8217;Anna, ecco la mano bionica (ma anche &#8216;sensibile&#8217;)"}]},{"@type":"WebSite","@id":"https:\/\/www.intoscana.it\/it\/#website","url":"https:\/\/www.intoscana.it\/it\/","name":"intoscana","description":"","potentialAction":[{"@type":"SearchAction","target":{"@type":"EntryPoint","urlTemplate":"https:\/\/www.intoscana.it\/it\/?s={search_term_string}"},"query-input":{"@type":"PropertyValueSpecification","valueRequired":true,"valueName":"search_term_string"}}],"inLanguage":"it-IT"},{"@type":"Person","@id":"https:\/\/www.intoscana.it\/it\/#\/schema\/person\/9223810753230f20bd670fdd322661f8","name":"Redazione","url":"https:\/\/www.intoscana.it\/it\/author\/redazione\/"}]}},"_links":{"self":[{"href":"https:\/\/www.intoscana.it\/it\/wp-json\/wp\/v2\/posts\/62620","targetHints":{"allow":["GET"]}}],"collection":[{"href":"https:\/\/www.intoscana.it\/it\/wp-json\/wp\/v2\/posts"}],"about":[{"href":"https:\/\/www.intoscana.it\/it\/wp-json\/wp\/v2\/types\/post"}],"author":[{"embeddable":true,"href":"https:\/\/www.intoscana.it\/it\/wp-json\/wp\/v2\/users\/525"}],"replies":[{"embeddable":true,"href":"https:\/\/www.intoscana.it\/it\/wp-json\/wp\/v2\/comments?post=62620"}],"version-history":[{"count":0,"href":"https:\/\/www.intoscana.it\/it\/wp-json\/wp\/v2\/posts\/62620\/revisions"}],"wp:featuredmedia":[{"embeddable":true,"href":"https:\/\/www.intoscana.it\/it\/wp-json\/wp\/v2\/media\/100371"}],"wp:attachment":[{"href":"https:\/\/www.intoscana.it\/it\/wp-json\/wp\/v2\/media?parent=62620"}],"wp:term":[{"taxonomy":"category","embeddable":true,"href":"https:\/\/www.intoscana.it\/it\/wp-json\/wp\/v2\/categories?post=62620"},{"taxonomy":"post_tag","embeddable":true,"href":"https:\/\/www.intoscana.it\/it\/wp-json\/wp\/v2\/tags?post=62620"}],"curies":[{"name":"wp","href":"https:\/\/api.w.org\/{rel}","templated":true}]}}