{"id":62634,"date":"2019-05-31T09:31:02","date_gmt":"2019-05-31T09:31:02","guid":{"rendered":"http:\/\/www.intoscana.it\/una-linea-dascolto-per-parenti-di-persone-con-disturbi-mentali\/"},"modified":"2020-05-18T09:57:01","modified_gmt":"2020-05-18T07:57:01","slug":"una-linea-dascolto-per-parenti-di-persone-con-disturbi-mentali","status":"publish","type":"post","link":"https:\/\/www.intoscana.it\/it\/una-linea-dascolto-per-parenti-di-persone-con-disturbi-mentali\/","title":{"rendered":"Una linea d&#8217;ascolto per parenti di persone con disturbi mentali"},"content":{"rendered":"<p><strong>Le malattie psichiatriche<\/strong> in molti casi, oltre a destare <strong>incomprensione,<\/strong> continuano ad essere considerate <strong>un argomento tab\u00f9.<\/strong> Ecco perch\u00e9 <strong>Progetto Itaca Firenze,<\/strong> la Onlus che offre gratuitamente servizi di prevenzione, di informazione e di riabilitazione sociale e lavorativa per giovani affetti da disturbi mentali e i loro cari, lancia a partire da luned\u00ec 3 giugno <strong>\u201cFaro Itaca\u201d:<\/strong> una linea d&#8217;ascolto per <strong>parenti e amici di persone affette da malattie psichiatriche<\/strong>, un momento di <strong>accoglienza e orientamento.<\/strong><\/p>\n<p>\u201cGli utenti potranno chiamarci per telefono o potranno chattare via whatsapp, la chat sar\u00e0 uno strumento in pi\u00f9 per evitare la difficolt\u00e0 e l&#8217;eventuale imbarazzo di un primo contatto telefonico, che poi sar\u00e0 comunque incentivato\u201d &#8211; afferma <strong>Maurizio Faggi, responsabile del servizio per Progetto Itaca Firenze Onlus<\/strong> &#8211; \u201cFaro Itaca offrir\u00e0 aiuto a tutti coloro che si trovano ad essere in contatto con persone con malattie psichiatriche o disturbi mentali gravi: genitori di figli malati, figli di genitori malati, amici di malati e in generale <strong>caregivers di persone con disturbo mentale<\/strong>. I volontari che risponderanno a Faro Itaca sono stati formati per porre attenzione alle problematiche e alle esigenze di coloro che chiamano, dunque all\u2019ascolto, all\u2019empatia e al non giudizio. <strong>Oltre a ci\u00f2 cercheranno di promuovere nell\u2019utente il rafforzamento delle proprie risorse.<\/strong> Sono stati inoltre formati per conoscere i servizi di salute mentale del territorio e quelle problematiche legate alla salute mentale come <strong>&#8220;il dopo di noi&#8221;<\/strong> (ad esempio i servizi da offrire ai parenti malati o le problematiche ereditarie e patrimoniali che si presentano dopo la morte dei cosidd\u00e9tti caregivers)\u201d.<\/p>\n<p><strong>Progetto Itaca Firenze Onlus<\/strong> \u00e8 un\u2019Associazione di volontari impegnata nel campo della Salute Mentale nata il 14 febbraio 2011, parte del network nazionale coordinato dalla Fondazione Progetto Itaca Onlus, che promuove progetti di formazione, prevenzione e riabilitazione per le persone affette da disturbi mentali e per i loro familiari.<\/p>\n<p><strong>\u201cFaro Itaca\u201d sar\u00e0 contattabile al 371 3358465 da luned\u00ec a venerd\u00ec, dalle 15:00 alle 18:00, anche via whatsapp.<\/strong> <\/p>\n<p><strong>Per informazioni:<\/strong><br \/><a href=\"https:\/\/www.progettoitacafirenze.org\/\" target=\"_blank\" rel=\"noopener noreferrer\"><strong>https:\/\/www.progettoitacafirenze.org\/<\/strong><\/a><\/p>\n","protected":false},"excerpt":{"rendered":"<p>A partire dal 3 giugno arriva &#8216;Faro Itaca&#8217; un nuovo servizio a cura di Progetto Itaca Firenze Onlus, sar\u00e0 attivo dalle 15,00 alle 18,00 da luned\u00ec a venerd\u00ec<\/p>\n","protected":false},"author":525,"featured_media":100385,"comment_status":"open","ping_status":"open","sticky":false,"template":"","format":"standard","meta":{"_acf_changed":false,"footnotes":""},"categories":[18],"tags":[],"class_list":["post-62634","post","type-post","status-publish","format-standard","has-post-thumbnail","hentry","category-salute"],"acf":[],"yoast_head":"<!-- This site is optimized with the Yoast SEO Premium plugin v24.2 (Yoast SEO v25.6) - https:\/\/yoast.com\/wordpress\/plugins\/seo\/ -->\n<title>Una linea d&#039;ascolto per parenti di persone con disturbi mentali - intoscana<\/title>\n<meta name=\"description\" content=\"Nasce &#039;Faro Itaca&#039; linea d&#039;ascolto per parenti e amici di persone con disturbi mentali\" \/>\n<meta name=\"robots\" content=\"index, follow, max-snippet:-1, max-image-preview:large, max-video-preview:-1\" \/>\n<link rel=\"canonical\" href=\"https:\/\/www.intoscana.it\/it\/una-linea-dascolto-per-parenti-di-persone-con-disturbi-mentali\/\" \/>\n<meta property=\"og:locale\" content=\"it_IT\" \/>\n<meta property=\"og:type\" content=\"article\" \/>\n<meta property=\"og:title\" content=\"Una linea d&#039;ascolto per parenti di persone con disturbi mentali\" \/>\n<meta property=\"og:description\" content=\"Nasce &#039;Faro Itaca&#039; linea d&#039;ascolto per parenti e amici di persone con disturbi mentali\" \/>\n<meta property=\"og:url\" content=\"https:\/\/www.intoscana.it\/it\/una-linea-dascolto-per-parenti-di-persone-con-disturbi-mentali\/\" \/>\n<meta property=\"og:site_name\" content=\"intoscana\" \/>\n<meta property=\"article:publisher\" content=\"https:\/\/www.facebook.com\/intoscana.it\" \/>\n<meta property=\"article:published_time\" content=\"2019-05-31T09:31:02+00:00\" \/>\n<meta property=\"article:modified_time\" content=\"2020-05-18T07:57:01+00:00\" \/>\n<meta property=\"og:image\" content=\"https:\/\/www.intoscana.it\/wp-content\/uploads\/malattia-mentale.jpg\" \/>\n\t<meta property=\"og:image:width\" content=\"2000\" \/>\n\t<meta property=\"og:image:height\" content=\"1333\" \/>\n\t<meta property=\"og:image:type\" content=\"image\/jpeg\" \/>\n<meta name=\"author\" content=\"Redazione\" \/>\n<meta name=\"twitter:card\" content=\"summary_large_image\" \/>\n<meta name=\"twitter:creator\" content=\"@intoscana\" \/>\n<meta name=\"twitter:site\" content=\"@intoscana\" \/>\n<meta name=\"twitter:label1\" content=\"Written by\" \/>\n\t<meta name=\"twitter:data1\" content=\"Redazione\" \/>\n\t<meta name=\"twitter:label2\" content=\"Est. reading time\" \/>\n\t<meta name=\"twitter:data2\" content=\"2 minuti\" \/>\n<script type=\"application\/ld+json\" class=\"yoast-schema-graph\">{\"@context\":\"https:\/\/schema.org\",\"@graph\":[{\"@type\":\"WebPage\",\"@id\":\"https:\/\/www.intoscana.it\/it\/una-linea-dascolto-per-parenti-di-persone-con-disturbi-mentali\/\",\"url\":\"https:\/\/www.intoscana.it\/it\/una-linea-dascolto-per-parenti-di-persone-con-disturbi-mentali\/\",\"name\":\"Una linea d'ascolto per parenti di persone con disturbi mentali - intoscana\",\"isPartOf\":{\"@id\":\"https:\/\/www.intoscana.it\/it\/#website\"},\"primaryImageOfPage\":{\"@id\":\"https:\/\/www.intoscana.it\/it\/una-linea-dascolto-per-parenti-di-persone-con-disturbi-mentali\/#primaryimage\"},\"image\":{\"@id\":\"https:\/\/www.intoscana.it\/it\/una-linea-dascolto-per-parenti-di-persone-con-disturbi-mentali\/#primaryimage\"},\"thumbnailUrl\":\"https:\/\/www.intoscana.it\/wp-content\/uploads\/malattia-mentale.jpg\",\"datePublished\":\"2019-05-31T09:31:02+00:00\",\"dateModified\":\"2020-05-18T07:57:01+00:00\",\"author\":{\"@id\":\"https:\/\/www.intoscana.it\/it\/#\/schema\/person\/9223810753230f20bd670fdd322661f8\"},\"description\":\"Nasce 'Faro Itaca' linea d'ascolto per parenti e amici di persone con disturbi mentali\",\"breadcrumb\":{\"@id\":\"https:\/\/www.intoscana.it\/it\/una-linea-dascolto-per-parenti-di-persone-con-disturbi-mentali\/#breadcrumb\"},\"inLanguage\":\"it-IT\",\"potentialAction\":[{\"@type\":\"ReadAction\",\"target\":[\"https:\/\/www.intoscana.it\/it\/una-linea-dascolto-per-parenti-di-persone-con-disturbi-mentali\/\"]}]},{\"@type\":\"ImageObject\",\"inLanguage\":\"it-IT\",\"@id\":\"https:\/\/www.intoscana.it\/it\/una-linea-dascolto-per-parenti-di-persone-con-disturbi-mentali\/#primaryimage\",\"url\":\"https:\/\/www.intoscana.it\/wp-content\/uploads\/malattia-mentale.jpg\",\"contentUrl\":\"https:\/\/www.intoscana.it\/wp-content\/uploads\/malattia-mentale.jpg\",\"width\":2000,\"height\":1333},{\"@type\":\"BreadcrumbList\",\"@id\":\"https:\/\/www.intoscana.it\/it\/una-linea-dascolto-per-parenti-di-persone-con-disturbi-mentali\/#breadcrumb\",\"itemListElement\":[{\"@type\":\"ListItem\",\"position\":1,\"name\":\"Home\",\"item\":\"https:\/\/www.intoscana.it\/it\/\"},{\"@type\":\"ListItem\",\"position\":2,\"name\":\"Una linea d&#8217;ascolto per parenti di persone con disturbi mentali\"}]},{\"@type\":\"WebSite\",\"@id\":\"https:\/\/www.intoscana.it\/it\/#website\",\"url\":\"https:\/\/www.intoscana.it\/it\/\",\"name\":\"intoscana\",\"description\":\"\",\"potentialAction\":[{\"@type\":\"SearchAction\",\"target\":{\"@type\":\"EntryPoint\",\"urlTemplate\":\"https:\/\/www.intoscana.it\/it\/?s={search_term_string}\"},\"query-input\":{\"@type\":\"PropertyValueSpecification\",\"valueRequired\":true,\"valueName\":\"search_term_string\"}}],\"inLanguage\":\"it-IT\"},{\"@type\":\"Person\",\"@id\":\"https:\/\/www.intoscana.it\/it\/#\/schema\/person\/9223810753230f20bd670fdd322661f8\",\"name\":\"Redazione\",\"url\":\"https:\/\/www.intoscana.it\/it\/author\/redazione\/\"}]}<\/script>\n<!-- \/ Yoast SEO Premium plugin. -->","yoast_head_json":{"title":"Una linea d'ascolto per parenti di persone con disturbi mentali - intoscana","description":"Nasce 'Faro Itaca' linea d'ascolto per parenti e amici di persone con disturbi mentali","robots":{"index":"index","follow":"follow","max-snippet":"max-snippet:-1","max-image-preview":"max-image-preview:large","max-video-preview":"max-video-preview:-1"},"canonical":"https:\/\/www.intoscana.it\/it\/una-linea-dascolto-per-parenti-di-persone-con-disturbi-mentali\/","og_locale":"it_IT","og_type":"article","og_title":"Una linea d'ascolto per parenti di persone con disturbi mentali","og_description":"Nasce 'Faro Itaca' linea d'ascolto per parenti e amici di persone con disturbi mentali","og_url":"https:\/\/www.intoscana.it\/it\/una-linea-dascolto-per-parenti-di-persone-con-disturbi-mentali\/","og_site_name":"intoscana","article_publisher":"https:\/\/www.facebook.com\/intoscana.it","article_published_time":"2019-05-31T09:31:02+00:00","article_modified_time":"2020-05-18T07:57:01+00:00","og_image":[{"width":2000,"height":1333,"url":"https:\/\/www.intoscana.it\/wp-content\/uploads\/malattia-mentale.jpg","type":"image\/jpeg"}],"author":"Redazione","twitter_card":"summary_large_image","twitter_creator":"@intoscana","twitter_site":"@intoscana","twitter_misc":{"Written by":"Redazione","Est. reading time":"2 minuti"},"schema":{"@context":"https:\/\/schema.org","@graph":[{"@type":"WebPage","@id":"https:\/\/www.intoscana.it\/it\/una-linea-dascolto-per-parenti-di-persone-con-disturbi-mentali\/","url":"https:\/\/www.intoscana.it\/it\/una-linea-dascolto-per-parenti-di-persone-con-disturbi-mentali\/","name":"Una linea d'ascolto per parenti di persone con disturbi mentali - intoscana","isPartOf":{"@id":"https:\/\/www.intoscana.it\/it\/#website"},"primaryImageOfPage":{"@id":"https:\/\/www.intoscana.it\/it\/una-linea-dascolto-per-parenti-di-persone-con-disturbi-mentali\/#primaryimage"},"image":{"@id":"https:\/\/www.intoscana.it\/it\/una-linea-dascolto-per-parenti-di-persone-con-disturbi-mentali\/#primaryimage"},"thumbnailUrl":"https:\/\/www.intoscana.it\/wp-content\/uploads\/malattia-mentale.jpg","datePublished":"2019-05-31T09:31:02+00:00","dateModified":"2020-05-18T07:57:01+00:00","author":{"@id":"https:\/\/www.intoscana.it\/it\/#\/schema\/person\/9223810753230f20bd670fdd322661f8"},"description":"Nasce 'Faro Itaca' linea d'ascolto per parenti e amici di persone con disturbi mentali","breadcrumb":{"@id":"https:\/\/www.intoscana.it\/it\/una-linea-dascolto-per-parenti-di-persone-con-disturbi-mentali\/#breadcrumb"},"inLanguage":"it-IT","potentialAction":[{"@type":"ReadAction","target":["https:\/\/www.intoscana.it\/it\/una-linea-dascolto-per-parenti-di-persone-con-disturbi-mentali\/"]}]},{"@type":"ImageObject","inLanguage":"it-IT","@id":"https:\/\/www.intoscana.it\/it\/una-linea-dascolto-per-parenti-di-persone-con-disturbi-mentali\/#primaryimage","url":"https:\/\/www.intoscana.it\/wp-content\/uploads\/malattia-mentale.jpg","contentUrl":"https:\/\/www.intoscana.it\/wp-content\/uploads\/malattia-mentale.jpg","width":2000,"height":1333},{"@type":"BreadcrumbList","@id":"https:\/\/www.intoscana.it\/it\/una-linea-dascolto-per-parenti-di-persone-con-disturbi-mentali\/#breadcrumb","itemListElement":[{"@type":"ListItem","position":1,"name":"Home","item":"https:\/\/www.intoscana.it\/it\/"},{"@type":"ListItem","position":2,"name":"Una linea d&#8217;ascolto per parenti di persone con disturbi mentali"}]},{"@type":"WebSite","@id":"https:\/\/www.intoscana.it\/it\/#website","url":"https:\/\/www.intoscana.it\/it\/","name":"intoscana","description":"","potentialAction":[{"@type":"SearchAction","target":{"@type":"EntryPoint","urlTemplate":"https:\/\/www.intoscana.it\/it\/?s={search_term_string}"},"query-input":{"@type":"PropertyValueSpecification","valueRequired":true,"valueName":"search_term_string"}}],"inLanguage":"it-IT"},{"@type":"Person","@id":"https:\/\/www.intoscana.it\/it\/#\/schema\/person\/9223810753230f20bd670fdd322661f8","name":"Redazione","url":"https:\/\/www.intoscana.it\/it\/author\/redazione\/"}]}},"_links":{"self":[{"href":"https:\/\/www.intoscana.it\/it\/wp-json\/wp\/v2\/posts\/62634","targetHints":{"allow":["GET"]}}],"collection":[{"href":"https:\/\/www.intoscana.it\/it\/wp-json\/wp\/v2\/posts"}],"about":[{"href":"https:\/\/www.intoscana.it\/it\/wp-json\/wp\/v2\/types\/post"}],"author":[{"embeddable":true,"href":"https:\/\/www.intoscana.it\/it\/wp-json\/wp\/v2\/users\/525"}],"replies":[{"embeddable":true,"href":"https:\/\/www.intoscana.it\/it\/wp-json\/wp\/v2\/comments?post=62634"}],"version-history":[{"count":0,"href":"https:\/\/www.intoscana.it\/it\/wp-json\/wp\/v2\/posts\/62634\/revisions"}],"wp:featuredmedia":[{"embeddable":true,"href":"https:\/\/www.intoscana.it\/it\/wp-json\/wp\/v2\/media\/100385"}],"wp:attachment":[{"href":"https:\/\/www.intoscana.it\/it\/wp-json\/wp\/v2\/media?parent=62634"}],"wp:term":[{"taxonomy":"category","embeddable":true,"href":"https:\/\/www.intoscana.it\/it\/wp-json\/wp\/v2\/categories?post=62634"},{"taxonomy":"post_tag","embeddable":true,"href":"https:\/\/www.intoscana.it\/it\/wp-json\/wp\/v2\/tags?post=62634"}],"curies":[{"name":"wp","href":"https:\/\/api.w.org\/{rel}","templated":true}]}}