{"id":62647,"date":"2020-01-21T09:15:46","date_gmt":"2020-01-21T09:15:46","guid":{"rendered":"http:\/\/www.intoscana.it\/tumore-al-polmone-la-toscana-capofila-di-un-progetto-di-screening\/"},"modified":"2020-05-19T15:52:33","modified_gmt":"2020-05-19T13:52:33","slug":"tumore-polmone-firenze","status":"publish","type":"post","link":"https:\/\/www.intoscana.it\/it\/tumore-polmone-firenze\/","title":{"rendered":"Tumore al polmone: la Toscana capofila di un progetto di screening"},"content":{"rendered":"<p>L&#8217;<strong>Istituto per lo studio, la prevenzione e la rete oncologica (Ispro)<\/strong> coordiner\u00e0 il progetto pilota di<strong> un programma di screening per il tumore al polmone,<\/strong> associato alla <strong>cessazione del fumo<\/strong>, finanziato dal <strong>Centro nazionale per la prevenzione e il controllo delle malattie<\/strong> del Ministero della salute.<\/p>\n<p><strong>Coinvolger\u00e0 quattro regioni<\/strong>: oltre alla <strong>Toscana<\/strong> ci saranno <strong>Emilia Romagna, Piemonte e Lombardia<\/strong>. Il <strong>cancro del polmone<\/strong>, spiega un comunicato, rappresenta oggi il &#8216;big killer&#8217;, essendo responsabile del maggior numero di morti per tumore in Italia e nel mondo.<\/p>\n<p>Nel 2019 sono stati diagnosticati in Italia <strong>42.500 nuovi casi e la sopravvivenza a cinque anni rimane da tempo a valori massimi del 17%<\/strong> (dati Airtum, Associazione italiana registri tumori).<strong> Il fattore di rischio<\/strong> di gran lunga prevalente per il tumore polmonare \u00e8 <strong>il fumo di sigaretta<\/strong>.&nbsp;\u00c8 dimostrato che la cessazione del fumo riduce il rischio di questa grave malattia e pertanto qualsiasi misura di prevenzione non pu\u00f2 prescindere da un collegamento ad un tentativo di cessazione dell&#8217;abitudine al tabacco. Il progetto coordinato da <strong>Ispro<\/strong> coinvolger\u00e0 <strong>sei unit\u00e0 operative in Toscana, Emilia Romagna, Piemonte e Lombardia<\/strong>, durer\u00e0 due anni e arruoler\u00e0 in Toscana (Firenze e Pisa), Piemonte (Torino) e Lombardia (Milano) <strong>fumatori con il supporto di medici di medicina generale o con strumenti informatici,<\/strong> mediante uno specifico sito web.&nbsp;<\/p>\n<p>I soggetti arruolati saranno invitati a effettuare sia <strong>un intervento di prevenzione secondaria<\/strong> rappresentata da una Tc a bassa dose (al momento dell&#8217;arruolamento e un anno dopo), sia un intervento di prevenzione primaria, rappresentata da un percorso per la cessazione del fumo.<strong> Le informazioni della Tac spirale sulla presenza delle calcificazioni coronariche<\/strong> saranno utilizzate per la prevenzione delle malattie cardiovascolari. Si prevede in questa fase (anche con l&#8217;aiuto di un altro progetto approvato dalla Regione Toscana) di <strong>arruolare 1.000 persone complessivamente allo screening polmonare.<\/strong> Negli ultimi anni diversi studi clinici hanno dimostrato che <strong>la tomografia computerizzata a bassa dose riduce del 20-40% la mortalit\u00e0 del tumore polmonare,<\/strong> in quanto permette di identificare lesioni in fase iniziale che sono completamente eradicabili con l&#8217;intervento chirurgico.<\/p>\n<p>&#8220;In vista di un possibile programma di screening integrato su base di popolazione &#8211; spiega <strong>Gianni Amunni, direttore Ispro,<\/strong> &#8211; che comprenda sia una misura di prevenzione primaria (<strong>cessazione del fumo<\/strong>), sia una misura di prevenzione secondaria (<strong>Tc &#8211; tomografia computerizzata &#8211; a bassa dose<\/strong>), rimangono alcune questioni irrisolte quali: il percorso di arruolamento dei soggetti a rischio, i criteri di selezione dei soggetti a pi\u00f9 alto rischio, che sono quelli per i quali \u00e8 atteso il maggior beneficio dello screening, le modalit\u00e0 e i criteri di lettura del test di screening, la definizione degli standard di qualit\u00e0 delle attivit\u00e0 delle strutture coinvolte, l&#8217;influenza e l&#8217;efficacia dell&#8217;intervento di cessazione del fumo ed il possibile ruolo dei biomarcatori ematici e nella saliva&#8221;.<\/p>\n<p>L&#8217;obiettivo del progetto, i cui risultati in vista di una valutazione di <strong>Health Technology Assessment<\/strong> saranno analizzati congiuntamente alla <strong>Unit\u00e0 di Epidemiologia dell&#8217;Irccs oncologico di Reggio Emilia,<\/strong> \u00e8 la definizione di un modello organizzativo e operativo di <strong>screening polmonare<\/strong> che sia efficiente ed a costi contenuti e che possa pertanto essere replicato nelle strutture di sanit\u00e0 pubblica sul territorio nazionale.<\/p>\n","protected":false},"excerpt":{"rendered":"<p>Il progetto coordinato da Ispro durer\u00e0 due anni e coinvolger\u00e0 sei unit\u00e0 operative in Toscana, Emilia Romagna, Piemonte e Lombardia<\/p>\n","protected":false},"author":525,"featured_media":100398,"comment_status":"open","ping_status":"open","sticky":false,"template":"","format":"standard","meta":{"_acf_changed":false,"footnotes":""},"categories":[18],"tags":[151,153],"class_list":["post-62647","post","type-post","status-publish","format-standard","has-post-thumbnail","hentry","category-salute","tag-regione-toscana","tag-toscana"],"acf":[],"yoast_head":"<!-- This site is optimized with the Yoast SEO Premium plugin v24.2 (Yoast SEO v25.6) - https:\/\/yoast.com\/wordpress\/plugins\/seo\/ -->\n<title>Tumore al polmone: la Toscana capofila di un progetto di screening - intoscana<\/title>\n<meta name=\"robots\" content=\"index, follow, max-snippet:-1, max-image-preview:large, max-video-preview:-1\" \/>\n<link rel=\"canonical\" href=\"https:\/\/www.intoscana.it\/it\/tumore-polmone-firenze\/\" \/>\n<meta property=\"og:locale\" content=\"it_IT\" \/>\n<meta property=\"og:type\" content=\"article\" \/>\n<meta property=\"og:title\" content=\"Tumore al polmone: la Toscana capofila di un progetto di screening\" \/>\n<meta property=\"og:description\" content=\"Il progetto coordinato da Ispro durer\u00e0 due anni e coinvolger\u00e0 sei unit\u00e0 operative in Toscana, Emilia Romagna, Piemonte e Lombardia\" \/>\n<meta property=\"og:url\" content=\"https:\/\/www.intoscana.it\/it\/tumore-polmone-firenze\/\" \/>\n<meta property=\"og:site_name\" content=\"intoscana\" \/>\n<meta property=\"article:publisher\" content=\"https:\/\/www.facebook.com\/intoscana.it\" \/>\n<meta property=\"article:published_time\" content=\"2020-01-21T09:15:46+00:00\" \/>\n<meta property=\"article:modified_time\" content=\"2020-05-19T13:52:33+00:00\" \/>\n<meta property=\"og:image\" content=\"https:\/\/www.intoscana.it\/wp-content\/uploads\/ricerca-10.jpg\" \/>\n\t<meta property=\"og:image:width\" content=\"2000\" \/>\n\t<meta property=\"og:image:height\" content=\"1333\" \/>\n\t<meta property=\"og:image:type\" content=\"image\/jpeg\" \/>\n<meta name=\"author\" content=\"Redazione\" \/>\n<meta name=\"twitter:card\" content=\"summary_large_image\" \/>\n<meta name=\"twitter:creator\" content=\"@intoscana\" \/>\n<meta name=\"twitter:site\" content=\"@intoscana\" \/>\n<meta name=\"twitter:label1\" content=\"Written by\" \/>\n\t<meta name=\"twitter:data1\" content=\"Redazione\" \/>\n\t<meta name=\"twitter:label2\" content=\"Est. reading time\" \/>\n\t<meta name=\"twitter:data2\" content=\"3 minuti\" \/>\n<script type=\"application\/ld+json\" class=\"yoast-schema-graph\">{\"@context\":\"https:\/\/schema.org\",\"@graph\":[{\"@type\":\"WebPage\",\"@id\":\"https:\/\/www.intoscana.it\/it\/tumore-polmone-firenze\/\",\"url\":\"https:\/\/www.intoscana.it\/it\/tumore-polmone-firenze\/\",\"name\":\"Tumore al polmone: la Toscana capofila di un progetto di screening - intoscana\",\"isPartOf\":{\"@id\":\"https:\/\/www.intoscana.it\/it\/#website\"},\"primaryImageOfPage\":{\"@id\":\"https:\/\/www.intoscana.it\/it\/tumore-polmone-firenze\/#primaryimage\"},\"image\":{\"@id\":\"https:\/\/www.intoscana.it\/it\/tumore-polmone-firenze\/#primaryimage\"},\"thumbnailUrl\":\"https:\/\/www.intoscana.it\/wp-content\/uploads\/ricerca-10.jpg\",\"datePublished\":\"2020-01-21T09:15:46+00:00\",\"dateModified\":\"2020-05-19T13:52:33+00:00\",\"author\":{\"@id\":\"https:\/\/www.intoscana.it\/it\/#\/schema\/person\/9223810753230f20bd670fdd322661f8\"},\"breadcrumb\":{\"@id\":\"https:\/\/www.intoscana.it\/it\/tumore-polmone-firenze\/#breadcrumb\"},\"inLanguage\":\"it-IT\",\"potentialAction\":[{\"@type\":\"ReadAction\",\"target\":[\"https:\/\/www.intoscana.it\/it\/tumore-polmone-firenze\/\"]}]},{\"@type\":\"ImageObject\",\"inLanguage\":\"it-IT\",\"@id\":\"https:\/\/www.intoscana.it\/it\/tumore-polmone-firenze\/#primaryimage\",\"url\":\"https:\/\/www.intoscana.it\/wp-content\/uploads\/ricerca-10.jpg\",\"contentUrl\":\"https:\/\/www.intoscana.it\/wp-content\/uploads\/ricerca-10.jpg\",\"width\":2000,\"height\":1333,\"caption\":\"Tumore al polmone: la Toscana capofila di un progetto di screening\"},{\"@type\":\"BreadcrumbList\",\"@id\":\"https:\/\/www.intoscana.it\/it\/tumore-polmone-firenze\/#breadcrumb\",\"itemListElement\":[{\"@type\":\"ListItem\",\"position\":1,\"name\":\"Home\",\"item\":\"https:\/\/www.intoscana.it\/it\/\"},{\"@type\":\"ListItem\",\"position\":2,\"name\":\"Tumore al polmone: la Toscana capofila di un progetto di screening\"}]},{\"@type\":\"WebSite\",\"@id\":\"https:\/\/www.intoscana.it\/it\/#website\",\"url\":\"https:\/\/www.intoscana.it\/it\/\",\"name\":\"intoscana\",\"description\":\"\",\"potentialAction\":[{\"@type\":\"SearchAction\",\"target\":{\"@type\":\"EntryPoint\",\"urlTemplate\":\"https:\/\/www.intoscana.it\/it\/?s={search_term_string}\"},\"query-input\":{\"@type\":\"PropertyValueSpecification\",\"valueRequired\":true,\"valueName\":\"search_term_string\"}}],\"inLanguage\":\"it-IT\"},{\"@type\":\"Person\",\"@id\":\"https:\/\/www.intoscana.it\/it\/#\/schema\/person\/9223810753230f20bd670fdd322661f8\",\"name\":\"Redazione\",\"url\":\"https:\/\/www.intoscana.it\/it\/author\/redazione\/\"}]}<\/script>\n<!-- \/ Yoast SEO Premium plugin. -->","yoast_head_json":{"title":"Tumore al polmone: la Toscana capofila di un progetto di screening - intoscana","robots":{"index":"index","follow":"follow","max-snippet":"max-snippet:-1","max-image-preview":"max-image-preview:large","max-video-preview":"max-video-preview:-1"},"canonical":"https:\/\/www.intoscana.it\/it\/tumore-polmone-firenze\/","og_locale":"it_IT","og_type":"article","og_title":"Tumore al polmone: la Toscana capofila di un progetto di screening","og_description":"Il progetto coordinato da Ispro durer\u00e0 due anni e coinvolger\u00e0 sei unit\u00e0 operative in Toscana, Emilia Romagna, Piemonte e Lombardia","og_url":"https:\/\/www.intoscana.it\/it\/tumore-polmone-firenze\/","og_site_name":"intoscana","article_publisher":"https:\/\/www.facebook.com\/intoscana.it","article_published_time":"2020-01-21T09:15:46+00:00","article_modified_time":"2020-05-19T13:52:33+00:00","og_image":[{"width":2000,"height":1333,"url":"https:\/\/www.intoscana.it\/wp-content\/uploads\/ricerca-10.jpg","type":"image\/jpeg"}],"author":"Redazione","twitter_card":"summary_large_image","twitter_creator":"@intoscana","twitter_site":"@intoscana","twitter_misc":{"Written by":"Redazione","Est. reading time":"3 minuti"},"schema":{"@context":"https:\/\/schema.org","@graph":[{"@type":"WebPage","@id":"https:\/\/www.intoscana.it\/it\/tumore-polmone-firenze\/","url":"https:\/\/www.intoscana.it\/it\/tumore-polmone-firenze\/","name":"Tumore al polmone: la Toscana capofila di un progetto di screening - intoscana","isPartOf":{"@id":"https:\/\/www.intoscana.it\/it\/#website"},"primaryImageOfPage":{"@id":"https:\/\/www.intoscana.it\/it\/tumore-polmone-firenze\/#primaryimage"},"image":{"@id":"https:\/\/www.intoscana.it\/it\/tumore-polmone-firenze\/#primaryimage"},"thumbnailUrl":"https:\/\/www.intoscana.it\/wp-content\/uploads\/ricerca-10.jpg","datePublished":"2020-01-21T09:15:46+00:00","dateModified":"2020-05-19T13:52:33+00:00","author":{"@id":"https:\/\/www.intoscana.it\/it\/#\/schema\/person\/9223810753230f20bd670fdd322661f8"},"breadcrumb":{"@id":"https:\/\/www.intoscana.it\/it\/tumore-polmone-firenze\/#breadcrumb"},"inLanguage":"it-IT","potentialAction":[{"@type":"ReadAction","target":["https:\/\/www.intoscana.it\/it\/tumore-polmone-firenze\/"]}]},{"@type":"ImageObject","inLanguage":"it-IT","@id":"https:\/\/www.intoscana.it\/it\/tumore-polmone-firenze\/#primaryimage","url":"https:\/\/www.intoscana.it\/wp-content\/uploads\/ricerca-10.jpg","contentUrl":"https:\/\/www.intoscana.it\/wp-content\/uploads\/ricerca-10.jpg","width":2000,"height":1333,"caption":"Tumore al polmone: la Toscana capofila di un progetto di screening"},{"@type":"BreadcrumbList","@id":"https:\/\/www.intoscana.it\/it\/tumore-polmone-firenze\/#breadcrumb","itemListElement":[{"@type":"ListItem","position":1,"name":"Home","item":"https:\/\/www.intoscana.it\/it\/"},{"@type":"ListItem","position":2,"name":"Tumore al polmone: la Toscana capofila di un progetto di screening"}]},{"@type":"WebSite","@id":"https:\/\/www.intoscana.it\/it\/#website","url":"https:\/\/www.intoscana.it\/it\/","name":"intoscana","description":"","potentialAction":[{"@type":"SearchAction","target":{"@type":"EntryPoint","urlTemplate":"https:\/\/www.intoscana.it\/it\/?s={search_term_string}"},"query-input":{"@type":"PropertyValueSpecification","valueRequired":true,"valueName":"search_term_string"}}],"inLanguage":"it-IT"},{"@type":"Person","@id":"https:\/\/www.intoscana.it\/it\/#\/schema\/person\/9223810753230f20bd670fdd322661f8","name":"Redazione","url":"https:\/\/www.intoscana.it\/it\/author\/redazione\/"}]}},"_links":{"self":[{"href":"https:\/\/www.intoscana.it\/it\/wp-json\/wp\/v2\/posts\/62647","targetHints":{"allow":["GET"]}}],"collection":[{"href":"https:\/\/www.intoscana.it\/it\/wp-json\/wp\/v2\/posts"}],"about":[{"href":"https:\/\/www.intoscana.it\/it\/wp-json\/wp\/v2\/types\/post"}],"author":[{"embeddable":true,"href":"https:\/\/www.intoscana.it\/it\/wp-json\/wp\/v2\/users\/525"}],"replies":[{"embeddable":true,"href":"https:\/\/www.intoscana.it\/it\/wp-json\/wp\/v2\/comments?post=62647"}],"version-history":[{"count":0,"href":"https:\/\/www.intoscana.it\/it\/wp-json\/wp\/v2\/posts\/62647\/revisions"}],"wp:featuredmedia":[{"embeddable":true,"href":"https:\/\/www.intoscana.it\/it\/wp-json\/wp\/v2\/media\/100398"}],"wp:attachment":[{"href":"https:\/\/www.intoscana.it\/it\/wp-json\/wp\/v2\/media?parent=62647"}],"wp:term":[{"taxonomy":"category","embeddable":true,"href":"https:\/\/www.intoscana.it\/it\/wp-json\/wp\/v2\/categories?post=62647"},{"taxonomy":"post_tag","embeddable":true,"href":"https:\/\/www.intoscana.it\/it\/wp-json\/wp\/v2\/tags?post=62647"}],"curies":[{"name":"wp","href":"https:\/\/api.w.org\/{rel}","templated":true}]}}