{"id":62658,"date":"2020-02-17T10:13:29","date_gmt":"2020-02-17T10:13:29","guid":{"rendered":"http:\/\/www.intoscana.it\/coronavirus-a-firenze-apre-un-ambulatorio-per-i-casi-sospetti\/"},"modified":"2020-05-19T15:52:37","modified_gmt":"2020-05-19T13:52:37","slug":"laboratorio-coronavirus-firenze","status":"publish","type":"post","link":"https:\/\/www.intoscana.it\/it\/laboratorio-coronavirus-firenze\/","title":{"rendered":"Coronavirus: a Firenze apre un ambulatorio per i casi sospetti"},"content":{"rendered":"<p><strong>Un ambulatorio per la pronta diagnosi dei casi sospetti di coronavirus dedicato a tutti i cittadini, prevalentemente cinesi<\/strong>, di ritorno dalle aree a rischio, con sintomatologia respiratoria acuta, entrer\u00e0 in funzione dalla prossima settimana<strong> nella zona industriale di Osmannoro, a Firenze, in uno spazio messo a disposizione gratis dal Consolato della Cina<\/strong>. <br \/>L&#8217;attivazione della struttura nasce da un protocollo di collaborazione firmato sabato a Firenze tra il presidente della Regione Toscana Enrico Rossi e il console della Repubblica popolare cinese Wang Wengang.<\/p>\n<p>La struttura \u00e8 di un cinese ed \u00e8 gi\u00e0 attiva come centro medico e diagnostico. <strong>Dalla prossima settimana sar\u00e0 dedicato anche alla valutazione di casi di persone rientrate dalla Cina: alla prima manifestazione dei sintomi, i pazienti potranno rivolgersi al Cup e poi accedere alla struttura<\/strong> dove saranno visitati ed eventualmente sottoposti al tampone faringeo per il test diagnostico di laboratorio. In caso di positivit\u00e0 al Coronavirus, si proceder\u00e0 alla loro presa in carico per i percorsi assistenziali gi\u00e0 strutturati nel Servizio sanitario della Regione presso ospedali e poliambulatori delle Asl. Il personale medico dell&#8217;ambulatorio sar\u00e0 fornito dalla Asl Toscana centro mentre il consolato cinese si \u00e8 impegnato ad informare i connazionali sulla nuova struttura.<\/p>\n<p>In conferenza stampa il presidente della Toscana, <strong>Enrico Rossi, ha ribadito che &#8220;al momento non c&#8217;\u00e8 nessun allarme, nessun caso di nuovo Coronavirus tra persone di ritorno dalla Cina<\/strong>. Quindi, certo, dobbiamo alzare il livello di attenzione e di prevenzione, ma prima di tutto combattere la paura, l&#8217;ignoranza, il pregiudizio, i fenomeni di razzismo&#8221;. Per Rossi &#8220;qui da noi allo stato attuale il vero problema \u00e8 la normale influenza, non il Coronavirus. La mortalit\u00e0 della normale influenza stagionale \u00e8 superiore, neanche paragonabile a quella causata in Cina dal Coronavirus&#8221;.<\/p>\n<p>Il console cinese a Firenze Wang Wengang ha poi evidenziato la collaborazione tra il consolato e le istituzioni regionali. &#8220;Uno dei risultati della nostra collaborazione &#8211; ha detto &#8211; \u00e8 l&#8217;imminente apertura di questo ambulatorio all&#8217;Osmannoro. <strong>Ora stiamo cercando un&#8217;altra sede per istituire un ambulatorio dedicato anche a Prato. Voglio ringraziare la Regione e le autorit\u00e0 sanitarie per l&#8217;aiuto che stanno dando alla comunit\u00e0 cinese.<\/strong> Il consolato \u00e8 a disposizione per tutte le misure di prevenzione necessarie per contrastare il virus e proteggere l&#8217;incolumit\u00e0 e la salute di tutti i cittadini, non solo cinesi, ma anche italiani&#8221;.<\/p>\n","protected":false},"excerpt":{"rendered":"<p>All&#8217;Osmannoro sar\u00e0 aperta la struttura dove saranno analizzati i cittadini di rientro dalla Cina che manifestino sintomi, grazie alla collaborazione tra la Regione e il consolato cinese<\/p>\n","protected":false},"author":525,"featured_media":100409,"comment_status":"open","ping_status":"open","sticky":false,"template":"","format":"standard","meta":{"_acf_changed":false,"footnotes":""},"categories":[18],"tags":[349],"class_list":["post-62658","post","type-post","status-publish","format-standard","has-post-thumbnail","hentry","category-salute","tag-sanita"],"acf":[],"yoast_head":"<!-- This site is optimized with the Yoast SEO Premium plugin v24.2 (Yoast SEO v25.6) - https:\/\/yoast.com\/wordpress\/plugins\/seo\/ -->\n<title>Coronavirus: a Firenze apre un ambulatorio per i casi sospetti - intoscana<\/title>\n<meta name=\"robots\" content=\"index, follow, max-snippet:-1, max-image-preview:large, max-video-preview:-1\" \/>\n<link rel=\"canonical\" href=\"https:\/\/www.intoscana.it\/it\/laboratorio-coronavirus-firenze\/\" \/>\n<meta property=\"og:locale\" content=\"it_IT\" \/>\n<meta property=\"og:type\" content=\"article\" \/>\n<meta property=\"og:title\" content=\"Coronavirus: a Firenze apre un ambulatorio per i casi sospetti\" \/>\n<meta property=\"og:description\" content=\"All&#039;Osmannoro sar\u00e0 aperta la struttura dove saranno analizzati i cittadini di rientro dalla Cina che manifestino sintomi, grazie alla collaborazione tra la Regione e il consolato cinese\" \/>\n<meta property=\"og:url\" content=\"https:\/\/www.intoscana.it\/it\/laboratorio-coronavirus-firenze\/\" \/>\n<meta property=\"og:site_name\" content=\"intoscana\" \/>\n<meta property=\"article:publisher\" content=\"https:\/\/www.facebook.com\/intoscana.it\" \/>\n<meta property=\"article:published_time\" content=\"2020-02-17T10:13:29+00:00\" \/>\n<meta property=\"article:modified_time\" content=\"2020-05-19T13:52:37+00:00\" \/>\n<meta property=\"og:image\" content=\"https:\/\/www.intoscana.it\/wp-content\/uploads\/ricerca-11.jpg\" \/>\n\t<meta property=\"og:image:width\" content=\"2000\" \/>\n\t<meta property=\"og:image:height\" content=\"1333\" \/>\n\t<meta property=\"og:image:type\" content=\"image\/jpeg\" \/>\n<meta name=\"author\" content=\"Redazione\" \/>\n<meta name=\"twitter:card\" content=\"summary_large_image\" \/>\n<meta name=\"twitter:creator\" content=\"@intoscana\" \/>\n<meta name=\"twitter:site\" content=\"@intoscana\" \/>\n<meta name=\"twitter:label1\" content=\"Written by\" \/>\n\t<meta name=\"twitter:data1\" content=\"Redazione\" \/>\n\t<meta name=\"twitter:label2\" content=\"Est. reading time\" \/>\n\t<meta name=\"twitter:data2\" content=\"2 minuti\" \/>\n<script type=\"application\/ld+json\" class=\"yoast-schema-graph\">{\"@context\":\"https:\/\/schema.org\",\"@graph\":[{\"@type\":\"WebPage\",\"@id\":\"https:\/\/www.intoscana.it\/it\/laboratorio-coronavirus-firenze\/\",\"url\":\"https:\/\/www.intoscana.it\/it\/laboratorio-coronavirus-firenze\/\",\"name\":\"Coronavirus: a Firenze apre un ambulatorio per i casi sospetti - intoscana\",\"isPartOf\":{\"@id\":\"https:\/\/www.intoscana.it\/it\/#website\"},\"primaryImageOfPage\":{\"@id\":\"https:\/\/www.intoscana.it\/it\/laboratorio-coronavirus-firenze\/#primaryimage\"},\"image\":{\"@id\":\"https:\/\/www.intoscana.it\/it\/laboratorio-coronavirus-firenze\/#primaryimage\"},\"thumbnailUrl\":\"https:\/\/www.intoscana.it\/wp-content\/uploads\/ricerca-11.jpg\",\"datePublished\":\"2020-02-17T10:13:29+00:00\",\"dateModified\":\"2020-05-19T13:52:37+00:00\",\"author\":{\"@id\":\"https:\/\/www.intoscana.it\/it\/#\/schema\/person\/9223810753230f20bd670fdd322661f8\"},\"breadcrumb\":{\"@id\":\"https:\/\/www.intoscana.it\/it\/laboratorio-coronavirus-firenze\/#breadcrumb\"},\"inLanguage\":\"it-IT\",\"potentialAction\":[{\"@type\":\"ReadAction\",\"target\":[\"https:\/\/www.intoscana.it\/it\/laboratorio-coronavirus-firenze\/\"]}]},{\"@type\":\"ImageObject\",\"inLanguage\":\"it-IT\",\"@id\":\"https:\/\/www.intoscana.it\/it\/laboratorio-coronavirus-firenze\/#primaryimage\",\"url\":\"https:\/\/www.intoscana.it\/wp-content\/uploads\/ricerca-11.jpg\",\"contentUrl\":\"https:\/\/www.intoscana.it\/wp-content\/uploads\/ricerca-11.jpg\",\"width\":2000,\"height\":1333},{\"@type\":\"BreadcrumbList\",\"@id\":\"https:\/\/www.intoscana.it\/it\/laboratorio-coronavirus-firenze\/#breadcrumb\",\"itemListElement\":[{\"@type\":\"ListItem\",\"position\":1,\"name\":\"Home\",\"item\":\"https:\/\/www.intoscana.it\/it\/\"},{\"@type\":\"ListItem\",\"position\":2,\"name\":\"Coronavirus: a Firenze apre un ambulatorio per i casi sospetti\"}]},{\"@type\":\"WebSite\",\"@id\":\"https:\/\/www.intoscana.it\/it\/#website\",\"url\":\"https:\/\/www.intoscana.it\/it\/\",\"name\":\"intoscana\",\"description\":\"\",\"potentialAction\":[{\"@type\":\"SearchAction\",\"target\":{\"@type\":\"EntryPoint\",\"urlTemplate\":\"https:\/\/www.intoscana.it\/it\/?s={search_term_string}\"},\"query-input\":{\"@type\":\"PropertyValueSpecification\",\"valueRequired\":true,\"valueName\":\"search_term_string\"}}],\"inLanguage\":\"it-IT\"},{\"@type\":\"Person\",\"@id\":\"https:\/\/www.intoscana.it\/it\/#\/schema\/person\/9223810753230f20bd670fdd322661f8\",\"name\":\"Redazione\",\"url\":\"https:\/\/www.intoscana.it\/it\/author\/redazione\/\"}]}<\/script>\n<!-- \/ Yoast SEO Premium plugin. -->","yoast_head_json":{"title":"Coronavirus: a Firenze apre un ambulatorio per i casi sospetti - intoscana","robots":{"index":"index","follow":"follow","max-snippet":"max-snippet:-1","max-image-preview":"max-image-preview:large","max-video-preview":"max-video-preview:-1"},"canonical":"https:\/\/www.intoscana.it\/it\/laboratorio-coronavirus-firenze\/","og_locale":"it_IT","og_type":"article","og_title":"Coronavirus: a Firenze apre un ambulatorio per i casi sospetti","og_description":"All'Osmannoro sar\u00e0 aperta la struttura dove saranno analizzati i cittadini di rientro dalla Cina che manifestino sintomi, grazie alla collaborazione tra la Regione e il consolato cinese","og_url":"https:\/\/www.intoscana.it\/it\/laboratorio-coronavirus-firenze\/","og_site_name":"intoscana","article_publisher":"https:\/\/www.facebook.com\/intoscana.it","article_published_time":"2020-02-17T10:13:29+00:00","article_modified_time":"2020-05-19T13:52:37+00:00","og_image":[{"width":2000,"height":1333,"url":"https:\/\/www.intoscana.it\/wp-content\/uploads\/ricerca-11.jpg","type":"image\/jpeg"}],"author":"Redazione","twitter_card":"summary_large_image","twitter_creator":"@intoscana","twitter_site":"@intoscana","twitter_misc":{"Written by":"Redazione","Est. reading time":"2 minuti"},"schema":{"@context":"https:\/\/schema.org","@graph":[{"@type":"WebPage","@id":"https:\/\/www.intoscana.it\/it\/laboratorio-coronavirus-firenze\/","url":"https:\/\/www.intoscana.it\/it\/laboratorio-coronavirus-firenze\/","name":"Coronavirus: a Firenze apre un ambulatorio per i casi sospetti - intoscana","isPartOf":{"@id":"https:\/\/www.intoscana.it\/it\/#website"},"primaryImageOfPage":{"@id":"https:\/\/www.intoscana.it\/it\/laboratorio-coronavirus-firenze\/#primaryimage"},"image":{"@id":"https:\/\/www.intoscana.it\/it\/laboratorio-coronavirus-firenze\/#primaryimage"},"thumbnailUrl":"https:\/\/www.intoscana.it\/wp-content\/uploads\/ricerca-11.jpg","datePublished":"2020-02-17T10:13:29+00:00","dateModified":"2020-05-19T13:52:37+00:00","author":{"@id":"https:\/\/www.intoscana.it\/it\/#\/schema\/person\/9223810753230f20bd670fdd322661f8"},"breadcrumb":{"@id":"https:\/\/www.intoscana.it\/it\/laboratorio-coronavirus-firenze\/#breadcrumb"},"inLanguage":"it-IT","potentialAction":[{"@type":"ReadAction","target":["https:\/\/www.intoscana.it\/it\/laboratorio-coronavirus-firenze\/"]}]},{"@type":"ImageObject","inLanguage":"it-IT","@id":"https:\/\/www.intoscana.it\/it\/laboratorio-coronavirus-firenze\/#primaryimage","url":"https:\/\/www.intoscana.it\/wp-content\/uploads\/ricerca-11.jpg","contentUrl":"https:\/\/www.intoscana.it\/wp-content\/uploads\/ricerca-11.jpg","width":2000,"height":1333},{"@type":"BreadcrumbList","@id":"https:\/\/www.intoscana.it\/it\/laboratorio-coronavirus-firenze\/#breadcrumb","itemListElement":[{"@type":"ListItem","position":1,"name":"Home","item":"https:\/\/www.intoscana.it\/it\/"},{"@type":"ListItem","position":2,"name":"Coronavirus: a Firenze apre un ambulatorio per i casi sospetti"}]},{"@type":"WebSite","@id":"https:\/\/www.intoscana.it\/it\/#website","url":"https:\/\/www.intoscana.it\/it\/","name":"intoscana","description":"","potentialAction":[{"@type":"SearchAction","target":{"@type":"EntryPoint","urlTemplate":"https:\/\/www.intoscana.it\/it\/?s={search_term_string}"},"query-input":{"@type":"PropertyValueSpecification","valueRequired":true,"valueName":"search_term_string"}}],"inLanguage":"it-IT"},{"@type":"Person","@id":"https:\/\/www.intoscana.it\/it\/#\/schema\/person\/9223810753230f20bd670fdd322661f8","name":"Redazione","url":"https:\/\/www.intoscana.it\/it\/author\/redazione\/"}]}},"_links":{"self":[{"href":"https:\/\/www.intoscana.it\/it\/wp-json\/wp\/v2\/posts\/62658","targetHints":{"allow":["GET"]}}],"collection":[{"href":"https:\/\/www.intoscana.it\/it\/wp-json\/wp\/v2\/posts"}],"about":[{"href":"https:\/\/www.intoscana.it\/it\/wp-json\/wp\/v2\/types\/post"}],"author":[{"embeddable":true,"href":"https:\/\/www.intoscana.it\/it\/wp-json\/wp\/v2\/users\/525"}],"replies":[{"embeddable":true,"href":"https:\/\/www.intoscana.it\/it\/wp-json\/wp\/v2\/comments?post=62658"}],"version-history":[{"count":0,"href":"https:\/\/www.intoscana.it\/it\/wp-json\/wp\/v2\/posts\/62658\/revisions"}],"wp:featuredmedia":[{"embeddable":true,"href":"https:\/\/www.intoscana.it\/it\/wp-json\/wp\/v2\/media\/100409"}],"wp:attachment":[{"href":"https:\/\/www.intoscana.it\/it\/wp-json\/wp\/v2\/media?parent=62658"}],"wp:term":[{"taxonomy":"category","embeddable":true,"href":"https:\/\/www.intoscana.it\/it\/wp-json\/wp\/v2\/categories?post=62658"},{"taxonomy":"post_tag","embeddable":true,"href":"https:\/\/www.intoscana.it\/it\/wp-json\/wp\/v2\/tags?post=62658"}],"curies":[{"name":"wp","href":"https:\/\/api.w.org\/{rel}","templated":true}]}}