{"id":62667,"date":"2020-03-10T14:41:37","date_gmt":"2020-03-10T14:41:37","guid":{"rendered":"http:\/\/www.intoscana.it\/coronavirus-lappello-di-rossi-lavorare-si-puo-con-le-giuste-precauzioni\/"},"modified":"2020-05-19T15:52:39","modified_gmt":"2020-05-19T13:52:39","slug":"coronavirus-vacanzieri-toscana","status":"publish","type":"post","link":"https:\/\/www.intoscana.it\/it\/coronavirus-vacanzieri-toscana\/","title":{"rendered":"Coronavirus, l&#8217;appello di Rossi: &#8216;Lavorare si pu\u00f2, con le giuste precauzioni&#8217;"},"content":{"rendered":"<p>La comunicazione con la quale si annunciava il video-appello del presidente della Regione Toscana, Enrico Rossi, \u00e8 arrivato un quarto d&#8217;ora prima che iniziasse la diretta su facebook. Alle 13.45, puntualissimo, si \u00e8 rivolto a tutti i cittadini della Toscana in seguito all&#8217;emanazione del decreto firmato ieri sera dal Presidente del Consiglio e col quale si include la Toscana &#8211; cos\u00ec come tutte le regioni italien &#8211; tra le zone protette.<\/p>\n<p><strong>Non solo invita tutti a proseguire con le attivit\u00e0 produttive e il lavoro (pur con le necessarie cautele), ma nel suo discorso Rossi anticipa anche un provvedimento destinato alle persone che, dopo il provvedimento adottato nel nord Italia, sono fuggite dalle zone rosse per raggiungere la Toscana.<\/strong> \u00abUna questione che ci preoccupa non poco\u00bb, commenta Rossi. \u00abDispiaciuto che nell&#8217;ordinanza non ci siano espliciti rifeimenti ai vacanzieri fuggiti dalle zone rosse\u00bb. L&#8217;invito? \u00ab\u00c8 quello a tornare nelle proprie case, prima di tutto per motivi di salute. L\u00ec potranno ricevere assistenza dai medici di famiglia e dai pediatri. Provveder\u00f2 intervenendo con un&#8217;ordinanza\u00bb.<\/p>\n<p><iframe loading=\"lazy\" src=\"https:\/\/www.youtube.com\/embed\/BGpv-GTpySQ\" width=\"560\" height=\"315\" frameborder=\"0\" allowfullscreen=\"allowfullscreen\"><\/iframe><\/p>\n<p><strong>\u00abIl decreto del Governo? Non \u00e8 vero che mette tutti a casa\u00bb dice Rossi.<\/strong> \u00abGiustamente regola, obbliga a ridurre al minimo possibile elementi di socialit\u00e0 nel tempo libero, ma non vieta affatto che si svolgano i lavori, che ci si sposti per lavoro, \u00e8 un&#8217;interpretazione sbagliata che metterebbe in ginocchio tutta la Toscana. E se cos\u00ec fosse anche tutto il paese\u00bb.<\/p>\n<p><strong>Rossi si rivolge a cittadini, imprenditori e lavoratori toscani.<\/strong> \u00abInutile mettersi a casa se c&#8217;\u00e8 produzione, lavoro: si mettano a punto accorgimenti, si discuta nelle fabbriche e nei luoghi di lavoro, come organizzarsi al meglio, ma lo spostamento per motivi di lavoro \u00e8 consentito: da nessuna parte sta scritto che deve cessare la produzione, sia quella destinata agli oggetti che al servizio ai cittadini. Se dovessimo bloccare interi comparti produttivi fondamentali per l&#8217;export, magari per 15 giorni o di pi\u00f9, avremmo un calo produzione della ricchezza in questa regione che sarebbe davvero esiziale e di cui risentiremmo anche per il futuro\u00bb.<\/p>\n<p>\u00abNon dobbiamo dimenticarci, e il paragone non sembri spropositato, che i lavoratori riuscirono a difendere le fabbriche sotto i bombardamenti e dallo smantellamento che volevano fare i nazisti, francamente non siamo nella stessa situazione. Non ci sono preoccupazioni per la vita della persona che neppure lontanamente possono essere paragonabili a quelle\u00bb ha proseguito Rossi.<\/p>\n<p><strong>\u00abSi torni a lavorare\u00bb \u00e8 il suo invito rivolto.<\/strong> \u00abCi si acconci in maniera adeguata, si facciano studi azienda per azienda per capire come prevenire al massimo contatti che potrebbero indurre alla diffusione del virus, si stia a casa se si hanno manifestazioni simil influenzali, ma noi non possiamo fermarci, dobbiamo contenere s\u00ec il virus, prepararci a fare le cure, ma dobbiamo anche mantenere quel minino di vita, di attivit\u00e0 lavorativa senza la quale altrimenti avremmo contraccolpo profondamente negativo\u00bb.<\/p>\n","protected":false},"excerpt":{"rendered":"<p>Il governatore Enrico Rossi si \u00e8 rivolto alla Toscana invitando tutti alla normalit\u00e0. Trasporti, produzione e servizi essenziali non si devono fermare. Annunciata ordinanza per chi \u00e8 fuggito da zona rossa, i cosidetti &#8220;vacanzieri&#8221; dell&#8217;ultima ora: &#8216;Tornate a casa&#8217;<br \/>\n&nbsp;<\/p>\n","protected":false},"author":525,"featured_media":141888,"comment_status":"open","ping_status":"open","sticky":false,"template":"","format":"standard","meta":{"_acf_changed":false,"footnotes":""},"categories":[18],"tags":[418,133,151],"class_list":["post-62667","post","type-post","status-publish","format-standard","has-post-thumbnail","hentry","category-salute","tag-covid-19","tag-enrico-rossi","tag-regione-toscana"],"acf":[],"yoast_head":"<!-- This site is optimized with the Yoast SEO Premium plugin v24.2 (Yoast SEO v25.6) - https:\/\/yoast.com\/wordpress\/plugins\/seo\/ -->\n<title>Coronavirus, l&#039;appello di Rossi: &#039;Lavorare si pu\u00f2, con le giuste precauzioni&#039; - intoscana<\/title>\n<meta name=\"robots\" content=\"index, follow, max-snippet:-1, max-image-preview:large, max-video-preview:-1\" \/>\n<link rel=\"canonical\" href=\"https:\/\/www.intoscana.it\/it\/coronavirus-vacanzieri-toscana\/\" \/>\n<meta property=\"og:locale\" content=\"it_IT\" \/>\n<meta property=\"og:type\" content=\"article\" \/>\n<meta property=\"og:title\" content=\"Coronavirus, l&#039;appello di Rossi: &#039;Lavorare si pu\u00f2, con le giuste precauzioni&#039;\" \/>\n<meta property=\"og:description\" content=\"Il governatore Enrico Rossi si \u00e8 rivolto alla Toscana invitando tutti alla normalit\u00e0. Trasporti, produzione e servizi essenziali non si devono fermare. Annunciata ordinanza per chi \u00e8 fuggito da zona rossa, i cosidetti &quot;vacanzieri&quot; dell&#039;ultima ora: &#039;Tornate a casa&#039; &nbsp;\" \/>\n<meta property=\"og:url\" content=\"https:\/\/www.intoscana.it\/it\/coronavirus-vacanzieri-toscana\/\" \/>\n<meta property=\"og:site_name\" content=\"intoscana\" \/>\n<meta property=\"article:publisher\" content=\"https:\/\/www.facebook.com\/intoscana.it\" \/>\n<meta property=\"article:published_time\" content=\"2020-03-10T14:41:37+00:00\" \/>\n<meta property=\"article:modified_time\" content=\"2020-05-19T13:52:39+00:00\" \/>\n<meta property=\"og:image\" content=\"https:\/\/www.intoscana.it\/wp-content\/uploads\/appello-rossi-coronavirus.png\" \/>\n\t<meta property=\"og:image:width\" content=\"1000\" \/>\n\t<meta property=\"og:image:height\" content=\"672\" \/>\n\t<meta property=\"og:image:type\" content=\"image\/png\" \/>\n<meta name=\"author\" content=\"Redazione\" \/>\n<meta name=\"twitter:card\" content=\"summary_large_image\" \/>\n<meta name=\"twitter:creator\" content=\"@intoscana\" \/>\n<meta name=\"twitter:site\" content=\"@intoscana\" \/>\n<meta name=\"twitter:label1\" content=\"Written by\" \/>\n\t<meta name=\"twitter:data1\" content=\"Redazione\" \/>\n\t<meta name=\"twitter:label2\" content=\"Est. reading time\" \/>\n\t<meta name=\"twitter:data2\" content=\"2 minuti\" \/>\n<script type=\"application\/ld+json\" class=\"yoast-schema-graph\">{\"@context\":\"https:\/\/schema.org\",\"@graph\":[{\"@type\":\"WebPage\",\"@id\":\"https:\/\/www.intoscana.it\/it\/coronavirus-vacanzieri-toscana\/\",\"url\":\"https:\/\/www.intoscana.it\/it\/coronavirus-vacanzieri-toscana\/\",\"name\":\"Coronavirus, l'appello di Rossi: 'Lavorare si pu\u00f2, con le giuste precauzioni' - intoscana\",\"isPartOf\":{\"@id\":\"https:\/\/www.intoscana.it\/it\/#website\"},\"primaryImageOfPage\":{\"@id\":\"https:\/\/www.intoscana.it\/it\/coronavirus-vacanzieri-toscana\/#primaryimage\"},\"image\":{\"@id\":\"https:\/\/www.intoscana.it\/it\/coronavirus-vacanzieri-toscana\/#primaryimage\"},\"thumbnailUrl\":\"https:\/\/www.intoscana.it\/wp-content\/uploads\/appello-rossi-coronavirus.png\",\"datePublished\":\"2020-03-10T14:41:37+00:00\",\"dateModified\":\"2020-05-19T13:52:39+00:00\",\"author\":{\"@id\":\"https:\/\/www.intoscana.it\/it\/#\/schema\/person\/9223810753230f20bd670fdd322661f8\"},\"breadcrumb\":{\"@id\":\"https:\/\/www.intoscana.it\/it\/coronavirus-vacanzieri-toscana\/#breadcrumb\"},\"inLanguage\":\"it-IT\",\"potentialAction\":[{\"@type\":\"ReadAction\",\"target\":[\"https:\/\/www.intoscana.it\/it\/coronavirus-vacanzieri-toscana\/\"]}]},{\"@type\":\"ImageObject\",\"inLanguage\":\"it-IT\",\"@id\":\"https:\/\/www.intoscana.it\/it\/coronavirus-vacanzieri-toscana\/#primaryimage\",\"url\":\"https:\/\/www.intoscana.it\/wp-content\/uploads\/appello-rossi-coronavirus.png\",\"contentUrl\":\"https:\/\/www.intoscana.it\/wp-content\/uploads\/appello-rossi-coronavirus.png\",\"width\":1000,\"height\":672,\"caption\":\"Enrico Rossi\"},{\"@type\":\"BreadcrumbList\",\"@id\":\"https:\/\/www.intoscana.it\/it\/coronavirus-vacanzieri-toscana\/#breadcrumb\",\"itemListElement\":[{\"@type\":\"ListItem\",\"position\":1,\"name\":\"Home\",\"item\":\"https:\/\/www.intoscana.it\/it\/\"},{\"@type\":\"ListItem\",\"position\":2,\"name\":\"Coronavirus, l&#8217;appello di Rossi: &#8216;Lavorare si pu\u00f2, con le giuste precauzioni&#8217;\"}]},{\"@type\":\"WebSite\",\"@id\":\"https:\/\/www.intoscana.it\/it\/#website\",\"url\":\"https:\/\/www.intoscana.it\/it\/\",\"name\":\"intoscana\",\"description\":\"\",\"potentialAction\":[{\"@type\":\"SearchAction\",\"target\":{\"@type\":\"EntryPoint\",\"urlTemplate\":\"https:\/\/www.intoscana.it\/it\/?s={search_term_string}\"},\"query-input\":{\"@type\":\"PropertyValueSpecification\",\"valueRequired\":true,\"valueName\":\"search_term_string\"}}],\"inLanguage\":\"it-IT\"},{\"@type\":\"Person\",\"@id\":\"https:\/\/www.intoscana.it\/it\/#\/schema\/person\/9223810753230f20bd670fdd322661f8\",\"name\":\"Redazione\",\"url\":\"https:\/\/www.intoscana.it\/it\/author\/redazione\/\"}]}<\/script>\n<!-- \/ Yoast SEO Premium plugin. -->","yoast_head_json":{"title":"Coronavirus, l'appello di Rossi: 'Lavorare si pu\u00f2, con le giuste precauzioni' - intoscana","robots":{"index":"index","follow":"follow","max-snippet":"max-snippet:-1","max-image-preview":"max-image-preview:large","max-video-preview":"max-video-preview:-1"},"canonical":"https:\/\/www.intoscana.it\/it\/coronavirus-vacanzieri-toscana\/","og_locale":"it_IT","og_type":"article","og_title":"Coronavirus, l'appello di Rossi: 'Lavorare si pu\u00f2, con le giuste precauzioni'","og_description":"Il governatore Enrico Rossi si \u00e8 rivolto alla Toscana invitando tutti alla normalit\u00e0. Trasporti, produzione e servizi essenziali non si devono fermare. Annunciata ordinanza per chi \u00e8 fuggito da zona rossa, i cosidetti \"vacanzieri\" dell'ultima ora: 'Tornate a casa' &nbsp;","og_url":"https:\/\/www.intoscana.it\/it\/coronavirus-vacanzieri-toscana\/","og_site_name":"intoscana","article_publisher":"https:\/\/www.facebook.com\/intoscana.it","article_published_time":"2020-03-10T14:41:37+00:00","article_modified_time":"2020-05-19T13:52:39+00:00","og_image":[{"width":1000,"height":672,"url":"https:\/\/www.intoscana.it\/wp-content\/uploads\/appello-rossi-coronavirus.png","type":"image\/png"}],"author":"Redazione","twitter_card":"summary_large_image","twitter_creator":"@intoscana","twitter_site":"@intoscana","twitter_misc":{"Written by":"Redazione","Est. reading time":"2 minuti"},"schema":{"@context":"https:\/\/schema.org","@graph":[{"@type":"WebPage","@id":"https:\/\/www.intoscana.it\/it\/coronavirus-vacanzieri-toscana\/","url":"https:\/\/www.intoscana.it\/it\/coronavirus-vacanzieri-toscana\/","name":"Coronavirus, l'appello di Rossi: 'Lavorare si pu\u00f2, con le giuste precauzioni' - intoscana","isPartOf":{"@id":"https:\/\/www.intoscana.it\/it\/#website"},"primaryImageOfPage":{"@id":"https:\/\/www.intoscana.it\/it\/coronavirus-vacanzieri-toscana\/#primaryimage"},"image":{"@id":"https:\/\/www.intoscana.it\/it\/coronavirus-vacanzieri-toscana\/#primaryimage"},"thumbnailUrl":"https:\/\/www.intoscana.it\/wp-content\/uploads\/appello-rossi-coronavirus.png","datePublished":"2020-03-10T14:41:37+00:00","dateModified":"2020-05-19T13:52:39+00:00","author":{"@id":"https:\/\/www.intoscana.it\/it\/#\/schema\/person\/9223810753230f20bd670fdd322661f8"},"breadcrumb":{"@id":"https:\/\/www.intoscana.it\/it\/coronavirus-vacanzieri-toscana\/#breadcrumb"},"inLanguage":"it-IT","potentialAction":[{"@type":"ReadAction","target":["https:\/\/www.intoscana.it\/it\/coronavirus-vacanzieri-toscana\/"]}]},{"@type":"ImageObject","inLanguage":"it-IT","@id":"https:\/\/www.intoscana.it\/it\/coronavirus-vacanzieri-toscana\/#primaryimage","url":"https:\/\/www.intoscana.it\/wp-content\/uploads\/appello-rossi-coronavirus.png","contentUrl":"https:\/\/www.intoscana.it\/wp-content\/uploads\/appello-rossi-coronavirus.png","width":1000,"height":672,"caption":"Enrico Rossi"},{"@type":"BreadcrumbList","@id":"https:\/\/www.intoscana.it\/it\/coronavirus-vacanzieri-toscana\/#breadcrumb","itemListElement":[{"@type":"ListItem","position":1,"name":"Home","item":"https:\/\/www.intoscana.it\/it\/"},{"@type":"ListItem","position":2,"name":"Coronavirus, l&#8217;appello di Rossi: &#8216;Lavorare si pu\u00f2, con le giuste precauzioni&#8217;"}]},{"@type":"WebSite","@id":"https:\/\/www.intoscana.it\/it\/#website","url":"https:\/\/www.intoscana.it\/it\/","name":"intoscana","description":"","potentialAction":[{"@type":"SearchAction","target":{"@type":"EntryPoint","urlTemplate":"https:\/\/www.intoscana.it\/it\/?s={search_term_string}"},"query-input":{"@type":"PropertyValueSpecification","valueRequired":true,"valueName":"search_term_string"}}],"inLanguage":"it-IT"},{"@type":"Person","@id":"https:\/\/www.intoscana.it\/it\/#\/schema\/person\/9223810753230f20bd670fdd322661f8","name":"Redazione","url":"https:\/\/www.intoscana.it\/it\/author\/redazione\/"}]}},"_links":{"self":[{"href":"https:\/\/www.intoscana.it\/it\/wp-json\/wp\/v2\/posts\/62667","targetHints":{"allow":["GET"]}}],"collection":[{"href":"https:\/\/www.intoscana.it\/it\/wp-json\/wp\/v2\/posts"}],"about":[{"href":"https:\/\/www.intoscana.it\/it\/wp-json\/wp\/v2\/types\/post"}],"author":[{"embeddable":true,"href":"https:\/\/www.intoscana.it\/it\/wp-json\/wp\/v2\/users\/525"}],"replies":[{"embeddable":true,"href":"https:\/\/www.intoscana.it\/it\/wp-json\/wp\/v2\/comments?post=62667"}],"version-history":[{"count":0,"href":"https:\/\/www.intoscana.it\/it\/wp-json\/wp\/v2\/posts\/62667\/revisions"}],"wp:featuredmedia":[{"embeddable":true,"href":"https:\/\/www.intoscana.it\/it\/wp-json\/wp\/v2\/media\/141888"}],"wp:attachment":[{"href":"https:\/\/www.intoscana.it\/it\/wp-json\/wp\/v2\/media?parent=62667"}],"wp:term":[{"taxonomy":"category","embeddable":true,"href":"https:\/\/www.intoscana.it\/it\/wp-json\/wp\/v2\/categories?post=62667"},{"taxonomy":"post_tag","embeddable":true,"href":"https:\/\/www.intoscana.it\/it\/wp-json\/wp\/v2\/tags?post=62667"}],"curies":[{"name":"wp","href":"https:\/\/api.w.org\/{rel}","templated":true}]}}