{"id":62668,"date":"2020-03-10T10:33:56","date_gmt":"2020-03-10T10:33:56","guid":{"rendered":"http:\/\/www.intoscana.it\/coronavirus-anche-la-toscana-e-zona-protetta-tutte-le-restrizioni\/"},"modified":"2020-05-18T09:57:11","modified_gmt":"2020-05-18T07:57:11","slug":"coronavirus-anche-la-toscana-e-zona-protetta-tutte-le-restrizioni","status":"publish","type":"post","link":"https:\/\/www.intoscana.it\/it\/coronavirus-anche-la-toscana-e-zona-protetta-tutte-le-restrizioni\/","title":{"rendered":"Coronavirus, anche la Toscana \u00e8 zona &#8216;protetta&#8217;. Tutte le restrizioni"},"content":{"rendered":"<p><strong>Fino a ieri la Toscana \u00e8 stata solo la terra al confine della zona rossa. Ma da oggi il provvedimento si estende anche alla nostra regione<\/strong>, cos\u00ec come a tutte le regioni italiane. Ebbene s\u00ec, tutta l&#8217;Italia \u00e8 zona protetta (non esiste pi\u00f9 una classificazione cromatica). Toscana compresa.<\/p>\n<p>Lo ha annunciato in tarda serata il premier <strong>Giuseppe Conte<\/strong>, durante una conferenza stampa in diretta tv, poco prima che fosse firmato il nuovo decreto che prevede misure pi\u00f9 stringenti per tutto il paese. Misure che i cittadini dovranno rispettare per arginare il coronavirus, dato che la crescita dei contagi, al momento, non sembra fermarsi.<\/p>\n<p><span style=\"text-decoration: underline;\"><strong>I provvedimenti<\/strong><\/span><\/p>\n<p><strong>Il dpcm \u00e8 gi\u00e0 entrato in vigore. Ecco cosa prevede:<\/strong> divieto d&#8217;assembramento; spostamenti solo per lavoro, salute o necessit\u00e0 stringenti con autocertificazione; estensione della chiusura delle scuole e delle universit\u00e0 fino al 3 aprile; stop a tutti gli eventi sportivi; bar e ristoranti chiusi dopo le ore 18. Resteranno chiusui locali e discoteche, musei, cinema, teatri e perfino le chiese. Sono infatti vietate anche le celebrazioni religiose (compresi i funerali).<\/p>\n<p><strong>Restano aperti i supermercati (che per\u00f2 chiuderanno nei giorni festivi e prefestivi, quindi il sabato e la domenica) e gli approvvigionamenti saranno garantiti.<\/strong> Gi\u00e0 dalla scorsa notte, per\u00f2, dopo l&#8217;annuncio di Conte, molti punti vendita aperti 24 ore su 24 o fino a tarda notte sono stati presi d&#8217;assalto. In Toscana si sono registrate code ai supermercati gi\u00e0 dalle 7.30, orario di apertura. La raccomandazione, quindi, \u00e8 di non agire in modo irrazionale: seppur con qualche limitazione e attenzione, la vita scorre come prima. Occorre per\u00f2 maggiore responsabilit\u00e0. Aperti anche gli uffici comunali e pubblici (con restrizioni di accesso e distanza di un metro tra le persone). Il trasporto pubblico non subir\u00e0 alcuna variazione.<\/p>\n<p><span style=\"text-decoration: underline;\"><strong>L&#8217;appello: restate a casa<\/strong><\/span><\/p>\n<p>\u00abStare a casa. Ieri, dopo il confronto con i presidenti delle Regioni, il presidente Conte ha preso questa decisione. Servir\u00e0 a rallentare e, si spera, a contenere la diffusione del virus\u00bb ha scritto stamani su facebook il presidente della Regione Toscana, <strong>Enrico Rossi<\/strong>. \u00abNel frattempo io rinnovo il mio invito ai &#8216;vacanzieri&#8217; venuti in Toscana a tornare alle loro case per tutelare meglio la loro salute e quella della collettivit\u00e0 e avere a disposizione il medico e il pediatra di famiglia. Gli spostamenti sono consentiti per comprovati motivi di lavoro, di salute, di necessit\u00e0 o per raggiungere la propria residenza\u00bb.<\/p>\n<p><span style=\"text-decoration: underline;\"><strong>L&#8217;autocertificazione<\/strong><\/span><\/p>\n<p>Muoversi non \u00e8 vietato, ma ogni spostamento (anche tra comuni confinanti) dovr\u00e0 avvenire per comprovata necessit\u00e0. Per questo sar\u00e0 necessaria un&#8217;autocertificazione da presentare su richiesta. La si pu\u00f2 scaricare sia sul <a href=\"https:\/\/www.interno.gov.it\/it\/speciali\/coronavirus\" target=\"_blank\" rel=\"noopener noreferrer\">sito del Viminale<\/a> sia facendo <a href=\"https:\/\/www.interno.gov.it\/sites\/default\/files\/allegati\/modulo_autodichiarazione_10.3.2020.pdf\" target=\"_blank\" rel=\"noopener noreferrer\" class=\"broken_link\">click qui<\/a>. Chi non pu\u00f2 scaricare e stampare il modulo, pu\u00f2 copiare il contenuto a penna su un foglio di carta (avr\u00e0 la stessa validit\u00e0).<\/p>\n","protected":false},"excerpt":{"rendered":"<p>Spostamenti solo per necessit\u00e0, stop alle attivit\u00e0 sportive e scuole chiuse fino al 3 aprile. Tutta Italia \u00e8 zona protetta, Toscana compresa. Ecco l&#8217;elenco dei provvedimenti<\/p>\n","protected":false},"author":521,"featured_media":141886,"comment_status":"open","ping_status":"open","sticky":false,"template":"","format":"standard","meta":{"_acf_changed":false,"footnotes":""},"categories":[18],"tags":[418,151,153],"class_list":["post-62668","post","type-post","status-publish","format-standard","has-post-thumbnail","hentry","category-salute","tag-covid-19","tag-regione-toscana","tag-toscana"],"acf":[],"yoast_head":"<!-- This site is optimized with the Yoast SEO Premium plugin v24.2 (Yoast SEO v25.6) - https:\/\/yoast.com\/wordpress\/plugins\/seo\/ -->\n<title>Coronavirus, anche la Toscana \u00e8 zona &#039;protetta&#039;. Tutte le restrizioni - intoscana<\/title>\n<meta name=\"robots\" content=\"index, follow, max-snippet:-1, max-image-preview:large, max-video-preview:-1\" \/>\n<link rel=\"canonical\" href=\"https:\/\/www.intoscana.it\/it\/coronavirus-anche-la-toscana-e-zona-protetta-tutte-le-restrizioni\/\" \/>\n<meta property=\"og:locale\" content=\"it_IT\" \/>\n<meta property=\"og:type\" content=\"article\" \/>\n<meta property=\"og:title\" content=\"Coronavirus, anche la Toscana \u00e8 zona &#039;protetta&#039;. Tutte le restrizioni\" \/>\n<meta property=\"og:description\" content=\"Spostamenti solo per necessit\u00e0, stop alle attivit\u00e0 sportive e scuole chiuse fino al 3 aprile. Tutta Italia \u00e8 zona protetta, Toscana compresa. Ecco l&#039;elenco dei provvedimenti\" \/>\n<meta property=\"og:url\" content=\"https:\/\/www.intoscana.it\/it\/coronavirus-anche-la-toscana-e-zona-protetta-tutte-le-restrizioni\/\" \/>\n<meta property=\"og:site_name\" content=\"intoscana\" \/>\n<meta property=\"article:publisher\" content=\"https:\/\/www.facebook.com\/intoscana.it\" \/>\n<meta property=\"article:published_time\" content=\"2020-03-10T10:33:56+00:00\" \/>\n<meta property=\"article:modified_time\" content=\"2020-05-18T07:57:11+00:00\" \/>\n<meta property=\"og:image\" content=\"https:\/\/www.intoscana.it\/wp-content\/uploads\/centro-commerciale-gigli-coronavirus.jpg\" \/>\n\t<meta property=\"og:image:width\" content=\"1000\" \/>\n\t<meta property=\"og:image:height\" content=\"750\" \/>\n\t<meta property=\"og:image:type\" content=\"image\/jpeg\" \/>\n<meta name=\"author\" content=\"Gianluca Testa\" \/>\n<meta name=\"twitter:card\" content=\"summary_large_image\" \/>\n<meta name=\"twitter:creator\" content=\"@intoscana\" \/>\n<meta name=\"twitter:site\" content=\"@intoscana\" \/>\n<meta name=\"twitter:label1\" content=\"Written by\" \/>\n\t<meta name=\"twitter:data1\" content=\"Gianluca Testa\" \/>\n\t<meta name=\"twitter:label2\" content=\"Est. reading time\" \/>\n\t<meta name=\"twitter:data2\" content=\"2 minuti\" \/>\n<script type=\"application\/ld+json\" class=\"yoast-schema-graph\">{\"@context\":\"https:\/\/schema.org\",\"@graph\":[{\"@type\":\"WebPage\",\"@id\":\"https:\/\/www.intoscana.it\/it\/coronavirus-anche-la-toscana-e-zona-protetta-tutte-le-restrizioni\/\",\"url\":\"https:\/\/www.intoscana.it\/it\/coronavirus-anche-la-toscana-e-zona-protetta-tutte-le-restrizioni\/\",\"name\":\"Coronavirus, anche la Toscana \u00e8 zona 'protetta'. Tutte le restrizioni - intoscana\",\"isPartOf\":{\"@id\":\"https:\/\/www.intoscana.it\/it\/#website\"},\"primaryImageOfPage\":{\"@id\":\"https:\/\/www.intoscana.it\/it\/coronavirus-anche-la-toscana-e-zona-protetta-tutte-le-restrizioni\/#primaryimage\"},\"image\":{\"@id\":\"https:\/\/www.intoscana.it\/it\/coronavirus-anche-la-toscana-e-zona-protetta-tutte-le-restrizioni\/#primaryimage\"},\"thumbnailUrl\":\"https:\/\/www.intoscana.it\/wp-content\/uploads\/centro-commerciale-gigli-coronavirus.jpg\",\"datePublished\":\"2020-03-10T10:33:56+00:00\",\"dateModified\":\"2020-05-18T07:57:11+00:00\",\"author\":{\"@id\":\"https:\/\/www.intoscana.it\/it\/#\/schema\/person\/f437e015c68b2824ef01d2ed8cdb2923\"},\"breadcrumb\":{\"@id\":\"https:\/\/www.intoscana.it\/it\/coronavirus-anche-la-toscana-e-zona-protetta-tutte-le-restrizioni\/#breadcrumb\"},\"inLanguage\":\"it-IT\",\"potentialAction\":[{\"@type\":\"ReadAction\",\"target\":[\"https:\/\/www.intoscana.it\/it\/coronavirus-anche-la-toscana-e-zona-protetta-tutte-le-restrizioni\/\"]}]},{\"@type\":\"ImageObject\",\"inLanguage\":\"it-IT\",\"@id\":\"https:\/\/www.intoscana.it\/it\/coronavirus-anche-la-toscana-e-zona-protetta-tutte-le-restrizioni\/#primaryimage\",\"url\":\"https:\/\/www.intoscana.it\/wp-content\/uploads\/centro-commerciale-gigli-coronavirus.jpg\",\"contentUrl\":\"https:\/\/www.intoscana.it\/wp-content\/uploads\/centro-commerciale-gigli-coronavirus.jpg\",\"width\":1000,\"height\":750,\"caption\":\"Il centro commerciale I Gigli nei giorni del coronavirus\"},{\"@type\":\"BreadcrumbList\",\"@id\":\"https:\/\/www.intoscana.it\/it\/coronavirus-anche-la-toscana-e-zona-protetta-tutte-le-restrizioni\/#breadcrumb\",\"itemListElement\":[{\"@type\":\"ListItem\",\"position\":1,\"name\":\"Home\",\"item\":\"https:\/\/www.intoscana.it\/it\/\"},{\"@type\":\"ListItem\",\"position\":2,\"name\":\"Coronavirus, anche la Toscana \u00e8 zona &#8216;protetta&#8217;. Tutte le restrizioni\"}]},{\"@type\":\"WebSite\",\"@id\":\"https:\/\/www.intoscana.it\/it\/#website\",\"url\":\"https:\/\/www.intoscana.it\/it\/\",\"name\":\"intoscana\",\"description\":\"\",\"potentialAction\":[{\"@type\":\"SearchAction\",\"target\":{\"@type\":\"EntryPoint\",\"urlTemplate\":\"https:\/\/www.intoscana.it\/it\/?s={search_term_string}\"},\"query-input\":{\"@type\":\"PropertyValueSpecification\",\"valueRequired\":true,\"valueName\":\"search_term_string\"}}],\"inLanguage\":\"it-IT\"},{\"@type\":\"Person\",\"@id\":\"https:\/\/www.intoscana.it\/it\/#\/schema\/person\/f437e015c68b2824ef01d2ed8cdb2923\",\"name\":\"Gianluca Testa\",\"url\":\"https:\/\/www.intoscana.it\/it\/author\/gianluca-testa\/\"}]}<\/script>\n<!-- \/ Yoast SEO Premium plugin. -->","yoast_head_json":{"title":"Coronavirus, anche la Toscana \u00e8 zona 'protetta'. Tutte le restrizioni - intoscana","robots":{"index":"index","follow":"follow","max-snippet":"max-snippet:-1","max-image-preview":"max-image-preview:large","max-video-preview":"max-video-preview:-1"},"canonical":"https:\/\/www.intoscana.it\/it\/coronavirus-anche-la-toscana-e-zona-protetta-tutte-le-restrizioni\/","og_locale":"it_IT","og_type":"article","og_title":"Coronavirus, anche la Toscana \u00e8 zona 'protetta'. Tutte le restrizioni","og_description":"Spostamenti solo per necessit\u00e0, stop alle attivit\u00e0 sportive e scuole chiuse fino al 3 aprile. Tutta Italia \u00e8 zona protetta, Toscana compresa. Ecco l'elenco dei provvedimenti","og_url":"https:\/\/www.intoscana.it\/it\/coronavirus-anche-la-toscana-e-zona-protetta-tutte-le-restrizioni\/","og_site_name":"intoscana","article_publisher":"https:\/\/www.facebook.com\/intoscana.it","article_published_time":"2020-03-10T10:33:56+00:00","article_modified_time":"2020-05-18T07:57:11+00:00","og_image":[{"width":1000,"height":750,"url":"https:\/\/www.intoscana.it\/wp-content\/uploads\/centro-commerciale-gigli-coronavirus.jpg","type":"image\/jpeg"}],"author":"Gianluca Testa","twitter_card":"summary_large_image","twitter_creator":"@intoscana","twitter_site":"@intoscana","twitter_misc":{"Written by":"Gianluca Testa","Est. reading time":"2 minuti"},"schema":{"@context":"https:\/\/schema.org","@graph":[{"@type":"WebPage","@id":"https:\/\/www.intoscana.it\/it\/coronavirus-anche-la-toscana-e-zona-protetta-tutte-le-restrizioni\/","url":"https:\/\/www.intoscana.it\/it\/coronavirus-anche-la-toscana-e-zona-protetta-tutte-le-restrizioni\/","name":"Coronavirus, anche la Toscana \u00e8 zona 'protetta'. Tutte le restrizioni - intoscana","isPartOf":{"@id":"https:\/\/www.intoscana.it\/it\/#website"},"primaryImageOfPage":{"@id":"https:\/\/www.intoscana.it\/it\/coronavirus-anche-la-toscana-e-zona-protetta-tutte-le-restrizioni\/#primaryimage"},"image":{"@id":"https:\/\/www.intoscana.it\/it\/coronavirus-anche-la-toscana-e-zona-protetta-tutte-le-restrizioni\/#primaryimage"},"thumbnailUrl":"https:\/\/www.intoscana.it\/wp-content\/uploads\/centro-commerciale-gigli-coronavirus.jpg","datePublished":"2020-03-10T10:33:56+00:00","dateModified":"2020-05-18T07:57:11+00:00","author":{"@id":"https:\/\/www.intoscana.it\/it\/#\/schema\/person\/f437e015c68b2824ef01d2ed8cdb2923"},"breadcrumb":{"@id":"https:\/\/www.intoscana.it\/it\/coronavirus-anche-la-toscana-e-zona-protetta-tutte-le-restrizioni\/#breadcrumb"},"inLanguage":"it-IT","potentialAction":[{"@type":"ReadAction","target":["https:\/\/www.intoscana.it\/it\/coronavirus-anche-la-toscana-e-zona-protetta-tutte-le-restrizioni\/"]}]},{"@type":"ImageObject","inLanguage":"it-IT","@id":"https:\/\/www.intoscana.it\/it\/coronavirus-anche-la-toscana-e-zona-protetta-tutte-le-restrizioni\/#primaryimage","url":"https:\/\/www.intoscana.it\/wp-content\/uploads\/centro-commerciale-gigli-coronavirus.jpg","contentUrl":"https:\/\/www.intoscana.it\/wp-content\/uploads\/centro-commerciale-gigli-coronavirus.jpg","width":1000,"height":750,"caption":"Il centro commerciale I Gigli nei giorni del coronavirus"},{"@type":"BreadcrumbList","@id":"https:\/\/www.intoscana.it\/it\/coronavirus-anche-la-toscana-e-zona-protetta-tutte-le-restrizioni\/#breadcrumb","itemListElement":[{"@type":"ListItem","position":1,"name":"Home","item":"https:\/\/www.intoscana.it\/it\/"},{"@type":"ListItem","position":2,"name":"Coronavirus, anche la Toscana \u00e8 zona &#8216;protetta&#8217;. Tutte le restrizioni"}]},{"@type":"WebSite","@id":"https:\/\/www.intoscana.it\/it\/#website","url":"https:\/\/www.intoscana.it\/it\/","name":"intoscana","description":"","potentialAction":[{"@type":"SearchAction","target":{"@type":"EntryPoint","urlTemplate":"https:\/\/www.intoscana.it\/it\/?s={search_term_string}"},"query-input":{"@type":"PropertyValueSpecification","valueRequired":true,"valueName":"search_term_string"}}],"inLanguage":"it-IT"},{"@type":"Person","@id":"https:\/\/www.intoscana.it\/it\/#\/schema\/person\/f437e015c68b2824ef01d2ed8cdb2923","name":"Gianluca Testa","url":"https:\/\/www.intoscana.it\/it\/author\/gianluca-testa\/"}]}},"_links":{"self":[{"href":"https:\/\/www.intoscana.it\/it\/wp-json\/wp\/v2\/posts\/62668","targetHints":{"allow":["GET"]}}],"collection":[{"href":"https:\/\/www.intoscana.it\/it\/wp-json\/wp\/v2\/posts"}],"about":[{"href":"https:\/\/www.intoscana.it\/it\/wp-json\/wp\/v2\/types\/post"}],"author":[{"embeddable":true,"href":"https:\/\/www.intoscana.it\/it\/wp-json\/wp\/v2\/users\/521"}],"replies":[{"embeddable":true,"href":"https:\/\/www.intoscana.it\/it\/wp-json\/wp\/v2\/comments?post=62668"}],"version-history":[{"count":0,"href":"https:\/\/www.intoscana.it\/it\/wp-json\/wp\/v2\/posts\/62668\/revisions"}],"wp:featuredmedia":[{"embeddable":true,"href":"https:\/\/www.intoscana.it\/it\/wp-json\/wp\/v2\/media\/141886"}],"wp:attachment":[{"href":"https:\/\/www.intoscana.it\/it\/wp-json\/wp\/v2\/media?parent=62668"}],"wp:term":[{"taxonomy":"category","embeddable":true,"href":"https:\/\/www.intoscana.it\/it\/wp-json\/wp\/v2\/categories?post=62668"},{"taxonomy":"post_tag","embeddable":true,"href":"https:\/\/www.intoscana.it\/it\/wp-json\/wp\/v2\/tags?post=62668"}],"curies":[{"name":"wp","href":"https:\/\/api.w.org\/{rel}","templated":true}]}}