{"id":62692,"date":"2019-05-29T11:49:24","date_gmt":"2019-05-29T11:49:24","guid":{"rendered":"http:\/\/www.intoscana.it\/asma-in-arrivo-visite-gratuite-per-180-000-pazienti-della-toscana\/"},"modified":"2020-05-18T09:57:16","modified_gmt":"2020-05-18T07:57:16","slug":"asma-in-arrivo-visite-gratuite-per-180-000-pazienti-della-toscana","status":"publish","type":"post","link":"https:\/\/www.intoscana.it\/it\/asma-in-arrivo-visite-gratuite-per-180-000-pazienti-della-toscana\/","title":{"rendered":"Asma: in arrivo visite gratuite per 180.000 pazienti della Toscana"},"content":{"rendered":"<p>Al via anche in Toscana la terza edizione della <strong>\u201cASMAZEROweek\u201d,<\/strong> la <strong>campagna di consulenze specialistiche gratuite che dal 10 al 14 giugno 2019<\/strong> offrir\u00e0 l\u2019opportunit\u00e0 ai<strong> pazienti che soffrono di asma<\/strong> di effettuare una visita di controllo e ricevere informazioni utili per una migliore gestione della propria malattia. Promossa da <strong>FederASMAeALLERGIE Onlus &#8211; Federazione Italiana Pazienti,<\/strong> con il patrocinio della Societ\u00e0 Italiana di Allergologia, Asma ed Immunologia Clinica (SIAAIC) e della Societ\u00e0 Italiana di Pneumologia (SIP\/IRS), con il supporto non condizionato di AstraZeneca, l\u2019iniziativa intende \u201cazzerare\u201d i dubbi, le preoccupazioni e soprattutto l\u2019impatto che l\u2019asma ha sulla qualit\u00e0 di vita.<\/p>\n<p><strong>L\u2019asma colpisce circa 300 milioni di persone nel mondo<\/strong> e rappresenta la malattia respiratoria pi\u00f9 frequente. <strong>In Europa sono circa 30 milioni i bambini e gli adulti<\/strong> di et\u00e0 inferiore ai 45 anni che ne sono affetti. In Italia la prevalenza di asma nella popolazione di et\u00e0 superiore ai 15 anni \u00e8 pari al 6,1%1. In Toscana si registrano oltre 180.000 casi. Tuttavia, solo una minoranza dei pazienti asmatici si rivolge allo specialista di riferimento, spesso non consultando neppure il medico di base.&nbsp;<strong>Solo 1 paziente su 3 segue correttamente le indicazioni e la terapia prescritta dal medico.<\/strong> Ma un buon controllo dell\u2019asma passa necessariamente attraverso l\u2019aderenza alle terapie e le visite mediche regolari: solo cos\u00ec \u00e8 possibile ridurre notevolmente il rischio di riacutizzazioni con conseguenti visite d\u2019emergenze o ricoveri.<\/p>\n<p><strong>Difficolt\u00e0 a respirare, tosse, respiro sibilante, senso di oppressione al torace.<\/strong> Sono questi i principali sintomi dell\u2019asma, la cui intensit\u00e0 varia in rapporto all\u2019entit\u00e0 dell\u2019ostruzione bronchiale e al grado della sua percezione da parte del paziente. Fondamentale capire come la malattia si manifesti nel singolo paziente cos\u00ec da mettere in atto tutte le possibili misure di prevenzione e fronteggiare gli eventuali attacchi. <strong>L\u2019infiammazione compromette la funzionalit\u00e0 bronco-polmonare a diversi livelli<\/strong>: i bronchi diventano iperreattivi e tendono a ostacolare sia il passaggio dell\u2019aria sia l\u2019ossigenazione del sangue che passa attraverso i vasi sanguigni contigui, generando la difficolt\u00e0 nei movimenti per scarsa ossigenazione tipica di questa malattia.<\/p>\n<p>\u201cLe nuove Linee Guida non raccomandano pi\u00f9 il trattamento con il solo broncodilatatore a breve durata d&#8217;azione \u2013 ha dichiarato il <strong>Dottor Alessandro Farsi, Direttore SOS Allergologia e Immunologia Clinica (Prato)<\/strong> &#8211; ma piuttosto l&#8217;assunzione di una combinazione di corticosteroide inalatorio (ICS) pi\u00f9 broncodilatatore a lunga durata d&#8217;azione (LABA)-Formoterolo2. Una terapia farmacologica cos\u00ec formulata consente di ridurre gli attacchi gravi ed \u00e8 raccomandata sia negli adulti sia negli adolescenti. Iniziative come ASMAZEROweek rappresentano importanti occasioni sia per controllare lo stato della malattia sia per aggiornare i pazienti sugli importanti progressi della ricerca scientifica nella sua gestione\u201d.<\/p>\n<p><strong>I Centri in Toscana che hanno aderito all\u2019iniziativa<\/strong> sono l&#8217;<strong>Ospedale S. Giovanni di Dio Allergologia Immunologia Clinica, via Torregalli, Firenze<\/strong> e <strong>PO &#8220;Misericordia e dolce&#8221; Allergologia Immunologia clinica Via Cavour, 87, a Prato<\/strong>. Presso questi Centri, per quanti abbiano gi\u00e0 ricevuto una diagnosi di asma, sar\u00e0 possibile effettuare <strong>una visita di controllo gratuita.<\/strong> Per accedervi, i pazienti avranno a disposizione un <strong>Numero Verde (800 62 89 89),<\/strong> attivo fino al 7 giugno 2019 dal luned\u00ec al venerd\u00ec (09.00- 13.00\/14.00-18.00), tramite cui \u00e8 possibile prenotare la propria visita di controllo gratuita per una valutazione dello stato della malattia e ricevere informazioni utili alla sua gestione.<\/p>\n<p><strong>Per informazioni:<\/strong><br \/><strong><a href=\"http:\/\/www.asmazeroweek.it\" target=\"_blank\" rel=\"noopener noreferrer\" class=\"broken_link\">www.asmazeroweek.it<\/a><\/strong><\/p>\n<p>&nbsp;<\/p>\n","protected":false},"excerpt":{"rendered":"<p>Al via la terza edizione della &#8216;ASMAZEROweek&#8217;, attivo il Numero Verde 800 62 89 89 per prenotare consulenze specialistiche gratuite a Firenze e Prato dal 10 al 14 giugno<\/p>\n","protected":false},"author":525,"featured_media":100432,"comment_status":"open","ping_status":"open","sticky":false,"template":"","format":"standard","meta":{"_acf_changed":false,"footnotes":""},"categories":[18],"tags":[],"class_list":["post-62692","post","type-post","status-publish","format-standard","has-post-thumbnail","hentry","category-salute"],"acf":[],"yoast_head":"<!-- This site is optimized with the Yoast SEO Premium plugin v24.2 (Yoast SEO v25.6) - https:\/\/yoast.com\/wordpress\/plugins\/seo\/ -->\n<title>Asma: in arrivo visite gratuite per 180.000 pazienti della Toscana - intoscana<\/title>\n<meta name=\"description\" content=\"Asma: in arrivo visite gratuite per 180.000 pazienti della Toscana\" \/>\n<meta name=\"robots\" content=\"index, follow, max-snippet:-1, max-image-preview:large, max-video-preview:-1\" \/>\n<link rel=\"canonical\" href=\"https:\/\/www.intoscana.it\/it\/asma-in-arrivo-visite-gratuite-per-180-000-pazienti-della-toscana\/\" \/>\n<meta property=\"og:locale\" content=\"it_IT\" \/>\n<meta property=\"og:type\" content=\"article\" \/>\n<meta property=\"og:title\" content=\"Asma: in arrivo visite gratuite per 180.000 pazienti della Toscana\" \/>\n<meta property=\"og:description\" content=\"Asma: in arrivo visite gratuite per 180.000 pazienti della Toscana\" \/>\n<meta property=\"og:url\" content=\"https:\/\/www.intoscana.it\/it\/asma-in-arrivo-visite-gratuite-per-180-000-pazienti-della-toscana\/\" \/>\n<meta property=\"og:site_name\" content=\"intoscana\" \/>\n<meta property=\"article:publisher\" content=\"https:\/\/www.facebook.com\/intoscana.it\" \/>\n<meta property=\"article:published_time\" content=\"2019-05-29T11:49:24+00:00\" \/>\n<meta property=\"article:modified_time\" content=\"2020-05-18T07:57:16+00:00\" \/>\n<meta property=\"og:image\" content=\"https:\/\/www.intoscana.it\/wp-content\/uploads\/asma-1.jpg\" \/>\n\t<meta property=\"og:image:width\" content=\"2000\" \/>\n\t<meta property=\"og:image:height\" content=\"1335\" \/>\n\t<meta property=\"og:image:type\" content=\"image\/jpeg\" \/>\n<meta name=\"author\" content=\"Redazione\" \/>\n<meta name=\"twitter:card\" content=\"summary_large_image\" \/>\n<meta name=\"twitter:creator\" content=\"@intoscana\" \/>\n<meta name=\"twitter:site\" content=\"@intoscana\" \/>\n<meta name=\"twitter:label1\" content=\"Written by\" \/>\n\t<meta name=\"twitter:data1\" content=\"Redazione\" \/>\n\t<meta name=\"twitter:label2\" content=\"Est. reading time\" \/>\n\t<meta name=\"twitter:data2\" content=\"3 minuti\" \/>\n<script type=\"application\/ld+json\" class=\"yoast-schema-graph\">{\"@context\":\"https:\/\/schema.org\",\"@graph\":[{\"@type\":\"WebPage\",\"@id\":\"https:\/\/www.intoscana.it\/it\/asma-in-arrivo-visite-gratuite-per-180-000-pazienti-della-toscana\/\",\"url\":\"https:\/\/www.intoscana.it\/it\/asma-in-arrivo-visite-gratuite-per-180-000-pazienti-della-toscana\/\",\"name\":\"Asma: in arrivo visite gratuite per 180.000 pazienti della Toscana - intoscana\",\"isPartOf\":{\"@id\":\"https:\/\/www.intoscana.it\/it\/#website\"},\"primaryImageOfPage\":{\"@id\":\"https:\/\/www.intoscana.it\/it\/asma-in-arrivo-visite-gratuite-per-180-000-pazienti-della-toscana\/#primaryimage\"},\"image\":{\"@id\":\"https:\/\/www.intoscana.it\/it\/asma-in-arrivo-visite-gratuite-per-180-000-pazienti-della-toscana\/#primaryimage\"},\"thumbnailUrl\":\"https:\/\/www.intoscana.it\/wp-content\/uploads\/asma-1.jpg\",\"datePublished\":\"2019-05-29T11:49:24+00:00\",\"dateModified\":\"2020-05-18T07:57:16+00:00\",\"author\":{\"@id\":\"https:\/\/www.intoscana.it\/it\/#\/schema\/person\/9223810753230f20bd670fdd322661f8\"},\"description\":\"Asma: in arrivo visite gratuite per 180.000 pazienti della Toscana\",\"breadcrumb\":{\"@id\":\"https:\/\/www.intoscana.it\/it\/asma-in-arrivo-visite-gratuite-per-180-000-pazienti-della-toscana\/#breadcrumb\"},\"inLanguage\":\"it-IT\",\"potentialAction\":[{\"@type\":\"ReadAction\",\"target\":[\"https:\/\/www.intoscana.it\/it\/asma-in-arrivo-visite-gratuite-per-180-000-pazienti-della-toscana\/\"]}]},{\"@type\":\"ImageObject\",\"inLanguage\":\"it-IT\",\"@id\":\"https:\/\/www.intoscana.it\/it\/asma-in-arrivo-visite-gratuite-per-180-000-pazienti-della-toscana\/#primaryimage\",\"url\":\"https:\/\/www.intoscana.it\/wp-content\/uploads\/asma-1.jpg\",\"contentUrl\":\"https:\/\/www.intoscana.it\/wp-content\/uploads\/asma-1.jpg\",\"width\":2000,\"height\":1335},{\"@type\":\"BreadcrumbList\",\"@id\":\"https:\/\/www.intoscana.it\/it\/asma-in-arrivo-visite-gratuite-per-180-000-pazienti-della-toscana\/#breadcrumb\",\"itemListElement\":[{\"@type\":\"ListItem\",\"position\":1,\"name\":\"Home\",\"item\":\"https:\/\/www.intoscana.it\/it\/\"},{\"@type\":\"ListItem\",\"position\":2,\"name\":\"Asma: in arrivo visite gratuite per 180.000 pazienti della Toscana\"}]},{\"@type\":\"WebSite\",\"@id\":\"https:\/\/www.intoscana.it\/it\/#website\",\"url\":\"https:\/\/www.intoscana.it\/it\/\",\"name\":\"intoscana\",\"description\":\"\",\"potentialAction\":[{\"@type\":\"SearchAction\",\"target\":{\"@type\":\"EntryPoint\",\"urlTemplate\":\"https:\/\/www.intoscana.it\/it\/?s={search_term_string}\"},\"query-input\":{\"@type\":\"PropertyValueSpecification\",\"valueRequired\":true,\"valueName\":\"search_term_string\"}}],\"inLanguage\":\"it-IT\"},{\"@type\":\"Person\",\"@id\":\"https:\/\/www.intoscana.it\/it\/#\/schema\/person\/9223810753230f20bd670fdd322661f8\",\"name\":\"Redazione\",\"url\":\"https:\/\/www.intoscana.it\/it\/author\/redazione\/\"}]}<\/script>\n<!-- \/ Yoast SEO Premium plugin. -->","yoast_head_json":{"title":"Asma: in arrivo visite gratuite per 180.000 pazienti della Toscana - intoscana","description":"Asma: in arrivo visite gratuite per 180.000 pazienti della Toscana","robots":{"index":"index","follow":"follow","max-snippet":"max-snippet:-1","max-image-preview":"max-image-preview:large","max-video-preview":"max-video-preview:-1"},"canonical":"https:\/\/www.intoscana.it\/it\/asma-in-arrivo-visite-gratuite-per-180-000-pazienti-della-toscana\/","og_locale":"it_IT","og_type":"article","og_title":"Asma: in arrivo visite gratuite per 180.000 pazienti della Toscana","og_description":"Asma: in arrivo visite gratuite per 180.000 pazienti della Toscana","og_url":"https:\/\/www.intoscana.it\/it\/asma-in-arrivo-visite-gratuite-per-180-000-pazienti-della-toscana\/","og_site_name":"intoscana","article_publisher":"https:\/\/www.facebook.com\/intoscana.it","article_published_time":"2019-05-29T11:49:24+00:00","article_modified_time":"2020-05-18T07:57:16+00:00","og_image":[{"width":2000,"height":1335,"url":"https:\/\/www.intoscana.it\/wp-content\/uploads\/asma-1.jpg","type":"image\/jpeg"}],"author":"Redazione","twitter_card":"summary_large_image","twitter_creator":"@intoscana","twitter_site":"@intoscana","twitter_misc":{"Written by":"Redazione","Est. reading time":"3 minuti"},"schema":{"@context":"https:\/\/schema.org","@graph":[{"@type":"WebPage","@id":"https:\/\/www.intoscana.it\/it\/asma-in-arrivo-visite-gratuite-per-180-000-pazienti-della-toscana\/","url":"https:\/\/www.intoscana.it\/it\/asma-in-arrivo-visite-gratuite-per-180-000-pazienti-della-toscana\/","name":"Asma: in arrivo visite gratuite per 180.000 pazienti della Toscana - intoscana","isPartOf":{"@id":"https:\/\/www.intoscana.it\/it\/#website"},"primaryImageOfPage":{"@id":"https:\/\/www.intoscana.it\/it\/asma-in-arrivo-visite-gratuite-per-180-000-pazienti-della-toscana\/#primaryimage"},"image":{"@id":"https:\/\/www.intoscana.it\/it\/asma-in-arrivo-visite-gratuite-per-180-000-pazienti-della-toscana\/#primaryimage"},"thumbnailUrl":"https:\/\/www.intoscana.it\/wp-content\/uploads\/asma-1.jpg","datePublished":"2019-05-29T11:49:24+00:00","dateModified":"2020-05-18T07:57:16+00:00","author":{"@id":"https:\/\/www.intoscana.it\/it\/#\/schema\/person\/9223810753230f20bd670fdd322661f8"},"description":"Asma: in arrivo visite gratuite per 180.000 pazienti della Toscana","breadcrumb":{"@id":"https:\/\/www.intoscana.it\/it\/asma-in-arrivo-visite-gratuite-per-180-000-pazienti-della-toscana\/#breadcrumb"},"inLanguage":"it-IT","potentialAction":[{"@type":"ReadAction","target":["https:\/\/www.intoscana.it\/it\/asma-in-arrivo-visite-gratuite-per-180-000-pazienti-della-toscana\/"]}]},{"@type":"ImageObject","inLanguage":"it-IT","@id":"https:\/\/www.intoscana.it\/it\/asma-in-arrivo-visite-gratuite-per-180-000-pazienti-della-toscana\/#primaryimage","url":"https:\/\/www.intoscana.it\/wp-content\/uploads\/asma-1.jpg","contentUrl":"https:\/\/www.intoscana.it\/wp-content\/uploads\/asma-1.jpg","width":2000,"height":1335},{"@type":"BreadcrumbList","@id":"https:\/\/www.intoscana.it\/it\/asma-in-arrivo-visite-gratuite-per-180-000-pazienti-della-toscana\/#breadcrumb","itemListElement":[{"@type":"ListItem","position":1,"name":"Home","item":"https:\/\/www.intoscana.it\/it\/"},{"@type":"ListItem","position":2,"name":"Asma: in arrivo visite gratuite per 180.000 pazienti della Toscana"}]},{"@type":"WebSite","@id":"https:\/\/www.intoscana.it\/it\/#website","url":"https:\/\/www.intoscana.it\/it\/","name":"intoscana","description":"","potentialAction":[{"@type":"SearchAction","target":{"@type":"EntryPoint","urlTemplate":"https:\/\/www.intoscana.it\/it\/?s={search_term_string}"},"query-input":{"@type":"PropertyValueSpecification","valueRequired":true,"valueName":"search_term_string"}}],"inLanguage":"it-IT"},{"@type":"Person","@id":"https:\/\/www.intoscana.it\/it\/#\/schema\/person\/9223810753230f20bd670fdd322661f8","name":"Redazione","url":"https:\/\/www.intoscana.it\/it\/author\/redazione\/"}]}},"_links":{"self":[{"href":"https:\/\/www.intoscana.it\/it\/wp-json\/wp\/v2\/posts\/62692","targetHints":{"allow":["GET"]}}],"collection":[{"href":"https:\/\/www.intoscana.it\/it\/wp-json\/wp\/v2\/posts"}],"about":[{"href":"https:\/\/www.intoscana.it\/it\/wp-json\/wp\/v2\/types\/post"}],"author":[{"embeddable":true,"href":"https:\/\/www.intoscana.it\/it\/wp-json\/wp\/v2\/users\/525"}],"replies":[{"embeddable":true,"href":"https:\/\/www.intoscana.it\/it\/wp-json\/wp\/v2\/comments?post=62692"}],"version-history":[{"count":0,"href":"https:\/\/www.intoscana.it\/it\/wp-json\/wp\/v2\/posts\/62692\/revisions"}],"wp:featuredmedia":[{"embeddable":true,"href":"https:\/\/www.intoscana.it\/it\/wp-json\/wp\/v2\/media\/100432"}],"wp:attachment":[{"href":"https:\/\/www.intoscana.it\/it\/wp-json\/wp\/v2\/media?parent=62692"}],"wp:term":[{"taxonomy":"category","embeddable":true,"href":"https:\/\/www.intoscana.it\/it\/wp-json\/wp\/v2\/categories?post=62692"},{"taxonomy":"post_tag","embeddable":true,"href":"https:\/\/www.intoscana.it\/it\/wp-json\/wp\/v2\/tags?post=62692"}],"curies":[{"name":"wp","href":"https:\/\/api.w.org\/{rel}","templated":true}]}}