{"id":62696,"date":"2019-05-20T09:47:37","date_gmt":"2019-05-20T09:47:37","guid":{"rendered":"http:\/\/www.intoscana.it\/invecchiare-in-salute-accordo-tra-regione-auser-anci-e-federsanita\/"},"modified":"2020-05-18T09:57:17","modified_gmt":"2020-05-18T07:57:17","slug":"invecchiare-in-salute-accordo-tra-regione-auser-anci-e-federsanita","status":"publish","type":"post","link":"https:\/\/www.intoscana.it\/it\/invecchiare-in-salute-accordo-tra-regione-auser-anci-e-federsanita\/","title":{"rendered":"&#8216;Invecchiare in salute&#8217; accordo tra Regione, Auser, Anci e Federsanit\u00e0"},"content":{"rendered":"<p>Invecchiare in maniera sana e attiva si pu\u00f2, \u00e8 possibile fare di pi\u00f9 a favore delle persone di et\u00e0 avanzata e che<strong> un invecchiamento sano e attivo<\/strong> ha un&#8217;importanza vitale per far s\u00ec che gli attuali<strong> livelli di benessere economico e di protezione sociale<\/strong> risultino sostenibili in futuro, anche con il <strong>contributo delle famiglie e le attivit\u00e0 di volontariato<\/strong>, e per rispondere ai bisogni specifici di una forza lavoro in via di invecchiamento in Europa.<\/p>\n<p>Una delibera nel corso dell&#8217;ultima seduta di giunta ha approvato<strong> un accordo di collaborazione tra Regione Toscana e Auser Toscana, Anci Toscana e Federsanit\u00e0,<\/strong> che ha come scopo la<strong> realizzazione e la prosecuzione delle azioni a favore della promozione della salute e degli stili di vita salutari<\/strong> nella popolazione anziana toscana, in conformit\u00e0 ai contenuti.<\/p>\n<p>In base all&#8217;accordo, Auser si impegna, assieme alla rete dei partners, a <strong>favorire la promozione della salute e la prevenzione primaria nei riguardi della popolazione anziana toscana<\/strong> attraverso una serie di azioni che favoriscono l&#8217;<strong>empowerment a livello individuale e di comunit\u00e0<\/strong>, oltre alla promozione di <strong>corretti stili di vita. <\/strong>Questi obiettivi saranno raggiunti grazie ad un&#8217;appropriata divulgazione, attraverso la pubblicazione di periodici articoli ad hoc sulla Rivista <strong>&#8220;Auser-Informa&#8221;<\/strong>, dei principi dell&#8217;<strong>alimentazione salutare<\/strong> (basata sulla piramide alimentare toscana), la <strong>riduzione del consumo di sale<\/strong> e la promozione della <strong>vaccinazione anti-influenzale.<\/strong> Si facilita la promozione di <strong>stili di consumo intelligenti ed ecocompatibili<\/strong>, si cerca di prevenire l&#8217;isolamento a favore dell&#8217;<strong>inclusione sociale con scambi intergenerazionali che coinvolgano giovani e adulti<\/strong> (di tutte le et\u00e0) e si diffonde la conoscenza del territorio toscano come la via Francigena Toscana, le Terme, i Parchi.<\/p>\n<p>Auser dovr\u00e0 prevedere<strong> momenti speciali dedicati all&#8217;integrazione e alla socialit\u00e0<\/strong>, utili per <strong>diffondere tematiche di salute e benessere anche attraverso la promozione della lettura<\/strong> come componente di un sano stile di vita.&nbsp;<\/p>\n","protected":false},"excerpt":{"rendered":"<p>Alimentazione salutare, riduzione del consumo di sale, fare il vaccino anti-influenzare, leggere, sono solo alcuni dei corretti stili di vita che dovrebbe avere la popolazione anziana toscana<\/p>\n","protected":false},"author":525,"featured_media":100436,"comment_status":"open","ping_status":"open","sticky":false,"template":"","format":"standard","meta":{"_acf_changed":false,"footnotes":""},"categories":[18],"tags":[],"class_list":["post-62696","post","type-post","status-publish","format-standard","has-post-thumbnail","hentry","category-salute"],"acf":[],"yoast_head":"<!-- This site is optimized with the Yoast SEO Premium plugin v24.2 (Yoast SEO v25.6) - https:\/\/yoast.com\/wordpress\/plugins\/seo\/ -->\n<title>&#039;Invecchiare in salute&#039; accordo tra Regione, Auser, Anci e Federsanit\u00e0 - intoscana<\/title>\n<meta name=\"description\" content=\"Invecchiare in salute, accordo tra Regione, Auser, Anci e Federsanit\u00e0\" \/>\n<meta name=\"robots\" content=\"index, follow, max-snippet:-1, max-image-preview:large, max-video-preview:-1\" \/>\n<link rel=\"canonical\" href=\"https:\/\/www.intoscana.it\/it\/invecchiare-in-salute-accordo-tra-regione-auser-anci-e-federsanita\/\" \/>\n<meta property=\"og:locale\" content=\"it_IT\" \/>\n<meta property=\"og:type\" content=\"article\" \/>\n<meta property=\"og:title\" content=\"&#039;Invecchiare in salute&#039; accordo tra Regione, Auser, Anci e Federsanit\u00e0\" \/>\n<meta property=\"og:description\" content=\"Invecchiare in salute, accordo tra Regione, Auser, Anci e Federsanit\u00e0\" \/>\n<meta property=\"og:url\" content=\"https:\/\/www.intoscana.it\/it\/invecchiare-in-salute-accordo-tra-regione-auser-anci-e-federsanita\/\" \/>\n<meta property=\"og:site_name\" content=\"intoscana\" \/>\n<meta property=\"article:publisher\" content=\"https:\/\/www.facebook.com\/intoscana.it\" \/>\n<meta property=\"article:published_time\" content=\"2019-05-20T09:47:37+00:00\" \/>\n<meta property=\"article:modified_time\" content=\"2020-05-18T07:57:17+00:00\" \/>\n<meta property=\"og:image\" content=\"https:\/\/www.intoscana.it\/wp-content\/uploads\/anziani-felici-3.jpg\" \/>\n\t<meta property=\"og:image:width\" content=\"628\" \/>\n\t<meta property=\"og:image:height\" content=\"417\" \/>\n\t<meta property=\"og:image:type\" content=\"image\/jpeg\" \/>\n<meta name=\"author\" content=\"Redazione\" \/>\n<meta name=\"twitter:card\" content=\"summary_large_image\" \/>\n<meta name=\"twitter:creator\" content=\"@intoscana\" \/>\n<meta name=\"twitter:site\" content=\"@intoscana\" \/>\n<meta name=\"twitter:label1\" content=\"Written by\" \/>\n\t<meta name=\"twitter:data1\" content=\"Redazione\" \/>\n\t<meta name=\"twitter:label2\" content=\"Est. reading time\" \/>\n\t<meta name=\"twitter:data2\" content=\"2 minuti\" \/>\n<script type=\"application\/ld+json\" class=\"yoast-schema-graph\">{\"@context\":\"https:\/\/schema.org\",\"@graph\":[{\"@type\":\"WebPage\",\"@id\":\"https:\/\/www.intoscana.it\/it\/invecchiare-in-salute-accordo-tra-regione-auser-anci-e-federsanita\/\",\"url\":\"https:\/\/www.intoscana.it\/it\/invecchiare-in-salute-accordo-tra-regione-auser-anci-e-federsanita\/\",\"name\":\"'Invecchiare in salute' accordo tra Regione, Auser, Anci e Federsanit\u00e0 - intoscana\",\"isPartOf\":{\"@id\":\"https:\/\/www.intoscana.it\/it\/#website\"},\"primaryImageOfPage\":{\"@id\":\"https:\/\/www.intoscana.it\/it\/invecchiare-in-salute-accordo-tra-regione-auser-anci-e-federsanita\/#primaryimage\"},\"image\":{\"@id\":\"https:\/\/www.intoscana.it\/it\/invecchiare-in-salute-accordo-tra-regione-auser-anci-e-federsanita\/#primaryimage\"},\"thumbnailUrl\":\"https:\/\/www.intoscana.it\/wp-content\/uploads\/anziani-felici-3.jpg\",\"datePublished\":\"2019-05-20T09:47:37+00:00\",\"dateModified\":\"2020-05-18T07:57:17+00:00\",\"author\":{\"@id\":\"https:\/\/www.intoscana.it\/it\/#\/schema\/person\/9223810753230f20bd670fdd322661f8\"},\"description\":\"Invecchiare in salute, accordo tra Regione, Auser, Anci e Federsanit\u00e0\",\"breadcrumb\":{\"@id\":\"https:\/\/www.intoscana.it\/it\/invecchiare-in-salute-accordo-tra-regione-auser-anci-e-federsanita\/#breadcrumb\"},\"inLanguage\":\"it-IT\",\"potentialAction\":[{\"@type\":\"ReadAction\",\"target\":[\"https:\/\/www.intoscana.it\/it\/invecchiare-in-salute-accordo-tra-regione-auser-anci-e-federsanita\/\"]}]},{\"@type\":\"ImageObject\",\"inLanguage\":\"it-IT\",\"@id\":\"https:\/\/www.intoscana.it\/it\/invecchiare-in-salute-accordo-tra-regione-auser-anci-e-federsanita\/#primaryimage\",\"url\":\"https:\/\/www.intoscana.it\/wp-content\/uploads\/anziani-felici-3.jpg\",\"contentUrl\":\"https:\/\/www.intoscana.it\/wp-content\/uploads\/anziani-felici-3.jpg\",\"width\":628,\"height\":417},{\"@type\":\"BreadcrumbList\",\"@id\":\"https:\/\/www.intoscana.it\/it\/invecchiare-in-salute-accordo-tra-regione-auser-anci-e-federsanita\/#breadcrumb\",\"itemListElement\":[{\"@type\":\"ListItem\",\"position\":1,\"name\":\"Home\",\"item\":\"https:\/\/www.intoscana.it\/it\/\"},{\"@type\":\"ListItem\",\"position\":2,\"name\":\"&#8216;Invecchiare in salute&#8217; accordo tra Regione, Auser, Anci e Federsanit\u00e0\"}]},{\"@type\":\"WebSite\",\"@id\":\"https:\/\/www.intoscana.it\/it\/#website\",\"url\":\"https:\/\/www.intoscana.it\/it\/\",\"name\":\"intoscana\",\"description\":\"\",\"potentialAction\":[{\"@type\":\"SearchAction\",\"target\":{\"@type\":\"EntryPoint\",\"urlTemplate\":\"https:\/\/www.intoscana.it\/it\/?s={search_term_string}\"},\"query-input\":{\"@type\":\"PropertyValueSpecification\",\"valueRequired\":true,\"valueName\":\"search_term_string\"}}],\"inLanguage\":\"it-IT\"},{\"@type\":\"Person\",\"@id\":\"https:\/\/www.intoscana.it\/it\/#\/schema\/person\/9223810753230f20bd670fdd322661f8\",\"name\":\"Redazione\",\"url\":\"https:\/\/www.intoscana.it\/it\/author\/redazione\/\"}]}<\/script>\n<!-- \/ Yoast SEO Premium plugin. -->","yoast_head_json":{"title":"'Invecchiare in salute' accordo tra Regione, Auser, Anci e Federsanit\u00e0 - intoscana","description":"Invecchiare in salute, accordo tra Regione, Auser, Anci e Federsanit\u00e0","robots":{"index":"index","follow":"follow","max-snippet":"max-snippet:-1","max-image-preview":"max-image-preview:large","max-video-preview":"max-video-preview:-1"},"canonical":"https:\/\/www.intoscana.it\/it\/invecchiare-in-salute-accordo-tra-regione-auser-anci-e-federsanita\/","og_locale":"it_IT","og_type":"article","og_title":"'Invecchiare in salute' accordo tra Regione, Auser, Anci e Federsanit\u00e0","og_description":"Invecchiare in salute, accordo tra Regione, Auser, Anci e Federsanit\u00e0","og_url":"https:\/\/www.intoscana.it\/it\/invecchiare-in-salute-accordo-tra-regione-auser-anci-e-federsanita\/","og_site_name":"intoscana","article_publisher":"https:\/\/www.facebook.com\/intoscana.it","article_published_time":"2019-05-20T09:47:37+00:00","article_modified_time":"2020-05-18T07:57:17+00:00","og_image":[{"width":628,"height":417,"url":"https:\/\/www.intoscana.it\/wp-content\/uploads\/anziani-felici-3.jpg","type":"image\/jpeg"}],"author":"Redazione","twitter_card":"summary_large_image","twitter_creator":"@intoscana","twitter_site":"@intoscana","twitter_misc":{"Written by":"Redazione","Est. reading time":"2 minuti"},"schema":{"@context":"https:\/\/schema.org","@graph":[{"@type":"WebPage","@id":"https:\/\/www.intoscana.it\/it\/invecchiare-in-salute-accordo-tra-regione-auser-anci-e-federsanita\/","url":"https:\/\/www.intoscana.it\/it\/invecchiare-in-salute-accordo-tra-regione-auser-anci-e-federsanita\/","name":"'Invecchiare in salute' accordo tra Regione, Auser, Anci e Federsanit\u00e0 - intoscana","isPartOf":{"@id":"https:\/\/www.intoscana.it\/it\/#website"},"primaryImageOfPage":{"@id":"https:\/\/www.intoscana.it\/it\/invecchiare-in-salute-accordo-tra-regione-auser-anci-e-federsanita\/#primaryimage"},"image":{"@id":"https:\/\/www.intoscana.it\/it\/invecchiare-in-salute-accordo-tra-regione-auser-anci-e-federsanita\/#primaryimage"},"thumbnailUrl":"https:\/\/www.intoscana.it\/wp-content\/uploads\/anziani-felici-3.jpg","datePublished":"2019-05-20T09:47:37+00:00","dateModified":"2020-05-18T07:57:17+00:00","author":{"@id":"https:\/\/www.intoscana.it\/it\/#\/schema\/person\/9223810753230f20bd670fdd322661f8"},"description":"Invecchiare in salute, accordo tra Regione, Auser, Anci e Federsanit\u00e0","breadcrumb":{"@id":"https:\/\/www.intoscana.it\/it\/invecchiare-in-salute-accordo-tra-regione-auser-anci-e-federsanita\/#breadcrumb"},"inLanguage":"it-IT","potentialAction":[{"@type":"ReadAction","target":["https:\/\/www.intoscana.it\/it\/invecchiare-in-salute-accordo-tra-regione-auser-anci-e-federsanita\/"]}]},{"@type":"ImageObject","inLanguage":"it-IT","@id":"https:\/\/www.intoscana.it\/it\/invecchiare-in-salute-accordo-tra-regione-auser-anci-e-federsanita\/#primaryimage","url":"https:\/\/www.intoscana.it\/wp-content\/uploads\/anziani-felici-3.jpg","contentUrl":"https:\/\/www.intoscana.it\/wp-content\/uploads\/anziani-felici-3.jpg","width":628,"height":417},{"@type":"BreadcrumbList","@id":"https:\/\/www.intoscana.it\/it\/invecchiare-in-salute-accordo-tra-regione-auser-anci-e-federsanita\/#breadcrumb","itemListElement":[{"@type":"ListItem","position":1,"name":"Home","item":"https:\/\/www.intoscana.it\/it\/"},{"@type":"ListItem","position":2,"name":"&#8216;Invecchiare in salute&#8217; accordo tra Regione, Auser, Anci e Federsanit\u00e0"}]},{"@type":"WebSite","@id":"https:\/\/www.intoscana.it\/it\/#website","url":"https:\/\/www.intoscana.it\/it\/","name":"intoscana","description":"","potentialAction":[{"@type":"SearchAction","target":{"@type":"EntryPoint","urlTemplate":"https:\/\/www.intoscana.it\/it\/?s={search_term_string}"},"query-input":{"@type":"PropertyValueSpecification","valueRequired":true,"valueName":"search_term_string"}}],"inLanguage":"it-IT"},{"@type":"Person","@id":"https:\/\/www.intoscana.it\/it\/#\/schema\/person\/9223810753230f20bd670fdd322661f8","name":"Redazione","url":"https:\/\/www.intoscana.it\/it\/author\/redazione\/"}]}},"_links":{"self":[{"href":"https:\/\/www.intoscana.it\/it\/wp-json\/wp\/v2\/posts\/62696","targetHints":{"allow":["GET"]}}],"collection":[{"href":"https:\/\/www.intoscana.it\/it\/wp-json\/wp\/v2\/posts"}],"about":[{"href":"https:\/\/www.intoscana.it\/it\/wp-json\/wp\/v2\/types\/post"}],"author":[{"embeddable":true,"href":"https:\/\/www.intoscana.it\/it\/wp-json\/wp\/v2\/users\/525"}],"replies":[{"embeddable":true,"href":"https:\/\/www.intoscana.it\/it\/wp-json\/wp\/v2\/comments?post=62696"}],"version-history":[{"count":0,"href":"https:\/\/www.intoscana.it\/it\/wp-json\/wp\/v2\/posts\/62696\/revisions"}],"wp:featuredmedia":[{"embeddable":true,"href":"https:\/\/www.intoscana.it\/it\/wp-json\/wp\/v2\/media\/100436"}],"wp:attachment":[{"href":"https:\/\/www.intoscana.it\/it\/wp-json\/wp\/v2\/media?parent=62696"}],"wp:term":[{"taxonomy":"category","embeddable":true,"href":"https:\/\/www.intoscana.it\/it\/wp-json\/wp\/v2\/categories?post=62696"},{"taxonomy":"post_tag","embeddable":true,"href":"https:\/\/www.intoscana.it\/it\/wp-json\/wp\/v2\/tags?post=62696"}],"curies":[{"name":"wp","href":"https:\/\/api.w.org\/{rel}","templated":true}]}}