{"id":62710,"date":"2019-12-02T12:30:56","date_gmt":"2019-12-02T12:30:56","guid":{"rendered":"http:\/\/www.intoscana.it\/aids-diminuiscono-i-casi-in-toscana-il-78-riguarda-i-maschi\/"},"modified":"2020-05-19T15:52:47","modified_gmt":"2020-05-19T13:52:47","slug":"aids-toscana-2019","status":"publish","type":"post","link":"https:\/\/www.intoscana.it\/it\/aids-toscana-2019\/","title":{"rendered":"Aids, diminuiscono i casi in Toscana. Il 78% riguarda i maschi"},"content":{"rendered":"<p><strong>Diminuiscono i casi di Aids in Toscana.<\/strong> Le nuove diagnosi di Hiv del 2018 notificate nella regione (dati aggiornati al 30 ottobre 2019) sono state 218, in diminuzione del 20% rispetto al 2017, quando i casi erano 272.<\/p>\n<p><strong>Il 78% dei casi notificati riguarda il genere maschile (rapporto maschi\/femmine 3,5:1; incidenza maschi: 9,4 per 100.000; femmine: 2,5 per 100.000).<\/strong> Tra i maschi, i pi\u00f9 colpiti sono gli adulti di et\u00e0 compresa tra 25 e 44 anni, seguiti dai 45-64 enni e dai giovani di et\u00e0 compresa tra 15 e 24 anni. Le donne sono leggermente pi\u00f9 giovani dei maschi alla diagnosi, infatti, l&#8217;et\u00e0 in cui le donne scoprono la sieropositivit\u00e0 \u00e8 spesso legata alla gravidanza, grazie al fatto che il test per Hiv \u00e8 uno degli esami previsti nel libretto di gravidanza e quindi offerto gratuitamente a tutte le gestanti: per le femmine si registrano i tassi pi\u00f9 alti nelle classi 15-24 e 25-44 anni.<\/p>\n<p><strong>Dati, questi, che come ogni anno sono stati presentati in occasione della &#8220;Giornata mondiale Aids&#8221; (primo dicembre) dall&#8217;Ars (Agenzia Regionale di Sanit\u00e0)<\/strong>, cui \u00e8 affidato il sistema di sorveglianza di entrambe le patologie. L&#8217;Ars, dal 2004, gestisce inoltre il Registro Regionale Aids (RRA) e dal 2009 la notifica delle nuove diagnosi di Hiv.<\/p>\n<p><img decoding=\"async\" alt=\"HIV AIDS 2009-2018\" style=\"width: 600px;\" title=\"HIV AIDS 2009-2018\" src=\"https:\/\/www.intoscana.it\/shared\/intoscana\/immagini\/hiv-aids-2009-2018.png\" \/><\/p>\n<p><strong>\u00abI dati ci parlano di una progressiva riduzione dei casi di Hiv e di Aids conclamato, in Toscana come nel resto del Paese\u00bb dice l&#8217;assessore al diritto alla salute, Stefania Saccardi.<\/strong> \u00abMa ci dicono anche che molte persone scoprono tardi la propria sieropositivit\u00e0. E che non c&#8217;\u00e8 la percezione del rischio, soprattutto per quanto riguarda i rapporti eterosessuali. Quindi non dobbiamo abbassare la guardia, e continuare a fare interventi di sanit\u00e0 pubblica mirati, in particolare tra le fasce di et\u00e0 pi\u00f9 giovani, per aumentare la consapevolezza sul grado di diffusione dell&#8217;infezione e sulle modalit\u00e0 di trasmissione e prevenzione. Luned\u00ec prossimo porter\u00f2 in giunta una delibera che destina un milione e mezzo di euro per progetti formativi sull&#8217;Aids per il personale che opera nei reparti di malattie infettive, e per programmi di prevenzione e lotta all&#8217;Aids da parte delle aziende sanitarie\u00bb.<\/p>\n<p><strong>L&#8217;andamento dei casi di Aids in Toscana \u00e8 analogo a quello nazionale<\/strong>: si evidenzia un incremento dell&#8217;incidenza dall&#8217;inizio dell&#8217;epidemia sino al 1995, seguito da una rapida diminuzione dal 1996 fino al 2000 e da una successiva costante lieve diminuzione fino ad arrivare a 65 nel 2018 (dati aggiornati al 30 ottobre 2019). L&#8217;incidenza per area geografica mostra in Italia la persistenza di un gradiente Nord-Sud nella diffusione della malattia nel nostro paese, come risulta dall&#8217;incidenza, che \u00e8 mediamente pi\u00f9 bassa nelle regioni meridionali.<\/p>\n<p><strong>L&#8217;incidenza delle nuove diagnosi di infezione da Hiv, stabile dal 2009 al 2016, sembra in diminuzione negli ultimi due anni, in Toscana cos\u00ec come in Italia.<\/strong> \u00abI casi dell&#8217;ultimo anno &#8211; dice Fabio Voller, ccordinatore epidemiologia dell&#8217;Ars &#8211; potrebbero essere sottostimati a seguito di un ritardo di notifica di alcune schede dai centri clinici, ma una reale diminuzione potrebbe essere il risultato, sia di efficienti campagne di prevenzione e di sensibilizzazione, sia di nuove terapie come la Profilassi Pre Esposizione (PrEP), la somministrazione preventiva di farmaci in caso di rischio\u00bb.<\/p>\n<p><strong>In Italia, nel 2018, l&#8217;incidenza Hiv \u00e8 pari a 4,7 nuove diagnosi per 100.000 residenti.<\/strong> Rispetto all&#8217;incidenza riportata dai Paesi dell&#8217;Unione Europea, l&#8217;Italia si posiziona lievemente al di sotto della media europea (5,1 nuovi casi per 100.000 residenti). Nel contesto nazionale, la Toscana \u00e8 la seconda regione italiana ad avere incidenza pi\u00f9 alta (5,6 per 100.000 residenti), preceduta dal Lazio (6,7 per 100.000 residenti).<\/p>\n<p><strong>La Toscana, secondo gli ultimi dati pubblicati dall&#8217;Istituto Superiore di Sanit\u00e0, continua ad avere un tasso di incidenza maggiore rispetto a quello nazionale<\/strong> (1,4 per 100.000 vs 1,1 per 100.000 residenti) e si colloca al quinto posto tra le regioni, preceduta da Liguria (2,2 per 100.000), Lombardia e Lazio (1,6 per 100.000) e Umbria (1,5 per 100.000).<\/p>\n<p><strong>Come ogni anno, si sottolinea che la maggior parte delle infezioni da Hiv \u00e8 attribuibile a rapporti sessuali non protetti e che \u00e8 alta e in costante crescita la percentuale di diagnosi tard<\/strong>ive: sono molte, dunque, le persone non consapevoli di aver contratto il virus, che arrivano al test Hiv in uno stato di salute gi\u00e0 debilitato. In Toscana, il 23% dei pazienti \u00e8 gi\u00e0 in Aids conclamato al momento della diagnosi di sieropositivit\u00e0. Molti soggetti, quindi, ricevono una diagnosi di Aids avendo scoperto da poco tempo la propria sieropositivit\u00e0. La proporzione di pazienti con una diagnosi di sieropositivit\u00e0 vicina (meno di 6 mesi) alla diagnosi di Aids \u00e8 in costante aumento nel tempo ed \u00e8 pi\u00f9 elevata tra coloro che hanno come modalit\u00e0 di trasmissione i rapporti eterosessuali, a indicare l&#8217;abbassamento del livello di guardia e la bassa percezione del rischio nella popolazione.<\/p>\n<p><strong>Non esiste ancora una cura in grado di guarire dall&#8217;Hiv<\/strong> ma, se l&#8217;infezione viene diagnosticata precocemente, le terapie antiretrovirali disponibili offrono un&#8217;aspettativa di vita paragonabile a quella della popolazione generale.<\/p>\n<p><strong>La diagnosi precoce offre importanti vantaggi<\/strong>: innanzitutto la possibilit\u00e0 per le persone con Hiv di ricevere adeguate cure, assistenza e sostegno; inoltre, la tempestiva consapevolezza di avere l&#8217;Hiv, offre alle persone la possibilit\u00e0 di prevenire il rischio di trasmettere il virus ad altri. \u00c8 importante sapere che i benefici delle terapie antiretrovirali sono maggiori per chi inizia precocemente il trattamento; le terapie sono inoltre in grado di diminuire la capacit\u00e0 infettiva dell&#8217;Hiv, rendendo estremamente improbabile la trasmissione del virus ad altre persone.<\/p>\n","protected":false},"excerpt":{"rendered":"<p>Le diagnosi di Hiv sono in calo del 20 per cento. Nella Giornata mondiale, presentati i dati dell&#8217;Agenzia Regionale di Sanit\u00e0. Ecco perch\u00e9 la prevenzione \u00e8 importante<\/p>\n","protected":false},"author":525,"featured_media":100450,"comment_status":"open","ping_status":"open","sticky":false,"template":"","format":"standard","meta":{"_acf_changed":false,"footnotes":""},"categories":[18],"tags":[151,134,349],"class_list":["post-62710","post","type-post","status-publish","format-standard","has-post-thumbnail","hentry","category-salute","tag-regione-toscana","tag-salute","tag-sanita"],"acf":[],"yoast_head":"<!-- This site is optimized with the Yoast SEO Premium plugin v24.2 (Yoast SEO v25.6) - https:\/\/yoast.com\/wordpress\/plugins\/seo\/ -->\n<title>Aids, diminuiscono i casi in Toscana. Il 78% riguarda i maschi - intoscana<\/title>\n<meta name=\"robots\" content=\"index, follow, max-snippet:-1, max-image-preview:large, max-video-preview:-1\" \/>\n<link rel=\"canonical\" href=\"https:\/\/www.intoscana.it\/it\/aids-toscana-2019\/\" \/>\n<meta property=\"og:locale\" content=\"it_IT\" \/>\n<meta property=\"og:type\" content=\"article\" \/>\n<meta property=\"og:title\" content=\"Aids, diminuiscono i casi in Toscana. Il 78% riguarda i maschi\" \/>\n<meta property=\"og:description\" content=\"Le diagnosi di Hiv sono in calo del 20 per cento. Nella Giornata mondiale, presentati i dati dell&#039;Agenzia Regionale di Sanit\u00e0. Ecco perch\u00e9 la prevenzione \u00e8 importante\" \/>\n<meta property=\"og:url\" content=\"https:\/\/www.intoscana.it\/it\/aids-toscana-2019\/\" \/>\n<meta property=\"og:site_name\" content=\"intoscana\" \/>\n<meta property=\"article:publisher\" content=\"https:\/\/www.facebook.com\/intoscana.it\" \/>\n<meta property=\"article:published_time\" content=\"2019-12-02T12:30:56+00:00\" \/>\n<meta property=\"article:modified_time\" content=\"2020-05-19T13:52:47+00:00\" \/>\n<meta property=\"og:image\" content=\"https:\/\/www.intoscana.it\/wp-content\/uploads\/analaids_2018.jpg\" \/>\n\t<meta property=\"og:image:width\" content=\"960\" \/>\n\t<meta property=\"og:image:height\" content=\"720\" \/>\n\t<meta property=\"og:image:type\" content=\"image\/jpeg\" \/>\n<meta name=\"author\" content=\"Redazione\" \/>\n<meta name=\"twitter:card\" content=\"summary_large_image\" \/>\n<meta name=\"twitter:creator\" content=\"@intoscana\" \/>\n<meta name=\"twitter:site\" content=\"@intoscana\" \/>\n<meta name=\"twitter:label1\" content=\"Written by\" \/>\n\t<meta name=\"twitter:data1\" content=\"Redazione\" \/>\n\t<meta name=\"twitter:label2\" content=\"Est. reading time\" \/>\n\t<meta name=\"twitter:data2\" content=\"4 minuti\" \/>\n<script type=\"application\/ld+json\" class=\"yoast-schema-graph\">{\"@context\":\"https:\/\/schema.org\",\"@graph\":[{\"@type\":\"WebPage\",\"@id\":\"https:\/\/www.intoscana.it\/it\/aids-toscana-2019\/\",\"url\":\"https:\/\/www.intoscana.it\/it\/aids-toscana-2019\/\",\"name\":\"Aids, diminuiscono i casi in Toscana. Il 78% riguarda i maschi - intoscana\",\"isPartOf\":{\"@id\":\"https:\/\/www.intoscana.it\/it\/#website\"},\"primaryImageOfPage\":{\"@id\":\"https:\/\/www.intoscana.it\/it\/aids-toscana-2019\/#primaryimage\"},\"image\":{\"@id\":\"https:\/\/www.intoscana.it\/it\/aids-toscana-2019\/#primaryimage\"},\"thumbnailUrl\":\"https:\/\/www.intoscana.it\/wp-content\/uploads\/analaids_2018.jpg\",\"datePublished\":\"2019-12-02T12:30:56+00:00\",\"dateModified\":\"2020-05-19T13:52:47+00:00\",\"author\":{\"@id\":\"https:\/\/www.intoscana.it\/it\/#\/schema\/person\/9223810753230f20bd670fdd322661f8\"},\"breadcrumb\":{\"@id\":\"https:\/\/www.intoscana.it\/it\/aids-toscana-2019\/#breadcrumb\"},\"inLanguage\":\"it-IT\",\"potentialAction\":[{\"@type\":\"ReadAction\",\"target\":[\"https:\/\/www.intoscana.it\/it\/aids-toscana-2019\/\"]}]},{\"@type\":\"ImageObject\",\"inLanguage\":\"it-IT\",\"@id\":\"https:\/\/www.intoscana.it\/it\/aids-toscana-2019\/#primaryimage\",\"url\":\"https:\/\/www.intoscana.it\/wp-content\/uploads\/analaids_2018.jpg\",\"contentUrl\":\"https:\/\/www.intoscana.it\/wp-content\/uploads\/analaids_2018.jpg\",\"width\":960,\"height\":720,\"caption\":\"Campagna Analaids\"},{\"@type\":\"BreadcrumbList\",\"@id\":\"https:\/\/www.intoscana.it\/it\/aids-toscana-2019\/#breadcrumb\",\"itemListElement\":[{\"@type\":\"ListItem\",\"position\":1,\"name\":\"Home\",\"item\":\"https:\/\/www.intoscana.it\/it\/\"},{\"@type\":\"ListItem\",\"position\":2,\"name\":\"Aids, diminuiscono i casi in Toscana. Il 78% riguarda i maschi\"}]},{\"@type\":\"WebSite\",\"@id\":\"https:\/\/www.intoscana.it\/it\/#website\",\"url\":\"https:\/\/www.intoscana.it\/it\/\",\"name\":\"intoscana\",\"description\":\"\",\"potentialAction\":[{\"@type\":\"SearchAction\",\"target\":{\"@type\":\"EntryPoint\",\"urlTemplate\":\"https:\/\/www.intoscana.it\/it\/?s={search_term_string}\"},\"query-input\":{\"@type\":\"PropertyValueSpecification\",\"valueRequired\":true,\"valueName\":\"search_term_string\"}}],\"inLanguage\":\"it-IT\"},{\"@type\":\"Person\",\"@id\":\"https:\/\/www.intoscana.it\/it\/#\/schema\/person\/9223810753230f20bd670fdd322661f8\",\"name\":\"Redazione\",\"url\":\"https:\/\/www.intoscana.it\/it\/author\/redazione\/\"}]}<\/script>\n<!-- \/ Yoast SEO Premium plugin. -->","yoast_head_json":{"title":"Aids, diminuiscono i casi in Toscana. Il 78% riguarda i maschi - intoscana","robots":{"index":"index","follow":"follow","max-snippet":"max-snippet:-1","max-image-preview":"max-image-preview:large","max-video-preview":"max-video-preview:-1"},"canonical":"https:\/\/www.intoscana.it\/it\/aids-toscana-2019\/","og_locale":"it_IT","og_type":"article","og_title":"Aids, diminuiscono i casi in Toscana. Il 78% riguarda i maschi","og_description":"Le diagnosi di Hiv sono in calo del 20 per cento. Nella Giornata mondiale, presentati i dati dell'Agenzia Regionale di Sanit\u00e0. Ecco perch\u00e9 la prevenzione \u00e8 importante","og_url":"https:\/\/www.intoscana.it\/it\/aids-toscana-2019\/","og_site_name":"intoscana","article_publisher":"https:\/\/www.facebook.com\/intoscana.it","article_published_time":"2019-12-02T12:30:56+00:00","article_modified_time":"2020-05-19T13:52:47+00:00","og_image":[{"width":960,"height":720,"url":"https:\/\/www.intoscana.it\/wp-content\/uploads\/analaids_2018.jpg","type":"image\/jpeg"}],"author":"Redazione","twitter_card":"summary_large_image","twitter_creator":"@intoscana","twitter_site":"@intoscana","twitter_misc":{"Written by":"Redazione","Est. reading time":"4 minuti"},"schema":{"@context":"https:\/\/schema.org","@graph":[{"@type":"WebPage","@id":"https:\/\/www.intoscana.it\/it\/aids-toscana-2019\/","url":"https:\/\/www.intoscana.it\/it\/aids-toscana-2019\/","name":"Aids, diminuiscono i casi in Toscana. Il 78% riguarda i maschi - intoscana","isPartOf":{"@id":"https:\/\/www.intoscana.it\/it\/#website"},"primaryImageOfPage":{"@id":"https:\/\/www.intoscana.it\/it\/aids-toscana-2019\/#primaryimage"},"image":{"@id":"https:\/\/www.intoscana.it\/it\/aids-toscana-2019\/#primaryimage"},"thumbnailUrl":"https:\/\/www.intoscana.it\/wp-content\/uploads\/analaids_2018.jpg","datePublished":"2019-12-02T12:30:56+00:00","dateModified":"2020-05-19T13:52:47+00:00","author":{"@id":"https:\/\/www.intoscana.it\/it\/#\/schema\/person\/9223810753230f20bd670fdd322661f8"},"breadcrumb":{"@id":"https:\/\/www.intoscana.it\/it\/aids-toscana-2019\/#breadcrumb"},"inLanguage":"it-IT","potentialAction":[{"@type":"ReadAction","target":["https:\/\/www.intoscana.it\/it\/aids-toscana-2019\/"]}]},{"@type":"ImageObject","inLanguage":"it-IT","@id":"https:\/\/www.intoscana.it\/it\/aids-toscana-2019\/#primaryimage","url":"https:\/\/www.intoscana.it\/wp-content\/uploads\/analaids_2018.jpg","contentUrl":"https:\/\/www.intoscana.it\/wp-content\/uploads\/analaids_2018.jpg","width":960,"height":720,"caption":"Campagna Analaids"},{"@type":"BreadcrumbList","@id":"https:\/\/www.intoscana.it\/it\/aids-toscana-2019\/#breadcrumb","itemListElement":[{"@type":"ListItem","position":1,"name":"Home","item":"https:\/\/www.intoscana.it\/it\/"},{"@type":"ListItem","position":2,"name":"Aids, diminuiscono i casi in Toscana. Il 78% riguarda i maschi"}]},{"@type":"WebSite","@id":"https:\/\/www.intoscana.it\/it\/#website","url":"https:\/\/www.intoscana.it\/it\/","name":"intoscana","description":"","potentialAction":[{"@type":"SearchAction","target":{"@type":"EntryPoint","urlTemplate":"https:\/\/www.intoscana.it\/it\/?s={search_term_string}"},"query-input":{"@type":"PropertyValueSpecification","valueRequired":true,"valueName":"search_term_string"}}],"inLanguage":"it-IT"},{"@type":"Person","@id":"https:\/\/www.intoscana.it\/it\/#\/schema\/person\/9223810753230f20bd670fdd322661f8","name":"Redazione","url":"https:\/\/www.intoscana.it\/it\/author\/redazione\/"}]}},"_links":{"self":[{"href":"https:\/\/www.intoscana.it\/it\/wp-json\/wp\/v2\/posts\/62710","targetHints":{"allow":["GET"]}}],"collection":[{"href":"https:\/\/www.intoscana.it\/it\/wp-json\/wp\/v2\/posts"}],"about":[{"href":"https:\/\/www.intoscana.it\/it\/wp-json\/wp\/v2\/types\/post"}],"author":[{"embeddable":true,"href":"https:\/\/www.intoscana.it\/it\/wp-json\/wp\/v2\/users\/525"}],"replies":[{"embeddable":true,"href":"https:\/\/www.intoscana.it\/it\/wp-json\/wp\/v2\/comments?post=62710"}],"version-history":[{"count":0,"href":"https:\/\/www.intoscana.it\/it\/wp-json\/wp\/v2\/posts\/62710\/revisions"}],"wp:featuredmedia":[{"embeddable":true,"href":"https:\/\/www.intoscana.it\/it\/wp-json\/wp\/v2\/media\/100450"}],"wp:attachment":[{"href":"https:\/\/www.intoscana.it\/it\/wp-json\/wp\/v2\/media?parent=62710"}],"wp:term":[{"taxonomy":"category","embeddable":true,"href":"https:\/\/www.intoscana.it\/it\/wp-json\/wp\/v2\/categories?post=62710"},{"taxonomy":"post_tag","embeddable":true,"href":"https:\/\/www.intoscana.it\/it\/wp-json\/wp\/v2\/tags?post=62710"}],"curies":[{"name":"wp","href":"https:\/\/api.w.org\/{rel}","templated":true}]}}