{"id":62717,"date":"2019-11-21T12:12:40","date_gmt":"2019-11-21T12:12:40","guid":{"rendered":"http:\/\/www.intoscana.it\/da-pisa-lapp-mydentist-per-i-bambini-con-spettro-dellautismo\/"},"modified":"2020-05-19T15:52:49","modified_gmt":"2020-05-19T13:52:49","slug":"mydentist-app-pisa","status":"publish","type":"post","link":"https:\/\/www.intoscana.it\/it\/mydentist-app-pisa\/","title":{"rendered":"Da Pisa l&#8217;app &#8216;MyDentist&#8217; per i bambini con spettro dell&#8217;autismo"},"content":{"rendered":"<p><strong>Il progetto &#8220;MyDentist&#8221; \u00e8 nato nel 2016<\/strong> con una tesi congiunta tra <strong>odontoiatri ed esperti informatici,<\/strong> riuniti nella definizione e poi nello sviluppo di <strong>un&#8217;app in grado di supportare gli odontoiatri nel rapporto con i piccoli pazienti, mettendo a loro disposizione giochi, immagini e video<\/strong> delle sedute per familiarizzare con le procedure da seguire.<\/p>\n<p><strong>Il progetto grazie a apporti multidisciplinari<\/strong>&nbsp;in poco tempo ha saputo trasformarsi in <strong>un percorso concreto e innovativo per facilitare l&#8217;approccio alla cura e alla prevenzione odontoiatrica<\/strong> nei pazienti con autismo attraverso l&#8217;uso della tecnologia. L&#8217;app \u00e8 frutto della collaborazione fra il <strong>dipartimento di Informatica dell\u2019Universit\u00e0 di Pisa, l\u2019Istituto di Informatica e Telematica del CNR, la Unit\u00e0 operativa di Odontostomatologia e Chirurgia del Cavo Orale dell\u2019Azienda Ospedaliero-Universitaria Pisana e l&#8217;associazione &#8220;Autismo Pisa APS&#8221;<\/strong> (Pisa \u2013 Valdera &#8211; Valdicecina).<\/p>\n<p>Grazie al contributo dell&#8217;associazione <strong>&#8220;Autismo Pisa APS&#8221;<\/strong> e al sostegno della rete di associazioni sul tema presenti sul territorio, &#8220;<strong>MyDentist&#8221; \u00e8 cresciuto in brevissimo tempo diventando un vero e proprio servizio a disposizione della collettivit\u00e0,<\/strong> tanto che oggi <strong>sono pi\u00f9 di 130 i pazienti con autismo, compresi tra i 3 e i 22 anni, che usufruiscono della relativa app.<\/strong><\/p>\n<p>&#8220;Far accettare la figura del dentista ai bambini con spettro dell\u2019autismo &#8211; hanno sottolineato le professoresse <strong>Maria Rita Giuca e Susanna Pelagatti<\/strong>, responsabili del progetto &#8211; non \u00e8 per niente scontato, cos\u00ec come non \u00e8 sempre agevole poter intraprendere percorsi di prevenzione per mantenere la salute del cavo orale. Basandosi sull\u2019utilizzo di una grande quantit\u00e0 di materiale multimediale,<strong> la web application &#8216;MyDentist&#8217; supporta gli odontoiatri nella gestione di un percorso personalizzato per ogni piccolo paziente<\/strong>, in modo da metterlo a suo agio in un contesto per quanto possibile piacevole e amichevole e da facilitare un approccio collaborativo&#8221;.<\/p>\n<p>&#8220;Il percorso per arrivare alla definizione e allo sviluppo della app &#8211; hanno aggiunto le due professoresse &#8211; \u00e8 stato molto faticoso, ma<strong> i risultati ottenuti sono davvero straordinari,<\/strong> a dimostrazione di un progetto di ricerca e poi di un servizio che ha saputo operare per migliorare la vita concreta delle persone e soprattutto dei pi\u00f9 deboli&#8221;.<\/p>\n","protected":false},"excerpt":{"rendered":"<p>Un aiuto alla cura e alla prevenzione odontoiatrica grazie a un progetto di ricerca multidisciplinare da cui \u00e8 nato un servizio per la collettivit\u00e0 che oggi coinvolge pi\u00f9 di 130 pazienti tra 3 e 22 anni<\/p>\n","protected":false},"author":525,"featured_media":100457,"comment_status":"open","ping_status":"open","sticky":false,"template":"","format":"standard","meta":{"_acf_changed":false,"footnotes":""},"categories":[18],"tags":[203],"class_list":["post-62717","post","type-post","status-publish","format-standard","has-post-thumbnail","hentry","category-salute","tag-pisa"],"acf":[],"yoast_head":"<!-- This site is optimized with the Yoast SEO Premium plugin v24.2 (Yoast SEO v25.6) - https:\/\/yoast.com\/wordpress\/plugins\/seo\/ -->\n<title>Da Pisa l&#039;app &#039;MyDentist&#039; per i bambini con spettro dell&#039;autismo - intoscana<\/title>\n<meta name=\"robots\" content=\"index, follow, max-snippet:-1, max-image-preview:large, max-video-preview:-1\" \/>\n<link rel=\"canonical\" href=\"https:\/\/www.intoscana.it\/it\/mydentist-app-pisa\/\" \/>\n<meta property=\"og:locale\" content=\"it_IT\" \/>\n<meta property=\"og:type\" content=\"article\" \/>\n<meta property=\"og:title\" content=\"Da Pisa l&#039;app &#039;MyDentist&#039; per i bambini con spettro dell&#039;autismo\" \/>\n<meta property=\"og:description\" content=\"Un aiuto alla cura e alla prevenzione odontoiatrica grazie a un progetto di ricerca multidisciplinare da cui \u00e8 nato un servizio per la collettivit\u00e0 che oggi coinvolge pi\u00f9 di 130 pazienti tra 3 e 22 anni\" \/>\n<meta property=\"og:url\" content=\"https:\/\/www.intoscana.it\/it\/mydentist-app-pisa\/\" \/>\n<meta property=\"og:site_name\" content=\"intoscana\" \/>\n<meta property=\"article:publisher\" content=\"https:\/\/www.facebook.com\/intoscana.it\" \/>\n<meta property=\"article:published_time\" content=\"2019-11-21T12:12:40+00:00\" \/>\n<meta property=\"article:modified_time\" content=\"2020-05-19T13:52:49+00:00\" \/>\n<meta property=\"og:image\" content=\"https:\/\/www.intoscana.it\/wp-content\/uploads\/dentista-bambina.jpg\" \/>\n\t<meta property=\"og:image:width\" content=\"2000\" \/>\n\t<meta property=\"og:image:height\" content=\"1334\" \/>\n\t<meta property=\"og:image:type\" content=\"image\/jpeg\" \/>\n<meta name=\"author\" content=\"Redazione\" \/>\n<meta name=\"twitter:card\" content=\"summary_large_image\" \/>\n<meta name=\"twitter:creator\" content=\"@intoscana\" \/>\n<meta name=\"twitter:site\" content=\"@intoscana\" \/>\n<meta name=\"twitter:label1\" content=\"Written by\" \/>\n\t<meta name=\"twitter:data1\" content=\"Redazione\" \/>\n\t<meta name=\"twitter:label2\" content=\"Est. reading time\" \/>\n\t<meta name=\"twitter:data2\" content=\"2 minuti\" \/>\n<script type=\"application\/ld+json\" class=\"yoast-schema-graph\">{\"@context\":\"https:\/\/schema.org\",\"@graph\":[{\"@type\":\"WebPage\",\"@id\":\"https:\/\/www.intoscana.it\/it\/mydentist-app-pisa\/\",\"url\":\"https:\/\/www.intoscana.it\/it\/mydentist-app-pisa\/\",\"name\":\"Da Pisa l'app 'MyDentist' per i bambini con spettro dell'autismo - intoscana\",\"isPartOf\":{\"@id\":\"https:\/\/www.intoscana.it\/it\/#website\"},\"primaryImageOfPage\":{\"@id\":\"https:\/\/www.intoscana.it\/it\/mydentist-app-pisa\/#primaryimage\"},\"image\":{\"@id\":\"https:\/\/www.intoscana.it\/it\/mydentist-app-pisa\/#primaryimage\"},\"thumbnailUrl\":\"https:\/\/www.intoscana.it\/wp-content\/uploads\/dentista-bambina.jpg\",\"datePublished\":\"2019-11-21T12:12:40+00:00\",\"dateModified\":\"2020-05-19T13:52:49+00:00\",\"author\":{\"@id\":\"https:\/\/www.intoscana.it\/it\/#\/schema\/person\/9223810753230f20bd670fdd322661f8\"},\"breadcrumb\":{\"@id\":\"https:\/\/www.intoscana.it\/it\/mydentist-app-pisa\/#breadcrumb\"},\"inLanguage\":\"it-IT\",\"potentialAction\":[{\"@type\":\"ReadAction\",\"target\":[\"https:\/\/www.intoscana.it\/it\/mydentist-app-pisa\/\"]}]},{\"@type\":\"ImageObject\",\"inLanguage\":\"it-IT\",\"@id\":\"https:\/\/www.intoscana.it\/it\/mydentist-app-pisa\/#primaryimage\",\"url\":\"https:\/\/www.intoscana.it\/wp-content\/uploads\/dentista-bambina.jpg\",\"contentUrl\":\"https:\/\/www.intoscana.it\/wp-content\/uploads\/dentista-bambina.jpg\",\"width\":2000,\"height\":1334,\"caption\":\"Da Pisa l'app \\\"MyDentist\\\" per i bambini con spettro dell'autismo\"},{\"@type\":\"BreadcrumbList\",\"@id\":\"https:\/\/www.intoscana.it\/it\/mydentist-app-pisa\/#breadcrumb\",\"itemListElement\":[{\"@type\":\"ListItem\",\"position\":1,\"name\":\"Home\",\"item\":\"https:\/\/www.intoscana.it\/it\/\"},{\"@type\":\"ListItem\",\"position\":2,\"name\":\"Da Pisa l&#8217;app &#8216;MyDentist&#8217; per i bambini con spettro dell&#8217;autismo\"}]},{\"@type\":\"WebSite\",\"@id\":\"https:\/\/www.intoscana.it\/it\/#website\",\"url\":\"https:\/\/www.intoscana.it\/it\/\",\"name\":\"intoscana\",\"description\":\"\",\"potentialAction\":[{\"@type\":\"SearchAction\",\"target\":{\"@type\":\"EntryPoint\",\"urlTemplate\":\"https:\/\/www.intoscana.it\/it\/?s={search_term_string}\"},\"query-input\":{\"@type\":\"PropertyValueSpecification\",\"valueRequired\":true,\"valueName\":\"search_term_string\"}}],\"inLanguage\":\"it-IT\"},{\"@type\":\"Person\",\"@id\":\"https:\/\/www.intoscana.it\/it\/#\/schema\/person\/9223810753230f20bd670fdd322661f8\",\"name\":\"Redazione\",\"url\":\"https:\/\/www.intoscana.it\/it\/author\/redazione\/\"}]}<\/script>\n<!-- \/ Yoast SEO Premium plugin. -->","yoast_head_json":{"title":"Da Pisa l'app 'MyDentist' per i bambini con spettro dell'autismo - intoscana","robots":{"index":"index","follow":"follow","max-snippet":"max-snippet:-1","max-image-preview":"max-image-preview:large","max-video-preview":"max-video-preview:-1"},"canonical":"https:\/\/www.intoscana.it\/it\/mydentist-app-pisa\/","og_locale":"it_IT","og_type":"article","og_title":"Da Pisa l'app 'MyDentist' per i bambini con spettro dell'autismo","og_description":"Un aiuto alla cura e alla prevenzione odontoiatrica grazie a un progetto di ricerca multidisciplinare da cui \u00e8 nato un servizio per la collettivit\u00e0 che oggi coinvolge pi\u00f9 di 130 pazienti tra 3 e 22 anni","og_url":"https:\/\/www.intoscana.it\/it\/mydentist-app-pisa\/","og_site_name":"intoscana","article_publisher":"https:\/\/www.facebook.com\/intoscana.it","article_published_time":"2019-11-21T12:12:40+00:00","article_modified_time":"2020-05-19T13:52:49+00:00","og_image":[{"width":2000,"height":1334,"url":"https:\/\/www.intoscana.it\/wp-content\/uploads\/dentista-bambina.jpg","type":"image\/jpeg"}],"author":"Redazione","twitter_card":"summary_large_image","twitter_creator":"@intoscana","twitter_site":"@intoscana","twitter_misc":{"Written by":"Redazione","Est. reading time":"2 minuti"},"schema":{"@context":"https:\/\/schema.org","@graph":[{"@type":"WebPage","@id":"https:\/\/www.intoscana.it\/it\/mydentist-app-pisa\/","url":"https:\/\/www.intoscana.it\/it\/mydentist-app-pisa\/","name":"Da Pisa l'app 'MyDentist' per i bambini con spettro dell'autismo - intoscana","isPartOf":{"@id":"https:\/\/www.intoscana.it\/it\/#website"},"primaryImageOfPage":{"@id":"https:\/\/www.intoscana.it\/it\/mydentist-app-pisa\/#primaryimage"},"image":{"@id":"https:\/\/www.intoscana.it\/it\/mydentist-app-pisa\/#primaryimage"},"thumbnailUrl":"https:\/\/www.intoscana.it\/wp-content\/uploads\/dentista-bambina.jpg","datePublished":"2019-11-21T12:12:40+00:00","dateModified":"2020-05-19T13:52:49+00:00","author":{"@id":"https:\/\/www.intoscana.it\/it\/#\/schema\/person\/9223810753230f20bd670fdd322661f8"},"breadcrumb":{"@id":"https:\/\/www.intoscana.it\/it\/mydentist-app-pisa\/#breadcrumb"},"inLanguage":"it-IT","potentialAction":[{"@type":"ReadAction","target":["https:\/\/www.intoscana.it\/it\/mydentist-app-pisa\/"]}]},{"@type":"ImageObject","inLanguage":"it-IT","@id":"https:\/\/www.intoscana.it\/it\/mydentist-app-pisa\/#primaryimage","url":"https:\/\/www.intoscana.it\/wp-content\/uploads\/dentista-bambina.jpg","contentUrl":"https:\/\/www.intoscana.it\/wp-content\/uploads\/dentista-bambina.jpg","width":2000,"height":1334,"caption":"Da Pisa l'app \"MyDentist\" per i bambini con spettro dell'autismo"},{"@type":"BreadcrumbList","@id":"https:\/\/www.intoscana.it\/it\/mydentist-app-pisa\/#breadcrumb","itemListElement":[{"@type":"ListItem","position":1,"name":"Home","item":"https:\/\/www.intoscana.it\/it\/"},{"@type":"ListItem","position":2,"name":"Da Pisa l&#8217;app &#8216;MyDentist&#8217; per i bambini con spettro dell&#8217;autismo"}]},{"@type":"WebSite","@id":"https:\/\/www.intoscana.it\/it\/#website","url":"https:\/\/www.intoscana.it\/it\/","name":"intoscana","description":"","potentialAction":[{"@type":"SearchAction","target":{"@type":"EntryPoint","urlTemplate":"https:\/\/www.intoscana.it\/it\/?s={search_term_string}"},"query-input":{"@type":"PropertyValueSpecification","valueRequired":true,"valueName":"search_term_string"}}],"inLanguage":"it-IT"},{"@type":"Person","@id":"https:\/\/www.intoscana.it\/it\/#\/schema\/person\/9223810753230f20bd670fdd322661f8","name":"Redazione","url":"https:\/\/www.intoscana.it\/it\/author\/redazione\/"}]}},"_links":{"self":[{"href":"https:\/\/www.intoscana.it\/it\/wp-json\/wp\/v2\/posts\/62717","targetHints":{"allow":["GET"]}}],"collection":[{"href":"https:\/\/www.intoscana.it\/it\/wp-json\/wp\/v2\/posts"}],"about":[{"href":"https:\/\/www.intoscana.it\/it\/wp-json\/wp\/v2\/types\/post"}],"author":[{"embeddable":true,"href":"https:\/\/www.intoscana.it\/it\/wp-json\/wp\/v2\/users\/525"}],"replies":[{"embeddable":true,"href":"https:\/\/www.intoscana.it\/it\/wp-json\/wp\/v2\/comments?post=62717"}],"version-history":[{"count":0,"href":"https:\/\/www.intoscana.it\/it\/wp-json\/wp\/v2\/posts\/62717\/revisions"}],"wp:featuredmedia":[{"embeddable":true,"href":"https:\/\/www.intoscana.it\/it\/wp-json\/wp\/v2\/media\/100457"}],"wp:attachment":[{"href":"https:\/\/www.intoscana.it\/it\/wp-json\/wp\/v2\/media?parent=62717"}],"wp:term":[{"taxonomy":"category","embeddable":true,"href":"https:\/\/www.intoscana.it\/it\/wp-json\/wp\/v2\/categories?post=62717"},{"taxonomy":"post_tag","embeddable":true,"href":"https:\/\/www.intoscana.it\/it\/wp-json\/wp\/v2\/tags?post=62717"}],"curies":[{"name":"wp","href":"https:\/\/api.w.org\/{rel}","templated":true}]}}