{"id":62721,"date":"2020-02-26T10:28:48","date_gmt":"2020-02-26T10:28:48","guid":{"rendered":"http:\/\/www.intoscana.it\/dalle-mascherine-al-contagio-5-cose-da-sapere-sul-coronavirus\/"},"modified":"2020-05-19T15:52:49","modified_gmt":"2020-05-19T13:52:49","slug":"5-cose-coronavirus","status":"publish","type":"post","link":"https:\/\/www.intoscana.it\/it\/5-cose-coronavirus\/","title":{"rendered":"Dalle mascherine al contagio, 5 cose da sapere sul coronavirus"},"content":{"rendered":"<p><strong>1. COME E QUANDO INDOSSARE LA MASCHERINA<br \/><\/strong> <strong>L\u2019Organizzazione Mondiale della Sanit\u00e0 raccomanda di indossare la mascherina solo se si sospetta di avere contratto il Covid-19 e in presenza di sintomi come gli starnuti o la tosse,<\/strong> oppure nel caso in cui ci si prenda cura di una persona con sospetta infezione da coronavirus. La mascherina non \u00e8 necessaria in assenza di sintomi di malattie respiratorie e comunque da sola non basta: bisogna sempre ricordarsi di lavarsi correttamente le mani. <strong>Inoltre non \u00e8 utile indossare pi\u00f9 mascherine sovrapposte.<\/strong> <br \/>Nel caso in cui si utilizza la mascherina, c\u2019\u00e8 un procedura corretta per indossarla. Prima bisogna lavarsi le mani con acqua e sapone o con una soluzione alcolica, poi coprire bocca e naso con la mascherina, facendola aderire bene al viso. Una volta indossata \u00e8 importante non toccare pi\u00f9 la mascherina e in caso lavarsi di nuovo le mani. <br \/><strong>Quando diventa umida va sostituita con una nuova e non va riutilizzata, perch\u00e9 \u00e8 monouso<\/strong>. Per toglierla va presa dall\u2019elastico, gettata in un sacchetto chiuso e infine bisogna lavarsi le mani.<\/p>\n<p><strong>2. REGOLE IGIENICHE DI BASE<\/strong> <br \/>Abbiamo capito che \u00e8 indispensabile lavarsi spesso le mani per prevenire l\u2019infezione, ma come? \u00c8 bene farlo in maniera accurata<strong> per almeno un minuto con acqua e sapone<\/strong> e in mancanza di questi utilizzando un<strong> disinfettante a base di alcol: deve avere una concentrazione di alcol almeno del 60%.<br \/><\/strong>Dalle prime informazioni sembra che il Covid-19 possa sopravvivere alcune ore sulle superfici, quindi si pu\u00f2 neutralizzare utilizzando disinfettanti che contengono alcol (etanolo) al 75% o a base di cloro all\u20191% (la candeggina).<\/p>\n<p><img decoding=\"async\" alt=\"lavarsi mani igiene\" style=\"width: 599px;\" title=\"shutterstock_414180118\" src=\"https:\/\/www.intoscana.it\/shared\/intoscana\/immagini\/shutterstock_414180118.jpg\" height=\"399\" \/><\/p>\n<p><strong>3. SINTOMI E MODALIT\u00c0 DI TRASMISSIONE<\/strong> <br \/><strong>I sintomi del Covid-19 sono simili a quelli dell\u2019influenza e includono febbre, raffreddore, tosse, difficolt\u00e0 respiratorie.<\/strong> Alcune persone si infettano ma non sviluppano sintomi n\u00e9 malessere e s<strong>econdo l\u2019Oms la maggior parte (circa l\u201980%) guarisce senza bisogno di particolari cure.<br \/><\/strong> Il periodo di incubazione \u2013 ovvero quello che passa tra il contagio e lo sviluppo dei sintomi \u2013 si stima che possa variare tra i 2 e gli 11 giorni fino a un massimo di 14 giorni.<strong> <br \/>Il coronavirus si trasmette da persona a persona tramite un contatto stretto:<\/strong> la via primaria sono le goccioline del respiro delle persone infette tramite la saliva, tossendo e starnutendo, o tramite la mani, toccando con le mani contaminate e non lavate bocca, naso e occhi.<\/p>\n<p><strong>4. LE PERCENTUALI DI RISCHIO <br \/><\/strong>Da parte dell&#8217;Organizzazione mondiale della Sanit\u00e0 il calcolo della percentuale del rischio di morte se infettati da Covid-19 evidenzia che al primo posto con il 14,8% di rischio c&#8217;\u00e8 la fascia degli ultraottantenni, percentuale che scende all&#8217;8% tra i 70 e i 79 anni per poi crollare, sempre come percentuale di rischio di mortalit\u00e0, al 3,6% tra i 60 e i 69 anni, all&#8217;1,3% tra i 50 e i 59 anni per arrivare a zero vittime nella fascia tra 0 e 9 anni.<br \/>Infatti anche in Italia \u00e8 <strong>quella degli anziani la fascia di popolazione pi\u00f9 fragile in Italia rispetto alla Covid-19.<\/strong> Undici le vittime, secondo l&#8217;ultimo bilancio: tutti avanti con l&#8217;et\u00e0 e con patologie pregresse. Mentre dall&#8217;influenza &#8220;possiamo proteggerli con il vaccino&#8221; non essendoci il vaccino per il Coronavirus &#8220;c&#8217;\u00e8 la mortalit\u00e0&#8221;. &#8220;L&#8217;unica maniera per proteggerli \u00e8 circoscrivere i focolai come si sta facendo&#8221;. A tracciare il quadro \u00e8 stato il<strong> direttore del dipartimento malattie infettive dell&#8217;Istituto Superiore di Sanit\u00e0 Giovanni Rezza che spiega: &#8220;In Italia c&#8217;\u00e8 una popolazione anziana e si spiegano cos\u00ec i tassi di mortalit\u00e0 del 2-3 per cento.<\/strong> Gli anziani sono pi\u00f9 fragili, lo vediamo con l&#8217;influenza&#8221;.<\/p>\n<p><strong>5. LE RACCOMANDAZIONI PER GLI ANZIANI<br \/><\/strong>Dai geriatri italiani arrivano le raccomandazioni per gli anziani. &#8220;Nell&#8217;anziano l&#8217;infezione da Covid-19 pu\u00f2 essere pi\u00f9 aggressiva, come per altre infezioni virali, perch\u00e9 la senescenza del sistema immunitario e le malattie croniche espongono gli individui in et\u00e0 avanzata a un rischio non di maggior contagio ma di sviluppare un&#8217;infezione decisamente pi\u00f9 grave&#8221;, spiega Raffaele Antonelli Incalzi, presidente della Societ\u00e0 Italiana di Gerontologia e Geriatria (Sigg). <strong>I consigli sono di non esporsi al freddo, che facilita la diffusione del virus, e di essere attenti ai sintomi per valutarli &#8220;con razionalit\u00e0 e senza paura&#8221;. Febbre, astenia con eventuali dolori muscolari e &#8211; meno &#8211; tosse secca sono i sintomi classici. <\/strong>&#8220;L&#8217;impronta prettamente respiratoria (affanno e tosse con catarro) non \u00e8 comune all&#8217;esordio, lo diviene tardivamente&#8221;.&nbsp;<\/p>\n","protected":false},"excerpt":{"rendered":"<p>Regole igieniche di base, sintomi, percentuali di rischio secondo l&#8217;Oms e raccomandazioni per gli anziani: ecco 5 informazioni utili sul Covid-19<\/p>\n","protected":false},"author":525,"featured_media":100461,"comment_status":"open","ping_status":"open","sticky":false,"template":"","format":"standard","meta":{"_acf_changed":false,"footnotes":""},"categories":[18],"tags":[418],"class_list":["post-62721","post","type-post","status-publish","format-standard","has-post-thumbnail","hentry","category-salute","tag-covid-19"],"acf":[],"yoast_head":"<!-- This site is optimized with the Yoast SEO Premium plugin v24.2 (Yoast SEO v25.6) - https:\/\/yoast.com\/wordpress\/plugins\/seo\/ -->\n<title>Dalle mascherine al contagio, 5 cose da sapere sul coronavirus - intoscana<\/title>\n<meta name=\"robots\" content=\"index, follow, max-snippet:-1, max-image-preview:large, max-video-preview:-1\" \/>\n<link rel=\"canonical\" href=\"https:\/\/www.intoscana.it\/it\/5-cose-coronavirus\/\" \/>\n<meta property=\"og:locale\" content=\"it_IT\" \/>\n<meta property=\"og:type\" content=\"article\" \/>\n<meta property=\"og:title\" content=\"Dalle mascherine al contagio, 5 cose da sapere sul coronavirus\" \/>\n<meta property=\"og:description\" content=\"Regole igieniche di base, sintomi, percentuali di rischio secondo l&#039;Oms e raccomandazioni per gli anziani: ecco 5 informazioni utili sul Covid-19\" \/>\n<meta property=\"og:url\" content=\"https:\/\/www.intoscana.it\/it\/5-cose-coronavirus\/\" \/>\n<meta property=\"og:site_name\" content=\"intoscana\" \/>\n<meta property=\"article:publisher\" content=\"https:\/\/www.facebook.com\/intoscana.it\" \/>\n<meta property=\"article:published_time\" content=\"2020-02-26T10:28:48+00:00\" \/>\n<meta property=\"article:modified_time\" content=\"2020-05-19T13:52:49+00:00\" \/>\n<meta property=\"og:image\" content=\"https:\/\/www.intoscana.it\/wp-content\/uploads\/shutterstock_1628718772.jpg\" \/>\n\t<meta property=\"og:image:width\" content=\"2000\" \/>\n\t<meta property=\"og:image:height\" content=\"1125\" \/>\n\t<meta property=\"og:image:type\" content=\"image\/jpeg\" \/>\n<meta name=\"author\" content=\"Redazione\" \/>\n<meta name=\"twitter:card\" content=\"summary_large_image\" \/>\n<meta name=\"twitter:creator\" content=\"@intoscana\" \/>\n<meta name=\"twitter:site\" content=\"@intoscana\" \/>\n<meta name=\"twitter:label1\" content=\"Written by\" \/>\n\t<meta name=\"twitter:data1\" content=\"Redazione\" \/>\n\t<meta name=\"twitter:label2\" content=\"Est. reading time\" \/>\n\t<meta name=\"twitter:data2\" content=\"3 minuti\" \/>\n<script type=\"application\/ld+json\" class=\"yoast-schema-graph\">{\"@context\":\"https:\/\/schema.org\",\"@graph\":[{\"@type\":\"WebPage\",\"@id\":\"https:\/\/www.intoscana.it\/it\/5-cose-coronavirus\/\",\"url\":\"https:\/\/www.intoscana.it\/it\/5-cose-coronavirus\/\",\"name\":\"Dalle mascherine al contagio, 5 cose da sapere sul coronavirus - intoscana\",\"isPartOf\":{\"@id\":\"https:\/\/www.intoscana.it\/it\/#website\"},\"primaryImageOfPage\":{\"@id\":\"https:\/\/www.intoscana.it\/it\/5-cose-coronavirus\/#primaryimage\"},\"image\":{\"@id\":\"https:\/\/www.intoscana.it\/it\/5-cose-coronavirus\/#primaryimage\"},\"thumbnailUrl\":\"https:\/\/www.intoscana.it\/wp-content\/uploads\/shutterstock_1628718772.jpg\",\"datePublished\":\"2020-02-26T10:28:48+00:00\",\"dateModified\":\"2020-05-19T13:52:49+00:00\",\"author\":{\"@id\":\"https:\/\/www.intoscana.it\/it\/#\/schema\/person\/9223810753230f20bd670fdd322661f8\"},\"breadcrumb\":{\"@id\":\"https:\/\/www.intoscana.it\/it\/5-cose-coronavirus\/#breadcrumb\"},\"inLanguage\":\"it-IT\",\"potentialAction\":[{\"@type\":\"ReadAction\",\"target\":[\"https:\/\/www.intoscana.it\/it\/5-cose-coronavirus\/\"]}]},{\"@type\":\"ImageObject\",\"inLanguage\":\"it-IT\",\"@id\":\"https:\/\/www.intoscana.it\/it\/5-cose-coronavirus\/#primaryimage\",\"url\":\"https:\/\/www.intoscana.it\/wp-content\/uploads\/shutterstock_1628718772.jpg\",\"contentUrl\":\"https:\/\/www.intoscana.it\/wp-content\/uploads\/shutterstock_1628718772.jpg\",\"width\":2000,\"height\":1125},{\"@type\":\"BreadcrumbList\",\"@id\":\"https:\/\/www.intoscana.it\/it\/5-cose-coronavirus\/#breadcrumb\",\"itemListElement\":[{\"@type\":\"ListItem\",\"position\":1,\"name\":\"Home\",\"item\":\"https:\/\/www.intoscana.it\/it\/\"},{\"@type\":\"ListItem\",\"position\":2,\"name\":\"Dalle mascherine al contagio, 5 cose da sapere sul coronavirus\"}]},{\"@type\":\"WebSite\",\"@id\":\"https:\/\/www.intoscana.it\/it\/#website\",\"url\":\"https:\/\/www.intoscana.it\/it\/\",\"name\":\"intoscana\",\"description\":\"\",\"potentialAction\":[{\"@type\":\"SearchAction\",\"target\":{\"@type\":\"EntryPoint\",\"urlTemplate\":\"https:\/\/www.intoscana.it\/it\/?s={search_term_string}\"},\"query-input\":{\"@type\":\"PropertyValueSpecification\",\"valueRequired\":true,\"valueName\":\"search_term_string\"}}],\"inLanguage\":\"it-IT\"},{\"@type\":\"Person\",\"@id\":\"https:\/\/www.intoscana.it\/it\/#\/schema\/person\/9223810753230f20bd670fdd322661f8\",\"name\":\"Redazione\",\"url\":\"https:\/\/www.intoscana.it\/it\/author\/redazione\/\"}]}<\/script>\n<!-- \/ Yoast SEO Premium plugin. -->","yoast_head_json":{"title":"Dalle mascherine al contagio, 5 cose da sapere sul coronavirus - intoscana","robots":{"index":"index","follow":"follow","max-snippet":"max-snippet:-1","max-image-preview":"max-image-preview:large","max-video-preview":"max-video-preview:-1"},"canonical":"https:\/\/www.intoscana.it\/it\/5-cose-coronavirus\/","og_locale":"it_IT","og_type":"article","og_title":"Dalle mascherine al contagio, 5 cose da sapere sul coronavirus","og_description":"Regole igieniche di base, sintomi, percentuali di rischio secondo l'Oms e raccomandazioni per gli anziani: ecco 5 informazioni utili sul Covid-19","og_url":"https:\/\/www.intoscana.it\/it\/5-cose-coronavirus\/","og_site_name":"intoscana","article_publisher":"https:\/\/www.facebook.com\/intoscana.it","article_published_time":"2020-02-26T10:28:48+00:00","article_modified_time":"2020-05-19T13:52:49+00:00","og_image":[{"width":2000,"height":1125,"url":"https:\/\/www.intoscana.it\/wp-content\/uploads\/shutterstock_1628718772.jpg","type":"image\/jpeg"}],"author":"Redazione","twitter_card":"summary_large_image","twitter_creator":"@intoscana","twitter_site":"@intoscana","twitter_misc":{"Written by":"Redazione","Est. reading time":"3 minuti"},"schema":{"@context":"https:\/\/schema.org","@graph":[{"@type":"WebPage","@id":"https:\/\/www.intoscana.it\/it\/5-cose-coronavirus\/","url":"https:\/\/www.intoscana.it\/it\/5-cose-coronavirus\/","name":"Dalle mascherine al contagio, 5 cose da sapere sul coronavirus - intoscana","isPartOf":{"@id":"https:\/\/www.intoscana.it\/it\/#website"},"primaryImageOfPage":{"@id":"https:\/\/www.intoscana.it\/it\/5-cose-coronavirus\/#primaryimage"},"image":{"@id":"https:\/\/www.intoscana.it\/it\/5-cose-coronavirus\/#primaryimage"},"thumbnailUrl":"https:\/\/www.intoscana.it\/wp-content\/uploads\/shutterstock_1628718772.jpg","datePublished":"2020-02-26T10:28:48+00:00","dateModified":"2020-05-19T13:52:49+00:00","author":{"@id":"https:\/\/www.intoscana.it\/it\/#\/schema\/person\/9223810753230f20bd670fdd322661f8"},"breadcrumb":{"@id":"https:\/\/www.intoscana.it\/it\/5-cose-coronavirus\/#breadcrumb"},"inLanguage":"it-IT","potentialAction":[{"@type":"ReadAction","target":["https:\/\/www.intoscana.it\/it\/5-cose-coronavirus\/"]}]},{"@type":"ImageObject","inLanguage":"it-IT","@id":"https:\/\/www.intoscana.it\/it\/5-cose-coronavirus\/#primaryimage","url":"https:\/\/www.intoscana.it\/wp-content\/uploads\/shutterstock_1628718772.jpg","contentUrl":"https:\/\/www.intoscana.it\/wp-content\/uploads\/shutterstock_1628718772.jpg","width":2000,"height":1125},{"@type":"BreadcrumbList","@id":"https:\/\/www.intoscana.it\/it\/5-cose-coronavirus\/#breadcrumb","itemListElement":[{"@type":"ListItem","position":1,"name":"Home","item":"https:\/\/www.intoscana.it\/it\/"},{"@type":"ListItem","position":2,"name":"Dalle mascherine al contagio, 5 cose da sapere sul coronavirus"}]},{"@type":"WebSite","@id":"https:\/\/www.intoscana.it\/it\/#website","url":"https:\/\/www.intoscana.it\/it\/","name":"intoscana","description":"","potentialAction":[{"@type":"SearchAction","target":{"@type":"EntryPoint","urlTemplate":"https:\/\/www.intoscana.it\/it\/?s={search_term_string}"},"query-input":{"@type":"PropertyValueSpecification","valueRequired":true,"valueName":"search_term_string"}}],"inLanguage":"it-IT"},{"@type":"Person","@id":"https:\/\/www.intoscana.it\/it\/#\/schema\/person\/9223810753230f20bd670fdd322661f8","name":"Redazione","url":"https:\/\/www.intoscana.it\/it\/author\/redazione\/"}]}},"_links":{"self":[{"href":"https:\/\/www.intoscana.it\/it\/wp-json\/wp\/v2\/posts\/62721","targetHints":{"allow":["GET"]}}],"collection":[{"href":"https:\/\/www.intoscana.it\/it\/wp-json\/wp\/v2\/posts"}],"about":[{"href":"https:\/\/www.intoscana.it\/it\/wp-json\/wp\/v2\/types\/post"}],"author":[{"embeddable":true,"href":"https:\/\/www.intoscana.it\/it\/wp-json\/wp\/v2\/users\/525"}],"replies":[{"embeddable":true,"href":"https:\/\/www.intoscana.it\/it\/wp-json\/wp\/v2\/comments?post=62721"}],"version-history":[{"count":0,"href":"https:\/\/www.intoscana.it\/it\/wp-json\/wp\/v2\/posts\/62721\/revisions"}],"wp:featuredmedia":[{"embeddable":true,"href":"https:\/\/www.intoscana.it\/it\/wp-json\/wp\/v2\/media\/100461"}],"wp:attachment":[{"href":"https:\/\/www.intoscana.it\/it\/wp-json\/wp\/v2\/media?parent=62721"}],"wp:term":[{"taxonomy":"category","embeddable":true,"href":"https:\/\/www.intoscana.it\/it\/wp-json\/wp\/v2\/categories?post=62721"},{"taxonomy":"post_tag","embeddable":true,"href":"https:\/\/www.intoscana.it\/it\/wp-json\/wp\/v2\/tags?post=62721"}],"curies":[{"name":"wp","href":"https:\/\/api.w.org\/{rel}","templated":true}]}}