{"id":62728,"date":"2020-03-11T16:14:51","date_gmt":"2020-03-11T16:14:51","guid":{"rendered":"http:\/\/www.intoscana.it\/coronavirus-320-casi-in-toscana-5-guariti-scattano-le-prime-sanzioni\/"},"modified":"2020-05-19T15:52:51","modified_gmt":"2020-05-19T13:52:51","slug":"coronavirus-toscana-11-marzo","status":"publish","type":"post","link":"https:\/\/www.intoscana.it\/it\/coronavirus-toscana-11-marzo\/","title":{"rendered":"Coronavirus, 320 casi in Toscana (5 guariti). Scattano le prime sanzioni"},"content":{"rendered":"<p>Due giorni &#8211; i primi della Toscana &#8216;zona protetta&#8217; &#8211; si chiudono con un bilancio identico: 56 casi ieri, altrettanti nuovi casi oggi. I nuovi tamponi risultati positivi al test per il coronavirus sono stati eseguiti nei tre laboratori di virologia e microbiologia delle tre aziende ospedaliero universitarie della Toscana: 35 nel laboratorio di Careggi, 14 nel laboratorio di Pisa, 7 nel laboratorio di Siena. Ad oggi sono complessivamente 320 i tamponi risultati positivi al test del coronavirus Covid-19. Questa la suddivisione per provincia di segnalazione: 71 Firenze, 32 Pistoia, 21 Prato (totale Asl centro: 124), 43 Lucca, 40 Massa Carrara, 34 Pisa, 16 Livorno (totale Asl nord ovest: 133), 12 Grosseto, 37 Siena, 14 Arezzo (totale sud est: 63). Ad oggi sono 3 i casi di guarigione virale (negativizzati), 2 i casi clinicamente guariti e un deceduto. Sono quindi 314 quelli attualmente positivi. Dal primo febbraio a oggi sono in tutto 2.521 i tamponi eseguiti nei tre laboratori. Dal monitoraggio giornaliero sono 5.837 le persone in isolamento domiciliare, di cui 3.070 prese in carico attraverso i numeri dedicati, attivati da ciascuna Asl. Sono 2.029 persone nella Asl centro (Firenze &#8211; Empoli &#8211; Prato &#8211; Pistoia), 545 persone nella Asl nord ovest (Lucca &#8211; Massa Carrara &#8211; Pisa &#8211; Livorno) e 496 nella sud est (Arezzo &#8211; Siena \u2013 Grosseto).<\/p>\n<p><span style=\"text-decoration: underline;\"><strong>Rsa di Comeana, disposto l\u2019isolamento fiduciario<\/strong><\/span><br \/>Positivi otto ospiti e un operatore della struttura sanitaria. Per questa ragione \u00e8 stato disposto temporaneamente l\u2019isolamento fiduciario per tutti coloro che si sono recati nella Rsa \u201cCasa Accoglienza Anziani\u201d di via Machiavelli, a Comeana (struttura sanitaria privata nel Comune di Carmignano, al confine con il Comune di Poggio a Caiano) nei 14 giorni antecedenti l\u201911 marzo 2020. Misura allargata anche agli operatori sanitari, con la prescrizione di recarsi nel luogo di lavoro utilizzando le dovute precauzioni prescritte dalle autorit\u00e0 competenti e, una volta finito il turno di lavoro, di rientrare immediatamente a casa senza nessun tipo di contatto con l\u2019esterno.<\/p>\n<p><span style=\"text-decoration: underline;\"><strong>Proteste a Sollicciano<\/strong><\/span><br \/>Proteste in corso nel carcere fiorentino di Sollicciano, dove alcuni detenuti avrebbero dato avvio a una contestazione e bruciato delle lenzuola: fumo si vede uscire dall&#8217;interno del penitenziario. Secondo quanto appreso, la situazione sarebbe al momento sotto controllo.<\/p>\n<p><span style=\"text-decoration: underline;\"><strong>Piaggio: operaio positivo, sanificati locali<\/strong><\/span><br \/>Un operaio di laboratorio dello stabilimento Piaggio a Pontedera, mentre era assente dal lavoro a causa di un infortunio personale, ha manifestato i sintomi del coronavirus risultando poi positivo. \u00c8 quanto si spiega dal gruppo Piaggio che \u00e8 stato informato del caso dalle autorit\u00e0 sanitarie. Quest&#8217;ultime, si spiega in una nota della Piaggio, \u00abin via cautelativa hanno disposto l&#8217;astensione dal lavoro, per alcuni giorni, del ristretto gruppo di lavoratori\u00bb &#8211; sarebbero una ventina &#8211; \u00abcon cui il dipendente ha condiviso l&#8217;ambiente lavorativo e nel frattempo si proceder\u00e0 alla completa sanificazione delle aree interessate\u00bb.<\/p>\n<p><span style=\"text-decoration: underline;\"><strong>Forte di Marmi, il messaggio di speranza dei bimbi<\/strong><\/span><br \/>Un messaggio colorato di speranza e un invito alla sensibilizzazione rispetto all&#8217;emergenza coronavirus con cui tappezzare balconi, finestre e cancelli a Forte dei Marmi (Lucca). \u00c8 l&#8217;iniziativa lanciata dai bambini delle scuole di Forte dei Marmi che vuol essere anche un divertente passatempo per tutta la famiglia in questi giorni in cui si \u00e8 costretti a rimanere a casa: disegnare un arcobaleno tricolore e una cabina, simbolo per eccellenza di Forte dei Marmi, su di un cartellone o lenzuolo da appendere fuori dalle case. Insieme la scritta &#8220;Tutto andr\u00e0 bene. Diamoci da fare&#8230;a casa. Per rivederci prestissimo. Il Forte sta a casa&#8221;.<\/p>\n<p><span style=\"text-decoration: underline;\"><strong>Denunce per inosservanza del decreto<\/strong><\/span><br \/>Sono dieci le persone denunciate dalla polizia per mancata osservanza delle misure per il contenimento della diffusione del Coronavirus previste dal Decreto del presidente del Consiglio dei Ministri. \u00c8 quanto fa sapere la prefettura di Arezzo. I 10, spiegano, erano in giro senza comprovate esigenze lavorative ne di salute. La prefettura fa sapere anche che a Cortona (Arezzo) i due titolari di un esercizio commerciale sono stati denunciati per inosservanza delle prescrizioni, varate per contrastare la diffusione dell&#8217;epidemia, poich\u00e9 il locale \u00e8 stato trovato ancora aperto dopo l&#8217;orario stabilito per la cessazione dell&#8217;attivit\u00e0, ovvero le 18. Nell&#8217;immediatezza l&#8217;esercizio \u00e8 stato chiuso ed \u00e8 stata avanzata al Comune la proposta per l&#8217;applicazione della sospensione dell&#8217;attivit\u00e0. Tre persone sono state denunciate a Pistoia dalla polizia ferroviaria per mancata osservanza delle misure per il contenimento della diffusione del coronavirus. La prefettura di Pistoia spiega che le forze di polizia hanno immediatamente attivato le misure di controllo sul rispetto delle limitazioni degli spostamenti lungo le linee di comunicazione e le grandi infrastrutture del sistema dei trasporti nel territorio provinciale. Nel complesso sono state sottoposte a controllo 138 persone. Primi denunciati anche a Prato. Sono 10 persone &#8211; 3 commercianti e 7 soggetti che camminavano in strada &#8211; denunciate dalla polizia a Prato nelle ultime ore per inosservanza dei provvedimenti delle autorit\u00e0 in merito alla lotta contro il coronavirus. Per quanto riguarda i sette sorpresi a camminare nelle vie, la questura spiega che \u00absi tratta di persone che sentite in merito alla loro presenza in loco, non sono state in grado di fornire alcuna spiegazione compatibile, per ora, luogo e plausibile motivazione, con il decreto governativo\u00bb. Invece i tre esercenti denunciati sono titolari di un bar in via Santa Trinita, un bar e un kebab nel quartiere Soccorso: i poliziotti hanno verificato che i loro esercizi erano attivi oltre le 18. I tre sono stati anche segnalati alla prefettura competente per l&#8217;eventuale adozione di provvedimenti di sospensione delle attivit\u00e0. Due persone, che si trovavano fuori casa senza un valido motivo, sono state denunciate dalla polizia municipale anche a Pietrasanta (Lucca).<\/p>\n<p><span style=\"text-decoration: underline;\"><strong>Autonomia su analisi tamponi<\/strong> <\/span><br \/>La Asl Toscana Sud Est si rende autonoma nell&#8217;analisi del tampone per il Covid-19. \u00abParte da oggi nell&#8217;azienda Asl Toscana Sud Est il nuovo servizio di analisi dei tamponi per Covid 19, fatto direttamente nell&#8217;ambito dei laboratori dell&#8217;azienda. L&#8217;attivit\u00e0 &#8211; ha detto il direttore generale, Antonio D&#8217;Urso &#8211; fino ad oggi era stata effettuata solo nelle Aziende ospedaliero universitarie. La possibilit\u00e0 di estensione di questo tipo di analisi negli altri laboratori di microbiologia attrezzati, \u00e8 stato previsto da una delle ultime ordinanze della Regione Toscana. Quindi, da oggi, i laboratori di microbiologia di Arezzo e di Grosseto sono attrezzati per la determinazione del gene virale del tampone nasofaringeo del paziente sintomatico e a rischio contagio e stanno eseguendo le analisi. Questo permette una risposta pi\u00f9 rapida ed efficiente all&#8217;emergenza\u00bb.<\/p>\n<p><span style=\"text-decoration: underline;\"><strong>Le aziende toscane non si fermano<\/strong> <\/span><br \/>\u00abAnche con tutte le necessarie precauzioni per la tutela della salute dei lavoratori, le industrie del nostro territorio non si fermano, e non intendono fermarsi\u00bb. Lo dichiarano, in una nota congiunta, i presidenti di Confindustria Firenze Fabrizio Monsani, di Confindustria Toscana Sud Paolo Campinoti, di Confindustria Livorno Massa Carrara Alberto Ricci e dell&#8217;Unione industriale pisana Patrizia Pacini, in merito all&#8217;emergenza Coronavirus. \u00abLe misure previste dal Governo sono necessarie per bloccare il contagio e condividiamo l&#8217;azione forte presa per tutelare la salute pubblica\u00bb, affermano i presidenti: le quattro associazioni hanno attivo un coordinamento per mettere a sistema in tempo reale competenze, informazioni e supporto tecnico che ciascuna task force delle Confindustrie firmatarie dell&#8217;appello sta fornendo da giorni alle imprese associate. \u00abLe imprese &#8211; dichiarano Monsani, Campinoti, Ricci e Pacini &#8211; in questo momento sono chiamate ad un grande sforzo organizzativo che stanno affrontando con grande coraggio e senso di responsabilit\u00e0 civica e sociale\u00bb.<\/p>\n<p><span style=\"text-decoration: underline;\"><strong>Firenze, utenti wi-fi pi\u00f9 che dimezzati<\/strong><\/span><br \/>A causa del diffondersi del coronavirus sono drasticamente in calo le presenze a Firenze, monitorate attraverso le rilevazioni del wi-fi negli spazi pubblici in citt\u00e0. Nell&#8217;area del Ponte Vecchio, ad esempio, nel periodo 17 febbraio-9 marzo si \u00e8 avuto un calo del 47,8% come utenti distinti e del 49,7% come connessioni totali (si ricorda che un utente pu\u00f2 avere associate pi\u00f9 connessioni). In piazza del Duomo si registra un -55,3% come utenti distinti e un -53,1% come connessioni totali. In piazza della Signoria-Palazzo Vecchio -59,4% di utenti distinti e -52,5% di connessioni totali. Dati in forte calo anche in piazza Santa Maria Novella (-50,1% di utenti distinti), in piazza Santa Croce (-63,1%), in Santissima Annunziata (-60,7%). I numeri testimoniano. Osservando il numero di utenti unici giornalieri (sempre dal 17 febbraio) si nota che la prima giornata in cui tutti i luoghi presi in esame hanno subito contemporaneamente un calo \u00e8 stato lo scorso 26 febbraio.<\/p>\n<p><span style=\"text-decoration: underline;\"><strong>Montelupo, in Comune solo su appuntamento<\/strong><\/span><br \/>A Montelupo Fiorentino accesso al Comune esclusivamente su appuntamento e per motivi urgenti. \u00c8 quanto spiegato dall&#8217;amministrazione comunale che deciso di limitare l&#8217;accesso al Comune, anche all&#8217;ufficio unico solo su appuntamento e per motivi di comprovata urgenza.<\/p>\n<p>&nbsp;<\/p>\n<p><span style=\"text-decoration: underline;\"><strong>INFO UTILI<\/strong><\/span><br \/>Il numero verde istituito dalla Regione Toscana per fornire indicazioni sui percorsi e le iniziative sul tema del coronavirus \u00e8 il seguente:<strong>&nbsp;800 556060<\/strong>&nbsp;(attivo dal luned\u00ec al venerd\u00ec, dalle 9 alle 18).<br \/>Esiste poi il numero di pubblica utilit\u00e0:&nbsp;<strong>1500<\/strong>&nbsp;(attivo 24 ore su 24). Per dichiarare di essere stati in Cina, i numeri da chiamare (attivi dalle 8 alle 20, anche con operatore e interprete cinese) sono questi: Asl Toscana centro (Firenze, Prato, Pistoia, Empoli) 055 5454777; Asl Toscana nord ovest (Pisa, Livorno, Lucca, Massa Carrara, Viareggio) 050 954444; Asl Toscana sud est (Arezzo, Grosseto, Siena) 800 579579.<br \/>Per maggiori informazioni, consultare la pagina dedicata al coronavirus sul sito di Regione Toscana all&#8217;indirizzo:&nbsp;<a href=\"http:\/\/www.regione.toscana.it\/-\/coronavirus\"><strong>www.regione.toscana.it\/-\/coronavirus<\/strong><\/a><\/p>\n","protected":false},"excerpt":{"rendered":"<p>Anche oggi 56 nuovi tamponi positivi in Toscana. Firenze \u00e8 la provincia pi\u00f9 colpita (71 casi), seguita da Lucca (43) e Massa-Carrara (40). Primi controlli &#8211; e prime sanzioni &#8211; per l&#8217;inosservanza del decreto ministeriale<\/p>\n","protected":false},"author":525,"featured_media":100468,"comment_status":"open","ping_status":"open","sticky":false,"template":"","format":"standard","meta":{"_acf_changed":false,"footnotes":""},"categories":[18],"tags":[418,151,153],"class_list":["post-62728","post","type-post","status-publish","format-standard","has-post-thumbnail","hentry","category-salute","tag-covid-19","tag-regione-toscana","tag-toscana"],"acf":[],"yoast_head":"<!-- This site is optimized with the Yoast SEO Premium plugin v24.2 (Yoast SEO v25.6) - https:\/\/yoast.com\/wordpress\/plugins\/seo\/ -->\n<title>Coronavirus, 320 casi in Toscana (5 guariti). Scattano le prime sanzioni - intoscana<\/title>\n<meta name=\"robots\" content=\"index, follow, max-snippet:-1, max-image-preview:large, max-video-preview:-1\" \/>\n<link rel=\"canonical\" href=\"https:\/\/www.intoscana.it\/it\/coronavirus-toscana-11-marzo\/\" \/>\n<meta property=\"og:locale\" content=\"it_IT\" \/>\n<meta property=\"og:type\" content=\"article\" \/>\n<meta property=\"og:title\" content=\"Coronavirus, 320 casi in Toscana (5 guariti). Scattano le prime sanzioni\" \/>\n<meta property=\"og:description\" content=\"Anche oggi 56 nuovi tamponi positivi in Toscana. Firenze \u00e8 la provincia pi\u00f9 colpita (71 casi), seguita da Lucca (43) e Massa-Carrara (40). Primi controlli - e prime sanzioni - per l&#039;inosservanza del decreto ministeriale\" \/>\n<meta property=\"og:url\" content=\"https:\/\/www.intoscana.it\/it\/coronavirus-toscana-11-marzo\/\" \/>\n<meta property=\"og:site_name\" content=\"intoscana\" \/>\n<meta property=\"article:publisher\" content=\"https:\/\/www.facebook.com\/intoscana.it\" \/>\n<meta property=\"article:published_time\" content=\"2020-03-11T16:14:51+00:00\" \/>\n<meta property=\"article:modified_time\" content=\"2020-05-19T13:52:51+00:00\" \/>\n<meta property=\"og:image\" content=\"https:\/\/www.intoscana.it\/wp-content\/uploads\/coronavirus-firenze-drone.png\" \/>\n\t<meta property=\"og:image:width\" content=\"1000\" \/>\n\t<meta property=\"og:image:height\" content=\"674\" \/>\n\t<meta property=\"og:image:type\" content=\"image\/png\" \/>\n<meta name=\"author\" content=\"Redazione\" \/>\n<meta name=\"twitter:card\" content=\"summary_large_image\" \/>\n<meta name=\"twitter:creator\" content=\"@intoscana\" \/>\n<meta name=\"twitter:site\" content=\"@intoscana\" \/>\n<meta name=\"twitter:label1\" content=\"Written by\" \/>\n\t<meta name=\"twitter:data1\" content=\"Redazione\" \/>\n\t<meta name=\"twitter:label2\" content=\"Est. reading time\" \/>\n\t<meta name=\"twitter:data2\" content=\"7 minuti\" \/>\n<script type=\"application\/ld+json\" class=\"yoast-schema-graph\">{\"@context\":\"https:\/\/schema.org\",\"@graph\":[{\"@type\":\"WebPage\",\"@id\":\"https:\/\/www.intoscana.it\/it\/coronavirus-toscana-11-marzo\/\",\"url\":\"https:\/\/www.intoscana.it\/it\/coronavirus-toscana-11-marzo\/\",\"name\":\"Coronavirus, 320 casi in Toscana (5 guariti). Scattano le prime sanzioni - intoscana\",\"isPartOf\":{\"@id\":\"https:\/\/www.intoscana.it\/it\/#website\"},\"primaryImageOfPage\":{\"@id\":\"https:\/\/www.intoscana.it\/it\/coronavirus-toscana-11-marzo\/#primaryimage\"},\"image\":{\"@id\":\"https:\/\/www.intoscana.it\/it\/coronavirus-toscana-11-marzo\/#primaryimage\"},\"thumbnailUrl\":\"https:\/\/www.intoscana.it\/wp-content\/uploads\/coronavirus-firenze-drone.png\",\"datePublished\":\"2020-03-11T16:14:51+00:00\",\"dateModified\":\"2020-05-19T13:52:51+00:00\",\"author\":{\"@id\":\"https:\/\/www.intoscana.it\/it\/#\/schema\/person\/9223810753230f20bd670fdd322661f8\"},\"breadcrumb\":{\"@id\":\"https:\/\/www.intoscana.it\/it\/coronavirus-toscana-11-marzo\/#breadcrumb\"},\"inLanguage\":\"it-IT\",\"potentialAction\":[{\"@type\":\"ReadAction\",\"target\":[\"https:\/\/www.intoscana.it\/it\/coronavirus-toscana-11-marzo\/\"]}]},{\"@type\":\"ImageObject\",\"inLanguage\":\"it-IT\",\"@id\":\"https:\/\/www.intoscana.it\/it\/coronavirus-toscana-11-marzo\/#primaryimage\",\"url\":\"https:\/\/www.intoscana.it\/wp-content\/uploads\/coronavirus-firenze-drone.png\",\"contentUrl\":\"https:\/\/www.intoscana.it\/wp-content\/uploads\/coronavirus-firenze-drone.png\",\"width\":1000,\"height\":674,\"caption\":\"Screenshot dal video di Florence TV - Citt\u00e0 Metropolitana di Firenze\"},{\"@type\":\"BreadcrumbList\",\"@id\":\"https:\/\/www.intoscana.it\/it\/coronavirus-toscana-11-marzo\/#breadcrumb\",\"itemListElement\":[{\"@type\":\"ListItem\",\"position\":1,\"name\":\"Home\",\"item\":\"https:\/\/www.intoscana.it\/it\/\"},{\"@type\":\"ListItem\",\"position\":2,\"name\":\"Coronavirus, 320 casi in Toscana (5 guariti). Scattano le prime sanzioni\"}]},{\"@type\":\"WebSite\",\"@id\":\"https:\/\/www.intoscana.it\/it\/#website\",\"url\":\"https:\/\/www.intoscana.it\/it\/\",\"name\":\"intoscana\",\"description\":\"\",\"potentialAction\":[{\"@type\":\"SearchAction\",\"target\":{\"@type\":\"EntryPoint\",\"urlTemplate\":\"https:\/\/www.intoscana.it\/it\/?s={search_term_string}\"},\"query-input\":{\"@type\":\"PropertyValueSpecification\",\"valueRequired\":true,\"valueName\":\"search_term_string\"}}],\"inLanguage\":\"it-IT\"},{\"@type\":\"Person\",\"@id\":\"https:\/\/www.intoscana.it\/it\/#\/schema\/person\/9223810753230f20bd670fdd322661f8\",\"name\":\"Redazione\",\"url\":\"https:\/\/www.intoscana.it\/it\/author\/redazione\/\"}]}<\/script>\n<!-- \/ Yoast SEO Premium plugin. -->","yoast_head_json":{"title":"Coronavirus, 320 casi in Toscana (5 guariti). Scattano le prime sanzioni - intoscana","robots":{"index":"index","follow":"follow","max-snippet":"max-snippet:-1","max-image-preview":"max-image-preview:large","max-video-preview":"max-video-preview:-1"},"canonical":"https:\/\/www.intoscana.it\/it\/coronavirus-toscana-11-marzo\/","og_locale":"it_IT","og_type":"article","og_title":"Coronavirus, 320 casi in Toscana (5 guariti). Scattano le prime sanzioni","og_description":"Anche oggi 56 nuovi tamponi positivi in Toscana. Firenze \u00e8 la provincia pi\u00f9 colpita (71 casi), seguita da Lucca (43) e Massa-Carrara (40). Primi controlli - e prime sanzioni - per l'inosservanza del decreto ministeriale","og_url":"https:\/\/www.intoscana.it\/it\/coronavirus-toscana-11-marzo\/","og_site_name":"intoscana","article_publisher":"https:\/\/www.facebook.com\/intoscana.it","article_published_time":"2020-03-11T16:14:51+00:00","article_modified_time":"2020-05-19T13:52:51+00:00","og_image":[{"width":1000,"height":674,"url":"https:\/\/www.intoscana.it\/wp-content\/uploads\/coronavirus-firenze-drone.png","type":"image\/png"}],"author":"Redazione","twitter_card":"summary_large_image","twitter_creator":"@intoscana","twitter_site":"@intoscana","twitter_misc":{"Written by":"Redazione","Est. reading time":"7 minuti"},"schema":{"@context":"https:\/\/schema.org","@graph":[{"@type":"WebPage","@id":"https:\/\/www.intoscana.it\/it\/coronavirus-toscana-11-marzo\/","url":"https:\/\/www.intoscana.it\/it\/coronavirus-toscana-11-marzo\/","name":"Coronavirus, 320 casi in Toscana (5 guariti). Scattano le prime sanzioni - intoscana","isPartOf":{"@id":"https:\/\/www.intoscana.it\/it\/#website"},"primaryImageOfPage":{"@id":"https:\/\/www.intoscana.it\/it\/coronavirus-toscana-11-marzo\/#primaryimage"},"image":{"@id":"https:\/\/www.intoscana.it\/it\/coronavirus-toscana-11-marzo\/#primaryimage"},"thumbnailUrl":"https:\/\/www.intoscana.it\/wp-content\/uploads\/coronavirus-firenze-drone.png","datePublished":"2020-03-11T16:14:51+00:00","dateModified":"2020-05-19T13:52:51+00:00","author":{"@id":"https:\/\/www.intoscana.it\/it\/#\/schema\/person\/9223810753230f20bd670fdd322661f8"},"breadcrumb":{"@id":"https:\/\/www.intoscana.it\/it\/coronavirus-toscana-11-marzo\/#breadcrumb"},"inLanguage":"it-IT","potentialAction":[{"@type":"ReadAction","target":["https:\/\/www.intoscana.it\/it\/coronavirus-toscana-11-marzo\/"]}]},{"@type":"ImageObject","inLanguage":"it-IT","@id":"https:\/\/www.intoscana.it\/it\/coronavirus-toscana-11-marzo\/#primaryimage","url":"https:\/\/www.intoscana.it\/wp-content\/uploads\/coronavirus-firenze-drone.png","contentUrl":"https:\/\/www.intoscana.it\/wp-content\/uploads\/coronavirus-firenze-drone.png","width":1000,"height":674,"caption":"Screenshot dal video di Florence TV - Citt\u00e0 Metropolitana di Firenze"},{"@type":"BreadcrumbList","@id":"https:\/\/www.intoscana.it\/it\/coronavirus-toscana-11-marzo\/#breadcrumb","itemListElement":[{"@type":"ListItem","position":1,"name":"Home","item":"https:\/\/www.intoscana.it\/it\/"},{"@type":"ListItem","position":2,"name":"Coronavirus, 320 casi in Toscana (5 guariti). Scattano le prime sanzioni"}]},{"@type":"WebSite","@id":"https:\/\/www.intoscana.it\/it\/#website","url":"https:\/\/www.intoscana.it\/it\/","name":"intoscana","description":"","potentialAction":[{"@type":"SearchAction","target":{"@type":"EntryPoint","urlTemplate":"https:\/\/www.intoscana.it\/it\/?s={search_term_string}"},"query-input":{"@type":"PropertyValueSpecification","valueRequired":true,"valueName":"search_term_string"}}],"inLanguage":"it-IT"},{"@type":"Person","@id":"https:\/\/www.intoscana.it\/it\/#\/schema\/person\/9223810753230f20bd670fdd322661f8","name":"Redazione","url":"https:\/\/www.intoscana.it\/it\/author\/redazione\/"}]}},"_links":{"self":[{"href":"https:\/\/www.intoscana.it\/it\/wp-json\/wp\/v2\/posts\/62728","targetHints":{"allow":["GET"]}}],"collection":[{"href":"https:\/\/www.intoscana.it\/it\/wp-json\/wp\/v2\/posts"}],"about":[{"href":"https:\/\/www.intoscana.it\/it\/wp-json\/wp\/v2\/types\/post"}],"author":[{"embeddable":true,"href":"https:\/\/www.intoscana.it\/it\/wp-json\/wp\/v2\/users\/525"}],"replies":[{"embeddable":true,"href":"https:\/\/www.intoscana.it\/it\/wp-json\/wp\/v2\/comments?post=62728"}],"version-history":[{"count":0,"href":"https:\/\/www.intoscana.it\/it\/wp-json\/wp\/v2\/posts\/62728\/revisions"}],"wp:featuredmedia":[{"embeddable":true,"href":"https:\/\/www.intoscana.it\/it\/wp-json\/wp\/v2\/media\/100468"}],"wp:attachment":[{"href":"https:\/\/www.intoscana.it\/it\/wp-json\/wp\/v2\/media?parent=62728"}],"wp:term":[{"taxonomy":"category","embeddable":true,"href":"https:\/\/www.intoscana.it\/it\/wp-json\/wp\/v2\/categories?post=62728"},{"taxonomy":"post_tag","embeddable":true,"href":"https:\/\/www.intoscana.it\/it\/wp-json\/wp\/v2\/tags?post=62728"}],"curies":[{"name":"wp","href":"https:\/\/api.w.org\/{rel}","templated":true}]}}