{"id":62731,"date":"2020-03-11T13:00:41","date_gmt":"2020-03-11T13:00:41","guid":{"rendered":"http:\/\/www.intoscana.it\/sindaco-positivo-al-covid-19-chiude-il-comune-di-lucca-stop-ai-mercati\/"},"modified":"2020-05-19T15:52:52","modified_gmt":"2020-05-19T13:52:52","slug":"covid-comune-chiuso","status":"publish","type":"post","link":"https:\/\/www.intoscana.it\/it\/covid-comune-chiuso\/","title":{"rendered":"Sindaco positivo al covid-19, chiude il Comune di Lucca. Stop ai mercati"},"content":{"rendered":"<p><strong>Dopo che il sindaco di Lucca \u00e8 risultato positivo al tampone per il coronavirus, il Comune ha deciso di chiudere fino a domenica<\/strong>. Nel pomeriggio di ieri si \u00e8 svolta una videoconferenza del Centro operativo comunale della Protezione Civile con assessori e dirigenti funzionari per discutere i provvedimenti adottati per garantire la sicurezza e funzionalit\u00e0 dell\u2019ente dopo la notizia della positivit\u00e0 del sindaco Alessandro Tambellini.<\/p>\n<p><strong>Ai fini della determinazione delle ordinanze di quarantena a norma di legge, la ASL Toscana Nord Ovest ha comunicato che sono significativi a tale fine gli incontri avvenuti con il primo cittadino nelle giornate di sabato 7 e domenica 8 marzo.<\/strong> La diffusivit\u00e0 del virus \u00e8 comunque tale da impedire una ricostruzione del contagio del sindaco, che non ha incontrato n\u00e9 persone con sintomi n\u00e9 ha avuto notizia di persone incontrate risultate poi positive. Una ragione in pi\u00f9 che ha spinto il Comune a raccomandare ai cittadini di restare a casa limitando gli spostamenti al minimo indispensabile.<\/p>\n<p>L\u2019amministrazione ricorda a tutti che gli spostamenti anche minimi per uscire a fare la spesa dovranno essere giustificati con il modulo di autocertificazione messo a disposizione dal Ministero dell\u2019Interno (le forze dell\u2019ordine provvederanno a farlo compilare sul momento anche alle persone che ne sono sprovviste). La Polizia Municipale \u00e8 impegnata assieme a Polizia e Carabinieri in controlli sul territorio, in particolare in presidi alla stazione ferroviaria e ai caselli autostradali.<\/p>\n<p><strong>Il Comune di Lucca rimarr\u00e0 chiuso con soli servizi essenziali fino a domenica 15 marzo compresa<\/strong>; gli uffici saranno comunque chiusi al pubblico. Vista la positivit\u00e0 del sindaco ai test sul coronavirus \u00e8 stato deciso in via cautelativa di adottare questa misura drastica per tutelare sia i dipendenti comunali che potenziali utenti delle strutture da possibili contagi.<\/p>\n<p><strong>I servizi garantiti saranno:<\/strong> la Polizia Municipale, il centralino, l\u2019anagrafe su appuntamento per assicurare il ricevimento delle domande di decessi e nascite o l\u2019accesso a servizi di anagrafe indifferibili (dalle ore 9 alle ore 12 0583442857 per carte di identit\u00e0 urgenti 0583442851). Il Centro operativo di Protezione Civile sar\u00e0 attivo il supporto alle persone in quarantena al numero 0583 409061.<\/p>\n<p><strong>Nel corso del Comitato per l\u2019ordine e la sicurezza pubblica, i rappresentanti dei comuni presenti hanno valutato opportuno disporre la chiusura di tutti i mercati cittadini fino a nuova comunicazione per l\u2019impossibilit\u00e0 di garantire le distanze di sicurezza.<\/strong> Il Comune di Lucca, nell\u2019ambito delle attivit\u00e0 di supporto alle persone in quarantena, ma anche a tutte le famiglie e delle attivit\u00e0, incentiver\u00e0 nei prossimi giorni l\u2019organizzazione di servizi di consegna a domicilio. Gli esercenti interessati a offrire questo servizio potranno attraverso le rispettive associazioni di categoria fornire i propri recapiti che saranno pubblicizzati dal Comune secondo modalit\u00e0 concordate a livello regionale.<\/p>\n<p>Infine l\u2019attivit\u00e0 del Centro operativo della Protezione civile si \u00e8 concentrata sugli aspetti organizzativi del supporto alle persone in quarantena fornendo informazioni al numero dedicato, e mandando volontari a consegnare medicinali e beni di prima necessit\u00e0 a persone isolate.<\/p>\n","protected":false},"excerpt":{"rendered":"<p>Fino a domenica 15 marzo il Comune di Lucca rester\u00e0 chiuso per tutelare dipendenti e cittadini. Garantiti solo servizi essenziali. Sospesi tutti i mercati<\/p>\n","protected":false},"author":525,"featured_media":100471,"comment_status":"open","ping_status":"open","sticky":false,"template":"","format":"standard","meta":{"_acf_changed":false,"footnotes":""},"categories":[18],"tags":[418,170],"class_list":["post-62731","post","type-post","status-publish","format-standard","has-post-thumbnail","hentry","category-salute","tag-covid-19","tag-lucca"],"acf":[],"yoast_head":"<!-- This site is optimized with the Yoast SEO Premium plugin v24.2 (Yoast SEO v25.6) - https:\/\/yoast.com\/wordpress\/plugins\/seo\/ -->\n<title>Sindaco positivo al covid-19, chiude il Comune di Lucca. Stop ai mercati - intoscana<\/title>\n<meta name=\"robots\" content=\"index, follow, max-snippet:-1, max-image-preview:large, max-video-preview:-1\" \/>\n<link rel=\"canonical\" href=\"https:\/\/www.intoscana.it\/it\/covid-comune-chiuso\/\" \/>\n<meta property=\"og:locale\" content=\"it_IT\" \/>\n<meta property=\"og:type\" content=\"article\" \/>\n<meta property=\"og:title\" content=\"Sindaco positivo al covid-19, chiude il Comune di Lucca. Stop ai mercati\" \/>\n<meta property=\"og:description\" content=\"Fino a domenica 15 marzo il Comune di Lucca rester\u00e0 chiuso per tutelare dipendenti e cittadini. Garantiti solo servizi essenziali. Sospesi tutti i mercati\" \/>\n<meta property=\"og:url\" content=\"https:\/\/www.intoscana.it\/it\/covid-comune-chiuso\/\" \/>\n<meta property=\"og:site_name\" content=\"intoscana\" \/>\n<meta property=\"article:publisher\" content=\"https:\/\/www.facebook.com\/intoscana.it\" \/>\n<meta property=\"article:published_time\" content=\"2020-03-11T13:00:41+00:00\" \/>\n<meta property=\"article:modified_time\" content=\"2020-05-19T13:52:52+00:00\" \/>\n<meta property=\"og:image\" content=\"https:\/\/www.intoscana.it\/wp-content\/uploads\/lucca-deserta.jpg\" \/>\n\t<meta property=\"og:image:width\" content=\"1000\" \/>\n\t<meta property=\"og:image:height\" content=\"667\" \/>\n\t<meta property=\"og:image:type\" content=\"image\/jpeg\" \/>\n<meta name=\"author\" content=\"Redazione\" \/>\n<meta name=\"twitter:card\" content=\"summary_large_image\" \/>\n<meta name=\"twitter:creator\" content=\"@intoscana\" \/>\n<meta name=\"twitter:site\" content=\"@intoscana\" \/>\n<meta name=\"twitter:label1\" content=\"Written by\" \/>\n\t<meta name=\"twitter:data1\" content=\"Redazione\" \/>\n\t<meta name=\"twitter:label2\" content=\"Est. reading time\" \/>\n\t<meta name=\"twitter:data2\" content=\"2 minuti\" \/>\n<script type=\"application\/ld+json\" class=\"yoast-schema-graph\">{\"@context\":\"https:\/\/schema.org\",\"@graph\":[{\"@type\":\"WebPage\",\"@id\":\"https:\/\/www.intoscana.it\/it\/covid-comune-chiuso\/\",\"url\":\"https:\/\/www.intoscana.it\/it\/covid-comune-chiuso\/\",\"name\":\"Sindaco positivo al covid-19, chiude il Comune di Lucca. Stop ai mercati - intoscana\",\"isPartOf\":{\"@id\":\"https:\/\/www.intoscana.it\/it\/#website\"},\"primaryImageOfPage\":{\"@id\":\"https:\/\/www.intoscana.it\/it\/covid-comune-chiuso\/#primaryimage\"},\"image\":{\"@id\":\"https:\/\/www.intoscana.it\/it\/covid-comune-chiuso\/#primaryimage\"},\"thumbnailUrl\":\"https:\/\/www.intoscana.it\/wp-content\/uploads\/lucca-deserta.jpg\",\"datePublished\":\"2020-03-11T13:00:41+00:00\",\"dateModified\":\"2020-05-19T13:52:52+00:00\",\"author\":{\"@id\":\"https:\/\/www.intoscana.it\/it\/#\/schema\/person\/9223810753230f20bd670fdd322661f8\"},\"breadcrumb\":{\"@id\":\"https:\/\/www.intoscana.it\/it\/covid-comune-chiuso\/#breadcrumb\"},\"inLanguage\":\"it-IT\",\"potentialAction\":[{\"@type\":\"ReadAction\",\"target\":[\"https:\/\/www.intoscana.it\/it\/covid-comune-chiuso\/\"]}]},{\"@type\":\"ImageObject\",\"inLanguage\":\"it-IT\",\"@id\":\"https:\/\/www.intoscana.it\/it\/covid-comune-chiuso\/#primaryimage\",\"url\":\"https:\/\/www.intoscana.it\/wp-content\/uploads\/lucca-deserta.jpg\",\"contentUrl\":\"https:\/\/www.intoscana.it\/wp-content\/uploads\/lucca-deserta.jpg\",\"width\":1000,\"height\":667,\"caption\":\"Lucca\"},{\"@type\":\"BreadcrumbList\",\"@id\":\"https:\/\/www.intoscana.it\/it\/covid-comune-chiuso\/#breadcrumb\",\"itemListElement\":[{\"@type\":\"ListItem\",\"position\":1,\"name\":\"Home\",\"item\":\"https:\/\/www.intoscana.it\/it\/\"},{\"@type\":\"ListItem\",\"position\":2,\"name\":\"Sindaco positivo al covid-19, chiude il Comune di Lucca. Stop ai mercati\"}]},{\"@type\":\"WebSite\",\"@id\":\"https:\/\/www.intoscana.it\/it\/#website\",\"url\":\"https:\/\/www.intoscana.it\/it\/\",\"name\":\"intoscana\",\"description\":\"\",\"potentialAction\":[{\"@type\":\"SearchAction\",\"target\":{\"@type\":\"EntryPoint\",\"urlTemplate\":\"https:\/\/www.intoscana.it\/it\/?s={search_term_string}\"},\"query-input\":{\"@type\":\"PropertyValueSpecification\",\"valueRequired\":true,\"valueName\":\"search_term_string\"}}],\"inLanguage\":\"it-IT\"},{\"@type\":\"Person\",\"@id\":\"https:\/\/www.intoscana.it\/it\/#\/schema\/person\/9223810753230f20bd670fdd322661f8\",\"name\":\"Redazione\",\"url\":\"https:\/\/www.intoscana.it\/it\/author\/redazione\/\"}]}<\/script>\n<!-- \/ Yoast SEO Premium plugin. -->","yoast_head_json":{"title":"Sindaco positivo al covid-19, chiude il Comune di Lucca. Stop ai mercati - intoscana","robots":{"index":"index","follow":"follow","max-snippet":"max-snippet:-1","max-image-preview":"max-image-preview:large","max-video-preview":"max-video-preview:-1"},"canonical":"https:\/\/www.intoscana.it\/it\/covid-comune-chiuso\/","og_locale":"it_IT","og_type":"article","og_title":"Sindaco positivo al covid-19, chiude il Comune di Lucca. Stop ai mercati","og_description":"Fino a domenica 15 marzo il Comune di Lucca rester\u00e0 chiuso per tutelare dipendenti e cittadini. Garantiti solo servizi essenziali. Sospesi tutti i mercati","og_url":"https:\/\/www.intoscana.it\/it\/covid-comune-chiuso\/","og_site_name":"intoscana","article_publisher":"https:\/\/www.facebook.com\/intoscana.it","article_published_time":"2020-03-11T13:00:41+00:00","article_modified_time":"2020-05-19T13:52:52+00:00","og_image":[{"width":1000,"height":667,"url":"https:\/\/www.intoscana.it\/wp-content\/uploads\/lucca-deserta.jpg","type":"image\/jpeg"}],"author":"Redazione","twitter_card":"summary_large_image","twitter_creator":"@intoscana","twitter_site":"@intoscana","twitter_misc":{"Written by":"Redazione","Est. reading time":"2 minuti"},"schema":{"@context":"https:\/\/schema.org","@graph":[{"@type":"WebPage","@id":"https:\/\/www.intoscana.it\/it\/covid-comune-chiuso\/","url":"https:\/\/www.intoscana.it\/it\/covid-comune-chiuso\/","name":"Sindaco positivo al covid-19, chiude il Comune di Lucca. Stop ai mercati - intoscana","isPartOf":{"@id":"https:\/\/www.intoscana.it\/it\/#website"},"primaryImageOfPage":{"@id":"https:\/\/www.intoscana.it\/it\/covid-comune-chiuso\/#primaryimage"},"image":{"@id":"https:\/\/www.intoscana.it\/it\/covid-comune-chiuso\/#primaryimage"},"thumbnailUrl":"https:\/\/www.intoscana.it\/wp-content\/uploads\/lucca-deserta.jpg","datePublished":"2020-03-11T13:00:41+00:00","dateModified":"2020-05-19T13:52:52+00:00","author":{"@id":"https:\/\/www.intoscana.it\/it\/#\/schema\/person\/9223810753230f20bd670fdd322661f8"},"breadcrumb":{"@id":"https:\/\/www.intoscana.it\/it\/covid-comune-chiuso\/#breadcrumb"},"inLanguage":"it-IT","potentialAction":[{"@type":"ReadAction","target":["https:\/\/www.intoscana.it\/it\/covid-comune-chiuso\/"]}]},{"@type":"ImageObject","inLanguage":"it-IT","@id":"https:\/\/www.intoscana.it\/it\/covid-comune-chiuso\/#primaryimage","url":"https:\/\/www.intoscana.it\/wp-content\/uploads\/lucca-deserta.jpg","contentUrl":"https:\/\/www.intoscana.it\/wp-content\/uploads\/lucca-deserta.jpg","width":1000,"height":667,"caption":"Lucca"},{"@type":"BreadcrumbList","@id":"https:\/\/www.intoscana.it\/it\/covid-comune-chiuso\/#breadcrumb","itemListElement":[{"@type":"ListItem","position":1,"name":"Home","item":"https:\/\/www.intoscana.it\/it\/"},{"@type":"ListItem","position":2,"name":"Sindaco positivo al covid-19, chiude il Comune di Lucca. Stop ai mercati"}]},{"@type":"WebSite","@id":"https:\/\/www.intoscana.it\/it\/#website","url":"https:\/\/www.intoscana.it\/it\/","name":"intoscana","description":"","potentialAction":[{"@type":"SearchAction","target":{"@type":"EntryPoint","urlTemplate":"https:\/\/www.intoscana.it\/it\/?s={search_term_string}"},"query-input":{"@type":"PropertyValueSpecification","valueRequired":true,"valueName":"search_term_string"}}],"inLanguage":"it-IT"},{"@type":"Person","@id":"https:\/\/www.intoscana.it\/it\/#\/schema\/person\/9223810753230f20bd670fdd322661f8","name":"Redazione","url":"https:\/\/www.intoscana.it\/it\/author\/redazione\/"}]}},"_links":{"self":[{"href":"https:\/\/www.intoscana.it\/it\/wp-json\/wp\/v2\/posts\/62731","targetHints":{"allow":["GET"]}}],"collection":[{"href":"https:\/\/www.intoscana.it\/it\/wp-json\/wp\/v2\/posts"}],"about":[{"href":"https:\/\/www.intoscana.it\/it\/wp-json\/wp\/v2\/types\/post"}],"author":[{"embeddable":true,"href":"https:\/\/www.intoscana.it\/it\/wp-json\/wp\/v2\/users\/525"}],"replies":[{"embeddable":true,"href":"https:\/\/www.intoscana.it\/it\/wp-json\/wp\/v2\/comments?post=62731"}],"version-history":[{"count":0,"href":"https:\/\/www.intoscana.it\/it\/wp-json\/wp\/v2\/posts\/62731\/revisions"}],"wp:featuredmedia":[{"embeddable":true,"href":"https:\/\/www.intoscana.it\/it\/wp-json\/wp\/v2\/media\/100471"}],"wp:attachment":[{"href":"https:\/\/www.intoscana.it\/it\/wp-json\/wp\/v2\/media?parent=62731"}],"wp:term":[{"taxonomy":"category","embeddable":true,"href":"https:\/\/www.intoscana.it\/it\/wp-json\/wp\/v2\/categories?post=62731"},{"taxonomy":"post_tag","embeddable":true,"href":"https:\/\/www.intoscana.it\/it\/wp-json\/wp\/v2\/tags?post=62731"}],"curies":[{"name":"wp","href":"https:\/\/api.w.org\/{rel}","templated":true}]}}