{"id":64565,"date":"2019-05-23T14:09:53","date_gmt":"2019-05-23T14:09:53","guid":{"rendered":"http:\/\/www.intoscana.it\/disabilita-la-toscana-stanzia-12-mln-per-persone-non-autosufficienti\/"},"modified":"2020-05-18T09:42:27","modified_gmt":"2020-05-18T07:42:27","slug":"disabilita-la-toscana-stanzia-12-mln-per-persone-non-autosufficienti","status":"publish","type":"post","link":"https:\/\/www.intoscana.it\/it\/disabilita-la-toscana-stanzia-12-mln-per-persone-non-autosufficienti\/","title":{"rendered":"Disabilit\u00e0: la Toscana stanzia 12 mln per persone non autosufficienti"},"content":{"rendered":"<p><strong>Un bando da 12,3 milioni di euro per il sostegno alla domiciliarit\u00e0 delle persone non autosufficienti o affette da demenza non grave.<\/strong> Lo prevede una delibera approvata dalla Giunta toscana che delinea gli elementi essenziali per l&#8217;adozione dell&#8217;avviso pubblico. L&#8217;avviso verr\u00e0 adottato entro una quindicina di giorni, nell&#8217;ambito del Por Fse 2014-20.<\/p>\n<p><strong>I progetti che potranno essere presentati dalle Societ\u00e0 della salute<\/strong> o, dove le Sds non siano state costituite, dal soggetto pubblico espressamente individuato dalla Conferenza dei sindaci, dovranno essere finalizzati a favorire la permanenza nel proprio domicilio delle persone non autosufficienti: sia attraverso l&#8217;accesso a servizi e percorsi innovativi di carattere socio-assistenziale, sia attraverso l&#8217;ampliamento dei servizi di assistenza familiare.<\/p>\n<p>Come spiegato nella delibera infatti, <strong>prendersi cura di un soggetto non autosufficiente significa innanzitutto rispettare la persona e i suoi diritti fondamentali, tra i quali vi \u00e8 il diritto alla domiciliarit\u00e0, che condiziona profondamente l&#8217;identit\u00e0 della persona.<\/strong> La domiciliarit\u00e0 infatti rappresenta quel contesto significativo per la persona fragile, che comprende la casa, ma anche ci\u00f2 che la circonda, cio\u00e8 l&#8217;habitat collegato alla propria storia, all&#8217;esperienza, alla cultura, alla memoria, al paesaggio, alla sofferenza e alla gioia di ognuno. <\/p>\n","protected":false},"excerpt":{"rendered":"<p>Sta per partire un bando della Regione a sostegno di progetti per l&#8217;assistenza domiciliare, anche per chi \u00e8 affetto da demenza non grave<\/p>\n","protected":false},"author":525,"featured_media":102056,"comment_status":"open","ping_status":"open","sticky":false,"template":"","format":"standard","meta":{"_acf_changed":false,"footnotes":""},"categories":[494,7],"tags":[406],"class_list":["post-64565","post","type-post","status-publish","format-standard","has-post-thumbnail","hentry","category-attualita","category-societa","tag-disabilita"],"acf":[],"yoast_head":"<!-- This site is optimized with the Yoast SEO Premium plugin v24.2 (Yoast SEO v25.6) - https:\/\/yoast.com\/wordpress\/plugins\/seo\/ -->\n<title>Disabilit\u00e0: la Toscana stanzia 12 mln per persone non autosufficienti - intoscana<\/title>\n<meta name=\"description\" content=\"La Regione Toscana stanzia 12 milioni di euro per le persone non autosufficienti e affette da demenza non grave attraverso un bando che \u00e8 in arrivo a breve.\" \/>\n<meta name=\"robots\" content=\"index, follow, max-snippet:-1, max-image-preview:large, max-video-preview:-1\" \/>\n<link rel=\"canonical\" href=\"https:\/\/www.intoscana.it\/it\/disabilita-la-toscana-stanzia-12-mln-per-persone-non-autosufficienti\/\" \/>\n<meta property=\"og:locale\" content=\"it_IT\" \/>\n<meta property=\"og:type\" content=\"article\" \/>\n<meta property=\"og:title\" content=\"Disabilit\u00e0: la Toscana stanzia 12 mln per persone non autosufficienti\" \/>\n<meta property=\"og:description\" content=\"La Regione Toscana stanzia 12 milioni di euro per le persone non autosufficienti e affette da demenza non grave attraverso un bando che \u00e8 in arrivo a breve.\" \/>\n<meta property=\"og:url\" content=\"https:\/\/www.intoscana.it\/it\/disabilita-la-toscana-stanzia-12-mln-per-persone-non-autosufficienti\/\" \/>\n<meta property=\"og:site_name\" content=\"intoscana\" \/>\n<meta property=\"article:publisher\" content=\"https:\/\/www.facebook.com\/intoscana.it\" \/>\n<meta property=\"article:published_time\" content=\"2019-05-23T14:09:53+00:00\" \/>\n<meta property=\"article:modified_time\" content=\"2020-05-18T07:42:27+00:00\" \/>\n<meta property=\"og:image\" content=\"https:\/\/www.intoscana.it\/wp-content\/uploads\/anziano-3.jpg\" \/>\n\t<meta property=\"og:image:width\" content=\"2000\" \/>\n\t<meta property=\"og:image:height\" content=\"1333\" \/>\n\t<meta property=\"og:image:type\" content=\"image\/jpeg\" \/>\n<meta name=\"author\" content=\"Redazione\" \/>\n<meta name=\"twitter:card\" content=\"summary_large_image\" \/>\n<meta name=\"twitter:creator\" content=\"@intoscana\" \/>\n<meta name=\"twitter:site\" content=\"@intoscana\" \/>\n<meta name=\"twitter:label1\" content=\"Written by\" \/>\n\t<meta name=\"twitter:data1\" content=\"Redazione\" \/>\n\t<meta name=\"twitter:label2\" content=\"Est. reading time\" \/>\n\t<meta name=\"twitter:data2\" content=\"1 minuto\" \/>\n<script type=\"application\/ld+json\" class=\"yoast-schema-graph\">{\"@context\":\"https:\/\/schema.org\",\"@graph\":[{\"@type\":\"WebPage\",\"@id\":\"https:\/\/www.intoscana.it\/it\/disabilita-la-toscana-stanzia-12-mln-per-persone-non-autosufficienti\/\",\"url\":\"https:\/\/www.intoscana.it\/it\/disabilita-la-toscana-stanzia-12-mln-per-persone-non-autosufficienti\/\",\"name\":\"Disabilit\u00e0: la Toscana stanzia 12 mln per persone non autosufficienti - intoscana\",\"isPartOf\":{\"@id\":\"https:\/\/www.intoscana.it\/it\/#website\"},\"primaryImageOfPage\":{\"@id\":\"https:\/\/www.intoscana.it\/it\/disabilita-la-toscana-stanzia-12-mln-per-persone-non-autosufficienti\/#primaryimage\"},\"image\":{\"@id\":\"https:\/\/www.intoscana.it\/it\/disabilita-la-toscana-stanzia-12-mln-per-persone-non-autosufficienti\/#primaryimage\"},\"thumbnailUrl\":\"https:\/\/www.intoscana.it\/wp-content\/uploads\/anziano-3.jpg\",\"datePublished\":\"2019-05-23T14:09:53+00:00\",\"dateModified\":\"2020-05-18T07:42:27+00:00\",\"author\":{\"@id\":\"https:\/\/www.intoscana.it\/it\/#\/schema\/person\/9223810753230f20bd670fdd322661f8\"},\"description\":\"La Regione Toscana stanzia 12 milioni di euro per le persone non autosufficienti e affette da demenza non grave attraverso un bando che \u00e8 in arrivo a breve.\",\"breadcrumb\":{\"@id\":\"https:\/\/www.intoscana.it\/it\/disabilita-la-toscana-stanzia-12-mln-per-persone-non-autosufficienti\/#breadcrumb\"},\"inLanguage\":\"it-IT\",\"potentialAction\":[{\"@type\":\"ReadAction\",\"target\":[\"https:\/\/www.intoscana.it\/it\/disabilita-la-toscana-stanzia-12-mln-per-persone-non-autosufficienti\/\"]}]},{\"@type\":\"ImageObject\",\"inLanguage\":\"it-IT\",\"@id\":\"https:\/\/www.intoscana.it\/it\/disabilita-la-toscana-stanzia-12-mln-per-persone-non-autosufficienti\/#primaryimage\",\"url\":\"https:\/\/www.intoscana.it\/wp-content\/uploads\/anziano-3.jpg\",\"contentUrl\":\"https:\/\/www.intoscana.it\/wp-content\/uploads\/anziano-3.jpg\",\"width\":2000,\"height\":1333},{\"@type\":\"BreadcrumbList\",\"@id\":\"https:\/\/www.intoscana.it\/it\/disabilita-la-toscana-stanzia-12-mln-per-persone-non-autosufficienti\/#breadcrumb\",\"itemListElement\":[{\"@type\":\"ListItem\",\"position\":1,\"name\":\"Home\",\"item\":\"https:\/\/www.intoscana.it\/it\/\"},{\"@type\":\"ListItem\",\"position\":2,\"name\":\"Disabilit\u00e0: la Toscana stanzia 12 mln per persone non autosufficienti\"}]},{\"@type\":\"WebSite\",\"@id\":\"https:\/\/www.intoscana.it\/it\/#website\",\"url\":\"https:\/\/www.intoscana.it\/it\/\",\"name\":\"intoscana\",\"description\":\"\",\"potentialAction\":[{\"@type\":\"SearchAction\",\"target\":{\"@type\":\"EntryPoint\",\"urlTemplate\":\"https:\/\/www.intoscana.it\/it\/?s={search_term_string}\"},\"query-input\":{\"@type\":\"PropertyValueSpecification\",\"valueRequired\":true,\"valueName\":\"search_term_string\"}}],\"inLanguage\":\"it-IT\"},{\"@type\":\"Person\",\"@id\":\"https:\/\/www.intoscana.it\/it\/#\/schema\/person\/9223810753230f20bd670fdd322661f8\",\"name\":\"Redazione\",\"url\":\"https:\/\/www.intoscana.it\/it\/author\/redazione\/\"}]}<\/script>\n<!-- \/ Yoast SEO Premium plugin. -->","yoast_head_json":{"title":"Disabilit\u00e0: la Toscana stanzia 12 mln per persone non autosufficienti - intoscana","description":"La Regione Toscana stanzia 12 milioni di euro per le persone non autosufficienti e affette da demenza non grave attraverso un bando che \u00e8 in arrivo a breve.","robots":{"index":"index","follow":"follow","max-snippet":"max-snippet:-1","max-image-preview":"max-image-preview:large","max-video-preview":"max-video-preview:-1"},"canonical":"https:\/\/www.intoscana.it\/it\/disabilita-la-toscana-stanzia-12-mln-per-persone-non-autosufficienti\/","og_locale":"it_IT","og_type":"article","og_title":"Disabilit\u00e0: la Toscana stanzia 12 mln per persone non autosufficienti","og_description":"La Regione Toscana stanzia 12 milioni di euro per le persone non autosufficienti e affette da demenza non grave attraverso un bando che \u00e8 in arrivo a breve.","og_url":"https:\/\/www.intoscana.it\/it\/disabilita-la-toscana-stanzia-12-mln-per-persone-non-autosufficienti\/","og_site_name":"intoscana","article_publisher":"https:\/\/www.facebook.com\/intoscana.it","article_published_time":"2019-05-23T14:09:53+00:00","article_modified_time":"2020-05-18T07:42:27+00:00","og_image":[{"width":2000,"height":1333,"url":"https:\/\/www.intoscana.it\/wp-content\/uploads\/anziano-3.jpg","type":"image\/jpeg"}],"author":"Redazione","twitter_card":"summary_large_image","twitter_creator":"@intoscana","twitter_site":"@intoscana","twitter_misc":{"Written by":"Redazione","Est. reading time":"1 minuto"},"schema":{"@context":"https:\/\/schema.org","@graph":[{"@type":"WebPage","@id":"https:\/\/www.intoscana.it\/it\/disabilita-la-toscana-stanzia-12-mln-per-persone-non-autosufficienti\/","url":"https:\/\/www.intoscana.it\/it\/disabilita-la-toscana-stanzia-12-mln-per-persone-non-autosufficienti\/","name":"Disabilit\u00e0: la Toscana stanzia 12 mln per persone non autosufficienti - intoscana","isPartOf":{"@id":"https:\/\/www.intoscana.it\/it\/#website"},"primaryImageOfPage":{"@id":"https:\/\/www.intoscana.it\/it\/disabilita-la-toscana-stanzia-12-mln-per-persone-non-autosufficienti\/#primaryimage"},"image":{"@id":"https:\/\/www.intoscana.it\/it\/disabilita-la-toscana-stanzia-12-mln-per-persone-non-autosufficienti\/#primaryimage"},"thumbnailUrl":"https:\/\/www.intoscana.it\/wp-content\/uploads\/anziano-3.jpg","datePublished":"2019-05-23T14:09:53+00:00","dateModified":"2020-05-18T07:42:27+00:00","author":{"@id":"https:\/\/www.intoscana.it\/it\/#\/schema\/person\/9223810753230f20bd670fdd322661f8"},"description":"La Regione Toscana stanzia 12 milioni di euro per le persone non autosufficienti e affette da demenza non grave attraverso un bando che \u00e8 in arrivo a breve.","breadcrumb":{"@id":"https:\/\/www.intoscana.it\/it\/disabilita-la-toscana-stanzia-12-mln-per-persone-non-autosufficienti\/#breadcrumb"},"inLanguage":"it-IT","potentialAction":[{"@type":"ReadAction","target":["https:\/\/www.intoscana.it\/it\/disabilita-la-toscana-stanzia-12-mln-per-persone-non-autosufficienti\/"]}]},{"@type":"ImageObject","inLanguage":"it-IT","@id":"https:\/\/www.intoscana.it\/it\/disabilita-la-toscana-stanzia-12-mln-per-persone-non-autosufficienti\/#primaryimage","url":"https:\/\/www.intoscana.it\/wp-content\/uploads\/anziano-3.jpg","contentUrl":"https:\/\/www.intoscana.it\/wp-content\/uploads\/anziano-3.jpg","width":2000,"height":1333},{"@type":"BreadcrumbList","@id":"https:\/\/www.intoscana.it\/it\/disabilita-la-toscana-stanzia-12-mln-per-persone-non-autosufficienti\/#breadcrumb","itemListElement":[{"@type":"ListItem","position":1,"name":"Home","item":"https:\/\/www.intoscana.it\/it\/"},{"@type":"ListItem","position":2,"name":"Disabilit\u00e0: la Toscana stanzia 12 mln per persone non autosufficienti"}]},{"@type":"WebSite","@id":"https:\/\/www.intoscana.it\/it\/#website","url":"https:\/\/www.intoscana.it\/it\/","name":"intoscana","description":"","potentialAction":[{"@type":"SearchAction","target":{"@type":"EntryPoint","urlTemplate":"https:\/\/www.intoscana.it\/it\/?s={search_term_string}"},"query-input":{"@type":"PropertyValueSpecification","valueRequired":true,"valueName":"search_term_string"}}],"inLanguage":"it-IT"},{"@type":"Person","@id":"https:\/\/www.intoscana.it\/it\/#\/schema\/person\/9223810753230f20bd670fdd322661f8","name":"Redazione","url":"https:\/\/www.intoscana.it\/it\/author\/redazione\/"}]}},"_links":{"self":[{"href":"https:\/\/www.intoscana.it\/it\/wp-json\/wp\/v2\/posts\/64565","targetHints":{"allow":["GET"]}}],"collection":[{"href":"https:\/\/www.intoscana.it\/it\/wp-json\/wp\/v2\/posts"}],"about":[{"href":"https:\/\/www.intoscana.it\/it\/wp-json\/wp\/v2\/types\/post"}],"author":[{"embeddable":true,"href":"https:\/\/www.intoscana.it\/it\/wp-json\/wp\/v2\/users\/525"}],"replies":[{"embeddable":true,"href":"https:\/\/www.intoscana.it\/it\/wp-json\/wp\/v2\/comments?post=64565"}],"version-history":[{"count":0,"href":"https:\/\/www.intoscana.it\/it\/wp-json\/wp\/v2\/posts\/64565\/revisions"}],"wp:featuredmedia":[{"embeddable":true,"href":"https:\/\/www.intoscana.it\/it\/wp-json\/wp\/v2\/media\/102056"}],"wp:attachment":[{"href":"https:\/\/www.intoscana.it\/it\/wp-json\/wp\/v2\/media?parent=64565"}],"wp:term":[{"taxonomy":"category","embeddable":true,"href":"https:\/\/www.intoscana.it\/it\/wp-json\/wp\/v2\/categories?post=64565"},{"taxonomy":"post_tag","embeddable":true,"href":"https:\/\/www.intoscana.it\/it\/wp-json\/wp\/v2\/tags?post=64565"}],"curies":[{"name":"wp","href":"https:\/\/api.w.org\/{rel}","templated":true}]}}