{"id":64633,"date":"2019-03-05T10:55:11","date_gmt":"2019-03-05T10:55:11","guid":{"rendered":"http:\/\/www.intoscana.it\/universo-femminile-come-destreggiarsi-tra-famiglia-e-lavoro\/"},"modified":"2020-05-18T09:42:46","modified_gmt":"2020-05-18T07:42:46","slug":"universo-femminile-come-destreggiarsi-tra-famiglia-e-lavoro","status":"publish","type":"post","link":"https:\/\/www.intoscana.it\/it\/universo-femminile-come-destreggiarsi-tra-famiglia-e-lavoro\/","title":{"rendered":"Universo femminile: come destreggiarsi tra famiglia e lavoro?"},"content":{"rendered":"<p>Come coniugare carriera professionale e esigenze familiari, senza inutili sensi di colpa e ansie? La riposta arriver\u00e0 <strong>venerd\u00ec 8 marzo<\/strong>, nel giorno della <strong>Giornata Internazionale della donna, allo Spazio Costanza,<\/strong> unico coworking a Firenze con <strong>servizio di babysitting per le mamme,<\/strong> che offre alle famiglie servizi di conciliazione vita lavoro, gestito dall\u2019Associazione Co-C\u00f2.<\/p>\n<p> <strong>Alle ore 18.30<\/strong>, presso la sede situata in<strong> via del Ponte alle Mosse 32-34 rosso<\/strong>, \u00e8 in programma l\u2019incontro <strong>\u201cDonne, che lavoro!\u201d,<\/strong> in cui vari specialisti cercheranno di spiegare come non sentirsi \u201cin difetto\u201d e come destreggiarsi al meglio tra figli e lavoro. Tra gli ospiti interverranno la scrittrice<strong> Eleonora Pinzuti,<\/strong> esperta in formazione e pari opportunit\u00e0, che analizzer\u00e0 gli stereotipi femminili ancora esistenti al giorno d\u2019oggi, mettendo in evidenza quelle dinamiche sociali che ancora pretendono dalla donna una totale dedizione nella cura della famiglia. \u201cSpesso a causa di tutto questo \u2013 dichiara Pinzuti &#8211; le donne avvertono forti sensi di colpa. Grazie alla consapevolezza e alla presa di coscienza \u00e8 possibile stare meglio, creare un rapporto migliore con se stesse e con il mondo esterno\u201d.<\/p>\n<p> Tra i focus, anche quello dell\u2019<strong>avvocato del lavoro Simona Fontana<\/strong>, che illustrer\u00e0 soluzioni che la normativa offre in tema di conciliazione. Tra le varie possibilit\u00e0, lo smart working, la possibilit\u00e0 di poter gestire il congedo parentale a ore o forme di lavoro part time. \u201cChiedere delle soluzioni che facciano conciliare al meglio famiglia e impegni lavorativi \u00e8 un diritto \u2013 dice Fontana &#8211; \u00c8 importante che prima di tutto cambi la mentalit\u00e0, le aziende devono capire che la famiglia \u00e8 una delle pi\u00f9 grandi imprese su cui investire. Avere un lavoratore soddisfatto che crede nell\u2019aziende \u00e8 un valore aggiunto. Non dimentichiamoci che la vera conciliazione avviene quando sia le esigenze della famiglia che quelle dell\u2019azienda vengono valorizzare e appagate\u201d, conclude.<\/p>\n<p> Tra gli interventi, anche quelli di <strong>Daria Dall&#8217;Igna e V\u00e9ronique Balduzzi dell\u2019equipe Sinopia,<\/strong> professioniste nell&#8217;ambito del <strong>counseling e coaching professionale<\/strong>. \u201cAbbiamo scelto di realizzare questo incontro proprio l\u20198 marzo &#8211; dichiara Michela Della Porta, fondatrice e presidente Associazione Co &#8211; C\u00f2 &#8211; perch\u00e9 quando si parla di conciliazione e lavoro ci rivolgiamo prevalentemente a donne e se per primo non avviene un cambiamento in noi stesse difficilmente possiamo modificare ci\u00f2 che ci sta intorno\u201d.<\/p>\n<p> <strong>Durante l\u2019incontro \u00e8 previsto il servizio di babysitting per chi lo desideri.<\/strong><br \/><strong>Ingresso libero con prenotazione obbligatoria.<\/strong><br \/><strong>Per info 055-2741095 o <a href=\"mailto:info@spaziocostanza.it\">info@spaziocostanza.it<\/a><\/strong><\/p>\n<a class=\"googlemapbutton\" href=\"https:\/\/www.google.com\/maps\/search\/?api=1&#038;query=Spazio%20Costanza+via%20del%20Ponte%20alle%20Mosse,%2032%20+Firenze\" target=\"_blank\">Vedi mappa <i class=\"fas fa-map-marker-alt\"><\/i><\/a>\n","protected":false},"excerpt":{"rendered":"<p>Allo Spazio Costanza a Firenze l\u20198 marzo un incontro con professionisti per liberarsi da inutili ansie e sensi di colpa<\/p>\n","protected":false},"author":525,"featured_media":102102,"comment_status":"open","ping_status":"open","sticky":false,"template":"","format":"standard","meta":{"_acf_changed":false,"footnotes":""},"categories":[494,7],"tags":[],"class_list":["post-64633","post","type-post","status-publish","format-standard","has-post-thumbnail","hentry","category-attualita","category-societa"],"acf":[],"yoast_head":"<!-- This site is optimized with the Yoast SEO Premium plugin v24.2 (Yoast SEO v25.6) - https:\/\/yoast.com\/wordpress\/plugins\/seo\/ -->\n<title>Universo femminile: come destreggiarsi tra famiglia e lavoro? - intoscana<\/title>\n<meta name=\"description\" content=\"Universo femminile: come destreggiarsi tra famiglia e lavoro?\" \/>\n<meta name=\"robots\" content=\"index, follow, max-snippet:-1, max-image-preview:large, max-video-preview:-1\" \/>\n<link rel=\"canonical\" href=\"https:\/\/www.intoscana.it\/it\/universo-femminile-come-destreggiarsi-tra-famiglia-e-lavoro\/\" \/>\n<meta property=\"og:locale\" content=\"it_IT\" \/>\n<meta property=\"og:type\" content=\"article\" \/>\n<meta property=\"og:title\" content=\"Universo femminile: come destreggiarsi tra famiglia e lavoro?\" \/>\n<meta property=\"og:description\" content=\"Universo femminile: come destreggiarsi tra famiglia e lavoro?\" \/>\n<meta property=\"og:url\" content=\"https:\/\/www.intoscana.it\/it\/universo-femminile-come-destreggiarsi-tra-famiglia-e-lavoro\/\" \/>\n<meta property=\"og:site_name\" content=\"intoscana\" \/>\n<meta property=\"article:publisher\" content=\"https:\/\/www.facebook.com\/intoscana.it\" \/>\n<meta property=\"article:published_time\" content=\"2019-03-05T10:55:11+00:00\" \/>\n<meta property=\"article:modified_time\" content=\"2020-05-18T07:42:46+00:00\" \/>\n<meta property=\"og:image\" content=\"https:\/\/www.intoscana.it\/wp-content\/uploads\/mamma-e-bimbo-3.jpg\" \/>\n\t<meta property=\"og:image:width\" content=\"1000\" \/>\n\t<meta property=\"og:image:height\" content=\"666\" \/>\n\t<meta property=\"og:image:type\" content=\"image\/jpeg\" \/>\n<meta name=\"author\" content=\"Redazione\" \/>\n<meta name=\"twitter:card\" content=\"summary_large_image\" \/>\n<meta name=\"twitter:creator\" content=\"@intoscana\" \/>\n<meta name=\"twitter:site\" content=\"@intoscana\" \/>\n<meta name=\"twitter:label1\" content=\"Written by\" \/>\n\t<meta name=\"twitter:data1\" content=\"Redazione\" \/>\n\t<meta name=\"twitter:label2\" content=\"Est. reading time\" \/>\n\t<meta name=\"twitter:data2\" content=\"2 minuti\" \/>\n<script type=\"application\/ld+json\" class=\"yoast-schema-graph\">{\"@context\":\"https:\/\/schema.org\",\"@graph\":[{\"@type\":\"WebPage\",\"@id\":\"https:\/\/www.intoscana.it\/it\/universo-femminile-come-destreggiarsi-tra-famiglia-e-lavoro\/\",\"url\":\"https:\/\/www.intoscana.it\/it\/universo-femminile-come-destreggiarsi-tra-famiglia-e-lavoro\/\",\"name\":\"Universo femminile: come destreggiarsi tra famiglia e lavoro? - intoscana\",\"isPartOf\":{\"@id\":\"https:\/\/www.intoscana.it\/it\/#website\"},\"primaryImageOfPage\":{\"@id\":\"https:\/\/www.intoscana.it\/it\/universo-femminile-come-destreggiarsi-tra-famiglia-e-lavoro\/#primaryimage\"},\"image\":{\"@id\":\"https:\/\/www.intoscana.it\/it\/universo-femminile-come-destreggiarsi-tra-famiglia-e-lavoro\/#primaryimage\"},\"thumbnailUrl\":\"https:\/\/www.intoscana.it\/wp-content\/uploads\/mamma-e-bimbo-3.jpg\",\"datePublished\":\"2019-03-05T10:55:11+00:00\",\"dateModified\":\"2020-05-18T07:42:46+00:00\",\"author\":{\"@id\":\"https:\/\/www.intoscana.it\/it\/#\/schema\/person\/9223810753230f20bd670fdd322661f8\"},\"description\":\"Universo femminile: come destreggiarsi tra famiglia e lavoro?\",\"breadcrumb\":{\"@id\":\"https:\/\/www.intoscana.it\/it\/universo-femminile-come-destreggiarsi-tra-famiglia-e-lavoro\/#breadcrumb\"},\"inLanguage\":\"it-IT\",\"potentialAction\":[{\"@type\":\"ReadAction\",\"target\":[\"https:\/\/www.intoscana.it\/it\/universo-femminile-come-destreggiarsi-tra-famiglia-e-lavoro\/\"]}]},{\"@type\":\"ImageObject\",\"inLanguage\":\"it-IT\",\"@id\":\"https:\/\/www.intoscana.it\/it\/universo-femminile-come-destreggiarsi-tra-famiglia-e-lavoro\/#primaryimage\",\"url\":\"https:\/\/www.intoscana.it\/wp-content\/uploads\/mamma-e-bimbo-3.jpg\",\"contentUrl\":\"https:\/\/www.intoscana.it\/wp-content\/uploads\/mamma-e-bimbo-3.jpg\",\"width\":1000,\"height\":666},{\"@type\":\"BreadcrumbList\",\"@id\":\"https:\/\/www.intoscana.it\/it\/universo-femminile-come-destreggiarsi-tra-famiglia-e-lavoro\/#breadcrumb\",\"itemListElement\":[{\"@type\":\"ListItem\",\"position\":1,\"name\":\"Home\",\"item\":\"https:\/\/www.intoscana.it\/it\/\"},{\"@type\":\"ListItem\",\"position\":2,\"name\":\"Universo femminile: come destreggiarsi tra famiglia e lavoro?\"}]},{\"@type\":\"WebSite\",\"@id\":\"https:\/\/www.intoscana.it\/it\/#website\",\"url\":\"https:\/\/www.intoscana.it\/it\/\",\"name\":\"intoscana\",\"description\":\"\",\"potentialAction\":[{\"@type\":\"SearchAction\",\"target\":{\"@type\":\"EntryPoint\",\"urlTemplate\":\"https:\/\/www.intoscana.it\/it\/?s={search_term_string}\"},\"query-input\":{\"@type\":\"PropertyValueSpecification\",\"valueRequired\":true,\"valueName\":\"search_term_string\"}}],\"inLanguage\":\"it-IT\"},{\"@type\":\"Person\",\"@id\":\"https:\/\/www.intoscana.it\/it\/#\/schema\/person\/9223810753230f20bd670fdd322661f8\",\"name\":\"Redazione\",\"url\":\"https:\/\/www.intoscana.it\/it\/author\/redazione\/\"}]}<\/script>\n<!-- \/ Yoast SEO Premium plugin. -->","yoast_head_json":{"title":"Universo femminile: come destreggiarsi tra famiglia e lavoro? - intoscana","description":"Universo femminile: come destreggiarsi tra famiglia e lavoro?","robots":{"index":"index","follow":"follow","max-snippet":"max-snippet:-1","max-image-preview":"max-image-preview:large","max-video-preview":"max-video-preview:-1"},"canonical":"https:\/\/www.intoscana.it\/it\/universo-femminile-come-destreggiarsi-tra-famiglia-e-lavoro\/","og_locale":"it_IT","og_type":"article","og_title":"Universo femminile: come destreggiarsi tra famiglia e lavoro?","og_description":"Universo femminile: come destreggiarsi tra famiglia e lavoro?","og_url":"https:\/\/www.intoscana.it\/it\/universo-femminile-come-destreggiarsi-tra-famiglia-e-lavoro\/","og_site_name":"intoscana","article_publisher":"https:\/\/www.facebook.com\/intoscana.it","article_published_time":"2019-03-05T10:55:11+00:00","article_modified_time":"2020-05-18T07:42:46+00:00","og_image":[{"width":1000,"height":666,"url":"https:\/\/www.intoscana.it\/wp-content\/uploads\/mamma-e-bimbo-3.jpg","type":"image\/jpeg"}],"author":"Redazione","twitter_card":"summary_large_image","twitter_creator":"@intoscana","twitter_site":"@intoscana","twitter_misc":{"Written by":"Redazione","Est. reading time":"2 minuti"},"schema":{"@context":"https:\/\/schema.org","@graph":[{"@type":"WebPage","@id":"https:\/\/www.intoscana.it\/it\/universo-femminile-come-destreggiarsi-tra-famiglia-e-lavoro\/","url":"https:\/\/www.intoscana.it\/it\/universo-femminile-come-destreggiarsi-tra-famiglia-e-lavoro\/","name":"Universo femminile: come destreggiarsi tra famiglia e lavoro? - intoscana","isPartOf":{"@id":"https:\/\/www.intoscana.it\/it\/#website"},"primaryImageOfPage":{"@id":"https:\/\/www.intoscana.it\/it\/universo-femminile-come-destreggiarsi-tra-famiglia-e-lavoro\/#primaryimage"},"image":{"@id":"https:\/\/www.intoscana.it\/it\/universo-femminile-come-destreggiarsi-tra-famiglia-e-lavoro\/#primaryimage"},"thumbnailUrl":"https:\/\/www.intoscana.it\/wp-content\/uploads\/mamma-e-bimbo-3.jpg","datePublished":"2019-03-05T10:55:11+00:00","dateModified":"2020-05-18T07:42:46+00:00","author":{"@id":"https:\/\/www.intoscana.it\/it\/#\/schema\/person\/9223810753230f20bd670fdd322661f8"},"description":"Universo femminile: come destreggiarsi tra famiglia e lavoro?","breadcrumb":{"@id":"https:\/\/www.intoscana.it\/it\/universo-femminile-come-destreggiarsi-tra-famiglia-e-lavoro\/#breadcrumb"},"inLanguage":"it-IT","potentialAction":[{"@type":"ReadAction","target":["https:\/\/www.intoscana.it\/it\/universo-femminile-come-destreggiarsi-tra-famiglia-e-lavoro\/"]}]},{"@type":"ImageObject","inLanguage":"it-IT","@id":"https:\/\/www.intoscana.it\/it\/universo-femminile-come-destreggiarsi-tra-famiglia-e-lavoro\/#primaryimage","url":"https:\/\/www.intoscana.it\/wp-content\/uploads\/mamma-e-bimbo-3.jpg","contentUrl":"https:\/\/www.intoscana.it\/wp-content\/uploads\/mamma-e-bimbo-3.jpg","width":1000,"height":666},{"@type":"BreadcrumbList","@id":"https:\/\/www.intoscana.it\/it\/universo-femminile-come-destreggiarsi-tra-famiglia-e-lavoro\/#breadcrumb","itemListElement":[{"@type":"ListItem","position":1,"name":"Home","item":"https:\/\/www.intoscana.it\/it\/"},{"@type":"ListItem","position":2,"name":"Universo femminile: come destreggiarsi tra famiglia e lavoro?"}]},{"@type":"WebSite","@id":"https:\/\/www.intoscana.it\/it\/#website","url":"https:\/\/www.intoscana.it\/it\/","name":"intoscana","description":"","potentialAction":[{"@type":"SearchAction","target":{"@type":"EntryPoint","urlTemplate":"https:\/\/www.intoscana.it\/it\/?s={search_term_string}"},"query-input":{"@type":"PropertyValueSpecification","valueRequired":true,"valueName":"search_term_string"}}],"inLanguage":"it-IT"},{"@type":"Person","@id":"https:\/\/www.intoscana.it\/it\/#\/schema\/person\/9223810753230f20bd670fdd322661f8","name":"Redazione","url":"https:\/\/www.intoscana.it\/it\/author\/redazione\/"}]}},"_links":{"self":[{"href":"https:\/\/www.intoscana.it\/it\/wp-json\/wp\/v2\/posts\/64633","targetHints":{"allow":["GET"]}}],"collection":[{"href":"https:\/\/www.intoscana.it\/it\/wp-json\/wp\/v2\/posts"}],"about":[{"href":"https:\/\/www.intoscana.it\/it\/wp-json\/wp\/v2\/types\/post"}],"author":[{"embeddable":true,"href":"https:\/\/www.intoscana.it\/it\/wp-json\/wp\/v2\/users\/525"}],"replies":[{"embeddable":true,"href":"https:\/\/www.intoscana.it\/it\/wp-json\/wp\/v2\/comments?post=64633"}],"version-history":[{"count":0,"href":"https:\/\/www.intoscana.it\/it\/wp-json\/wp\/v2\/posts\/64633\/revisions"}],"wp:featuredmedia":[{"embeddable":true,"href":"https:\/\/www.intoscana.it\/it\/wp-json\/wp\/v2\/media\/102102"}],"wp:attachment":[{"href":"https:\/\/www.intoscana.it\/it\/wp-json\/wp\/v2\/media?parent=64633"}],"wp:term":[{"taxonomy":"category","embeddable":true,"href":"https:\/\/www.intoscana.it\/it\/wp-json\/wp\/v2\/categories?post=64633"},{"taxonomy":"post_tag","embeddable":true,"href":"https:\/\/www.intoscana.it\/it\/wp-json\/wp\/v2\/tags?post=64633"}],"curies":[{"name":"wp","href":"https:\/\/api.w.org\/{rel}","templated":true}]}}