{"id":64645,"date":"2019-05-31T11:17:36","date_gmt":"2019-05-31T11:17:36","guid":{"rendered":"http:\/\/www.intoscana.it\/trasporti-in-toscana-arriva-labbonamento-unico-metropolitano\/"},"modified":"2020-05-18T09:42:49","modified_gmt":"2020-05-18T07:42:49","slug":"trasporti-in-toscana-arriva-labbonamento-unico-metropolitano","status":"publish","type":"post","link":"https:\/\/www.intoscana.it\/it\/trasporti-in-toscana-arriva-labbonamento-unico-metropolitano\/","title":{"rendered":"Trasporti: in Toscana arriva l\u2019abbonamento unico metropolitano"},"content":{"rendered":"<p>Sar\u00e0 in vigore dal primo luglio &#8216;<strong>Unico metropolitano&#8217;<\/strong> l&#8217;abbonamento mensile che consente di utilizzare con<strong> un solo titolo di viaggio tutti i mezzi pubblici di trasporto<\/strong> <strong>Trenitalia, Ataf&amp;Linea e Gest (tramvia) a Firenze<\/strong> e in molti comuni del Fiorentino.<\/p>\n<p>L&#8217;abbonamento entra in vigore con un mese di ritardo rispetto a quanto annunciato in precedenza a causa di un allungamento nei tempi tecnici per l&#8217;adeguamento dei sistemi informativi aziendali delle biglietterie. <strong>A partire dal 26 giugno, spiega una nota, sar\u00e0 possibile caricare su Carta unica Toscana l&#8217;abbonamento mensile<\/strong>, recandosi presso le <strong>biglietterie Trenitalia di Signa e Sesto Fiorentino,<\/strong> quella di <strong>Ataf Gestioni a Firenze Smn<\/strong> e al <strong>ticket point di via Alamanni<\/strong>, oltre alle <strong>emettitrici automatiche.<\/strong><\/p>\n<p><strong>A partire dall&#8217;1 agosto l&#8217;acquisto sar\u00e0 possibile presso tutte le biglietterie<\/strong> e da tutte le emettitrici automatiche. Il nuovo abbonamento, ideato dalla<strong> Regione Toscana<\/strong> per <strong>agevolare i lavoratori e gli studenti pendolari<\/strong> che abbinano pi\u00f9 mezzi di trasporto e che, dunque, fino ad ora hanno dovuto acquistare pi\u00f9 tipi di biglietti,<strong> coster\u00e0 50 euro come tariffa mensile ordinaria e 41 euro per chi ha diritto alla tariffa agevolata<\/strong> Isee tpl.<\/p>\n<p>&#8220;L&#8217;obiettivo \u00e8 favorire e rendere pi\u00f9 conveniente l&#8217;uso del mezzo pubblico &#8211; spiega l&#8217;assessore regionale ai trasporti&nbsp; -. Con la sperimentazione di &#8216;Unico metropolitano&#8217; viene proposta <strong>una soluzione semplice, pensata per chi viene a lavorare a Firenze con il treno e poi utilizza i bus urbani Ataf o la tramvia<\/strong> per spostarsi in citt\u00e0&#8221;, &#8220;con <strong>un risparmio medio di 20-30 euro al mese&#8221;.<\/strong><\/p>\n","protected":false},"excerpt":{"rendered":"<p>Dal 1\u00b0 luglio con un solo titolo di viaggio a 50 euro al mese sar\u00e0 possibile utilizzare tutti i mezzi pubblici di trasporto: Trenitalia, Ataf&amp;Linea e Gest (Tramvia)<\/p>\n","protected":false},"author":525,"featured_media":102114,"comment_status":"open","ping_status":"open","sticky":false,"template":"","format":"standard","meta":{"_acf_changed":false,"footnotes":""},"categories":[494,7],"tags":[],"class_list":["post-64645","post","type-post","status-publish","format-standard","has-post-thumbnail","hentry","category-attualita","category-societa"],"acf":[],"yoast_head":"<!-- This site is optimized with the Yoast SEO Premium plugin v24.2 (Yoast SEO v25.6) - https:\/\/yoast.com\/wordpress\/plugins\/seo\/ -->\n<title>Trasporti: in Toscana arriva l\u2019abbonamento unico metropolitano - intoscana<\/title>\n<meta name=\"description\" content=\"Trasporti: in Toscana dal 1\u00b0 luglio arriva l\u2019abbonamento unico metropolitano\" \/>\n<meta name=\"robots\" content=\"index, follow, max-snippet:-1, max-image-preview:large, max-video-preview:-1\" \/>\n<link rel=\"canonical\" href=\"https:\/\/www.intoscana.it\/it\/trasporti-in-toscana-arriva-labbonamento-unico-metropolitano\/\" \/>\n<meta property=\"og:locale\" content=\"it_IT\" \/>\n<meta property=\"og:type\" content=\"article\" \/>\n<meta property=\"og:title\" content=\"Trasporti: in Toscana arriva l\u2019abbonamento unico metropolitano\" \/>\n<meta property=\"og:description\" content=\"Trasporti: in Toscana dal 1\u00b0 luglio arriva l\u2019abbonamento unico metropolitano\" \/>\n<meta property=\"og:url\" content=\"https:\/\/www.intoscana.it\/it\/trasporti-in-toscana-arriva-labbonamento-unico-metropolitano\/\" \/>\n<meta property=\"og:site_name\" content=\"intoscana\" \/>\n<meta property=\"article:publisher\" content=\"https:\/\/www.facebook.com\/intoscana.it\" \/>\n<meta property=\"article:published_time\" content=\"2019-05-31T11:17:36+00:00\" \/>\n<meta property=\"article:modified_time\" content=\"2020-05-18T07:42:49+00:00\" \/>\n<meta property=\"og:image\" content=\"https:\/\/www.intoscana.it\/wp-content\/uploads\/tramvia-2-8.jpg\" \/>\n\t<meta property=\"og:image:width\" content=\"620\" \/>\n\t<meta property=\"og:image:height\" content=\"389\" \/>\n\t<meta property=\"og:image:type\" content=\"image\/jpeg\" \/>\n<meta name=\"author\" content=\"Redazione\" \/>\n<meta name=\"twitter:card\" content=\"summary_large_image\" \/>\n<meta name=\"twitter:creator\" content=\"@intoscana\" \/>\n<meta name=\"twitter:site\" content=\"@intoscana\" \/>\n<meta name=\"twitter:label1\" content=\"Written by\" \/>\n\t<meta name=\"twitter:data1\" content=\"Redazione\" \/>\n\t<meta name=\"twitter:label2\" content=\"Est. reading time\" \/>\n\t<meta name=\"twitter:data2\" content=\"1 minuto\" \/>\n<script type=\"application\/ld+json\" class=\"yoast-schema-graph\">{\"@context\":\"https:\/\/schema.org\",\"@graph\":[{\"@type\":\"WebPage\",\"@id\":\"https:\/\/www.intoscana.it\/it\/trasporti-in-toscana-arriva-labbonamento-unico-metropolitano\/\",\"url\":\"https:\/\/www.intoscana.it\/it\/trasporti-in-toscana-arriva-labbonamento-unico-metropolitano\/\",\"name\":\"Trasporti: in Toscana arriva l\u2019abbonamento unico metropolitano - intoscana\",\"isPartOf\":{\"@id\":\"https:\/\/www.intoscana.it\/it\/#website\"},\"primaryImageOfPage\":{\"@id\":\"https:\/\/www.intoscana.it\/it\/trasporti-in-toscana-arriva-labbonamento-unico-metropolitano\/#primaryimage\"},\"image\":{\"@id\":\"https:\/\/www.intoscana.it\/it\/trasporti-in-toscana-arriva-labbonamento-unico-metropolitano\/#primaryimage\"},\"thumbnailUrl\":\"https:\/\/www.intoscana.it\/wp-content\/uploads\/tramvia-2-8.jpg\",\"datePublished\":\"2019-05-31T11:17:36+00:00\",\"dateModified\":\"2020-05-18T07:42:49+00:00\",\"author\":{\"@id\":\"https:\/\/www.intoscana.it\/it\/#\/schema\/person\/9223810753230f20bd670fdd322661f8\"},\"description\":\"Trasporti: in Toscana dal 1\u00b0 luglio arriva l\u2019abbonamento unico metropolitano\",\"breadcrumb\":{\"@id\":\"https:\/\/www.intoscana.it\/it\/trasporti-in-toscana-arriva-labbonamento-unico-metropolitano\/#breadcrumb\"},\"inLanguage\":\"it-IT\",\"potentialAction\":[{\"@type\":\"ReadAction\",\"target\":[\"https:\/\/www.intoscana.it\/it\/trasporti-in-toscana-arriva-labbonamento-unico-metropolitano\/\"]}]},{\"@type\":\"ImageObject\",\"inLanguage\":\"it-IT\",\"@id\":\"https:\/\/www.intoscana.it\/it\/trasporti-in-toscana-arriva-labbonamento-unico-metropolitano\/#primaryimage\",\"url\":\"https:\/\/www.intoscana.it\/wp-content\/uploads\/tramvia-2-8.jpg\",\"contentUrl\":\"https:\/\/www.intoscana.it\/wp-content\/uploads\/tramvia-2-8.jpg\",\"width\":620,\"height\":389},{\"@type\":\"BreadcrumbList\",\"@id\":\"https:\/\/www.intoscana.it\/it\/trasporti-in-toscana-arriva-labbonamento-unico-metropolitano\/#breadcrumb\",\"itemListElement\":[{\"@type\":\"ListItem\",\"position\":1,\"name\":\"Home\",\"item\":\"https:\/\/www.intoscana.it\/it\/\"},{\"@type\":\"ListItem\",\"position\":2,\"name\":\"Trasporti: in Toscana arriva l\u2019abbonamento unico metropolitano\"}]},{\"@type\":\"WebSite\",\"@id\":\"https:\/\/www.intoscana.it\/it\/#website\",\"url\":\"https:\/\/www.intoscana.it\/it\/\",\"name\":\"intoscana\",\"description\":\"\",\"potentialAction\":[{\"@type\":\"SearchAction\",\"target\":{\"@type\":\"EntryPoint\",\"urlTemplate\":\"https:\/\/www.intoscana.it\/it\/?s={search_term_string}\"},\"query-input\":{\"@type\":\"PropertyValueSpecification\",\"valueRequired\":true,\"valueName\":\"search_term_string\"}}],\"inLanguage\":\"it-IT\"},{\"@type\":\"Person\",\"@id\":\"https:\/\/www.intoscana.it\/it\/#\/schema\/person\/9223810753230f20bd670fdd322661f8\",\"name\":\"Redazione\",\"url\":\"https:\/\/www.intoscana.it\/it\/author\/redazione\/\"}]}<\/script>\n<!-- \/ Yoast SEO Premium plugin. -->","yoast_head_json":{"title":"Trasporti: in Toscana arriva l\u2019abbonamento unico metropolitano - intoscana","description":"Trasporti: in Toscana dal 1\u00b0 luglio arriva l\u2019abbonamento unico metropolitano","robots":{"index":"index","follow":"follow","max-snippet":"max-snippet:-1","max-image-preview":"max-image-preview:large","max-video-preview":"max-video-preview:-1"},"canonical":"https:\/\/www.intoscana.it\/it\/trasporti-in-toscana-arriva-labbonamento-unico-metropolitano\/","og_locale":"it_IT","og_type":"article","og_title":"Trasporti: in Toscana arriva l\u2019abbonamento unico metropolitano","og_description":"Trasporti: in Toscana dal 1\u00b0 luglio arriva l\u2019abbonamento unico metropolitano","og_url":"https:\/\/www.intoscana.it\/it\/trasporti-in-toscana-arriva-labbonamento-unico-metropolitano\/","og_site_name":"intoscana","article_publisher":"https:\/\/www.facebook.com\/intoscana.it","article_published_time":"2019-05-31T11:17:36+00:00","article_modified_time":"2020-05-18T07:42:49+00:00","og_image":[{"width":620,"height":389,"url":"https:\/\/www.intoscana.it\/wp-content\/uploads\/tramvia-2-8.jpg","type":"image\/jpeg"}],"author":"Redazione","twitter_card":"summary_large_image","twitter_creator":"@intoscana","twitter_site":"@intoscana","twitter_misc":{"Written by":"Redazione","Est. reading time":"1 minuto"},"schema":{"@context":"https:\/\/schema.org","@graph":[{"@type":"WebPage","@id":"https:\/\/www.intoscana.it\/it\/trasporti-in-toscana-arriva-labbonamento-unico-metropolitano\/","url":"https:\/\/www.intoscana.it\/it\/trasporti-in-toscana-arriva-labbonamento-unico-metropolitano\/","name":"Trasporti: in Toscana arriva l\u2019abbonamento unico metropolitano - intoscana","isPartOf":{"@id":"https:\/\/www.intoscana.it\/it\/#website"},"primaryImageOfPage":{"@id":"https:\/\/www.intoscana.it\/it\/trasporti-in-toscana-arriva-labbonamento-unico-metropolitano\/#primaryimage"},"image":{"@id":"https:\/\/www.intoscana.it\/it\/trasporti-in-toscana-arriva-labbonamento-unico-metropolitano\/#primaryimage"},"thumbnailUrl":"https:\/\/www.intoscana.it\/wp-content\/uploads\/tramvia-2-8.jpg","datePublished":"2019-05-31T11:17:36+00:00","dateModified":"2020-05-18T07:42:49+00:00","author":{"@id":"https:\/\/www.intoscana.it\/it\/#\/schema\/person\/9223810753230f20bd670fdd322661f8"},"description":"Trasporti: in Toscana dal 1\u00b0 luglio arriva l\u2019abbonamento unico metropolitano","breadcrumb":{"@id":"https:\/\/www.intoscana.it\/it\/trasporti-in-toscana-arriva-labbonamento-unico-metropolitano\/#breadcrumb"},"inLanguage":"it-IT","potentialAction":[{"@type":"ReadAction","target":["https:\/\/www.intoscana.it\/it\/trasporti-in-toscana-arriva-labbonamento-unico-metropolitano\/"]}]},{"@type":"ImageObject","inLanguage":"it-IT","@id":"https:\/\/www.intoscana.it\/it\/trasporti-in-toscana-arriva-labbonamento-unico-metropolitano\/#primaryimage","url":"https:\/\/www.intoscana.it\/wp-content\/uploads\/tramvia-2-8.jpg","contentUrl":"https:\/\/www.intoscana.it\/wp-content\/uploads\/tramvia-2-8.jpg","width":620,"height":389},{"@type":"BreadcrumbList","@id":"https:\/\/www.intoscana.it\/it\/trasporti-in-toscana-arriva-labbonamento-unico-metropolitano\/#breadcrumb","itemListElement":[{"@type":"ListItem","position":1,"name":"Home","item":"https:\/\/www.intoscana.it\/it\/"},{"@type":"ListItem","position":2,"name":"Trasporti: in Toscana arriva l\u2019abbonamento unico metropolitano"}]},{"@type":"WebSite","@id":"https:\/\/www.intoscana.it\/it\/#website","url":"https:\/\/www.intoscana.it\/it\/","name":"intoscana","description":"","potentialAction":[{"@type":"SearchAction","target":{"@type":"EntryPoint","urlTemplate":"https:\/\/www.intoscana.it\/it\/?s={search_term_string}"},"query-input":{"@type":"PropertyValueSpecification","valueRequired":true,"valueName":"search_term_string"}}],"inLanguage":"it-IT"},{"@type":"Person","@id":"https:\/\/www.intoscana.it\/it\/#\/schema\/person\/9223810753230f20bd670fdd322661f8","name":"Redazione","url":"https:\/\/www.intoscana.it\/it\/author\/redazione\/"}]}},"_links":{"self":[{"href":"https:\/\/www.intoscana.it\/it\/wp-json\/wp\/v2\/posts\/64645","targetHints":{"allow":["GET"]}}],"collection":[{"href":"https:\/\/www.intoscana.it\/it\/wp-json\/wp\/v2\/posts"}],"about":[{"href":"https:\/\/www.intoscana.it\/it\/wp-json\/wp\/v2\/types\/post"}],"author":[{"embeddable":true,"href":"https:\/\/www.intoscana.it\/it\/wp-json\/wp\/v2\/users\/525"}],"replies":[{"embeddable":true,"href":"https:\/\/www.intoscana.it\/it\/wp-json\/wp\/v2\/comments?post=64645"}],"version-history":[{"count":0,"href":"https:\/\/www.intoscana.it\/it\/wp-json\/wp\/v2\/posts\/64645\/revisions"}],"wp:featuredmedia":[{"embeddable":true,"href":"https:\/\/www.intoscana.it\/it\/wp-json\/wp\/v2\/media\/102114"}],"wp:attachment":[{"href":"https:\/\/www.intoscana.it\/it\/wp-json\/wp\/v2\/media?parent=64645"}],"wp:term":[{"taxonomy":"category","embeddable":true,"href":"https:\/\/www.intoscana.it\/it\/wp-json\/wp\/v2\/categories?post=64645"},{"taxonomy":"post_tag","embeddable":true,"href":"https:\/\/www.intoscana.it\/it\/wp-json\/wp\/v2\/tags?post=64645"}],"curies":[{"name":"wp","href":"https:\/\/api.w.org\/{rel}","templated":true}]}}