{"id":64658,"date":"2019-10-10T10:07:16","date_gmt":"2019-10-10T10:07:16","guid":{"rendered":"http:\/\/www.intoscana.it\/la-creativita-degli-studenti-toscani-che-combatte-la-violenza-di-genere\/"},"modified":"2020-05-19T16:01:37","modified_gmt":"2020-05-19T14:01:37","slug":"carta-viareggio-concorso","status":"publish","type":"post","link":"https:\/\/www.intoscana.it\/it\/carta-viareggio-concorso\/","title":{"rendered":"La creativit\u00e0 degli studenti toscani che combatte la violenza di genere"},"content":{"rendered":"<p><strong>Illustrare e spiegare ai pi\u00f9 piccoli la &#8220;Carta di Viareggio&#8221;, un&#8217;occasione per far conoscere l&#8217;impegno di un gruppo di donne toscane per contrastare la violenza di genere<\/strong> e, nello stesso tempo, valorizzare le competenze degli studenti di licei artistici e istituti a indirizzo grafico chiedendo a loro, con i loro disegni, di raccontare quel manifesto che dice no alla violenza contro le donne. \u00c8 questo l&#8217;obiettivo del concorso lanciato dalla Regione Toscana a &#8220;Didacta Italia 2019&#8221;, la fiera sull&#8217;innovazione e il futuro della scuola che ha aperto i battenti alla Fortezza da Basso a Firenze.<\/p>\n<p><strong>La Carta di Viareggio \u00e8 un&#8217;iniziativa che \u00e8 nata e si \u00e8 sviluppata all&#8217;interno della scorsa edizione del Carnevale di Viareggio<\/strong>, dedicata alle donne e al tema del contrasto alla violenza di genere. Dietro ci sono professioniste impegnate in pi\u00f9 campi, come Valentina Bonini, professoressa di diritto processuale penale all&#8217;Universit\u00e0 di Pisa, Gaetana Morgante che insegna diritto penale alla Scuola superiore &#8220;Sant&#8217;Anna&#8221; di Pisa, Vittoria Doretti (dirigente medico alla Asl Toscana Sud Est e responsabile della rete toscana Codice Rosa), la professoressa di filosofia politica, sempre del Sant&#8217;Anna, Anna Loretoni, la presidente della Casa Donne Viareggio Ersilia Raffaelli, la presidente della Fondazione Carnevale di Viareggio e legale rappresentante della &#8220;Robert F.Kennedy Foundation of Euroope&#8221; Marialina Marcucci, la giornalista Ilaria Bonuccelli.<\/p>\n<p><strong>Il punto di vista da cui partono \u00e8 presto raccontato.<\/strong> Discriminazioni e violenze sono spesso un problema culturale: sono figlie molte volte di pregiudizi e stereotipi. Ma c&#8217;\u00e8 anche un problema di leggi. Cos\u00ec la loro proposta \u00e8 di lavorare sull&#8217;educazione e sulle modifica dei codici penali.<\/p>\n<p><strong>Il concorso lanciato dalla Regione si propone di valorizzare le capacit\u00e0 tecnico professionali degli allievi dei licei artistici e degli istituti tecnici o professionali con indirizzo di grafica o design (o equipollenti).<\/strong> \u00abMa nel far parlare i ragazzi pi\u00f9 grandi con quelli pi\u00f9 piccoli, nel costringerle gli studenti della scuola superiore ad analizzare il problema per poi \u2018tradurlo&#8217;, mettiamo in campo di fatto una doppia azione educativa\u00bb, spiega l&#8217;assessora all&#8217;istruzione della Toscana, Cristina Grieco.<\/p>\n<p>\u00abSi tratta &#8211; aggiunge la vice presidente ed assessora alle pari oportunit\u00e0, Monica Barni &#8211; di un tassello ulteriore all&#8217;interno delle politiche contro la violenza di genere che la Regione Toscana da anni porta avanti con strumenti normativi ma anche risorse, soprattutto quando i fondi nazionali sono scarsi o arrivano in ritardo&#8221;. Barni si sofferma sulla sinergie. &#8220;In Regione \u2013 ricorda &#8211; l&#8217;abbiamo fatto: abbiamo realizzato un coordinamento permanente di quattro diversi assessori, ed \u00e8 una modalit\u00e0 operativa vincente e che funziona. Per aggredire la violenza di genere occorre fare squadra tra chiunque se ne occupi e lavorare tutti assieme, all&#8217;unisono\u00bb.<\/p>\n<p><strong>Poi i ragazzi.<\/strong> \u00abCoinvolgere i giovani e renderli protagonisti costituisce un valore aggiunto \u2013 evidenzia la vice presidente \u2013. L&#8217;abbiamo gi\u00e0 visto con il concorso musicale &#8220;Mai in silenzio&#8221;, dove studenti delle scuole hanno raccontato e denunciato la violenza di genere attraverso canzoni scritte da loro\u00bb.<\/p>\n<p><strong>Il concorso per raccontare la Carta di Viareggio vedr\u00e0 premiati i migliori tre elaborati grafici.<\/strong> Il giudizio sar\u00e0 affidato ad una commissione di esperti. La premiazione avverr\u00e0 nell&#8217;ambito del Carnevale di Viareggio 2020. La Regione ha impegnato 15 mila euro: alla prima scuola classificata andranno 7 mila euro, alla seconda 5 mila, alla terza 3 mila.<\/p>\n<p>\u00abL&#8217;iniziativa &#8211; spiega ancora l&#8217;assessora all&#8217;istruzione, formazione e lavoro Cristina Grieco &#8211; \u00e8 anche un esempio dell&#8217;importanza dell&#8217;alleanza formativa fra scuola e lavoro e potr\u00e0 rientrare nell&#8217;ambito dei percorsi per le competenze trasversali e per l&#8217;orientamento, che hanno recentemente preso il posto dell&#8217;alternanza scuola-lavoro e che sono uno strumento nel quale la Regione Toscana crede molto. Per questo, anche se la misura a livello nazionale \u00e8 stata ridimensionata, abbiamo deciso di continuare a sostenere e facilitare le iniziative di alternanza, considerando strategica l&#8217;interazione tra scuola, mondo produttivo e territorio\u00bb.<\/p>\n<p>Nei giorni scorsi \u00e8 uscito l&#8217;avviso, inserito nel progetto Giovanis\u00ec e finanziato dalla Regione con 2,6 milioni di euro, per la presentazione dei progetti<strong>. C&#8217;\u00e8 tempo fino al 29 novembre.<\/strong><\/p>\n<p>&nbsp;<\/p>\n","protected":false},"excerpt":{"rendered":"<p>A Didacta 2019 la Regione Toscana lancia il concorso riservato alle scuole per illustrare la &#8216;Carta di Viareggio&#8217; dedicata alle donne. C&#8217;\u00e8 tempo fino al 29 novembre, premiazione nei giorni del carnevale<\/p>\n","protected":false},"author":525,"featured_media":102127,"comment_status":"open","ping_status":"open","sticky":false,"template":"","format":"standard","meta":{"_acf_changed":false,"footnotes":""},"categories":[494,7],"tags":[269,265,212,355],"class_list":["post-64658","post","type-post","status-publish","format-standard","has-post-thumbnail","hentry","category-attualita","category-societa","tag-carnevale","tag-concorsi","tag-scuola","tag-studenti"],"acf":[],"yoast_head":"<!-- This site is optimized with the Yoast SEO Premium plugin v24.2 (Yoast SEO v25.6) - https:\/\/yoast.com\/wordpress\/plugins\/seo\/ -->\n<title>La creativit\u00e0 degli studenti toscani che combatte la violenza di genere - intoscana<\/title>\n<meta name=\"robots\" content=\"index, follow, max-snippet:-1, max-image-preview:large, max-video-preview:-1\" \/>\n<link rel=\"canonical\" href=\"https:\/\/www.intoscana.it\/it\/carta-viareggio-concorso\/\" \/>\n<meta property=\"og:locale\" content=\"it_IT\" \/>\n<meta property=\"og:type\" content=\"article\" \/>\n<meta property=\"og:title\" content=\"La creativit\u00e0 degli studenti toscani che combatte la violenza di genere\" \/>\n<meta property=\"og:description\" content=\"A Didacta 2019 la Regione Toscana lancia il concorso riservato alle scuole per illustrare la &#039;Carta di Viareggio&#039; dedicata alle donne. C&#039;\u00e8 tempo fino al 29 novembre, premiazione nei giorni del carnevale\" \/>\n<meta property=\"og:url\" content=\"https:\/\/www.intoscana.it\/it\/carta-viareggio-concorso\/\" \/>\n<meta property=\"og:site_name\" content=\"intoscana\" \/>\n<meta property=\"article:publisher\" content=\"https:\/\/www.facebook.com\/intoscana.it\" \/>\n<meta property=\"article:published_time\" content=\"2019-10-10T10:07:16+00:00\" \/>\n<meta property=\"article:modified_time\" content=\"2020-05-19T14:01:37+00:00\" \/>\n<meta property=\"og:image\" content=\"https:\/\/www.intoscana.it\/wp-content\/uploads\/violenza-di-genere-carta-di-viareggio.jpg\" \/>\n\t<meta property=\"og:image:width\" content=\"1000\" \/>\n\t<meta property=\"og:image:height\" content=\"813\" \/>\n\t<meta property=\"og:image:type\" content=\"image\/jpeg\" \/>\n<meta name=\"author\" content=\"Redazione\" \/>\n<meta name=\"twitter:card\" content=\"summary_large_image\" \/>\n<meta name=\"twitter:creator\" content=\"@intoscana\" \/>\n<meta name=\"twitter:site\" content=\"@intoscana\" \/>\n<meta name=\"twitter:label1\" content=\"Written by\" \/>\n\t<meta name=\"twitter:data1\" content=\"Redazione\" \/>\n\t<meta name=\"twitter:label2\" content=\"Est. reading time\" \/>\n\t<meta name=\"twitter:data2\" content=\"3 minuti\" \/>\n<script type=\"application\/ld+json\" class=\"yoast-schema-graph\">{\"@context\":\"https:\/\/schema.org\",\"@graph\":[{\"@type\":\"WebPage\",\"@id\":\"https:\/\/www.intoscana.it\/it\/carta-viareggio-concorso\/\",\"url\":\"https:\/\/www.intoscana.it\/it\/carta-viareggio-concorso\/\",\"name\":\"La creativit\u00e0 degli studenti toscani che combatte la violenza di genere - intoscana\",\"isPartOf\":{\"@id\":\"https:\/\/www.intoscana.it\/it\/#website\"},\"primaryImageOfPage\":{\"@id\":\"https:\/\/www.intoscana.it\/it\/carta-viareggio-concorso\/#primaryimage\"},\"image\":{\"@id\":\"https:\/\/www.intoscana.it\/it\/carta-viareggio-concorso\/#primaryimage\"},\"thumbnailUrl\":\"https:\/\/www.intoscana.it\/wp-content\/uploads\/violenza-di-genere-carta-di-viareggio.jpg\",\"datePublished\":\"2019-10-10T10:07:16+00:00\",\"dateModified\":\"2020-05-19T14:01:37+00:00\",\"author\":{\"@id\":\"https:\/\/www.intoscana.it\/it\/#\/schema\/person\/9223810753230f20bd670fdd322661f8\"},\"breadcrumb\":{\"@id\":\"https:\/\/www.intoscana.it\/it\/carta-viareggio-concorso\/#breadcrumb\"},\"inLanguage\":\"it-IT\",\"potentialAction\":[{\"@type\":\"ReadAction\",\"target\":[\"https:\/\/www.intoscana.it\/it\/carta-viareggio-concorso\/\"]}]},{\"@type\":\"ImageObject\",\"inLanguage\":\"it-IT\",\"@id\":\"https:\/\/www.intoscana.it\/it\/carta-viareggio-concorso\/#primaryimage\",\"url\":\"https:\/\/www.intoscana.it\/wp-content\/uploads\/violenza-di-genere-carta-di-viareggio.jpg\",\"contentUrl\":\"https:\/\/www.intoscana.it\/wp-content\/uploads\/violenza-di-genere-carta-di-viareggio.jpg\",\"width\":1000,\"height\":813},{\"@type\":\"BreadcrumbList\",\"@id\":\"https:\/\/www.intoscana.it\/it\/carta-viareggio-concorso\/#breadcrumb\",\"itemListElement\":[{\"@type\":\"ListItem\",\"position\":1,\"name\":\"Home\",\"item\":\"https:\/\/www.intoscana.it\/it\/\"},{\"@type\":\"ListItem\",\"position\":2,\"name\":\"La creativit\u00e0 degli studenti toscani che combatte la violenza di genere\"}]},{\"@type\":\"WebSite\",\"@id\":\"https:\/\/www.intoscana.it\/it\/#website\",\"url\":\"https:\/\/www.intoscana.it\/it\/\",\"name\":\"intoscana\",\"description\":\"\",\"potentialAction\":[{\"@type\":\"SearchAction\",\"target\":{\"@type\":\"EntryPoint\",\"urlTemplate\":\"https:\/\/www.intoscana.it\/it\/?s={search_term_string}\"},\"query-input\":{\"@type\":\"PropertyValueSpecification\",\"valueRequired\":true,\"valueName\":\"search_term_string\"}}],\"inLanguage\":\"it-IT\"},{\"@type\":\"Person\",\"@id\":\"https:\/\/www.intoscana.it\/it\/#\/schema\/person\/9223810753230f20bd670fdd322661f8\",\"name\":\"Redazione\",\"url\":\"https:\/\/www.intoscana.it\/it\/author\/redazione\/\"}]}<\/script>\n<!-- \/ Yoast SEO Premium plugin. -->","yoast_head_json":{"title":"La creativit\u00e0 degli studenti toscani che combatte la violenza di genere - intoscana","robots":{"index":"index","follow":"follow","max-snippet":"max-snippet:-1","max-image-preview":"max-image-preview:large","max-video-preview":"max-video-preview:-1"},"canonical":"https:\/\/www.intoscana.it\/it\/carta-viareggio-concorso\/","og_locale":"it_IT","og_type":"article","og_title":"La creativit\u00e0 degli studenti toscani che combatte la violenza di genere","og_description":"A Didacta 2019 la Regione Toscana lancia il concorso riservato alle scuole per illustrare la 'Carta di Viareggio' dedicata alle donne. C'\u00e8 tempo fino al 29 novembre, premiazione nei giorni del carnevale","og_url":"https:\/\/www.intoscana.it\/it\/carta-viareggio-concorso\/","og_site_name":"intoscana","article_publisher":"https:\/\/www.facebook.com\/intoscana.it","article_published_time":"2019-10-10T10:07:16+00:00","article_modified_time":"2020-05-19T14:01:37+00:00","og_image":[{"width":1000,"height":813,"url":"https:\/\/www.intoscana.it\/wp-content\/uploads\/violenza-di-genere-carta-di-viareggio.jpg","type":"image\/jpeg"}],"author":"Redazione","twitter_card":"summary_large_image","twitter_creator":"@intoscana","twitter_site":"@intoscana","twitter_misc":{"Written by":"Redazione","Est. reading time":"3 minuti"},"schema":{"@context":"https:\/\/schema.org","@graph":[{"@type":"WebPage","@id":"https:\/\/www.intoscana.it\/it\/carta-viareggio-concorso\/","url":"https:\/\/www.intoscana.it\/it\/carta-viareggio-concorso\/","name":"La creativit\u00e0 degli studenti toscani che combatte la violenza di genere - intoscana","isPartOf":{"@id":"https:\/\/www.intoscana.it\/it\/#website"},"primaryImageOfPage":{"@id":"https:\/\/www.intoscana.it\/it\/carta-viareggio-concorso\/#primaryimage"},"image":{"@id":"https:\/\/www.intoscana.it\/it\/carta-viareggio-concorso\/#primaryimage"},"thumbnailUrl":"https:\/\/www.intoscana.it\/wp-content\/uploads\/violenza-di-genere-carta-di-viareggio.jpg","datePublished":"2019-10-10T10:07:16+00:00","dateModified":"2020-05-19T14:01:37+00:00","author":{"@id":"https:\/\/www.intoscana.it\/it\/#\/schema\/person\/9223810753230f20bd670fdd322661f8"},"breadcrumb":{"@id":"https:\/\/www.intoscana.it\/it\/carta-viareggio-concorso\/#breadcrumb"},"inLanguage":"it-IT","potentialAction":[{"@type":"ReadAction","target":["https:\/\/www.intoscana.it\/it\/carta-viareggio-concorso\/"]}]},{"@type":"ImageObject","inLanguage":"it-IT","@id":"https:\/\/www.intoscana.it\/it\/carta-viareggio-concorso\/#primaryimage","url":"https:\/\/www.intoscana.it\/wp-content\/uploads\/violenza-di-genere-carta-di-viareggio.jpg","contentUrl":"https:\/\/www.intoscana.it\/wp-content\/uploads\/violenza-di-genere-carta-di-viareggio.jpg","width":1000,"height":813},{"@type":"BreadcrumbList","@id":"https:\/\/www.intoscana.it\/it\/carta-viareggio-concorso\/#breadcrumb","itemListElement":[{"@type":"ListItem","position":1,"name":"Home","item":"https:\/\/www.intoscana.it\/it\/"},{"@type":"ListItem","position":2,"name":"La creativit\u00e0 degli studenti toscani che combatte la violenza di genere"}]},{"@type":"WebSite","@id":"https:\/\/www.intoscana.it\/it\/#website","url":"https:\/\/www.intoscana.it\/it\/","name":"intoscana","description":"","potentialAction":[{"@type":"SearchAction","target":{"@type":"EntryPoint","urlTemplate":"https:\/\/www.intoscana.it\/it\/?s={search_term_string}"},"query-input":{"@type":"PropertyValueSpecification","valueRequired":true,"valueName":"search_term_string"}}],"inLanguage":"it-IT"},{"@type":"Person","@id":"https:\/\/www.intoscana.it\/it\/#\/schema\/person\/9223810753230f20bd670fdd322661f8","name":"Redazione","url":"https:\/\/www.intoscana.it\/it\/author\/redazione\/"}]}},"_links":{"self":[{"href":"https:\/\/www.intoscana.it\/it\/wp-json\/wp\/v2\/posts\/64658","targetHints":{"allow":["GET"]}}],"collection":[{"href":"https:\/\/www.intoscana.it\/it\/wp-json\/wp\/v2\/posts"}],"about":[{"href":"https:\/\/www.intoscana.it\/it\/wp-json\/wp\/v2\/types\/post"}],"author":[{"embeddable":true,"href":"https:\/\/www.intoscana.it\/it\/wp-json\/wp\/v2\/users\/525"}],"replies":[{"embeddable":true,"href":"https:\/\/www.intoscana.it\/it\/wp-json\/wp\/v2\/comments?post=64658"}],"version-history":[{"count":0,"href":"https:\/\/www.intoscana.it\/it\/wp-json\/wp\/v2\/posts\/64658\/revisions"}],"wp:featuredmedia":[{"embeddable":true,"href":"https:\/\/www.intoscana.it\/it\/wp-json\/wp\/v2\/media\/102127"}],"wp:attachment":[{"href":"https:\/\/www.intoscana.it\/it\/wp-json\/wp\/v2\/media?parent=64658"}],"wp:term":[{"taxonomy":"category","embeddable":true,"href":"https:\/\/www.intoscana.it\/it\/wp-json\/wp\/v2\/categories?post=64658"},{"taxonomy":"post_tag","embeddable":true,"href":"https:\/\/www.intoscana.it\/it\/wp-json\/wp\/v2\/tags?post=64658"}],"curies":[{"name":"wp","href":"https:\/\/api.w.org\/{rel}","templated":true}]}}