{"id":64676,"date":"2020-03-13T10:48:05","date_gmt":"2020-03-13T10:48:05","guid":{"rendered":"http:\/\/www.intoscana.it\/rossi-sicurezza-lavoratori-un-esercito-non-puo-combattere-se-non-ha-gli-strumenti-per-farlo\/"},"modified":"2020-07-02T11:49:45","modified_gmt":"2020-07-02T09:49:45","slug":"rossi-sicurezza-lavoratori-corona-virus","status":"publish","type":"post","link":"https:\/\/www.intoscana.it\/it\/rossi-sicurezza-lavoratori-corona-virus\/","title":{"rendered":"Rossi, sicurezza lavoratori: &#8216;Un esercito non pu\u00f2 combattere se non ha gli strumenti per farlo&#8217;"},"content":{"rendered":"<p class=\"p2\"><span class=\"s2\">Sono poco meno delle sette di questa mattina quando <strong>Enrico Rossi<\/strong> affida a Facebook non solo il punto sui dispositivi di protezione per la salute dei lavoratori ma anche una riflessione politica rispetto alle parole della presidente della BCE, <strong>Christine Lagarde<\/strong> che ieri ha fatto crollare e borse.<strong><em> \u2018Non spetta a noi ridurre gli spread\u2019<\/em><\/strong> ha detto la francese. Una frase che ha creato il caos internazionale. <\/span><\/p>\n<p class=\"p2\"><span class=\"s2\">Una posizione che il<span class=\"Apple-converted-space\">&nbsp; <\/span>governatore toscano ha definit<strong>o <\/strong><\/span><span class=\"s3\"><strong>\u2018un disastro\u2019.<\/strong> <em>\u2018Tutti hanno notato la differenza tra lei che dice che far calare lo spread non \u00e8 il suo lavoro e Draghi che diceva che avrebbe usato tutto ci\u00f2 che era necessario per raggiungere l\u2019obiettivo.<\/em><\/span> <span class=\"s3\"><em>Non promette affatto bene la nuova guida \u201cpolitica\u201d della BCE<\/em>\u2019, ha aggiunto<strong> Rossi<\/strong> &#8211;<em> Mattarella ha fatto bene a rispondere e a chiedere che l\u2019Italia sia aiutata e non ostacolata\u2019.<\/em><\/span><\/p>\n<p class=\"p3\"><span class=\"s1\">Il presidente della Regione Toscana \u00e8 poi tornato sulla questione della <strong>sicurezza dei lavoratori<\/strong>, di quelli insomma che da decreto devono lavorare. <\/span><\/p>\n<p class=\"p4\"><em><span class=\"s5\">\u2018<\/span><\/em><span class=\"s2\"><em>Ieri, come nei giorni addietro<\/em> &#8211; ha spiegato &#8211;<em> io e il mio staff siamo stati impegnati al massimo a cercare mascherine, camici e prodotti medicali.<\/em><\/span><em> <span class=\"s2\">La nostra autonoma produzione di mascherine con tessuto non tessuto sta aumentando, e anche le forniture dalla Protezione civile di Roma sono diventate significative.<\/span> <span class=\"s2\">Oggi e domani, la distribuzione in Toscana comincer\u00e0 ad essere pi\u00f9 consistente.<\/span> <span class=\"s2\">Ma solo con gli inizi della prossima settimana pensiamo di poter arrivare a soddisfare le esigenze che crescono in continuazione.&nbsp;<\/span><span class=\"s2\">Abbiamo cercato anche gli occhiali e ordinato di costruire migliaia di visiere.<\/span><span class=\"s1\"><br \/><\/span><span class=\"s2\">Abbiamo ordinato anche duemila dispositivi per l\u2019alimentazione dell\u2019ossigeno a domicilio. Ma devono arrivare dagli Stati Uniti. Vedremo\u2019.<\/span><\/em><\/p>\n<p class=\"p6\"><span class=\"s1\">Poi ci sono le buone notizie. Almeno sulla carta. <strong>La Cina infatti \u00e8 entrata in over produzione di mascherine dopo lo stop all\u2019emergenza e dunque si trova pronta ad esportare in tutto il mondo.<\/strong> Ed \u00e8 qui per\u00f2 che nasce la preoccupazione di Rossi:<em> \u2018Il rischio<\/em> &#8211; scrive &#8211; <em>\u00e8 che se la pandemia si aggrava in altri paesi e continenti, essa vender\u00e0 e esporter\u00e0 dove pi\u00f9 gli conviene\u2019.<\/em><\/span><\/p>\n<p class=\"p4\"><span class=\"s2\">Per\u00f2 al di l\u00e0 della riflessione Rossi torna al pragmatismo: <em>\u2018Voglio assicurare i lavoratori della sanit\u00e0 che il nostro impegno per dotarli di adeguate protezioni \u00e8 totale e non esclude nessuna possibilit\u00e0 e nessuna via per raggiungere l\u2019obiettivo.<\/em><\/span><em> <span class=\"s2\">Sono consapevole che non si pu\u00f2 chiedere ad un esercito di combattere se non \u00e8 fornito degli strumenti per farlo e delle pi\u00f9 elementari protezioni\u2019.<\/span><\/em><\/p>\n<p class=\"p7\"><span class=\"s1\"><em>\u2018Certo<\/em> &#8211; prosegue il governatore della Toscana &#8211; <em>una considerazione deve essere fatta: gli Stati dell\u2019Europa che litigano per le mascherine, che non hanno un piano per forniture sanitarie in caso d\u2019emergenza sono il segno drammatico di <\/em>come sia stupido affidare tutto al mercato globale e alle sue regole del profitto che con la salute spesso non si conciliano.&nbsp;<\/span><em><span class=\"s2\">I lavoratori dei comparti produttivi, degli alimentari e di altri settori sono giustamente preoccupati per la loro salute. Si sentono<strong> \u201ccarne da macello\u201d<\/strong>. Nessuno ha pensato ad emanare direttive chiare per tutelare la salute di chi lavora. Finora si \u00e8 evitato di rispondere alle domande legittime che pongono tanti lavoratori, come se non esistessero e come se da loro non dipendesse la ricchezza del Paese.<\/span> <span class=\"s2\">Io ho posto il tema a livello nazionale\u2019.<\/span><\/em><\/p>\n<p class=\"p7\"><span class=\"s1\">Rossi ha poi annunciato che oggi incontrer\u00e0 i<span class=\"Apple-converted-space\">&nbsp; <\/span>sindacati regionali dei lavoratori per discutere di questo problema e cercare di individuare soluzioni e proposte.<\/span><\/p>\n<p class=\"p7\"><span class=\"s1\">Certo \u00e8 che se quasi tutta Italia \u00e8 in reclusione per l\u2019emergenza sanitaria<span class=\"Apple-converted-space\">&nbsp; <\/span>e per senso di responsabilit\u00e0 \u00e8 altrettanto vero che non \u00e8 pi\u00f9 rinviabile una soluzione per tutti quei lavoratori che non possono fermarsi perch\u00e9 da loro dipende la garanzia delle<span class=\"Apple-converted-space\">&nbsp; <\/span>cure, l\u2019approvvigionamento e vendita di cibo, trasporti, servizi essenziali. Rossi ha ragione da vendere: ogni vita ha un valore che non pu\u00f2 essere messo da parte. <strong>Le soluzioni servono. Adesso.<\/strong><\/span><\/p>\n<p class=\"p7\">&nbsp;<\/p>\n","protected":false},"excerpt":{"rendered":"<p>Il governatore interviene con un lungo post su Facebook, dove commenta anche la presa di posizione della presidente della BCE Lagarde<\/p>\n","protected":false},"author":513,"featured_media":102145,"comment_status":"open","ping_status":"open","sticky":false,"template":"","format":"standard","meta":{"_acf_changed":false,"footnotes":""},"categories":[494,7],"tags":[133],"class_list":["post-64676","post","type-post","status-publish","format-standard","has-post-thumbnail","hentry","category-attualita","category-societa","tag-enrico-rossi"],"acf":[],"yoast_head":"<!-- This site is optimized with the Yoast SEO Premium plugin v24.2 (Yoast SEO v25.6) - https:\/\/yoast.com\/wordpress\/plugins\/seo\/ -->\n<title>Rossi, sicurezza lavoratori: &#039;Un esercito non pu\u00f2 combattere se non ha gli strumenti per farlo&#039; - intoscana<\/title>\n<meta name=\"description\" content=\"Corona Virus, Rossi chiede al Governo pi\u00f9 sicurezza per chi non pu\u00f2 fermarsi e deve lavorare, come previsto dal decreto Conte e poi attacca Lagarde della BCE.\" \/>\n<meta name=\"robots\" content=\"index, follow, max-snippet:-1, max-image-preview:large, max-video-preview:-1\" \/>\n<link rel=\"canonical\" href=\"https:\/\/www.intoscana.it\/it\/rossi-sicurezza-lavoratori-corona-virus\/\" \/>\n<meta property=\"og:locale\" content=\"it_IT\" \/>\n<meta property=\"og:type\" content=\"article\" \/>\n<meta property=\"og:title\" content=\"Rossi, sicurezza lavoratori: &#039;Un esercito non pu\u00f2 combattere se non ha gli strumenti per farlo&#039;\" \/>\n<meta property=\"og:description\" content=\"Corona Virus, Rossi chiede al Governo pi\u00f9 sicurezza per chi non pu\u00f2 fermarsi e deve lavorare, come previsto dal decreto Conte e poi attacca Lagarde della BCE.\" \/>\n<meta property=\"og:url\" content=\"https:\/\/www.intoscana.it\/it\/rossi-sicurezza-lavoratori-corona-virus\/\" \/>\n<meta property=\"og:site_name\" content=\"intoscana\" \/>\n<meta property=\"article:publisher\" content=\"https:\/\/www.facebook.com\/intoscana.it\" \/>\n<meta property=\"article:published_time\" content=\"2020-03-13T10:48:05+00:00\" \/>\n<meta property=\"article:modified_time\" content=\"2020-07-02T09:49:45+00:00\" \/>\n<meta property=\"og:image\" content=\"https:\/\/www.intoscana.it\/wp-content\/uploads\/appello-rossi.jpg\" \/>\n\t<meta property=\"og:image:width\" content=\"1175\" \/>\n\t<meta property=\"og:image:height\" content=\"750\" \/>\n\t<meta property=\"og:image:type\" content=\"image\/jpeg\" \/>\n<meta name=\"author\" content=\"Simona Bellocci\" \/>\n<meta name=\"twitter:card\" content=\"summary_large_image\" \/>\n<meta name=\"twitter:creator\" content=\"@intoscana\" \/>\n<meta name=\"twitter:site\" content=\"@intoscana\" \/>\n<meta name=\"twitter:label1\" content=\"Written by\" \/>\n\t<meta name=\"twitter:data1\" content=\"Simona Bellocci\" \/>\n\t<meta name=\"twitter:label2\" content=\"Est. reading time\" \/>\n\t<meta name=\"twitter:data2\" content=\"3 minuti\" \/>\n<script type=\"application\/ld+json\" class=\"yoast-schema-graph\">{\"@context\":\"https:\/\/schema.org\",\"@graph\":[{\"@type\":\"WebPage\",\"@id\":\"https:\/\/www.intoscana.it\/it\/rossi-sicurezza-lavoratori-corona-virus\/\",\"url\":\"https:\/\/www.intoscana.it\/it\/rossi-sicurezza-lavoratori-corona-virus\/\",\"name\":\"Rossi, sicurezza lavoratori: 'Un esercito non pu\u00f2 combattere se non ha gli strumenti per farlo' - intoscana\",\"isPartOf\":{\"@id\":\"https:\/\/www.intoscana.it\/it\/#website\"},\"primaryImageOfPage\":{\"@id\":\"https:\/\/www.intoscana.it\/it\/rossi-sicurezza-lavoratori-corona-virus\/#primaryimage\"},\"image\":{\"@id\":\"https:\/\/www.intoscana.it\/it\/rossi-sicurezza-lavoratori-corona-virus\/#primaryimage\"},\"thumbnailUrl\":\"https:\/\/www.intoscana.it\/wp-content\/uploads\/appello-rossi.jpg\",\"datePublished\":\"2020-03-13T10:48:05+00:00\",\"dateModified\":\"2020-07-02T09:49:45+00:00\",\"author\":{\"@id\":\"https:\/\/www.intoscana.it\/it\/#\/schema\/person\/43a95334a6f068317e0b7acba24f9e87\"},\"description\":\"Corona Virus, Rossi chiede al Governo pi\u00f9 sicurezza per chi non pu\u00f2 fermarsi e deve lavorare, come previsto dal decreto Conte e poi attacca Lagarde della BCE.\",\"breadcrumb\":{\"@id\":\"https:\/\/www.intoscana.it\/it\/rossi-sicurezza-lavoratori-corona-virus\/#breadcrumb\"},\"inLanguage\":\"it-IT\",\"potentialAction\":[{\"@type\":\"ReadAction\",\"target\":[\"https:\/\/www.intoscana.it\/it\/rossi-sicurezza-lavoratori-corona-virus\/\"]}]},{\"@type\":\"ImageObject\",\"inLanguage\":\"it-IT\",\"@id\":\"https:\/\/www.intoscana.it\/it\/rossi-sicurezza-lavoratori-corona-virus\/#primaryimage\",\"url\":\"https:\/\/www.intoscana.it\/wp-content\/uploads\/appello-rossi.jpg\",\"contentUrl\":\"https:\/\/www.intoscana.it\/wp-content\/uploads\/appello-rossi.jpg\",\"width\":1175,\"height\":750,\"caption\":\"Enrico Rossi, governatore della Toscana.\"},{\"@type\":\"BreadcrumbList\",\"@id\":\"https:\/\/www.intoscana.it\/it\/rossi-sicurezza-lavoratori-corona-virus\/#breadcrumb\",\"itemListElement\":[{\"@type\":\"ListItem\",\"position\":1,\"name\":\"Home\",\"item\":\"https:\/\/www.intoscana.it\/it\/\"},{\"@type\":\"ListItem\",\"position\":2,\"name\":\"Rossi, sicurezza lavoratori: &#8216;Un esercito non pu\u00f2 combattere se non ha gli strumenti per farlo&#8217;\"}]},{\"@type\":\"WebSite\",\"@id\":\"https:\/\/www.intoscana.it\/it\/#website\",\"url\":\"https:\/\/www.intoscana.it\/it\/\",\"name\":\"intoscana\",\"description\":\"\",\"potentialAction\":[{\"@type\":\"SearchAction\",\"target\":{\"@type\":\"EntryPoint\",\"urlTemplate\":\"https:\/\/www.intoscana.it\/it\/?s={search_term_string}\"},\"query-input\":{\"@type\":\"PropertyValueSpecification\",\"valueRequired\":true,\"valueName\":\"search_term_string\"}}],\"inLanguage\":\"it-IT\"},{\"@type\":\"Person\",\"@id\":\"https:\/\/www.intoscana.it\/it\/#\/schema\/person\/43a95334a6f068317e0b7acba24f9e87\",\"name\":\"Simona Bellocci\",\"url\":\"https:\/\/www.intoscana.it\/it\/author\/simona-bellocci\/\"}]}<\/script>\n<!-- \/ Yoast SEO Premium plugin. -->","yoast_head_json":{"title":"Rossi, sicurezza lavoratori: 'Un esercito non pu\u00f2 combattere se non ha gli strumenti per farlo' - intoscana","description":"Corona Virus, Rossi chiede al Governo pi\u00f9 sicurezza per chi non pu\u00f2 fermarsi e deve lavorare, come previsto dal decreto Conte e poi attacca Lagarde della BCE.","robots":{"index":"index","follow":"follow","max-snippet":"max-snippet:-1","max-image-preview":"max-image-preview:large","max-video-preview":"max-video-preview:-1"},"canonical":"https:\/\/www.intoscana.it\/it\/rossi-sicurezza-lavoratori-corona-virus\/","og_locale":"it_IT","og_type":"article","og_title":"Rossi, sicurezza lavoratori: 'Un esercito non pu\u00f2 combattere se non ha gli strumenti per farlo'","og_description":"Corona Virus, Rossi chiede al Governo pi\u00f9 sicurezza per chi non pu\u00f2 fermarsi e deve lavorare, come previsto dal decreto Conte e poi attacca Lagarde della BCE.","og_url":"https:\/\/www.intoscana.it\/it\/rossi-sicurezza-lavoratori-corona-virus\/","og_site_name":"intoscana","article_publisher":"https:\/\/www.facebook.com\/intoscana.it","article_published_time":"2020-03-13T10:48:05+00:00","article_modified_time":"2020-07-02T09:49:45+00:00","og_image":[{"width":1175,"height":750,"url":"https:\/\/www.intoscana.it\/wp-content\/uploads\/appello-rossi.jpg","type":"image\/jpeg"}],"author":"Simona Bellocci","twitter_card":"summary_large_image","twitter_creator":"@intoscana","twitter_site":"@intoscana","twitter_misc":{"Written by":"Simona Bellocci","Est. reading time":"3 minuti"},"schema":{"@context":"https:\/\/schema.org","@graph":[{"@type":"WebPage","@id":"https:\/\/www.intoscana.it\/it\/rossi-sicurezza-lavoratori-corona-virus\/","url":"https:\/\/www.intoscana.it\/it\/rossi-sicurezza-lavoratori-corona-virus\/","name":"Rossi, sicurezza lavoratori: 'Un esercito non pu\u00f2 combattere se non ha gli strumenti per farlo' - intoscana","isPartOf":{"@id":"https:\/\/www.intoscana.it\/it\/#website"},"primaryImageOfPage":{"@id":"https:\/\/www.intoscana.it\/it\/rossi-sicurezza-lavoratori-corona-virus\/#primaryimage"},"image":{"@id":"https:\/\/www.intoscana.it\/it\/rossi-sicurezza-lavoratori-corona-virus\/#primaryimage"},"thumbnailUrl":"https:\/\/www.intoscana.it\/wp-content\/uploads\/appello-rossi.jpg","datePublished":"2020-03-13T10:48:05+00:00","dateModified":"2020-07-02T09:49:45+00:00","author":{"@id":"https:\/\/www.intoscana.it\/it\/#\/schema\/person\/43a95334a6f068317e0b7acba24f9e87"},"description":"Corona Virus, Rossi chiede al Governo pi\u00f9 sicurezza per chi non pu\u00f2 fermarsi e deve lavorare, come previsto dal decreto Conte e poi attacca Lagarde della BCE.","breadcrumb":{"@id":"https:\/\/www.intoscana.it\/it\/rossi-sicurezza-lavoratori-corona-virus\/#breadcrumb"},"inLanguage":"it-IT","potentialAction":[{"@type":"ReadAction","target":["https:\/\/www.intoscana.it\/it\/rossi-sicurezza-lavoratori-corona-virus\/"]}]},{"@type":"ImageObject","inLanguage":"it-IT","@id":"https:\/\/www.intoscana.it\/it\/rossi-sicurezza-lavoratori-corona-virus\/#primaryimage","url":"https:\/\/www.intoscana.it\/wp-content\/uploads\/appello-rossi.jpg","contentUrl":"https:\/\/www.intoscana.it\/wp-content\/uploads\/appello-rossi.jpg","width":1175,"height":750,"caption":"Enrico Rossi, governatore della Toscana."},{"@type":"BreadcrumbList","@id":"https:\/\/www.intoscana.it\/it\/rossi-sicurezza-lavoratori-corona-virus\/#breadcrumb","itemListElement":[{"@type":"ListItem","position":1,"name":"Home","item":"https:\/\/www.intoscana.it\/it\/"},{"@type":"ListItem","position":2,"name":"Rossi, sicurezza lavoratori: &#8216;Un esercito non pu\u00f2 combattere se non ha gli strumenti per farlo&#8217;"}]},{"@type":"WebSite","@id":"https:\/\/www.intoscana.it\/it\/#website","url":"https:\/\/www.intoscana.it\/it\/","name":"intoscana","description":"","potentialAction":[{"@type":"SearchAction","target":{"@type":"EntryPoint","urlTemplate":"https:\/\/www.intoscana.it\/it\/?s={search_term_string}"},"query-input":{"@type":"PropertyValueSpecification","valueRequired":true,"valueName":"search_term_string"}}],"inLanguage":"it-IT"},{"@type":"Person","@id":"https:\/\/www.intoscana.it\/it\/#\/schema\/person\/43a95334a6f068317e0b7acba24f9e87","name":"Simona Bellocci","url":"https:\/\/www.intoscana.it\/it\/author\/simona-bellocci\/"}]}},"_links":{"self":[{"href":"https:\/\/www.intoscana.it\/it\/wp-json\/wp\/v2\/posts\/64676","targetHints":{"allow":["GET"]}}],"collection":[{"href":"https:\/\/www.intoscana.it\/it\/wp-json\/wp\/v2\/posts"}],"about":[{"href":"https:\/\/www.intoscana.it\/it\/wp-json\/wp\/v2\/types\/post"}],"author":[{"embeddable":true,"href":"https:\/\/www.intoscana.it\/it\/wp-json\/wp\/v2\/users\/513"}],"replies":[{"embeddable":true,"href":"https:\/\/www.intoscana.it\/it\/wp-json\/wp\/v2\/comments?post=64676"}],"version-history":[{"count":0,"href":"https:\/\/www.intoscana.it\/it\/wp-json\/wp\/v2\/posts\/64676\/revisions"}],"wp:featuredmedia":[{"embeddable":true,"href":"https:\/\/www.intoscana.it\/it\/wp-json\/wp\/v2\/media\/102145"}],"wp:attachment":[{"href":"https:\/\/www.intoscana.it\/it\/wp-json\/wp\/v2\/media?parent=64676"}],"wp:term":[{"taxonomy":"category","embeddable":true,"href":"https:\/\/www.intoscana.it\/it\/wp-json\/wp\/v2\/categories?post=64676"},{"taxonomy":"post_tag","embeddable":true,"href":"https:\/\/www.intoscana.it\/it\/wp-json\/wp\/v2\/tags?post=64676"}],"curies":[{"name":"wp","href":"https:\/\/api.w.org\/{rel}","templated":true}]}}