{"id":64678,"date":"2020-03-11T09:00:06","date_gmt":"2020-03-11T09:00:06","guid":{"rendered":"http:\/\/www.intoscana.it\/volontario-durante-il-coronavirus-alberto-locchi-metto-in-conto-di-ammalarmi\/"},"modified":"2020-05-19T16:01:41","modified_gmt":"2020-05-19T14:01:41","slug":"misericordia-coronavirus-alberto-locchi","status":"publish","type":"post","link":"https:\/\/www.intoscana.it\/it\/misericordia-coronavirus-alberto-locchi\/","title":{"rendered":"Volontario durante il Coronavirus, Alberto Locchi: &#8216;metto in conto di ammalarmi&#8217;"},"content":{"rendered":"<p><strong>Alberto Locchi<\/strong> \u00e8 da sei anni il <strong>presidente della Misericordia San Pietro Martire di Campo di Marte,<\/strong> fa il <strong>volontario in ambulanza da oltre 40 anni.<\/strong> Nella sua esperienza, una vita intera passata a soccorrere le persone, si \u00e8 trovato ad affrontare anche <strong>eventi molto tragici<\/strong> come la <strong>tragedia nella galleria di Melarancio nell&#8217;83 in cui rimasero uccisi 11 bambini<\/strong> o la <strong>strage dei Gergofili.<\/strong> In questi giorni si trova ad affrontare come tutti l&#8217;<strong>emergenza&nbsp;Coronavirus<\/strong>&nbsp;facendo turni su un&#8217;ambulanza&nbsp;dedicata ai casi sospetti di contagio. <strong>Ecco la nostra intervista.<\/strong><\/p>\n<p><strong>Ciao Alberto, \u00e8 dal &#8217;77 che affronti emergenze in ambulanza,&nbsp;una cosa come questa ti era mai&nbsp;capitata?<\/strong><br \/>No questa \u00e8 un&#8217;emegenza irripetibile, grazie a Dio e credo che non sia mai successa a nessuno di quelli che fanno soccorso in questo momento a Firenze, neanche a quelli della vecchia&nbsp;guardia.&nbsp;<strong>\u00c8 un banco di prova definitivo per tutti.<\/strong><\/p>\n<p><strong>Siamo tutti un po&#8217; in ansia comprensibilmente, quali sono i problemi pi\u00f9 grossi che state affrontando voi come Misericordia?<\/strong><br \/>Il problema pi\u00f9 grosso \u00e8<strong> la motivazione dei volontari, cercare di farli sentire sicuri,<\/strong>&nbsp;questo cozza con le possibilit\u00e0 che noi abbiamo. Basterebbe una semplice mascherina, ma <strong>non abbiamo pi\u00f9 mascherine e questo \u00e8 un problema&nbsp;immenso.<\/strong> Tutte le Misericordie fiorentine, la pubblica assistenza e la Croce&nbsp;Rossa&nbsp;hanno carenza di mascherine. Io <strong>credo che la nostra autonomia sia di 4-5 giorni se non ne arrivano di nuove<\/strong> e credo che non ne arriveranno di nuove.<\/p>\n<p><strong>Il&nbsp;problema pi\u00f9 grosso \u00e8 anche che ancora non si sa effettivamente in che modo&nbsp;questo virus si propaghi, non c&#8217;\u00e8 uno studio&nbsp;scientifico adesso che abbia la certezza della distanza corretta da mantenere, al di l\u00e0 di quello che dice il governo<\/strong><br \/>Sono perfettamente d&#8217;accordo, sembra che sia stato pubblicato uno studio, tutto ancora&nbsp;da verificare, secondo il quale il virus rimanga in sospensione tre ore e si propaghi per almeno quattro-cinque metri. Quindi ogni presupposto per ora stabilito potrebbe andare a farsi friggere. Detto questo<strong> io sono anche abbastanza fatalista, il mio ruolo \u00e8 quello di andare a soccorrere le&nbsp;persone,<\/strong> mi proteggo per quello che mi da la scienza ora cio\u00e8 mascherine e protezioni individuali ma personalmente<strong> io metto in&nbsp;conto di potermi ammalare<\/strong>.&nbsp;Perch\u00e9 nel momento in cui non mettessi pi\u00f9 in conto di potermi ammalare considerando che il sistema di soccorso nazionale prevede massivamente &nbsp;l&#8217;uso di volontari si bloccherebbe tutto il sistema. <strong>Io credo in questo sistema quindi corro il rischio.<\/strong><\/p>\n<p><strong>Come&nbsp;Misericordia cosa&nbsp;state facendo in questo periodo?<\/strong><br \/>Proseguono tutti quei servizi che anche se c&#8217;\u00e8 il&nbsp;Coronavirus i nostri pazienti ci chiedono cio\u00e8<strong> i trasporti ordinari, le dimissioni dagli ospedali, i servizi sociali<\/strong> cio\u00e8 i trasporti nei centri di recupero funzionale, <strong>l&#8217;assistenza&nbsp;agli anziani, il servizio di emergenza di base<\/strong> e a rotazione con le altre associazioni del territorio fiorentino i <strong>turni con&nbsp;l&#8217;ambulanza&nbsp;dedicata ai pazienti con sospetto di Coronavirus.<\/strong> Proprio oggi abbiamo iniziato un servizio rivolto alla cittadinanza per aiutarli nella quotidianit\u00e0, <strong>i nostri volontari andranno ad aiutare<\/strong> chi non pu\u00f2 uscire, chi non pu\u00f2 fare la spesa o altre piccole&nbsp;mansioni<strong>.<br \/><\/strong><br \/><strong>Nei giorni precedenti \u00e8 stato detto che tutte le operazioni o visite che potevano essere rimandate sarebbero state posticipate, c&#8217;\u00e8 stata una&nbsp;flessione nella richiesta dei servizi?<\/strong><br \/>C&#8217;\u00e8 stata&nbsp;perch\u00e9 il servizio sanitario ha contratto i&nbsp;suoi servizi come analisi e visite, tutte le operazioni chirurgiche ospedaliere non indispensabili e a caduta tutto il resto \u00e8 andato a diminuire.<\/p>\n<p><strong>Dicono che i prossimi 10 giorni saranno i peggiori, cosa ci possiamo augurare?<\/strong><br \/>Di essere pronti ad affrontarli con coraggio, questo te lo posso dire serenamente ma con estrema&nbsp;obiettivit\u00e0. <strong>Cerchiamo di&nbsp;essere uniti, sicuramente saranno i peggiori, speriamo che i medici e gli infermieri siano pronti a riceverli.<\/strong> Speriamo e questo \u00e8 un augurio per tutti che pochissimi volontari si debbano ammalare del&nbsp;Coronavirus.<\/p>\n<a class=\"fotogallery\" href=\"#modalgallery\" rel=\"modal:open\">sfoglia la gallery <i class=\"fas fa-chevron-right\"><\/i><\/a>\n    <div class=\"modal\" id=\"modalgallery\">\n        <div class=\"gallery\">\n          <div class=\"galleryimg\">\n            <div class=\"slidegallerybig\"> <div class=\"itemimg\">\n            <div class=\"wrapimg\">\n            <img decoding=\"async\" src=\"https:\/\/www.intoscana.it\/wp-content\/uploads\/89593376_1463676670461071_962517877729001472_o.jpg\">\n            <\/div>\n            <\/div> <div class=\"itemimg\">\n            <div class=\"wrapimg\">\n            <img decoding=\"async\" src=\"https:\/\/www.intoscana.it\/wp-content\/uploads\/89389159_1322590711272304_3320262457158533120_o.jpg\">\n            <\/div>\n            <\/div>\n            <\/div>\n          <\/div>\n          <div class=\"asidemenu\">\n            <div class=\"action\">\n              <div class=\"countlidegallery\"><\/div>\n              <div class=\"closegallery\" href=\"#modalgallery\" rel=\"modal:close\"><i class=\"far fa-times\"><\/i><\/div>\n            <\/div>\n            <div class=\"title\">\n              <h2>Volontario durante il Coronavirus, Alberto Locchi: 'metto in conto di ammalarmi'<\/h2>\n              <div class=\"socialarticolo\"> \n            <div class=\"contsocialico\">\n              <ul>\n                <li><a target=\"_blank\" href=\"https:\/\/www.facebook.com\/sharer\/sharer.php?u=https:\/\/www.intoscana.it\/it\/misericordia-coronavirus-alberto-locchi\/\"> <i class=\"fab fa-facebook-f\"><\/i><\/a><\/li>\n                <li><a target=\"_blank\" href=\"https:\/\/twitter.com\/home?status=https:\/\/www.intoscana.it\/it\/misericordia-coronavirus-alberto-locchi\/\"> <i class=\"fab fa-twitter\"><\/i><\/a><\/li>\n                <li>\n                  <div class=\"shareall\" target=\"_blank\" href=\"\"> <i class=\"fas fa-share-alt\"><\/i><\/div>\n                  <div class=\"sharemore\">\n                    <ul>\n                      <li><a target=\"_blank\" href=\"https:\/\/www.linkedin.com\/shareArticle?url=https:\/\/www.intoscana.it\/it\/misericordia-coronavirus-alberto-locchi\/\"> <i class=\"fab fa-linkedin\"><\/i><\/a><\/li>\n                      <li><a target=\"_blank\" href=\"http:\/\/www.pinterest.com\/pin\/create\/bookmarklet\/?url=https:\/\/www.intoscana.it\/it\/misericordia-coronavirus-alberto-locchi\/\"> <i class=\"fab fa-pinterest\"><\/i><\/a><\/li>\n                      <li><a target=\"_blank\" href=\"mailto?subject=Volontario durante il Coronavirus, Alberto Locchi: &#039;metto in conto di ammalarmi&#039;&body=https:\/\/www.intoscana.it\/it\/misericordia-coronavirus-alberto-locchi\/\"> <i class=\"fas fa-envelope\"><\/i><\/a><\/li>\n                    <\/ul>\n                    <div class=\"closesharemore\">\n                    <i class=\"fas fa-times\"><\/i>\n                    <\/div>\n                  <\/div>\n                <\/li>\n              <\/ul>\n            <\/div>\n          <\/div>\n        <\/div>\n          <\/div>\n        <\/div>\n      <\/div>\n","protected":false},"excerpt":{"rendered":"<p>Il presidente della Misericordia di Campo di Marte, soccorritore in ambulanza da oltre 40 anni, ci racconta come sta affrontando l&#8217;emergenza<\/p>\n","protected":false},"author":518,"featured_media":102147,"comment_status":"open","ping_status":"open","sticky":false,"template":"","format":"standard","meta":{"_acf_changed":false,"footnotes":""},"categories":[494,7],"tags":[],"class_list":["post-64678","post","type-post","status-publish","format-standard","has-post-thumbnail","hentry","category-attualita","category-societa"],"acf":[],"yoast_head":"<!-- This site is optimized with the Yoast SEO Premium plugin v24.2 (Yoast SEO v25.6) - https:\/\/yoast.com\/wordpress\/plugins\/seo\/ -->\n<title>Volontario durante il Coronavirus, Alberto Locchi: &#039;metto in conto di ammalarmi&#039; - intoscana<\/title>\n<meta name=\"robots\" content=\"index, follow, max-snippet:-1, max-image-preview:large, max-video-preview:-1\" \/>\n<link rel=\"canonical\" href=\"https:\/\/www.intoscana.it\/it\/misericordia-coronavirus-alberto-locchi\/\" \/>\n<meta property=\"og:locale\" content=\"it_IT\" \/>\n<meta property=\"og:type\" content=\"article\" \/>\n<meta property=\"og:title\" content=\"Volontario durante il Coronavirus, Alberto Locchi: &#039;metto in conto di ammalarmi&#039;\" \/>\n<meta property=\"og:description\" content=\"Il presidente della Misericordia di Campo di Marte, soccorritore in ambulanza da oltre 40 anni, ci racconta come sta affrontando l&#039;emergenza\" \/>\n<meta property=\"og:url\" content=\"https:\/\/www.intoscana.it\/it\/misericordia-coronavirus-alberto-locchi\/\" \/>\n<meta property=\"og:site_name\" content=\"intoscana\" \/>\n<meta property=\"article:publisher\" content=\"https:\/\/www.facebook.com\/intoscana.it\" \/>\n<meta property=\"article:published_time\" content=\"2020-03-11T09:00:06+00:00\" \/>\n<meta property=\"article:modified_time\" content=\"2020-05-19T14:01:41+00:00\" \/>\n<meta property=\"og:image\" content=\"https:\/\/www.intoscana.it\/wp-content\/uploads\/73495381_1346380928869727_7236212186505281536_o.jpg\" \/>\n\t<meta property=\"og:image:width\" content=\"1887\" \/>\n\t<meta property=\"og:image:height\" content=\"1259\" \/>\n\t<meta property=\"og:image:type\" content=\"image\/jpeg\" \/>\n<meta name=\"author\" content=\"Costanza Baldini\" \/>\n<meta name=\"twitter:card\" content=\"summary_large_image\" \/>\n<meta name=\"twitter:creator\" content=\"@intoscana\" \/>\n<meta name=\"twitter:site\" content=\"@intoscana\" \/>\n<meta name=\"twitter:label1\" content=\"Written by\" \/>\n\t<meta name=\"twitter:data1\" content=\"Costanza Baldini\" \/>\n\t<meta name=\"twitter:label2\" content=\"Est. reading time\" \/>\n\t<meta name=\"twitter:data2\" content=\"3 minuti\" \/>\n<script type=\"application\/ld+json\" class=\"yoast-schema-graph\">{\"@context\":\"https:\/\/schema.org\",\"@graph\":[{\"@type\":\"WebPage\",\"@id\":\"https:\/\/www.intoscana.it\/it\/misericordia-coronavirus-alberto-locchi\/\",\"url\":\"https:\/\/www.intoscana.it\/it\/misericordia-coronavirus-alberto-locchi\/\",\"name\":\"Volontario durante il Coronavirus, Alberto Locchi: 'metto in conto di ammalarmi' - intoscana\",\"isPartOf\":{\"@id\":\"https:\/\/www.intoscana.it\/it\/#website\"},\"primaryImageOfPage\":{\"@id\":\"https:\/\/www.intoscana.it\/it\/misericordia-coronavirus-alberto-locchi\/#primaryimage\"},\"image\":{\"@id\":\"https:\/\/www.intoscana.it\/it\/misericordia-coronavirus-alberto-locchi\/#primaryimage\"},\"thumbnailUrl\":\"https:\/\/www.intoscana.it\/wp-content\/uploads\/73495381_1346380928869727_7236212186505281536_o.jpg\",\"datePublished\":\"2020-03-11T09:00:06+00:00\",\"dateModified\":\"2020-05-19T14:01:41+00:00\",\"author\":{\"@id\":\"https:\/\/www.intoscana.it\/it\/#\/schema\/person\/d469f35f09739bdf00bf5dd3f0647a82\"},\"breadcrumb\":{\"@id\":\"https:\/\/www.intoscana.it\/it\/misericordia-coronavirus-alberto-locchi\/#breadcrumb\"},\"inLanguage\":\"it-IT\",\"potentialAction\":[{\"@type\":\"ReadAction\",\"target\":[\"https:\/\/www.intoscana.it\/it\/misericordia-coronavirus-alberto-locchi\/\"]}]},{\"@type\":\"ImageObject\",\"inLanguage\":\"it-IT\",\"@id\":\"https:\/\/www.intoscana.it\/it\/misericordia-coronavirus-alberto-locchi\/#primaryimage\",\"url\":\"https:\/\/www.intoscana.it\/wp-content\/uploads\/73495381_1346380928869727_7236212186505281536_o.jpg\",\"contentUrl\":\"https:\/\/www.intoscana.it\/wp-content\/uploads\/73495381_1346380928869727_7236212186505281536_o.jpg\",\"width\":1887,\"height\":1259,\"caption\":\"Alberto Locchi\"},{\"@type\":\"BreadcrumbList\",\"@id\":\"https:\/\/www.intoscana.it\/it\/misericordia-coronavirus-alberto-locchi\/#breadcrumb\",\"itemListElement\":[{\"@type\":\"ListItem\",\"position\":1,\"name\":\"Home\",\"item\":\"https:\/\/www.intoscana.it\/it\/\"},{\"@type\":\"ListItem\",\"position\":2,\"name\":\"Volontario durante il Coronavirus, Alberto Locchi: &#8216;metto in conto di ammalarmi&#8217;\"}]},{\"@type\":\"WebSite\",\"@id\":\"https:\/\/www.intoscana.it\/it\/#website\",\"url\":\"https:\/\/www.intoscana.it\/it\/\",\"name\":\"intoscana\",\"description\":\"\",\"potentialAction\":[{\"@type\":\"SearchAction\",\"target\":{\"@type\":\"EntryPoint\",\"urlTemplate\":\"https:\/\/www.intoscana.it\/it\/?s={search_term_string}\"},\"query-input\":{\"@type\":\"PropertyValueSpecification\",\"valueRequired\":true,\"valueName\":\"search_term_string\"}}],\"inLanguage\":\"it-IT\"},{\"@type\":\"Person\",\"@id\":\"https:\/\/www.intoscana.it\/it\/#\/schema\/person\/d469f35f09739bdf00bf5dd3f0647a82\",\"name\":\"Costanza Baldini\",\"url\":\"https:\/\/www.intoscana.it\/it\/author\/costanza-baldini\/\"}]}<\/script>\n<!-- \/ Yoast SEO Premium plugin. -->","yoast_head_json":{"title":"Volontario durante il Coronavirus, Alberto Locchi: 'metto in conto di ammalarmi' - intoscana","robots":{"index":"index","follow":"follow","max-snippet":"max-snippet:-1","max-image-preview":"max-image-preview:large","max-video-preview":"max-video-preview:-1"},"canonical":"https:\/\/www.intoscana.it\/it\/misericordia-coronavirus-alberto-locchi\/","og_locale":"it_IT","og_type":"article","og_title":"Volontario durante il Coronavirus, Alberto Locchi: 'metto in conto di ammalarmi'","og_description":"Il presidente della Misericordia di Campo di Marte, soccorritore in ambulanza da oltre 40 anni, ci racconta come sta affrontando l'emergenza","og_url":"https:\/\/www.intoscana.it\/it\/misericordia-coronavirus-alberto-locchi\/","og_site_name":"intoscana","article_publisher":"https:\/\/www.facebook.com\/intoscana.it","article_published_time":"2020-03-11T09:00:06+00:00","article_modified_time":"2020-05-19T14:01:41+00:00","og_image":[{"width":1887,"height":1259,"url":"https:\/\/www.intoscana.it\/wp-content\/uploads\/73495381_1346380928869727_7236212186505281536_o.jpg","type":"image\/jpeg"}],"author":"Costanza Baldini","twitter_card":"summary_large_image","twitter_creator":"@intoscana","twitter_site":"@intoscana","twitter_misc":{"Written by":"Costanza Baldini","Est. reading time":"3 minuti"},"schema":{"@context":"https:\/\/schema.org","@graph":[{"@type":"WebPage","@id":"https:\/\/www.intoscana.it\/it\/misericordia-coronavirus-alberto-locchi\/","url":"https:\/\/www.intoscana.it\/it\/misericordia-coronavirus-alberto-locchi\/","name":"Volontario durante il Coronavirus, Alberto Locchi: 'metto in conto di ammalarmi' - intoscana","isPartOf":{"@id":"https:\/\/www.intoscana.it\/it\/#website"},"primaryImageOfPage":{"@id":"https:\/\/www.intoscana.it\/it\/misericordia-coronavirus-alberto-locchi\/#primaryimage"},"image":{"@id":"https:\/\/www.intoscana.it\/it\/misericordia-coronavirus-alberto-locchi\/#primaryimage"},"thumbnailUrl":"https:\/\/www.intoscana.it\/wp-content\/uploads\/73495381_1346380928869727_7236212186505281536_o.jpg","datePublished":"2020-03-11T09:00:06+00:00","dateModified":"2020-05-19T14:01:41+00:00","author":{"@id":"https:\/\/www.intoscana.it\/it\/#\/schema\/person\/d469f35f09739bdf00bf5dd3f0647a82"},"breadcrumb":{"@id":"https:\/\/www.intoscana.it\/it\/misericordia-coronavirus-alberto-locchi\/#breadcrumb"},"inLanguage":"it-IT","potentialAction":[{"@type":"ReadAction","target":["https:\/\/www.intoscana.it\/it\/misericordia-coronavirus-alberto-locchi\/"]}]},{"@type":"ImageObject","inLanguage":"it-IT","@id":"https:\/\/www.intoscana.it\/it\/misericordia-coronavirus-alberto-locchi\/#primaryimage","url":"https:\/\/www.intoscana.it\/wp-content\/uploads\/73495381_1346380928869727_7236212186505281536_o.jpg","contentUrl":"https:\/\/www.intoscana.it\/wp-content\/uploads\/73495381_1346380928869727_7236212186505281536_o.jpg","width":1887,"height":1259,"caption":"Alberto Locchi"},{"@type":"BreadcrumbList","@id":"https:\/\/www.intoscana.it\/it\/misericordia-coronavirus-alberto-locchi\/#breadcrumb","itemListElement":[{"@type":"ListItem","position":1,"name":"Home","item":"https:\/\/www.intoscana.it\/it\/"},{"@type":"ListItem","position":2,"name":"Volontario durante il Coronavirus, Alberto Locchi: &#8216;metto in conto di ammalarmi&#8217;"}]},{"@type":"WebSite","@id":"https:\/\/www.intoscana.it\/it\/#website","url":"https:\/\/www.intoscana.it\/it\/","name":"intoscana","description":"","potentialAction":[{"@type":"SearchAction","target":{"@type":"EntryPoint","urlTemplate":"https:\/\/www.intoscana.it\/it\/?s={search_term_string}"},"query-input":{"@type":"PropertyValueSpecification","valueRequired":true,"valueName":"search_term_string"}}],"inLanguage":"it-IT"},{"@type":"Person","@id":"https:\/\/www.intoscana.it\/it\/#\/schema\/person\/d469f35f09739bdf00bf5dd3f0647a82","name":"Costanza Baldini","url":"https:\/\/www.intoscana.it\/it\/author\/costanza-baldini\/"}]}},"_links":{"self":[{"href":"https:\/\/www.intoscana.it\/it\/wp-json\/wp\/v2\/posts\/64678","targetHints":{"allow":["GET"]}}],"collection":[{"href":"https:\/\/www.intoscana.it\/it\/wp-json\/wp\/v2\/posts"}],"about":[{"href":"https:\/\/www.intoscana.it\/it\/wp-json\/wp\/v2\/types\/post"}],"author":[{"embeddable":true,"href":"https:\/\/www.intoscana.it\/it\/wp-json\/wp\/v2\/users\/518"}],"replies":[{"embeddable":true,"href":"https:\/\/www.intoscana.it\/it\/wp-json\/wp\/v2\/comments?post=64678"}],"version-history":[{"count":0,"href":"https:\/\/www.intoscana.it\/it\/wp-json\/wp\/v2\/posts\/64678\/revisions"}],"wp:featuredmedia":[{"embeddable":true,"href":"https:\/\/www.intoscana.it\/it\/wp-json\/wp\/v2\/media\/102147"}],"wp:attachment":[{"href":"https:\/\/www.intoscana.it\/it\/wp-json\/wp\/v2\/media?parent=64678"}],"wp:term":[{"taxonomy":"category","embeddable":true,"href":"https:\/\/www.intoscana.it\/it\/wp-json\/wp\/v2\/categories?post=64678"},{"taxonomy":"post_tag","embeddable":true,"href":"https:\/\/www.intoscana.it\/it\/wp-json\/wp\/v2\/tags?post=64678"}],"curies":[{"name":"wp","href":"https:\/\/api.w.org\/{rel}","templated":true}]}}