{"id":64724,"date":"2019-04-23T11:09:21","date_gmt":"2019-04-23T11:09:21","guid":{"rendered":"http:\/\/www.intoscana.it\/le-stragi-nazifasciste-in-toscana-per-non-dimenticare\/"},"modified":"2020-05-19T16:01:44","modified_gmt":"2020-05-19T14:01:44","slug":"stragi-nazifasciste-toscana","status":"publish","type":"post","link":"https:\/\/www.intoscana.it\/it\/stragi-nazifasciste-toscana\/","title":{"rendered":"Le stragi nazifasciste in Toscana, per non dimenticare"},"content":{"rendered":"<p>Un\u2019indagine portata avanti con il progetto <em>Atlante delle stragi naziste e fasciste in Italia <\/em>ha censito quasi 5000 episodi di questo genere, di cui pi\u00f9 di 800 in Toscana, dove le vittime in questo contesto sembrano essere state circa 4500.<\/p>\n<p><strong>La liberazione dell\u2019Italia dal nazifascismo \u00e8 storicamente associata al 25 aprile 1945<\/strong>, ma, come \u00e8 scontato, la democrazia non \u00e8 stata riconquistata in un giorno. Oltre ai terribili anni di guerra, nei mesi che precedettero la fine dell\u2019occupazione il Paese dovette subire il delirio dell\u2019esercito tedesco in ritirata: <strong>rappresaglie contro la Resistenza partigiana si trasformarono spesso in vere e proprie stragi repressive<\/strong>.<\/p>\n<p>I numeri, in questi casi, impressionano sempre, ma \u00e8 nell\u2019efferatezza, nella spiazzante lucidit\u00e0 con cui sono stati compiuti questi rastrellamenti che sta il tormento che assale ripercorrendo queste storie. A colpire, per\u00f2, non \u00e8 la somma di tante sofferenze, in quanto, in tanta furia, anche il dolore di un singolo umano ha un peso immenso. In tal senso, ripercorriamo <strong>alcune delle pi\u00f9 terribili stragi avvenute nella nostra regione<\/strong>.<\/p>\n<p><strong>Vallucciole<\/strong>, in provincia di Arezzo, ha il triste primato di essere stata <strong>teatro della prima strage di civili avvenuta in Toscana<\/strong>, con ben 108 vittime. I vicini boschi del <strong>Casentino<\/strong> erano rifugio privilegiato di molti partigiani, la cui resistenza crebbe sempre di pi\u00f9 nel corso del \u201944. L\u2019episodio scatenante associato all\u2019eccidio viene identificato con l\u2019uccisione di due soldati nazisti avvenuta l\u201911 aprile. Come rivalsa, <strong>il reparto tedesco che aveva base a Stia falcidi\u00f2 la popolazione del circondario<\/strong>, compiendo un massacro, oltre che a Vallucciole, nelle vicine Giuncheto, Molino di Bucchio e Santa Maria.<\/p>\n<p>In <strong>Val di Chiana<\/strong>, nel giugno del \u201944, l\u2019esercito tedesco cominci\u00f2 a temere per l\u2019avvicinarsi delle truppe alleate. In attesa che fosse portata a termine la costruzione della Linea Gotica lungo gli Appennini, fu dato il via ad atroci rastrellamenti. <strong>Molto colpita, il 29 giugno, fu Civitella, con le sue frazioni.<\/strong> Nonostante inizialmente i civili fossero stati divisi in gruppi dalla spietata Divisione \u201cHermann G\u00f6ring\u201d, non furono risparmiati neppure donne e bambini; pare che ci furono vittime addirittura in una casa di riposo. Chi non mor\u00ec sotto il fuoco dei proiettili, per\u00ec per gli incendi appiccati alle case, rivelatesi il posto pi\u00f9 sbagliato in cui rintanarsi dalla furia nazista. <strong>Le vittime furono 212.<\/strong><\/p>\n<p>In un clima pi\u00f9 sollevato, che seguiva la liberazione della citt\u00e0 <strong>Prato<\/strong>, la brigata di partigiani \u201cBuricchi\u201d decise di allontanarsi dal Monte Javello, campo base dove si era nascosta fino a quel momento. <strong>Era il 6 settembre 1944<\/strong>, le milizie tedesche erano in ritirata, ma i combattenti ebbero la sfortuna di trovare sul loro cammino verso il punto di ritrovo con i compagni una divisione della fanteria tedesca, comandata dal maggiore Karl Laqua. Accerchiati con colpi d\u2019arma da fuoco e catturati,<strong> i 29 partigiani vennero fatti morire barbaramente,<\/strong> con un\u2019impiccagione preparata con inquietante dedizione e perpetuata per una lunghissima mezz\u2019ora. I cadaveri non furono rimossi per un\u2019intera giornata.<\/p>\n<p>L\u2019area del <strong>Padule di Fucecchio<\/strong>, per le proprie caratteristiche, venne prediletta dalla popolazione locale come riparo, in quanto la fitta vegetazione garantiva un luogo sicuro per gli sfollati. Nonostante ci\u00f2, <strong>la 26\u00b0 divisione della Wehrmacht riusc\u00ec a raggiungere i poveri civili<\/strong>, che non avevano calcolato il contributo che avrebbero potuto dare i fascisti del posto, che guidarono i Tedeschi verso gli ignari cittadini. Il pretesto fu la volont\u00e0 di annientare una brigata di partigiani, che in realt\u00e0 contava solo poche unit\u00e0. Il risultato fu un\u2019ennesima strage, che, iniziata di primo mattino il 23 agosto del \u201944, gener\u00f2 in sola mezza giornata 174 morti.<\/p>\n<p><strong>Una terribile esecuzione, forse meno nota, \u00e8 quella di Niccioleta<\/strong>, nel Comune di Massa Marittima. Nella piccola frazione si trovava una comunit\u00e0 di minatori provenienti da Castell\u2019Azzara e da Santa Fiora. Tra loro, con molta probabilit\u00e0, si trovava un cospicuo numero di antifascisti e per questo motivo, furono ritenuti fiancheggiatori dei partigiani che il 9 giugno 1944 avevano occupato il paese. Gli operai furono ben presto fatti prigionieri dai Tedeschi: chi aveva addosso un lasciapassare partigiano, fu immediatamente ucciso, tutti gli altri vennero spostati nella vicina Castelnuovo Val di Cecina, dove trovarono la morte. <strong>Spietate raffiche di mitragliatrici tolsero la vita a un totale di 83 lavoratori<\/strong>.<\/p>\n<p>\u00c8 a <strong>Sant\u2019Anna di Stazzema<\/strong>, sulle Alpi Apuane, che si \u00e8 avuta una delle pi\u00f9 mostruose testimonianze dell\u2019agghiacciante violenza nazista. La piccola frazione della Lucchesia, nell\u2019agosto del \u201944, si trov\u00f2 a essere inusitatamente popolosa, perch\u00e9 all\u2019inizio del mese era stata classificata come zona adatta ad accogliere gli sfollati. Cos\u00ec, quando il mattino del <strong>12 agosto<\/strong>, i reparti della 16\u00b0 SS-Panzergrenadier-Division \u201cReichsf\u00fchrer SS\u201d raggiunsero il villaggio, la carneficina fu devastante. Il paese venne abilmente accerchiato, ma gli uomini, credendo di essere l\u2019oggetto dell\u2019imminente caccia dei Tedeschi, fuggirono nei boschi. Ci\u00f2 non bast\u00f2 a lasciare indenne la popolazione: <strong>senza piet\u00e0 la mano nemica port\u00f2 via quasi 400 vite<\/strong> tra donne, anziani e bambini, inclusa una piccola neonata. In pochissimi si salvarono dagli implacabili spari dei reparti delle SS.<\/p>\n","protected":false},"excerpt":{"rendered":"<p>In occasione dei 74 anni dalla Liberazione, un viaggio nel tempo e nella memoria per ripercorrere un doloroso periodo parte della nostra storia.<\/p>\n","protected":false},"author":525,"featured_media":102187,"comment_status":"open","ping_status":"open","sticky":false,"template":"","format":"standard","meta":{"_acf_changed":false,"footnotes":""},"categories":[494,7],"tags":[],"class_list":["post-64724","post","type-post","status-publish","format-standard","has-post-thumbnail","hentry","category-attualita","category-societa"],"acf":[],"yoast_head":"<!-- This site is optimized with the Yoast SEO Premium plugin v24.2 (Yoast SEO v25.6) - https:\/\/yoast.com\/wordpress\/plugins\/seo\/ -->\n<title>Le stragi nazifasciste in Toscana, per non dimenticare - intoscana<\/title>\n<meta name=\"description\" content=\"Un viaggio nel tempo e nella memoria per ripercorrere un terribile momento che \u00e8 parte della nostra storia.\" \/>\n<meta name=\"robots\" content=\"index, follow, max-snippet:-1, max-image-preview:large, max-video-preview:-1\" \/>\n<link rel=\"canonical\" href=\"https:\/\/www.intoscana.it\/it\/stragi-nazifasciste-toscana\/\" \/>\n<meta property=\"og:locale\" content=\"it_IT\" \/>\n<meta property=\"og:type\" content=\"article\" \/>\n<meta property=\"og:title\" content=\"Le stragi nazifasciste in Toscana, per non dimenticare\" \/>\n<meta property=\"og:description\" content=\"Un viaggio nel tempo e nella memoria per ripercorrere un terribile momento che \u00e8 parte della nostra storia.\" \/>\n<meta property=\"og:url\" content=\"https:\/\/www.intoscana.it\/it\/stragi-nazifasciste-toscana\/\" \/>\n<meta property=\"og:site_name\" content=\"intoscana\" \/>\n<meta property=\"article:publisher\" content=\"https:\/\/www.facebook.com\/intoscana.it\" \/>\n<meta property=\"article:published_time\" content=\"2019-04-23T11:09:21+00:00\" \/>\n<meta property=\"article:modified_time\" content=\"2020-05-19T14:01:44+00:00\" \/>\n<meta property=\"og:image\" content=\"https:\/\/www.intoscana.it\/wp-content\/uploads\/memorial_in_santanna_di_stazzema_.jpg\" \/>\n\t<meta property=\"og:image:width\" content=\"1208\" \/>\n\t<meta property=\"og:image:height\" content=\"860\" \/>\n\t<meta property=\"og:image:type\" content=\"image\/jpeg\" \/>\n<meta name=\"author\" content=\"Redazione\" \/>\n<meta name=\"twitter:card\" content=\"summary_large_image\" \/>\n<meta name=\"twitter:creator\" content=\"@intoscana\" \/>\n<meta name=\"twitter:site\" content=\"@intoscana\" \/>\n<meta name=\"twitter:label1\" content=\"Written by\" \/>\n\t<meta name=\"twitter:data1\" content=\"Redazione\" \/>\n\t<meta name=\"twitter:label2\" content=\"Est. reading time\" \/>\n\t<meta name=\"twitter:data2\" content=\"4 minuti\" \/>\n<script type=\"application\/ld+json\" class=\"yoast-schema-graph\">{\"@context\":\"https:\/\/schema.org\",\"@graph\":[{\"@type\":\"WebPage\",\"@id\":\"https:\/\/www.intoscana.it\/it\/stragi-nazifasciste-toscana\/\",\"url\":\"https:\/\/www.intoscana.it\/it\/stragi-nazifasciste-toscana\/\",\"name\":\"Le stragi nazifasciste in Toscana, per non dimenticare - intoscana\",\"isPartOf\":{\"@id\":\"https:\/\/www.intoscana.it\/it\/#website\"},\"primaryImageOfPage\":{\"@id\":\"https:\/\/www.intoscana.it\/it\/stragi-nazifasciste-toscana\/#primaryimage\"},\"image\":{\"@id\":\"https:\/\/www.intoscana.it\/it\/stragi-nazifasciste-toscana\/#primaryimage\"},\"thumbnailUrl\":\"https:\/\/www.intoscana.it\/wp-content\/uploads\/memorial_in_santanna_di_stazzema_.jpg\",\"datePublished\":\"2019-04-23T11:09:21+00:00\",\"dateModified\":\"2020-05-19T14:01:44+00:00\",\"author\":{\"@id\":\"https:\/\/www.intoscana.it\/it\/#\/schema\/person\/9223810753230f20bd670fdd322661f8\"},\"description\":\"Un viaggio nel tempo e nella memoria per ripercorrere un terribile momento che \u00e8 parte della nostra storia.\",\"breadcrumb\":{\"@id\":\"https:\/\/www.intoscana.it\/it\/stragi-nazifasciste-toscana\/#breadcrumb\"},\"inLanguage\":\"it-IT\",\"potentialAction\":[{\"@type\":\"ReadAction\",\"target\":[\"https:\/\/www.intoscana.it\/it\/stragi-nazifasciste-toscana\/\"]}]},{\"@type\":\"ImageObject\",\"inLanguage\":\"it-IT\",\"@id\":\"https:\/\/www.intoscana.it\/it\/stragi-nazifasciste-toscana\/#primaryimage\",\"url\":\"https:\/\/www.intoscana.it\/wp-content\/uploads\/memorial_in_santanna_di_stazzema_.jpg\",\"contentUrl\":\"https:\/\/www.intoscana.it\/wp-content\/uploads\/memorial_in_santanna_di_stazzema_.jpg\",\"width\":1208,\"height\":860,\"caption\":\"Il memoriale alle vittime a Sant'Anna\"},{\"@type\":\"BreadcrumbList\",\"@id\":\"https:\/\/www.intoscana.it\/it\/stragi-nazifasciste-toscana\/#breadcrumb\",\"itemListElement\":[{\"@type\":\"ListItem\",\"position\":1,\"name\":\"Home\",\"item\":\"https:\/\/www.intoscana.it\/it\/\"},{\"@type\":\"ListItem\",\"position\":2,\"name\":\"Le stragi nazifasciste in Toscana, per non dimenticare\"}]},{\"@type\":\"WebSite\",\"@id\":\"https:\/\/www.intoscana.it\/it\/#website\",\"url\":\"https:\/\/www.intoscana.it\/it\/\",\"name\":\"intoscana\",\"description\":\"\",\"potentialAction\":[{\"@type\":\"SearchAction\",\"target\":{\"@type\":\"EntryPoint\",\"urlTemplate\":\"https:\/\/www.intoscana.it\/it\/?s={search_term_string}\"},\"query-input\":{\"@type\":\"PropertyValueSpecification\",\"valueRequired\":true,\"valueName\":\"search_term_string\"}}],\"inLanguage\":\"it-IT\"},{\"@type\":\"Person\",\"@id\":\"https:\/\/www.intoscana.it\/it\/#\/schema\/person\/9223810753230f20bd670fdd322661f8\",\"name\":\"Redazione\",\"url\":\"https:\/\/www.intoscana.it\/it\/author\/redazione\/\"}]}<\/script>\n<!-- \/ Yoast SEO Premium plugin. -->","yoast_head_json":{"title":"Le stragi nazifasciste in Toscana, per non dimenticare - intoscana","description":"Un viaggio nel tempo e nella memoria per ripercorrere un terribile momento che \u00e8 parte della nostra storia.","robots":{"index":"index","follow":"follow","max-snippet":"max-snippet:-1","max-image-preview":"max-image-preview:large","max-video-preview":"max-video-preview:-1"},"canonical":"https:\/\/www.intoscana.it\/it\/stragi-nazifasciste-toscana\/","og_locale":"it_IT","og_type":"article","og_title":"Le stragi nazifasciste in Toscana, per non dimenticare","og_description":"Un viaggio nel tempo e nella memoria per ripercorrere un terribile momento che \u00e8 parte della nostra storia.","og_url":"https:\/\/www.intoscana.it\/it\/stragi-nazifasciste-toscana\/","og_site_name":"intoscana","article_publisher":"https:\/\/www.facebook.com\/intoscana.it","article_published_time":"2019-04-23T11:09:21+00:00","article_modified_time":"2020-05-19T14:01:44+00:00","og_image":[{"width":1208,"height":860,"url":"https:\/\/www.intoscana.it\/wp-content\/uploads\/memorial_in_santanna_di_stazzema_.jpg","type":"image\/jpeg"}],"author":"Redazione","twitter_card":"summary_large_image","twitter_creator":"@intoscana","twitter_site":"@intoscana","twitter_misc":{"Written by":"Redazione","Est. reading time":"4 minuti"},"schema":{"@context":"https:\/\/schema.org","@graph":[{"@type":"WebPage","@id":"https:\/\/www.intoscana.it\/it\/stragi-nazifasciste-toscana\/","url":"https:\/\/www.intoscana.it\/it\/stragi-nazifasciste-toscana\/","name":"Le stragi nazifasciste in Toscana, per non dimenticare - intoscana","isPartOf":{"@id":"https:\/\/www.intoscana.it\/it\/#website"},"primaryImageOfPage":{"@id":"https:\/\/www.intoscana.it\/it\/stragi-nazifasciste-toscana\/#primaryimage"},"image":{"@id":"https:\/\/www.intoscana.it\/it\/stragi-nazifasciste-toscana\/#primaryimage"},"thumbnailUrl":"https:\/\/www.intoscana.it\/wp-content\/uploads\/memorial_in_santanna_di_stazzema_.jpg","datePublished":"2019-04-23T11:09:21+00:00","dateModified":"2020-05-19T14:01:44+00:00","author":{"@id":"https:\/\/www.intoscana.it\/it\/#\/schema\/person\/9223810753230f20bd670fdd322661f8"},"description":"Un viaggio nel tempo e nella memoria per ripercorrere un terribile momento che \u00e8 parte della nostra storia.","breadcrumb":{"@id":"https:\/\/www.intoscana.it\/it\/stragi-nazifasciste-toscana\/#breadcrumb"},"inLanguage":"it-IT","potentialAction":[{"@type":"ReadAction","target":["https:\/\/www.intoscana.it\/it\/stragi-nazifasciste-toscana\/"]}]},{"@type":"ImageObject","inLanguage":"it-IT","@id":"https:\/\/www.intoscana.it\/it\/stragi-nazifasciste-toscana\/#primaryimage","url":"https:\/\/www.intoscana.it\/wp-content\/uploads\/memorial_in_santanna_di_stazzema_.jpg","contentUrl":"https:\/\/www.intoscana.it\/wp-content\/uploads\/memorial_in_santanna_di_stazzema_.jpg","width":1208,"height":860,"caption":"Il memoriale alle vittime a Sant'Anna"},{"@type":"BreadcrumbList","@id":"https:\/\/www.intoscana.it\/it\/stragi-nazifasciste-toscana\/#breadcrumb","itemListElement":[{"@type":"ListItem","position":1,"name":"Home","item":"https:\/\/www.intoscana.it\/it\/"},{"@type":"ListItem","position":2,"name":"Le stragi nazifasciste in Toscana, per non dimenticare"}]},{"@type":"WebSite","@id":"https:\/\/www.intoscana.it\/it\/#website","url":"https:\/\/www.intoscana.it\/it\/","name":"intoscana","description":"","potentialAction":[{"@type":"SearchAction","target":{"@type":"EntryPoint","urlTemplate":"https:\/\/www.intoscana.it\/it\/?s={search_term_string}"},"query-input":{"@type":"PropertyValueSpecification","valueRequired":true,"valueName":"search_term_string"}}],"inLanguage":"it-IT"},{"@type":"Person","@id":"https:\/\/www.intoscana.it\/it\/#\/schema\/person\/9223810753230f20bd670fdd322661f8","name":"Redazione","url":"https:\/\/www.intoscana.it\/it\/author\/redazione\/"}]}},"_links":{"self":[{"href":"https:\/\/www.intoscana.it\/it\/wp-json\/wp\/v2\/posts\/64724","targetHints":{"allow":["GET"]}}],"collection":[{"href":"https:\/\/www.intoscana.it\/it\/wp-json\/wp\/v2\/posts"}],"about":[{"href":"https:\/\/www.intoscana.it\/it\/wp-json\/wp\/v2\/types\/post"}],"author":[{"embeddable":true,"href":"https:\/\/www.intoscana.it\/it\/wp-json\/wp\/v2\/users\/525"}],"replies":[{"embeddable":true,"href":"https:\/\/www.intoscana.it\/it\/wp-json\/wp\/v2\/comments?post=64724"}],"version-history":[{"count":0,"href":"https:\/\/www.intoscana.it\/it\/wp-json\/wp\/v2\/posts\/64724\/revisions"}],"wp:featuredmedia":[{"embeddable":true,"href":"https:\/\/www.intoscana.it\/it\/wp-json\/wp\/v2\/media\/102187"}],"wp:attachment":[{"href":"https:\/\/www.intoscana.it\/it\/wp-json\/wp\/v2\/media?parent=64724"}],"wp:term":[{"taxonomy":"category","embeddable":true,"href":"https:\/\/www.intoscana.it\/it\/wp-json\/wp\/v2\/categories?post=64724"},{"taxonomy":"post_tag","embeddable":true,"href":"https:\/\/www.intoscana.it\/it\/wp-json\/wp\/v2\/tags?post=64724"}],"curies":[{"name":"wp","href":"https:\/\/api.w.org\/{rel}","templated":true}]}}