{"id":64726,"date":"2019-04-29T15:07:21","date_gmt":"2019-04-29T15:07:21","guid":{"rendered":"http:\/\/www.intoscana.it\/notte-blu-2019-la-festa-delleuropa-torna-a-firenze-il-9-e-10-maggio\/"},"modified":"2020-05-18T09:43:13","modified_gmt":"2020-05-18T07:43:13","slug":"notte-blu-2019-la-festa-delleuropa-torna-a-firenze-il-9-e-10-maggio","status":"publish","type":"post","link":"https:\/\/www.intoscana.it\/it\/notte-blu-2019-la-festa-delleuropa-torna-a-firenze-il-9-e-10-maggio\/","title":{"rendered":"Notte Blu 2019: la festa dell\u2019Europa torna a Firenze il 9 e 10 maggio"},"content":{"rendered":"<p>L\u2019iniziativa, che presenter\u00e0 attivit\u00e0 per tutti i gusti e per tutte le et\u00e0, nasce quest\u2019anno con l\u2019intento di riflettere su quanto l\u2019Unione Europea sia presente nella nostra quotidianit\u00e0. <strong>Al centro della Notte Blu 2019 ci sar\u00e0 lo spirito di cittadinanza europea<\/strong>, oltre ai valori di unit\u00e0, solidariet\u00e0, fratellanza e rispetto dei diritti di ciascun individuo.<\/p>\n<p>La manifestazione fiorentina prender\u00e0 il via gi\u00e0 dal pomeriggio: <strong>un laboratorio racconter\u00e0 l\u2019Europa ai bambini<\/strong> attraverso la street art. Sempre nel pomeriggio, nella sala Ketty La Rocca, all\u2019interno di <em>Le Murate &#8211; Progetti Arte Contemporanea<\/em>, si svolger\u00e0 il <strong>workshop <em>Video mapping &#8211; tecnologie e tecniche<\/em><\/strong><em>,<\/em> a cura di Bright Events.<\/p>\n<p>Alle 17:00, in Piazza delle Murate, lo sportello Informagiovani del Comune di Firenze condurr\u00e0, insieme a AEGEE Firenze, l\u2019associazione degli studenti Erasmus, un <strong>tandem linguistico italiano-inglese<\/strong>, un\u2019occasione divertente per esercitare una lingua straniera in un contesto informale.<\/p>\n<p>Sempre dalle 17:00 e fino alle 22:00, sar\u00e0 possibile visitare la <strong>mostra fotografica<\/strong> &#8220;<strong>Immigrazione ed integrazione<\/strong>&#8220;, presso la Sala Elizabeth Chaplin della Robert F. Kennedy International House for Human Rights (ingresso in Via Ghibellina 12A). La rassegna fotografica, curata dell&#8217;Associazione Diaframma Aperto, \u00e8 il prodotto di un lavoro sui temi dell\u2019inclusione e del riconoscimento reciproco che si schiera contro ogni forma di odio e discriminazione. I lavori esposti sono stati sviluppati durante il Corso di Progettazione Fotografica.<\/p>\n<p>Alle ore 17:30 in sala Ketty La Rocca, presso <em>Le Murate. Progetti Arte Contemporanea, <\/em>si terr\u00e0 il <strong>talk-show \u201cEuropa: falsi miti e prospettive\u201d.<\/strong> Saranno discussi i principali luoghi comuni che circolano sull\u2019Europa e affrontati i temi pi\u00f9 pressanti per il futuro. Interverranno <strong>Carlo Stagnaro<\/strong>, direttore dell&#8217;Osservatorio sull&#8217;economia digitale dell&#8217;Istituto Bruno Leoni; <strong>Chiara Favilli<\/strong>, docente di Diritto dell\u2019Unione Europea presso l\u2019Universit\u00e0 degli Studi di Firenze; <strong>Roberto Santaniello<\/strong>, consigliere speciale DG COMM Media e Comunicazione presso la Rappresentanza della Commissione europea, e <strong>Andi Shehu<\/strong>, ricercatore in Storia economica contemporanea presso l\u2019Istituto Universitario Europeo.<\/p>\n<p>All\u2019imbrunire, la Piazza delle Murate si immerger\u00e0 nel blu della bandiera europea con <strong><em>Immerse yourself in the blue<\/em>, <\/strong><strong>un\u2019esperienza immersiva visuale<\/strong> che accender\u00e0 il nostro spirito di cittadini europei. Alle 21.00, sempre in piazza, arriver\u00e0 il momento di <strong>TuinEuropa \u2013 YouinEU<\/strong>: il progetto, che ha Fondazione Sistema Toscana come capofila, vede la realizzazione di flashmob in giro per la Toscana per riflettere sul rapporto tra l\u2019Unione Europea e i suoi cittadini. <strong>L\u2019evento musicale della serata \u00e8 invece affidato ai Loren<\/strong>, gruppo fiorentino dal sound internazionale che nel 2017 \u00e8 stato scelto tra gli artisti del concerto del Primo Maggio di Piazza San Giovanni a Roma.<\/p>\n<p><strong>La lunga notte proseguir\u00e0 anche il 10 maggio<\/strong>, con l\u2019iniziativa \u201c<strong>Esilio e diritto d\u2019asilo\u201d<\/strong>, una riflessione che si svilupper\u00e0 a partire dal volume di Testimonianze \u201cFigure dall\u2019esilio\u201d. Parteciperanno Vittoria Franco, filosofa e gi\u00e0 senatrice della Repubblica; Valentina Pagliai, collaboratrice del Robert F. Kennedy Human Rights Italia; Severino Saccardi, direttore di Testimonianze; Simone Siliani, direttore della Fondazione culturale Responsabilit\u00e0 Etica e codirettore di Testimonianze e Jacopo Storni, giornalista del Corriere fiorentino e scrittore.<\/p>\n<p><strong>Tutti gli eventi della Notte Blu sono ad ingresso gratuito.&nbsp;<\/strong><strong>Per maggiori informazioni: <a href=\"mailto:L\u2019iniziativa,%20che presenter\u00e0 attivit\u00e0 per tutti i gusti e per tutte le et\u00e0, nasce quest\u2019anno con l\u2019intento di riflettere su quanto l\u2019Unione Europea sia presente nella nostra quotidianit\u00e0. Al centro della Notte Blu 2019 ci saranno poi lo spirito di cittadinanza europea e i valori di unit\u00e0, solidariet\u00e0, fratellanza e rispetto dei diritti di ciascun individuo.   La manifestazione fiorentina prender\u00e0 il via gi\u00e0 dal pomeriggio: un laboratorio racconter\u00e0 l\u2019Europa ai bambini attraverso la street art. Sempre nel pomeriggio, nella sala Ketty La Rocca, all\u2019interno di Le Murate - Progetti Arte Contemporanea, si svolger\u00e0 il workshop Video mapping - tecnologie e tecniche, a cura di Bright Events.  Alle 17:00, in Piazza delle Murate, lo sportello Informagiovani del Comune di Firenze condurr\u00e0, insieme a AEGEE Firenze, l\u2019associazione degli studenti Erasmus, un tandem linguistico italiano-inglese, un\u2019occasione divertente per esercitare una lingua straniera in un contesto informale.  Sempre dalle 17:00 e fino alle 22:00, sar\u00e0 possibile visitare la mostra fotografica &amp;amp;amp;amp;amp;amp;amp;amp;amp;quot;Immigrazione ed integrazione&amp;amp;amp;amp;amp;amp;amp;amp;amp;quot;, presso la Sala Elizabeth Chaplin della Robert F. Kennedy International House for Human Rights (ingresso in Via Ghibellina 12A). La rassegna fotografica, curata dell'Associazione Diaframma Aperto, \u00e8 il prodotto di un lavoro sui temi dell\u2019inclusione e del riconoscimento reciproco che si schiera contro ogni forma di odio e discriminazione. I lavori esposti sono stati sviluppati durante il Corso di Progettazione Fotografica.   Alle ore 17:30 in sala Ketty La Rocca, presso Le Murate. Progetti Arte Contemporanea, si terr\u00e0 il talk-show \u201cEuropa: falsi miti e prospettive\u201d. Saranno discussi i principali luoghi comuni che circolano sull\u2019Europa e affrontati i temi pi\u00f9 pressanti per il futuro. Interverranno Carlo Stagnaro, direttore dell'Osservatorio sull'economia digitale dell'Istituto Bruno Leoni; Chiara Favilli, docente di Diritto dell\u2019Unione Europea presso l\u2019Universit\u00e0 degli Studi di Firenze; Roberto Santaniello, consigliere speciale DG COMM Media e Comunicazione presso la Rappresentanza della Commissione europea, e Andi Shehu, ricercatore in Storia economica contemporanea presso l\u2019Istituto Universitario Europeo.  All\u2019imbrunire, la Piazza delle Murate si immerger\u00e0 nel blu della bandiera europea con Immerse yourself in the blue, un\u2019esperienza immersiva visuale che accender\u00e0 il nostro spirito di cittadini europei. Alle 21.00, sempre in piazza, arriver\u00e0 il momento di TuinEuropa \u2013 YouinEU: il progetto, che ha Fondazione Sistema Toscana come capofila, vede la realizzazione di flashmob in giro per la Toscana per riflettere sul rapporto tra l\u2019Unione Europea e i suoi cittadini. L\u2019evento musicale della serata \u00e8 invece affidato ai Loren, gruppo fiorentino dal sound internazionale che nel 2017 \u00e8 stato scelto tra gli artisti del concerto del Primo Maggio di Piazza San Giovanni a Roma.  La lunga notte proseguir\u00e0 anche il 10 maggio, con l\u2019iniziativa \u201cEsilio e diritto d\u2019asilo\u201d, una riflessione che si svilupper\u00e0 a partire dal volume di Testimonianze \u201cFigure dall\u2019esilio\u201d. Parteciperanno Vittoria Franco, filosofa e gi\u00e0 senatrice della Repubblica; Valentina Pagliai, collaboratrice del Robert F. Kennedy Human Rights Italia; Severino Saccardi, direttore di Testimonianze; Simone Siliani, direttore della Fondazione culturale Responsabilit\u00e0 Etica e codirettore di Testimonianze e Jacopo Storni, giornalista del Corriere fiorentino e scrittore.   Tutti gli eventi della Notte Blu sono ad ingresso gratuito. Per maggiori info www.edfirenze.eu e europedirect@comune.fi.it\">www.edfirenze.eu<\/a> e europedirect@comune.fi.it<\/strong><\/p>\n","protected":false},"excerpt":{"rendered":"<p>L\u2019evento, che quest\u2019anno \u00e8 giunto alla decima edizione, rientra nel palinsesto del Festival d\u2019Europa e si svolger\u00e0 all\u2019interno del Complesso delle Murate<\/p>\n","protected":false},"author":525,"featured_media":102189,"comment_status":"open","ping_status":"open","sticky":false,"template":"","format":"standard","meta":{"_acf_changed":false,"footnotes":""},"categories":[494,7],"tags":[],"class_list":["post-64726","post","type-post","status-publish","format-standard","has-post-thumbnail","hentry","category-attualita","category-societa"],"acf":[],"yoast_head":"<!-- This site is optimized with the Yoast SEO Premium plugin v24.2 (Yoast SEO v25.6) - https:\/\/yoast.com\/wordpress\/plugins\/seo\/ -->\n<title>Notte Blu 2019: la festa dell\u2019Europa torna a Firenze il 9 e 10 maggio - intoscana<\/title>\n<meta name=\"description\" content=\"L\u2019evento giunge quest&#039;anno alla decima edizione: si svolger\u00e0 all&#039;interno del Complesso delle Murate ed \u00e8 parte del palinsesto del Festival d\u2019Europa\" \/>\n<meta name=\"robots\" content=\"index, follow, max-snippet:-1, max-image-preview:large, max-video-preview:-1\" \/>\n<link rel=\"canonical\" href=\"https:\/\/www.intoscana.it\/it\/notte-blu-2019-la-festa-delleuropa-torna-a-firenze-il-9-e-10-maggio\/\" \/>\n<meta property=\"og:locale\" content=\"it_IT\" \/>\n<meta property=\"og:type\" content=\"article\" \/>\n<meta property=\"og:title\" content=\"Notte Blu 2019: la festa dell\u2019Europa torna a Firenze il 9 e 10 maggio\" \/>\n<meta property=\"og:description\" content=\"L\u2019evento giunge quest&#039;anno alla decima edizione: si svolger\u00e0 all&#039;interno del Complesso delle Murate ed \u00e8 parte del palinsesto del Festival d\u2019Europa\" \/>\n<meta property=\"og:url\" content=\"https:\/\/www.intoscana.it\/it\/notte-blu-2019-la-festa-delleuropa-torna-a-firenze-il-9-e-10-maggio\/\" \/>\n<meta property=\"og:site_name\" content=\"intoscana\" \/>\n<meta property=\"article:publisher\" content=\"https:\/\/www.facebook.com\/intoscana.it\" \/>\n<meta property=\"article:published_time\" content=\"2019-04-29T15:07:21+00:00\" \/>\n<meta property=\"article:modified_time\" content=\"2020-05-18T07:43:13+00:00\" \/>\n<meta property=\"og:image\" content=\"https:\/\/www.intoscana.it\/wp-content\/uploads\/18423096_1414658345244794_5062196165997952330_o.jpg\" \/>\n\t<meta property=\"og:image:width\" content=\"2000\" \/>\n\t<meta property=\"og:image:height\" content=\"1333\" \/>\n\t<meta property=\"og:image:type\" content=\"image\/jpeg\" \/>\n<meta name=\"author\" content=\"Redazione\" \/>\n<meta name=\"twitter:card\" content=\"summary_large_image\" \/>\n<meta name=\"twitter:creator\" content=\"@intoscana\" \/>\n<meta name=\"twitter:site\" content=\"@intoscana\" \/>\n<meta name=\"twitter:label1\" content=\"Written by\" \/>\n\t<meta name=\"twitter:data1\" content=\"Redazione\" \/>\n\t<meta name=\"twitter:label2\" content=\"Est. reading time\" \/>\n\t<meta name=\"twitter:data2\" content=\"3 minuti\" \/>\n<script type=\"application\/ld+json\" class=\"yoast-schema-graph\">{\"@context\":\"https:\/\/schema.org\",\"@graph\":[{\"@type\":\"WebPage\",\"@id\":\"https:\/\/www.intoscana.it\/it\/notte-blu-2019-la-festa-delleuropa-torna-a-firenze-il-9-e-10-maggio\/\",\"url\":\"https:\/\/www.intoscana.it\/it\/notte-blu-2019-la-festa-delleuropa-torna-a-firenze-il-9-e-10-maggio\/\",\"name\":\"Notte Blu 2019: la festa dell\u2019Europa torna a Firenze il 9 e 10 maggio - intoscana\",\"isPartOf\":{\"@id\":\"https:\/\/www.intoscana.it\/it\/#website\"},\"primaryImageOfPage\":{\"@id\":\"https:\/\/www.intoscana.it\/it\/notte-blu-2019-la-festa-delleuropa-torna-a-firenze-il-9-e-10-maggio\/#primaryimage\"},\"image\":{\"@id\":\"https:\/\/www.intoscana.it\/it\/notte-blu-2019-la-festa-delleuropa-torna-a-firenze-il-9-e-10-maggio\/#primaryimage\"},\"thumbnailUrl\":\"https:\/\/www.intoscana.it\/wp-content\/uploads\/18423096_1414658345244794_5062196165997952330_o.jpg\",\"datePublished\":\"2019-04-29T15:07:21+00:00\",\"dateModified\":\"2020-05-18T07:43:13+00:00\",\"author\":{\"@id\":\"https:\/\/www.intoscana.it\/it\/#\/schema\/person\/9223810753230f20bd670fdd322661f8\"},\"description\":\"L\u2019evento giunge quest'anno alla decima edizione: si svolger\u00e0 all'interno del Complesso delle Murate ed \u00e8 parte del palinsesto del Festival d\u2019Europa\",\"breadcrumb\":{\"@id\":\"https:\/\/www.intoscana.it\/it\/notte-blu-2019-la-festa-delleuropa-torna-a-firenze-il-9-e-10-maggio\/#breadcrumb\"},\"inLanguage\":\"it-IT\",\"potentialAction\":[{\"@type\":\"ReadAction\",\"target\":[\"https:\/\/www.intoscana.it\/it\/notte-blu-2019-la-festa-delleuropa-torna-a-firenze-il-9-e-10-maggio\/\"]}]},{\"@type\":\"ImageObject\",\"inLanguage\":\"it-IT\",\"@id\":\"https:\/\/www.intoscana.it\/it\/notte-blu-2019-la-festa-delleuropa-torna-a-firenze-il-9-e-10-maggio\/#primaryimage\",\"url\":\"https:\/\/www.intoscana.it\/wp-content\/uploads\/18423096_1414658345244794_5062196165997952330_o.jpg\",\"contentUrl\":\"https:\/\/www.intoscana.it\/wp-content\/uploads\/18423096_1414658345244794_5062196165997952330_o.jpg\",\"width\":2000,\"height\":1333},{\"@type\":\"BreadcrumbList\",\"@id\":\"https:\/\/www.intoscana.it\/it\/notte-blu-2019-la-festa-delleuropa-torna-a-firenze-il-9-e-10-maggio\/#breadcrumb\",\"itemListElement\":[{\"@type\":\"ListItem\",\"position\":1,\"name\":\"Home\",\"item\":\"https:\/\/www.intoscana.it\/it\/\"},{\"@type\":\"ListItem\",\"position\":2,\"name\":\"Notte Blu 2019: la festa dell\u2019Europa torna a Firenze il 9 e 10 maggio\"}]},{\"@type\":\"WebSite\",\"@id\":\"https:\/\/www.intoscana.it\/it\/#website\",\"url\":\"https:\/\/www.intoscana.it\/it\/\",\"name\":\"intoscana\",\"description\":\"\",\"potentialAction\":[{\"@type\":\"SearchAction\",\"target\":{\"@type\":\"EntryPoint\",\"urlTemplate\":\"https:\/\/www.intoscana.it\/it\/?s={search_term_string}\"},\"query-input\":{\"@type\":\"PropertyValueSpecification\",\"valueRequired\":true,\"valueName\":\"search_term_string\"}}],\"inLanguage\":\"it-IT\"},{\"@type\":\"Person\",\"@id\":\"https:\/\/www.intoscana.it\/it\/#\/schema\/person\/9223810753230f20bd670fdd322661f8\",\"name\":\"Redazione\",\"url\":\"https:\/\/www.intoscana.it\/it\/author\/redazione\/\"}]}<\/script>\n<!-- \/ Yoast SEO Premium plugin. -->","yoast_head_json":{"title":"Notte Blu 2019: la festa dell\u2019Europa torna a Firenze il 9 e 10 maggio - intoscana","description":"L\u2019evento giunge quest'anno alla decima edizione: si svolger\u00e0 all'interno del Complesso delle Murate ed \u00e8 parte del palinsesto del Festival d\u2019Europa","robots":{"index":"index","follow":"follow","max-snippet":"max-snippet:-1","max-image-preview":"max-image-preview:large","max-video-preview":"max-video-preview:-1"},"canonical":"https:\/\/www.intoscana.it\/it\/notte-blu-2019-la-festa-delleuropa-torna-a-firenze-il-9-e-10-maggio\/","og_locale":"it_IT","og_type":"article","og_title":"Notte Blu 2019: la festa dell\u2019Europa torna a Firenze il 9 e 10 maggio","og_description":"L\u2019evento giunge quest'anno alla decima edizione: si svolger\u00e0 all'interno del Complesso delle Murate ed \u00e8 parte del palinsesto del Festival d\u2019Europa","og_url":"https:\/\/www.intoscana.it\/it\/notte-blu-2019-la-festa-delleuropa-torna-a-firenze-il-9-e-10-maggio\/","og_site_name":"intoscana","article_publisher":"https:\/\/www.facebook.com\/intoscana.it","article_published_time":"2019-04-29T15:07:21+00:00","article_modified_time":"2020-05-18T07:43:13+00:00","og_image":[{"width":2000,"height":1333,"url":"https:\/\/www.intoscana.it\/wp-content\/uploads\/18423096_1414658345244794_5062196165997952330_o.jpg","type":"image\/jpeg"}],"author":"Redazione","twitter_card":"summary_large_image","twitter_creator":"@intoscana","twitter_site":"@intoscana","twitter_misc":{"Written by":"Redazione","Est. reading time":"3 minuti"},"schema":{"@context":"https:\/\/schema.org","@graph":[{"@type":"WebPage","@id":"https:\/\/www.intoscana.it\/it\/notte-blu-2019-la-festa-delleuropa-torna-a-firenze-il-9-e-10-maggio\/","url":"https:\/\/www.intoscana.it\/it\/notte-blu-2019-la-festa-delleuropa-torna-a-firenze-il-9-e-10-maggio\/","name":"Notte Blu 2019: la festa dell\u2019Europa torna a Firenze il 9 e 10 maggio - intoscana","isPartOf":{"@id":"https:\/\/www.intoscana.it\/it\/#website"},"primaryImageOfPage":{"@id":"https:\/\/www.intoscana.it\/it\/notte-blu-2019-la-festa-delleuropa-torna-a-firenze-il-9-e-10-maggio\/#primaryimage"},"image":{"@id":"https:\/\/www.intoscana.it\/it\/notte-blu-2019-la-festa-delleuropa-torna-a-firenze-il-9-e-10-maggio\/#primaryimage"},"thumbnailUrl":"https:\/\/www.intoscana.it\/wp-content\/uploads\/18423096_1414658345244794_5062196165997952330_o.jpg","datePublished":"2019-04-29T15:07:21+00:00","dateModified":"2020-05-18T07:43:13+00:00","author":{"@id":"https:\/\/www.intoscana.it\/it\/#\/schema\/person\/9223810753230f20bd670fdd322661f8"},"description":"L\u2019evento giunge quest'anno alla decima edizione: si svolger\u00e0 all'interno del Complesso delle Murate ed \u00e8 parte del palinsesto del Festival d\u2019Europa","breadcrumb":{"@id":"https:\/\/www.intoscana.it\/it\/notte-blu-2019-la-festa-delleuropa-torna-a-firenze-il-9-e-10-maggio\/#breadcrumb"},"inLanguage":"it-IT","potentialAction":[{"@type":"ReadAction","target":["https:\/\/www.intoscana.it\/it\/notte-blu-2019-la-festa-delleuropa-torna-a-firenze-il-9-e-10-maggio\/"]}]},{"@type":"ImageObject","inLanguage":"it-IT","@id":"https:\/\/www.intoscana.it\/it\/notte-blu-2019-la-festa-delleuropa-torna-a-firenze-il-9-e-10-maggio\/#primaryimage","url":"https:\/\/www.intoscana.it\/wp-content\/uploads\/18423096_1414658345244794_5062196165997952330_o.jpg","contentUrl":"https:\/\/www.intoscana.it\/wp-content\/uploads\/18423096_1414658345244794_5062196165997952330_o.jpg","width":2000,"height":1333},{"@type":"BreadcrumbList","@id":"https:\/\/www.intoscana.it\/it\/notte-blu-2019-la-festa-delleuropa-torna-a-firenze-il-9-e-10-maggio\/#breadcrumb","itemListElement":[{"@type":"ListItem","position":1,"name":"Home","item":"https:\/\/www.intoscana.it\/it\/"},{"@type":"ListItem","position":2,"name":"Notte Blu 2019: la festa dell\u2019Europa torna a Firenze il 9 e 10 maggio"}]},{"@type":"WebSite","@id":"https:\/\/www.intoscana.it\/it\/#website","url":"https:\/\/www.intoscana.it\/it\/","name":"intoscana","description":"","potentialAction":[{"@type":"SearchAction","target":{"@type":"EntryPoint","urlTemplate":"https:\/\/www.intoscana.it\/it\/?s={search_term_string}"},"query-input":{"@type":"PropertyValueSpecification","valueRequired":true,"valueName":"search_term_string"}}],"inLanguage":"it-IT"},{"@type":"Person","@id":"https:\/\/www.intoscana.it\/it\/#\/schema\/person\/9223810753230f20bd670fdd322661f8","name":"Redazione","url":"https:\/\/www.intoscana.it\/it\/author\/redazione\/"}]}},"_links":{"self":[{"href":"https:\/\/www.intoscana.it\/it\/wp-json\/wp\/v2\/posts\/64726","targetHints":{"allow":["GET"]}}],"collection":[{"href":"https:\/\/www.intoscana.it\/it\/wp-json\/wp\/v2\/posts"}],"about":[{"href":"https:\/\/www.intoscana.it\/it\/wp-json\/wp\/v2\/types\/post"}],"author":[{"embeddable":true,"href":"https:\/\/www.intoscana.it\/it\/wp-json\/wp\/v2\/users\/525"}],"replies":[{"embeddable":true,"href":"https:\/\/www.intoscana.it\/it\/wp-json\/wp\/v2\/comments?post=64726"}],"version-history":[{"count":0,"href":"https:\/\/www.intoscana.it\/it\/wp-json\/wp\/v2\/posts\/64726\/revisions"}],"wp:featuredmedia":[{"embeddable":true,"href":"https:\/\/www.intoscana.it\/it\/wp-json\/wp\/v2\/media\/102189"}],"wp:attachment":[{"href":"https:\/\/www.intoscana.it\/it\/wp-json\/wp\/v2\/media?parent=64726"}],"wp:term":[{"taxonomy":"category","embeddable":true,"href":"https:\/\/www.intoscana.it\/it\/wp-json\/wp\/v2\/categories?post=64726"},{"taxonomy":"post_tag","embeddable":true,"href":"https:\/\/www.intoscana.it\/it\/wp-json\/wp\/v2\/tags?post=64726"}],"curies":[{"name":"wp","href":"https:\/\/api.w.org\/{rel}","templated":true}]}}