{"id":64739,"date":"2019-06-29T09:55:59","date_gmt":"2019-06-29T09:55:59","guid":{"rendered":"http:\/\/www.intoscana.it\/disabili-dalla-regione-400-000-euro-per-favorire-la-mobilita-individuale\/"},"modified":"2020-05-19T16:01:45","modified_gmt":"2020-05-19T14:01:45","slug":"disabili-regione-toscana-autonomia","status":"publish","type":"post","link":"https:\/\/www.intoscana.it\/it\/disabili-regione-toscana-autonomia\/","title":{"rendered":"Disabili, dalla Regione 400.000 euro per favorire la mobilit\u00e0 individuale"},"content":{"rendered":"<p><strong>Acquisto di autoveicoli nuovi o usati, adattati o da adattare,<\/strong> modifica degli strumenti di guida, per il trasporto delle persone con disabilit\u00e0, conseguimento delle <strong>patenti di guida delle categorie A, B e C speciali.<\/strong> A tutto questo \u00e8 destinato il contributo di 400.000 che la Regione mette a disposizione per il 2019 e 2020 per favorire la mobilit\u00e0 delle persone disabili. Lo prevede una delibera presentata dall&#8217;<strong>assessore al diritto alla salute e al sociale Stefania Saccardi e approvata dalla giunta nel corso dell&#8217;ultima seduta.<\/strong><\/p>\n<p>&#8220;Con questa delibera \u2013 spiega l&#8217;assessore Saccardi \u2013 abbiamo voluto varare una misura di sostegno finanziario, di carattere sperimentale, per <strong>favorire il pi\u00f9 possibile la mobilit\u00e0 delle persone con disabilit\u00e0.<\/strong> Questo \u00e8 uno dei tanti provvedimenti con i quali la Regione intende promuovere l&#8217;autonomia e la vita indipendente dei disabili&#8221;.<\/p>\n<p>La gestione di tutti i procedimenti relativi all&#8217;erogazione dei contributi \u00e8 affidata al <strong>Centro Regionale per l&#8217;Accessibilit\u00e0 <a href=\"http:\/\/open.toscana.it\/web\/toscana-accessibile\/cra-centro-regionale-accessibilita\">http:\/\/open.toscana.it\/web\/toscana-accessibile\/cra-centro-regionale-accessibilita<\/a><\/strong> (CRA) che risiede nella Asl Toscana centro.<\/p>\n<p>Entro 60 giorni dall&#8217;approvazione della delibera, la Asl Toscana centro dovr\u00e0 pubblicare un avviso pubblico, articolato in due finestre di apertura: la prima, collocata nel 2019, si riferisce alle domande che riguardano<strong> le spese sostenute dal 1\u00b0 gennaio al 31 dicembre 2018;<\/strong> la seconda, collocata nel primo trimestre del 2020, si riferisce alle domande che riguardano<strong> le spese sostenute dal 1\u00b0 gennaio al 31 dicembre 2019.<\/strong><\/p>\n<p><strong>Possono presentare la domanda le persone con disabilit\u00e0 motoria permanente, i genitori o componenti del nucleo familiare.<\/strong> I requisiti necessari: essere residente in Toscana; non aver presentato domanda di contributo per le stesse finalit\u00e0 nei 24 mesi precedenti ad altre pubbliche amministrazioni; essere in possesso di patente di guida di categoria A, B o C speciale, con indicazione delle modifiche da apportare sul veicolo; avere un valore dell&#8217;indicatore Isee riferito al nucleo familare del beneficiario non superiore a 36.000 euro.<\/p>\n<p>Le domande saranno oggetto di un&#8217;apposita istruttoria da parte del CRA, che determiner\u00e0 il contributo spettante; <strong>entro 30 giorni dalla data di conclusione di ciascuna finestra, verranno redatte le graduatorie,<\/strong> che saranno poi approvate dalla Asl Toscana centro.<\/p>\n<p>Questi i contributi erogabili: fino a un massimo di <strong>1.500 euro<\/strong> per il conseguimento della patente; fino a <strong>18.000 euro<\/strong> per l&#8217;acquisto di autoveicoli nuovi o usati; fino a <strong>20.000 euro<\/strong> per le modifiche degli autoveicoli e\/o degli strumenti di guida.<\/p>\n","protected":false},"excerpt":{"rendered":"<p>Da 1500 a 20 mila euro per l&#8217;acquisto di autoveicoli adattati o da adattare e il conseguimento delle patenti di guida<\/p>\n","protected":false},"author":525,"featured_media":102202,"comment_status":"open","ping_status":"open","sticky":false,"template":"","format":"standard","meta":{"_acf_changed":false,"footnotes":""},"categories":[494,7],"tags":[151],"class_list":["post-64739","post","type-post","status-publish","format-standard","has-post-thumbnail","hentry","category-attualita","category-societa","tag-regione-toscana"],"acf":[],"yoast_head":"<!-- This site is optimized with the Yoast SEO Premium plugin v24.2 (Yoast SEO v25.6) - https:\/\/yoast.com\/wordpress\/plugins\/seo\/ -->\n<title>Disabili, dalla Regione 400.000 euro per favorire la mobilit\u00e0 individuale - intoscana<\/title>\n<meta name=\"robots\" content=\"index, follow, max-snippet:-1, max-image-preview:large, max-video-preview:-1\" \/>\n<link rel=\"canonical\" href=\"https:\/\/www.intoscana.it\/it\/disabili-regione-toscana-autonomia\/\" \/>\n<meta property=\"og:locale\" content=\"it_IT\" \/>\n<meta property=\"og:type\" content=\"article\" \/>\n<meta property=\"og:title\" content=\"Disabili, dalla Regione 400.000 euro per favorire la mobilit\u00e0 individuale\" \/>\n<meta property=\"og:description\" content=\"Da 1500 a 20 mila euro per l&#039;acquisto di autoveicoli adattati o da adattare e il conseguimento delle patenti di guida\" \/>\n<meta property=\"og:url\" content=\"https:\/\/www.intoscana.it\/it\/disabili-regione-toscana-autonomia\/\" \/>\n<meta property=\"og:site_name\" content=\"intoscana\" \/>\n<meta property=\"article:publisher\" content=\"https:\/\/www.facebook.com\/intoscana.it\" \/>\n<meta property=\"article:published_time\" content=\"2019-06-29T09:55:59+00:00\" \/>\n<meta property=\"article:modified_time\" content=\"2020-05-19T14:01:45+00:00\" \/>\n<meta property=\"og:image\" content=\"https:\/\/www.intoscana.it\/wp-content\/uploads\/disabili-2.jpg\" \/>\n\t<meta property=\"og:image:width\" content=\"507\" \/>\n\t<meta property=\"og:image:height\" content=\"338\" \/>\n\t<meta property=\"og:image:type\" content=\"image\/jpeg\" \/>\n<meta name=\"author\" content=\"Redazione\" \/>\n<meta name=\"twitter:card\" content=\"summary_large_image\" \/>\n<meta name=\"twitter:creator\" content=\"@intoscana\" \/>\n<meta name=\"twitter:site\" content=\"@intoscana\" \/>\n<meta name=\"twitter:label1\" content=\"Written by\" \/>\n\t<meta name=\"twitter:data1\" content=\"Redazione\" \/>\n\t<meta name=\"twitter:label2\" content=\"Est. reading time\" \/>\n\t<meta name=\"twitter:data2\" content=\"2 minuti\" \/>\n<script type=\"application\/ld+json\" class=\"yoast-schema-graph\">{\"@context\":\"https:\/\/schema.org\",\"@graph\":[{\"@type\":\"WebPage\",\"@id\":\"https:\/\/www.intoscana.it\/it\/disabili-regione-toscana-autonomia\/\",\"url\":\"https:\/\/www.intoscana.it\/it\/disabili-regione-toscana-autonomia\/\",\"name\":\"Disabili, dalla Regione 400.000 euro per favorire la mobilit\u00e0 individuale - intoscana\",\"isPartOf\":{\"@id\":\"https:\/\/www.intoscana.it\/it\/#website\"},\"primaryImageOfPage\":{\"@id\":\"https:\/\/www.intoscana.it\/it\/disabili-regione-toscana-autonomia\/#primaryimage\"},\"image\":{\"@id\":\"https:\/\/www.intoscana.it\/it\/disabili-regione-toscana-autonomia\/#primaryimage\"},\"thumbnailUrl\":\"https:\/\/www.intoscana.it\/wp-content\/uploads\/disabili-2.jpg\",\"datePublished\":\"2019-06-29T09:55:59+00:00\",\"dateModified\":\"2020-05-19T14:01:45+00:00\",\"author\":{\"@id\":\"https:\/\/www.intoscana.it\/it\/#\/schema\/person\/9223810753230f20bd670fdd322661f8\"},\"breadcrumb\":{\"@id\":\"https:\/\/www.intoscana.it\/it\/disabili-regione-toscana-autonomia\/#breadcrumb\"},\"inLanguage\":\"it-IT\",\"potentialAction\":[{\"@type\":\"ReadAction\",\"target\":[\"https:\/\/www.intoscana.it\/it\/disabili-regione-toscana-autonomia\/\"]}]},{\"@type\":\"ImageObject\",\"inLanguage\":\"it-IT\",\"@id\":\"https:\/\/www.intoscana.it\/it\/disabili-regione-toscana-autonomia\/#primaryimage\",\"url\":\"https:\/\/www.intoscana.it\/wp-content\/uploads\/disabili-2.jpg\",\"contentUrl\":\"https:\/\/www.intoscana.it\/wp-content\/uploads\/disabili-2.jpg\",\"width\":507,\"height\":338},{\"@type\":\"BreadcrumbList\",\"@id\":\"https:\/\/www.intoscana.it\/it\/disabili-regione-toscana-autonomia\/#breadcrumb\",\"itemListElement\":[{\"@type\":\"ListItem\",\"position\":1,\"name\":\"Home\",\"item\":\"https:\/\/www.intoscana.it\/it\/\"},{\"@type\":\"ListItem\",\"position\":2,\"name\":\"Disabili, dalla Regione 400.000 euro per favorire la mobilit\u00e0 individuale\"}]},{\"@type\":\"WebSite\",\"@id\":\"https:\/\/www.intoscana.it\/it\/#website\",\"url\":\"https:\/\/www.intoscana.it\/it\/\",\"name\":\"intoscana\",\"description\":\"\",\"potentialAction\":[{\"@type\":\"SearchAction\",\"target\":{\"@type\":\"EntryPoint\",\"urlTemplate\":\"https:\/\/www.intoscana.it\/it\/?s={search_term_string}\"},\"query-input\":{\"@type\":\"PropertyValueSpecification\",\"valueRequired\":true,\"valueName\":\"search_term_string\"}}],\"inLanguage\":\"it-IT\"},{\"@type\":\"Person\",\"@id\":\"https:\/\/www.intoscana.it\/it\/#\/schema\/person\/9223810753230f20bd670fdd322661f8\",\"name\":\"Redazione\",\"url\":\"https:\/\/www.intoscana.it\/it\/author\/redazione\/\"}]}<\/script>\n<!-- \/ Yoast SEO Premium plugin. -->","yoast_head_json":{"title":"Disabili, dalla Regione 400.000 euro per favorire la mobilit\u00e0 individuale - intoscana","robots":{"index":"index","follow":"follow","max-snippet":"max-snippet:-1","max-image-preview":"max-image-preview:large","max-video-preview":"max-video-preview:-1"},"canonical":"https:\/\/www.intoscana.it\/it\/disabili-regione-toscana-autonomia\/","og_locale":"it_IT","og_type":"article","og_title":"Disabili, dalla Regione 400.000 euro per favorire la mobilit\u00e0 individuale","og_description":"Da 1500 a 20 mila euro per l'acquisto di autoveicoli adattati o da adattare e il conseguimento delle patenti di guida","og_url":"https:\/\/www.intoscana.it\/it\/disabili-regione-toscana-autonomia\/","og_site_name":"intoscana","article_publisher":"https:\/\/www.facebook.com\/intoscana.it","article_published_time":"2019-06-29T09:55:59+00:00","article_modified_time":"2020-05-19T14:01:45+00:00","og_image":[{"width":507,"height":338,"url":"https:\/\/www.intoscana.it\/wp-content\/uploads\/disabili-2.jpg","type":"image\/jpeg"}],"author":"Redazione","twitter_card":"summary_large_image","twitter_creator":"@intoscana","twitter_site":"@intoscana","twitter_misc":{"Written by":"Redazione","Est. reading time":"2 minuti"},"schema":{"@context":"https:\/\/schema.org","@graph":[{"@type":"WebPage","@id":"https:\/\/www.intoscana.it\/it\/disabili-regione-toscana-autonomia\/","url":"https:\/\/www.intoscana.it\/it\/disabili-regione-toscana-autonomia\/","name":"Disabili, dalla Regione 400.000 euro per favorire la mobilit\u00e0 individuale - intoscana","isPartOf":{"@id":"https:\/\/www.intoscana.it\/it\/#website"},"primaryImageOfPage":{"@id":"https:\/\/www.intoscana.it\/it\/disabili-regione-toscana-autonomia\/#primaryimage"},"image":{"@id":"https:\/\/www.intoscana.it\/it\/disabili-regione-toscana-autonomia\/#primaryimage"},"thumbnailUrl":"https:\/\/www.intoscana.it\/wp-content\/uploads\/disabili-2.jpg","datePublished":"2019-06-29T09:55:59+00:00","dateModified":"2020-05-19T14:01:45+00:00","author":{"@id":"https:\/\/www.intoscana.it\/it\/#\/schema\/person\/9223810753230f20bd670fdd322661f8"},"breadcrumb":{"@id":"https:\/\/www.intoscana.it\/it\/disabili-regione-toscana-autonomia\/#breadcrumb"},"inLanguage":"it-IT","potentialAction":[{"@type":"ReadAction","target":["https:\/\/www.intoscana.it\/it\/disabili-regione-toscana-autonomia\/"]}]},{"@type":"ImageObject","inLanguage":"it-IT","@id":"https:\/\/www.intoscana.it\/it\/disabili-regione-toscana-autonomia\/#primaryimage","url":"https:\/\/www.intoscana.it\/wp-content\/uploads\/disabili-2.jpg","contentUrl":"https:\/\/www.intoscana.it\/wp-content\/uploads\/disabili-2.jpg","width":507,"height":338},{"@type":"BreadcrumbList","@id":"https:\/\/www.intoscana.it\/it\/disabili-regione-toscana-autonomia\/#breadcrumb","itemListElement":[{"@type":"ListItem","position":1,"name":"Home","item":"https:\/\/www.intoscana.it\/it\/"},{"@type":"ListItem","position":2,"name":"Disabili, dalla Regione 400.000 euro per favorire la mobilit\u00e0 individuale"}]},{"@type":"WebSite","@id":"https:\/\/www.intoscana.it\/it\/#website","url":"https:\/\/www.intoscana.it\/it\/","name":"intoscana","description":"","potentialAction":[{"@type":"SearchAction","target":{"@type":"EntryPoint","urlTemplate":"https:\/\/www.intoscana.it\/it\/?s={search_term_string}"},"query-input":{"@type":"PropertyValueSpecification","valueRequired":true,"valueName":"search_term_string"}}],"inLanguage":"it-IT"},{"@type":"Person","@id":"https:\/\/www.intoscana.it\/it\/#\/schema\/person\/9223810753230f20bd670fdd322661f8","name":"Redazione","url":"https:\/\/www.intoscana.it\/it\/author\/redazione\/"}]}},"_links":{"self":[{"href":"https:\/\/www.intoscana.it\/it\/wp-json\/wp\/v2\/posts\/64739","targetHints":{"allow":["GET"]}}],"collection":[{"href":"https:\/\/www.intoscana.it\/it\/wp-json\/wp\/v2\/posts"}],"about":[{"href":"https:\/\/www.intoscana.it\/it\/wp-json\/wp\/v2\/types\/post"}],"author":[{"embeddable":true,"href":"https:\/\/www.intoscana.it\/it\/wp-json\/wp\/v2\/users\/525"}],"replies":[{"embeddable":true,"href":"https:\/\/www.intoscana.it\/it\/wp-json\/wp\/v2\/comments?post=64739"}],"version-history":[{"count":0,"href":"https:\/\/www.intoscana.it\/it\/wp-json\/wp\/v2\/posts\/64739\/revisions"}],"wp:featuredmedia":[{"embeddable":true,"href":"https:\/\/www.intoscana.it\/it\/wp-json\/wp\/v2\/media\/102202"}],"wp:attachment":[{"href":"https:\/\/www.intoscana.it\/it\/wp-json\/wp\/v2\/media?parent=64739"}],"wp:term":[{"taxonomy":"category","embeddable":true,"href":"https:\/\/www.intoscana.it\/it\/wp-json\/wp\/v2\/categories?post=64739"},{"taxonomy":"post_tag","embeddable":true,"href":"https:\/\/www.intoscana.it\/it\/wp-json\/wp\/v2\/tags?post=64739"}],"curies":[{"name":"wp","href":"https:\/\/api.w.org\/{rel}","templated":true}]}}