{"id":64744,"date":"2019-11-20T11:19:25","date_gmt":"2019-11-20T11:19:25","guid":{"rendered":"http:\/\/www.intoscana.it\/a-scandicci-nasce-s-o-s-ragazzi-per-aiutare-i-minori-in-difficolta\/"},"modified":"2020-05-19T16:01:46","modified_gmt":"2020-05-19T14:01:46","slug":"s-o-s-ragazzi-scandicci","status":"publish","type":"post","link":"https:\/\/www.intoscana.it\/it\/s-o-s-ragazzi-scandicci\/","title":{"rendered":"A Scandicci nasce &#8216;S.O.S ragazzi&#8217; per aiutare i minori in difficolt\u00e0"},"content":{"rendered":"<p><strong>Un centro per aiutare giovani con difficolt\u00e0 familiari e scolastiche<\/strong> in uno spazio che possa aiutarli a crescere in un ambiente armonioso e spensierato per creare opportunit\u00e0 di aggregazione:<strong> \u00e8 questo l\u2019obiettivo di S.O.S. RAGAZZI,<\/strong> <strong>progetto di crowdfunding ideato da La Melagrana APS<\/strong> che prevede la creazione di <strong>un centro semiresidenziale a Scandicci<\/strong> per accogliere <strong>adolescenti in difficolt\u00e0<\/strong> che hanno bisogno di un punto di riferimento per mantenere la propria rete sociale, educativa e affettiva. <strong>La raccolta fondi ha preso il via sulla<\/strong> <strong>piattaforma di crowdfunding Eppela (<a title=\"www.eppela.com\/sosragazzi\" href=\"http:\/\/www.eppela.com\/sosragazzi\" target=\"_blank\" rel=\"noopener noreferrer\" class=\"broken_link\">www.eppela.com\/sosragazzi<\/a>).&nbsp;<\/strong>Il progetto \u00e8 realizzato all\u2019interno dell\u2019iniziativa <strong>Firenze Crowd,<\/strong> percorso di accompagnamento al crowdfunding sostenuto da Fondazione CR Firenze e da Fondazione il Cuore si Scioglie, in collaborazione con la cooperativa Feel Crowd e la <strong>piattaforma di crowdfunding Eppela.<\/strong><\/p>\n<a class=\"fotogallery\" href=\"#modalgallery\" rel=\"modal:open\">sfoglia la gallery <i class=\"fas fa-chevron-right\"><\/i><\/a>\n    <div class=\"modal\" id=\"modalgallery\">\n        <div class=\"gallery\">\n          <div class=\"galleryimg\">\n            <div class=\"slidegallerybig\"> <div class=\"itemimg\">\n            <div class=\"wrapimg\">\n            <img decoding=\"async\" src=\"https:\/\/www.intoscana.it\/wp-content\/uploads\/progetto-sos-ragazzi_4.jpg\">\n            <\/div>\n            <\/div> <div class=\"itemimg\">\n            <div class=\"wrapimg\">\n            <img decoding=\"async\" src=\"https:\/\/www.intoscana.it\/wp-content\/uploads\/progetto-sos-ragazzi_2.jpg\">\n            <\/div>\n            <\/div> <div class=\"itemimg\">\n            <div class=\"wrapimg\">\n            <img decoding=\"async\" src=\"https:\/\/www.intoscana.it\/wp-content\/uploads\/progetto-sos-ragazzi_1.jpg\">\n            <\/div>\n            <\/div>\n            <\/div>\n          <\/div>\n          <div class=\"asidemenu\">\n            <div class=\"action\">\n              <div class=\"countlidegallery\"><\/div>\n              <div class=\"closegallery\" href=\"#modalgallery\" rel=\"modal:close\"><i class=\"far fa-times\"><\/i><\/div>\n            <\/div>\n            <div class=\"title\">\n              <h2>A Scandicci nasce 'S.O.S ragazzi' per aiutare i minori in difficolt\u00e0<\/h2>\n              <div class=\"socialarticolo\"> \n            <div class=\"contsocialico\">\n              <ul>\n                <li><a target=\"_blank\" href=\"https:\/\/www.facebook.com\/sharer\/sharer.php?u=https:\/\/www.intoscana.it\/it\/s-o-s-ragazzi-scandicci\/\"> <i class=\"fab fa-facebook-f\"><\/i><\/a><\/li>\n                <li><a target=\"_blank\" href=\"https:\/\/twitter.com\/home?status=https:\/\/www.intoscana.it\/it\/s-o-s-ragazzi-scandicci\/\"> <i class=\"fab fa-twitter\"><\/i><\/a><\/li>\n                <li>\n                  <div class=\"shareall\" target=\"_blank\" href=\"\"> <i class=\"fas fa-share-alt\"><\/i><\/div>\n                  <div class=\"sharemore\">\n                    <ul>\n                      <li><a target=\"_blank\" href=\"https:\/\/www.linkedin.com\/shareArticle?url=https:\/\/www.intoscana.it\/it\/s-o-s-ragazzi-scandicci\/\"> <i class=\"fab fa-linkedin\"><\/i><\/a><\/li>\n                      <li><a target=\"_blank\" href=\"http:\/\/www.pinterest.com\/pin\/create\/bookmarklet\/?url=https:\/\/www.intoscana.it\/it\/s-o-s-ragazzi-scandicci\/\"> <i class=\"fab fa-pinterest\"><\/i><\/a><\/li>\n                      <li><a target=\"_blank\" href=\"mailto?subject=A Scandicci nasce &#039;S.O.S ragazzi&#039; per aiutare i minori in difficolt\u00e0&body=https:\/\/www.intoscana.it\/it\/s-o-s-ragazzi-scandicci\/\"> <i class=\"fas fa-envelope\"><\/i><\/a><\/li>\n                    <\/ul>\n                    <div class=\"closesharemore\">\n                    <i class=\"fas fa-times\"><\/i>\n                    <\/div>\n                  <\/div>\n                <\/li>\n              <\/ul>\n            <\/div>\n          <\/div>\n        <\/div>\n          <\/div>\n        <\/div>\n      <\/div>\n<p>La campagna ha come obiettivo economico <strong>20.000\u20ac<\/strong> e <strong>al raggiungimento del 50% del budget Fondazione CR Firenze e Fondazione Il Cuore si scioglie raddoppieranno la cifra raccolta<\/strong>. I fondi raccolti grazie al crowdfunding serviranno per <strong>allestire il centro, per finanziare educatori ed esperti che seguiranno i ragazzi e per l\u2019acquisto dei materiali utili alle attivit\u00e0 educative.<\/strong><\/p>\n<p>I ragazzi che verranno accolti nella <strong>comunit\u00e0 semiresidenziale \u201cMichele Magone\u201d<\/strong> saranno <strong>un massimo di 18 minori al giorno di et\u00e0 compresa tra i 6 e i 14 anni<\/strong>, segnalati dall\u2019associazione stessa oppure anche dai servizi sociali del territorio e saranno seguiti dal al pranzo ai compiti pomeridiani fino ad <strong>attivit\u00e0 ricreative dalle ore 13 fino alle 20.<\/strong><\/p>\n<p>Quest\u2019idea nasce come risposta ad <strong>un\u2019esigenza del territorio per il quale la tutela dell\u2019infanzia e dell\u2019adolescenza ha sempre rappresentato una delle priorit\u00e0<\/strong> nelle politiche sociali e in sinergia con l\u2019attivit\u00e0 dei salesiani di Scandicci che da sempre si propongono di realizzare attivit\u00e0 di prevenzione e di supporto alle famiglie.<\/p>\n<p>Ha dichiarato <strong>Yuna Kashi Zadeh, presidente Melagrana APS:<\/strong> \u201cUn\u2019equipe di educatori metter\u00e0 a disposizione tempo e professionalit\u00e0 per individuare quel \u201cpunto accessibile al bene\u201d che \u00e8, e rester\u00e0 l\u2019orizzonte de la Melagrana APS, <strong>Un gruppo di volontari attivi, pronti a condividere, con passione, le varie sfide che si presenteranno<\/strong>. Una comunit\u00e0 \u201ceducativa\u201d che accompagna, come una famiglia, in questo lungo e meraviglioso cammino. T<strong>utto con un obiettivo ben preciso: la Relazione.<\/strong> Con noi stessi, con gli altri e col mondo. Solo cos\u00ec quella corda non solo vibrer\u00e0, ma potr\u00e0 iniziare a suonare\u201d.<\/p>\n<p><strong>La Melagrana APS di Scandicci<\/strong> ha finalit\u00e0 di solidariet\u00e0 sociale a sostegno di persone svantaggiate. Adoperano perch\u00e9 si sviluppi la<strong> solidariet\u00e0 tra individui, soprattutto per e tra i giovani,<\/strong> tenendo presente la dimensione fondamentale della famiglia e la dignit\u00e0 di ciascuno in quanto persona. Promuovono progetti ed interventi di sostegno indirizzati alle nuove frontiere della povert\u00e0 dei giovani, del disagio minorile, a sostegno delle famiglie in difficolt\u00e0 e per l\u2019integrazione delle persone diversamente abili. <strong>Lo scopo \u00e8 formare, istruire, sostenere in modo concreto e diversificato ed anche economicamente persone e famiglie con disagio<\/strong> per combattere le situazioni di solitudine, di emarginazione e di ignoranza, contribuendo nel proprio piccolo alla crescita di una societ\u00e0 attenta al vero bene delle persone.<\/p>\n","protected":false},"excerpt":{"rendered":"<p>La campagna di crowdfunding, ideata da La Melagrana APS si pone l\u2019obiettivo di formare una struttura in grado di accogliere minori in difficolt\u00e0 e aiutarli a mantenere la propria rete sociale, educativa e affettiva<\/p>\n","protected":false},"author":525,"featured_media":102207,"comment_status":"open","ping_status":"open","sticky":false,"template":"","format":"standard","meta":{"_acf_changed":false,"footnotes":""},"categories":[494,7],"tags":[401],"class_list":["post-64744","post","type-post","status-publish","format-standard","has-post-thumbnail","hentry","category-attualita","category-societa","tag-scandicci"],"acf":[],"yoast_head":"<!-- This site is optimized with the Yoast SEO Premium plugin v24.2 (Yoast SEO v25.6) - https:\/\/yoast.com\/wordpress\/plugins\/seo\/ -->\n<title>A Scandicci nasce &#039;S.O.S ragazzi&#039; per aiutare i minori in difficolt\u00e0 - intoscana<\/title>\n<meta name=\"robots\" content=\"index, follow, max-snippet:-1, max-image-preview:large, max-video-preview:-1\" \/>\n<link rel=\"canonical\" href=\"https:\/\/www.intoscana.it\/it\/s-o-s-ragazzi-scandicci\/\" \/>\n<meta property=\"og:locale\" content=\"it_IT\" \/>\n<meta property=\"og:type\" content=\"article\" \/>\n<meta property=\"og:title\" content=\"A Scandicci nasce &#039;S.O.S ragazzi&#039; per aiutare i minori in difficolt\u00e0\" \/>\n<meta property=\"og:description\" content=\"La campagna di crowdfunding, ideata da La Melagrana APS si pone l\u2019obiettivo di formare una struttura in grado di accogliere minori in difficolt\u00e0 e aiutarli a mantenere la propria rete sociale, educativa e affettiva\" \/>\n<meta property=\"og:url\" content=\"https:\/\/www.intoscana.it\/it\/s-o-s-ragazzi-scandicci\/\" \/>\n<meta property=\"og:site_name\" content=\"intoscana\" \/>\n<meta property=\"article:publisher\" content=\"https:\/\/www.facebook.com\/intoscana.it\" \/>\n<meta property=\"article:published_time\" content=\"2019-11-20T11:19:25+00:00\" \/>\n<meta property=\"article:modified_time\" content=\"2020-05-19T14:01:46+00:00\" \/>\n<meta property=\"og:image\" content=\"https:\/\/www.intoscana.it\/wp-content\/uploads\/progetto-sos-ragazzi_3.jpg\" \/>\n\t<meta property=\"og:image:width\" content=\"1024\" \/>\n\t<meta property=\"og:image:height\" content=\"683\" \/>\n\t<meta property=\"og:image:type\" content=\"image\/jpeg\" \/>\n<meta name=\"author\" content=\"Redazione\" \/>\n<meta name=\"twitter:card\" content=\"summary_large_image\" \/>\n<meta name=\"twitter:creator\" content=\"@intoscana\" \/>\n<meta name=\"twitter:site\" content=\"@intoscana\" \/>\n<meta name=\"twitter:label1\" content=\"Written by\" \/>\n\t<meta name=\"twitter:data1\" content=\"Redazione\" \/>\n\t<meta name=\"twitter:label2\" content=\"Est. reading time\" \/>\n\t<meta name=\"twitter:data2\" content=\"3 minuti\" \/>\n<script type=\"application\/ld+json\" class=\"yoast-schema-graph\">{\"@context\":\"https:\/\/schema.org\",\"@graph\":[{\"@type\":\"WebPage\",\"@id\":\"https:\/\/www.intoscana.it\/it\/s-o-s-ragazzi-scandicci\/\",\"url\":\"https:\/\/www.intoscana.it\/it\/s-o-s-ragazzi-scandicci\/\",\"name\":\"A Scandicci nasce 'S.O.S ragazzi' per aiutare i minori in difficolt\u00e0 - intoscana\",\"isPartOf\":{\"@id\":\"https:\/\/www.intoscana.it\/it\/#website\"},\"primaryImageOfPage\":{\"@id\":\"https:\/\/www.intoscana.it\/it\/s-o-s-ragazzi-scandicci\/#primaryimage\"},\"image\":{\"@id\":\"https:\/\/www.intoscana.it\/it\/s-o-s-ragazzi-scandicci\/#primaryimage\"},\"thumbnailUrl\":\"https:\/\/www.intoscana.it\/wp-content\/uploads\/progetto-sos-ragazzi_3.jpg\",\"datePublished\":\"2019-11-20T11:19:25+00:00\",\"dateModified\":\"2020-05-19T14:01:46+00:00\",\"author\":{\"@id\":\"https:\/\/www.intoscana.it\/it\/#\/schema\/person\/9223810753230f20bd670fdd322661f8\"},\"breadcrumb\":{\"@id\":\"https:\/\/www.intoscana.it\/it\/s-o-s-ragazzi-scandicci\/#breadcrumb\"},\"inLanguage\":\"it-IT\",\"potentialAction\":[{\"@type\":\"ReadAction\",\"target\":[\"https:\/\/www.intoscana.it\/it\/s-o-s-ragazzi-scandicci\/\"]}]},{\"@type\":\"ImageObject\",\"inLanguage\":\"it-IT\",\"@id\":\"https:\/\/www.intoscana.it\/it\/s-o-s-ragazzi-scandicci\/#primaryimage\",\"url\":\"https:\/\/www.intoscana.it\/wp-content\/uploads\/progetto-sos-ragazzi_3.jpg\",\"contentUrl\":\"https:\/\/www.intoscana.it\/wp-content\/uploads\/progetto-sos-ragazzi_3.jpg\",\"width\":1024,\"height\":683,\"caption\":\"Progetto SOS Ragazzi\"},{\"@type\":\"BreadcrumbList\",\"@id\":\"https:\/\/www.intoscana.it\/it\/s-o-s-ragazzi-scandicci\/#breadcrumb\",\"itemListElement\":[{\"@type\":\"ListItem\",\"position\":1,\"name\":\"Home\",\"item\":\"https:\/\/www.intoscana.it\/it\/\"},{\"@type\":\"ListItem\",\"position\":2,\"name\":\"A Scandicci nasce &#8216;S.O.S ragazzi&#8217; per aiutare i minori in difficolt\u00e0\"}]},{\"@type\":\"WebSite\",\"@id\":\"https:\/\/www.intoscana.it\/it\/#website\",\"url\":\"https:\/\/www.intoscana.it\/it\/\",\"name\":\"intoscana\",\"description\":\"\",\"potentialAction\":[{\"@type\":\"SearchAction\",\"target\":{\"@type\":\"EntryPoint\",\"urlTemplate\":\"https:\/\/www.intoscana.it\/it\/?s={search_term_string}\"},\"query-input\":{\"@type\":\"PropertyValueSpecification\",\"valueRequired\":true,\"valueName\":\"search_term_string\"}}],\"inLanguage\":\"it-IT\"},{\"@type\":\"Person\",\"@id\":\"https:\/\/www.intoscana.it\/it\/#\/schema\/person\/9223810753230f20bd670fdd322661f8\",\"name\":\"Redazione\",\"url\":\"https:\/\/www.intoscana.it\/it\/author\/redazione\/\"}]}<\/script>\n<!-- \/ Yoast SEO Premium plugin. -->","yoast_head_json":{"title":"A Scandicci nasce 'S.O.S ragazzi' per aiutare i minori in difficolt\u00e0 - intoscana","robots":{"index":"index","follow":"follow","max-snippet":"max-snippet:-1","max-image-preview":"max-image-preview:large","max-video-preview":"max-video-preview:-1"},"canonical":"https:\/\/www.intoscana.it\/it\/s-o-s-ragazzi-scandicci\/","og_locale":"it_IT","og_type":"article","og_title":"A Scandicci nasce 'S.O.S ragazzi' per aiutare i minori in difficolt\u00e0","og_description":"La campagna di crowdfunding, ideata da La Melagrana APS si pone l\u2019obiettivo di formare una struttura in grado di accogliere minori in difficolt\u00e0 e aiutarli a mantenere la propria rete sociale, educativa e affettiva","og_url":"https:\/\/www.intoscana.it\/it\/s-o-s-ragazzi-scandicci\/","og_site_name":"intoscana","article_publisher":"https:\/\/www.facebook.com\/intoscana.it","article_published_time":"2019-11-20T11:19:25+00:00","article_modified_time":"2020-05-19T14:01:46+00:00","og_image":[{"width":1024,"height":683,"url":"https:\/\/www.intoscana.it\/wp-content\/uploads\/progetto-sos-ragazzi_3.jpg","type":"image\/jpeg"}],"author":"Redazione","twitter_card":"summary_large_image","twitter_creator":"@intoscana","twitter_site":"@intoscana","twitter_misc":{"Written by":"Redazione","Est. reading time":"3 minuti"},"schema":{"@context":"https:\/\/schema.org","@graph":[{"@type":"WebPage","@id":"https:\/\/www.intoscana.it\/it\/s-o-s-ragazzi-scandicci\/","url":"https:\/\/www.intoscana.it\/it\/s-o-s-ragazzi-scandicci\/","name":"A Scandicci nasce 'S.O.S ragazzi' per aiutare i minori in difficolt\u00e0 - intoscana","isPartOf":{"@id":"https:\/\/www.intoscana.it\/it\/#website"},"primaryImageOfPage":{"@id":"https:\/\/www.intoscana.it\/it\/s-o-s-ragazzi-scandicci\/#primaryimage"},"image":{"@id":"https:\/\/www.intoscana.it\/it\/s-o-s-ragazzi-scandicci\/#primaryimage"},"thumbnailUrl":"https:\/\/www.intoscana.it\/wp-content\/uploads\/progetto-sos-ragazzi_3.jpg","datePublished":"2019-11-20T11:19:25+00:00","dateModified":"2020-05-19T14:01:46+00:00","author":{"@id":"https:\/\/www.intoscana.it\/it\/#\/schema\/person\/9223810753230f20bd670fdd322661f8"},"breadcrumb":{"@id":"https:\/\/www.intoscana.it\/it\/s-o-s-ragazzi-scandicci\/#breadcrumb"},"inLanguage":"it-IT","potentialAction":[{"@type":"ReadAction","target":["https:\/\/www.intoscana.it\/it\/s-o-s-ragazzi-scandicci\/"]}]},{"@type":"ImageObject","inLanguage":"it-IT","@id":"https:\/\/www.intoscana.it\/it\/s-o-s-ragazzi-scandicci\/#primaryimage","url":"https:\/\/www.intoscana.it\/wp-content\/uploads\/progetto-sos-ragazzi_3.jpg","contentUrl":"https:\/\/www.intoscana.it\/wp-content\/uploads\/progetto-sos-ragazzi_3.jpg","width":1024,"height":683,"caption":"Progetto SOS Ragazzi"},{"@type":"BreadcrumbList","@id":"https:\/\/www.intoscana.it\/it\/s-o-s-ragazzi-scandicci\/#breadcrumb","itemListElement":[{"@type":"ListItem","position":1,"name":"Home","item":"https:\/\/www.intoscana.it\/it\/"},{"@type":"ListItem","position":2,"name":"A Scandicci nasce &#8216;S.O.S ragazzi&#8217; per aiutare i minori in difficolt\u00e0"}]},{"@type":"WebSite","@id":"https:\/\/www.intoscana.it\/it\/#website","url":"https:\/\/www.intoscana.it\/it\/","name":"intoscana","description":"","potentialAction":[{"@type":"SearchAction","target":{"@type":"EntryPoint","urlTemplate":"https:\/\/www.intoscana.it\/it\/?s={search_term_string}"},"query-input":{"@type":"PropertyValueSpecification","valueRequired":true,"valueName":"search_term_string"}}],"inLanguage":"it-IT"},{"@type":"Person","@id":"https:\/\/www.intoscana.it\/it\/#\/schema\/person\/9223810753230f20bd670fdd322661f8","name":"Redazione","url":"https:\/\/www.intoscana.it\/it\/author\/redazione\/"}]}},"_links":{"self":[{"href":"https:\/\/www.intoscana.it\/it\/wp-json\/wp\/v2\/posts\/64744","targetHints":{"allow":["GET"]}}],"collection":[{"href":"https:\/\/www.intoscana.it\/it\/wp-json\/wp\/v2\/posts"}],"about":[{"href":"https:\/\/www.intoscana.it\/it\/wp-json\/wp\/v2\/types\/post"}],"author":[{"embeddable":true,"href":"https:\/\/www.intoscana.it\/it\/wp-json\/wp\/v2\/users\/525"}],"replies":[{"embeddable":true,"href":"https:\/\/www.intoscana.it\/it\/wp-json\/wp\/v2\/comments?post=64744"}],"version-history":[{"count":0,"href":"https:\/\/www.intoscana.it\/it\/wp-json\/wp\/v2\/posts\/64744\/revisions"}],"wp:featuredmedia":[{"embeddable":true,"href":"https:\/\/www.intoscana.it\/it\/wp-json\/wp\/v2\/media\/102207"}],"wp:attachment":[{"href":"https:\/\/www.intoscana.it\/it\/wp-json\/wp\/v2\/media?parent=64744"}],"wp:term":[{"taxonomy":"category","embeddable":true,"href":"https:\/\/www.intoscana.it\/it\/wp-json\/wp\/v2\/categories?post=64744"},{"taxonomy":"post_tag","embeddable":true,"href":"https:\/\/www.intoscana.it\/it\/wp-json\/wp\/v2\/tags?post=64744"}],"curies":[{"name":"wp","href":"https:\/\/api.w.org\/{rel}","templated":true}]}}