{"id":64762,"date":"2020-03-06T10:25:55","date_gmt":"2020-03-06T10:25:55","guid":{"rendered":"http:\/\/www.intoscana.it\/maltempo-dalla-regione-44-milioni-alle-imprese-danneggiate-nel-2019\/"},"modified":"2020-05-19T16:01:49","modified_gmt":"2020-05-19T14:01:49","slug":"maltempo-danni-2019","status":"publish","type":"post","link":"https:\/\/www.intoscana.it\/it\/maltempo-danni-2019\/","title":{"rendered":"Maltempo: dalla Regione 4,4 milioni alle imprese danneggiate nel 2019"},"content":{"rendered":"<p><strong>In totale ammontano a 4,4 milioni di euro le risorse messa a disposizione dalla Regione Toscana per le imprese colpite dall&#8217;evento calamitoso del 27-28 luglio dell&#8217;anno scorso,<\/strong> quando precipitazioni temporalesche violente e persistenti, associate a grandinate e vento forte colpirono varie zone della Toscana, in particolare nelle province di Arezzo e di Firenze.&nbsp; La Regione ha potuto attivare queste risorse provenienti dal Piano di sviluppo rurale a seguito del decreto del Ministero delle Politiche Agricole Alimentari e Forestali con il quale \u00e8 stato riconosciuto per quell&#8217;evento il carattere di avversit\u00e0 atmosferica assimilabile a calamit\u00e0 naturale.<\/p>\n<p><strong>I comuni interessati sono 13, di cui 10 in provincia di Arezzo e tre in quella di Firenze<\/strong>. I comuni aretini sono Arezzo, Anghiari, Monterchi, Sansepolcro, Monte San Savino, Civitella in Val di Chiana, Marciano della Chiana, Lucignano, Castiglione Fiorentino, Foiano della Chiana, quelli della provincia di Firenze, Castelfiorentino, Certaldo e Gambassi Terme. <strong>Le imprese agricole con sede in questi comuni potranno accedere al bando<\/strong> della misura 5.2 del Piano di Sviluppo Rurale della Regione Toscana che riconosce la copertura del danno subito, fino ad massimo di 200mila euro, purch\u00e9 questo rappresenti almeno il 30% del potenziale produttivo dell&#8217;impresa. Gli interventi finanziabili, con copertura fino al 100%, riguardano, tra l&#8217;altro, il ripristino delle strutture aziendali danneggiate, l&#8217;acquisto di impianti, macchinari e attrezzature distrutte, il ripristino degli impianti frutticoli ed olivicoli.<\/p>\n<p><strong>&#8220;Siamo soddisfatti di aver potuto attivare un quantitativo di risorse significative per tutte quelle aziende che furono travolte da quell&#8217;improvvisa ondata di maltempo&#8221;<\/strong>, spiega l&#8217;assessore regionale all&#8217;agricoltura Marco Remaschi. &#8220;Grazie a questo stanziamento &#8211; prosegue &#8211; si realizzer\u00e0 un intervento importante per riattivare e rilanciare l&#8217;economia di aree agricole fondamentali per il territorio toscano&#8221;.<\/p>\n<p>&#8220;Ringrazio il collega Remaschi &#8211; ha aggiunto l&#8217;assessore regionale al governo del territorio Vincenzo Ceccarelli &#8211; Si tratta di misure importanti che danno sostegno alle aziende di un settore strategico per lo sviluppo del territorio. Le imprese agricole, che erano state duramente colpite e danneggiate dall&#8217;alluvione, attendevano queste misure e la Regione ha risposto dimostrando attenzione alle loro esigenze&#8221;.<strong> Il bando sar\u00e0 pubblicato a breve sul bollettino ufficiale della Regione Toscana e rimarr\u00e0 aperto fino alle ore 13 del 30 giugno 2020.<\/strong><\/p>\n","protected":false},"excerpt":{"rendered":"<p>Le risorse stanziate per i danni del 27-28 luglio dello scorso anno e riguardano dieci comuni nell&#8217;Aretino e tre in Val d&#8217;Elsa colpiti<\/p>\n","protected":false},"author":525,"featured_media":102225,"comment_status":"open","ping_status":"open","sticky":false,"template":"","format":"standard","meta":{"_acf_changed":false,"footnotes":""},"categories":[9],"tags":[267],"class_list":["post-64762","post","type-post","status-publish","format-standard","has-post-thumbnail","hentry","category-made-in-toscana","tag-imprese"],"acf":[],"yoast_head":"<!-- This site is optimized with the Yoast SEO Premium plugin v24.2 (Yoast SEO v25.6) - https:\/\/yoast.com\/wordpress\/plugins\/seo\/ -->\n<title>Maltempo: dalla Regione 4,4 milioni alle imprese danneggiate nel 2019 - intoscana<\/title>\n<meta name=\"robots\" content=\"index, follow, max-snippet:-1, max-image-preview:large, max-video-preview:-1\" \/>\n<link rel=\"canonical\" href=\"https:\/\/www.intoscana.it\/it\/maltempo-danni-2019\/\" \/>\n<meta property=\"og:locale\" content=\"it_IT\" \/>\n<meta property=\"og:type\" content=\"article\" \/>\n<meta property=\"og:title\" content=\"Maltempo: dalla Regione 4,4 milioni alle imprese danneggiate nel 2019\" \/>\n<meta property=\"og:description\" content=\"Le risorse stanziate per i danni del 27-28 luglio dello scorso anno e riguardano dieci comuni nell&#039;Aretino e tre in Val d&#039;Elsa colpiti\" \/>\n<meta property=\"og:url\" content=\"https:\/\/www.intoscana.it\/it\/maltempo-danni-2019\/\" \/>\n<meta property=\"og:site_name\" content=\"intoscana\" \/>\n<meta property=\"article:publisher\" content=\"https:\/\/www.facebook.com\/intoscana.it\" \/>\n<meta property=\"article:published_time\" content=\"2020-03-06T10:25:55+00:00\" \/>\n<meta property=\"article:modified_time\" content=\"2020-05-19T14:01:49+00:00\" \/>\n<meta property=\"og:image\" content=\"https:\/\/www.intoscana.it\/wp-content\/uploads\/maltempo-alluvione.jpg\" \/>\n\t<meta property=\"og:image:width\" content=\"1024\" \/>\n\t<meta property=\"og:image:height\" content=\"768\" \/>\n\t<meta property=\"og:image:type\" content=\"image\/jpeg\" \/>\n<meta name=\"author\" content=\"Redazione\" \/>\n<meta name=\"twitter:card\" content=\"summary_large_image\" \/>\n<meta name=\"twitter:creator\" content=\"@intoscana\" \/>\n<meta name=\"twitter:site\" content=\"@intoscana\" \/>\n<meta name=\"twitter:label1\" content=\"Written by\" \/>\n\t<meta name=\"twitter:data1\" content=\"Redazione\" \/>\n\t<meta name=\"twitter:label2\" content=\"Est. reading time\" \/>\n\t<meta name=\"twitter:data2\" content=\"2 minuti\" \/>\n<script type=\"application\/ld+json\" class=\"yoast-schema-graph\">{\"@context\":\"https:\/\/schema.org\",\"@graph\":[{\"@type\":\"WebPage\",\"@id\":\"https:\/\/www.intoscana.it\/it\/maltempo-danni-2019\/\",\"url\":\"https:\/\/www.intoscana.it\/it\/maltempo-danni-2019\/\",\"name\":\"Maltempo: dalla Regione 4,4 milioni alle imprese danneggiate nel 2019 - intoscana\",\"isPartOf\":{\"@id\":\"https:\/\/www.intoscana.it\/it\/#website\"},\"primaryImageOfPage\":{\"@id\":\"https:\/\/www.intoscana.it\/it\/maltempo-danni-2019\/#primaryimage\"},\"image\":{\"@id\":\"https:\/\/www.intoscana.it\/it\/maltempo-danni-2019\/#primaryimage\"},\"thumbnailUrl\":\"https:\/\/www.intoscana.it\/wp-content\/uploads\/maltempo-alluvione.jpg\",\"datePublished\":\"2020-03-06T10:25:55+00:00\",\"dateModified\":\"2020-05-19T14:01:49+00:00\",\"author\":{\"@id\":\"https:\/\/www.intoscana.it\/it\/#\/schema\/person\/9223810753230f20bd670fdd322661f8\"},\"breadcrumb\":{\"@id\":\"https:\/\/www.intoscana.it\/it\/maltempo-danni-2019\/#breadcrumb\"},\"inLanguage\":\"it-IT\",\"potentialAction\":[{\"@type\":\"ReadAction\",\"target\":[\"https:\/\/www.intoscana.it\/it\/maltempo-danni-2019\/\"]}]},{\"@type\":\"ImageObject\",\"inLanguage\":\"it-IT\",\"@id\":\"https:\/\/www.intoscana.it\/it\/maltempo-danni-2019\/#primaryimage\",\"url\":\"https:\/\/www.intoscana.it\/wp-content\/uploads\/maltempo-alluvione.jpg\",\"contentUrl\":\"https:\/\/www.intoscana.it\/wp-content\/uploads\/maltempo-alluvione.jpg\",\"width\":1024,\"height\":768},{\"@type\":\"BreadcrumbList\",\"@id\":\"https:\/\/www.intoscana.it\/it\/maltempo-danni-2019\/#breadcrumb\",\"itemListElement\":[{\"@type\":\"ListItem\",\"position\":1,\"name\":\"Home\",\"item\":\"https:\/\/www.intoscana.it\/it\/\"},{\"@type\":\"ListItem\",\"position\":2,\"name\":\"Maltempo: dalla Regione 4,4 milioni alle imprese danneggiate nel 2019\"}]},{\"@type\":\"WebSite\",\"@id\":\"https:\/\/www.intoscana.it\/it\/#website\",\"url\":\"https:\/\/www.intoscana.it\/it\/\",\"name\":\"intoscana\",\"description\":\"\",\"potentialAction\":[{\"@type\":\"SearchAction\",\"target\":{\"@type\":\"EntryPoint\",\"urlTemplate\":\"https:\/\/www.intoscana.it\/it\/?s={search_term_string}\"},\"query-input\":{\"@type\":\"PropertyValueSpecification\",\"valueRequired\":true,\"valueName\":\"search_term_string\"}}],\"inLanguage\":\"it-IT\"},{\"@type\":\"Person\",\"@id\":\"https:\/\/www.intoscana.it\/it\/#\/schema\/person\/9223810753230f20bd670fdd322661f8\",\"name\":\"Redazione\",\"url\":\"https:\/\/www.intoscana.it\/it\/author\/redazione\/\"}]}<\/script>\n<!-- \/ Yoast SEO Premium plugin. -->","yoast_head_json":{"title":"Maltempo: dalla Regione 4,4 milioni alle imprese danneggiate nel 2019 - intoscana","robots":{"index":"index","follow":"follow","max-snippet":"max-snippet:-1","max-image-preview":"max-image-preview:large","max-video-preview":"max-video-preview:-1"},"canonical":"https:\/\/www.intoscana.it\/it\/maltempo-danni-2019\/","og_locale":"it_IT","og_type":"article","og_title":"Maltempo: dalla Regione 4,4 milioni alle imprese danneggiate nel 2019","og_description":"Le risorse stanziate per i danni del 27-28 luglio dello scorso anno e riguardano dieci comuni nell'Aretino e tre in Val d'Elsa colpiti","og_url":"https:\/\/www.intoscana.it\/it\/maltempo-danni-2019\/","og_site_name":"intoscana","article_publisher":"https:\/\/www.facebook.com\/intoscana.it","article_published_time":"2020-03-06T10:25:55+00:00","article_modified_time":"2020-05-19T14:01:49+00:00","og_image":[{"width":1024,"height":768,"url":"https:\/\/www.intoscana.it\/wp-content\/uploads\/maltempo-alluvione.jpg","type":"image\/jpeg"}],"author":"Redazione","twitter_card":"summary_large_image","twitter_creator":"@intoscana","twitter_site":"@intoscana","twitter_misc":{"Written by":"Redazione","Est. reading time":"2 minuti"},"schema":{"@context":"https:\/\/schema.org","@graph":[{"@type":"WebPage","@id":"https:\/\/www.intoscana.it\/it\/maltempo-danni-2019\/","url":"https:\/\/www.intoscana.it\/it\/maltempo-danni-2019\/","name":"Maltempo: dalla Regione 4,4 milioni alle imprese danneggiate nel 2019 - intoscana","isPartOf":{"@id":"https:\/\/www.intoscana.it\/it\/#website"},"primaryImageOfPage":{"@id":"https:\/\/www.intoscana.it\/it\/maltempo-danni-2019\/#primaryimage"},"image":{"@id":"https:\/\/www.intoscana.it\/it\/maltempo-danni-2019\/#primaryimage"},"thumbnailUrl":"https:\/\/www.intoscana.it\/wp-content\/uploads\/maltempo-alluvione.jpg","datePublished":"2020-03-06T10:25:55+00:00","dateModified":"2020-05-19T14:01:49+00:00","author":{"@id":"https:\/\/www.intoscana.it\/it\/#\/schema\/person\/9223810753230f20bd670fdd322661f8"},"breadcrumb":{"@id":"https:\/\/www.intoscana.it\/it\/maltempo-danni-2019\/#breadcrumb"},"inLanguage":"it-IT","potentialAction":[{"@type":"ReadAction","target":["https:\/\/www.intoscana.it\/it\/maltempo-danni-2019\/"]}]},{"@type":"ImageObject","inLanguage":"it-IT","@id":"https:\/\/www.intoscana.it\/it\/maltempo-danni-2019\/#primaryimage","url":"https:\/\/www.intoscana.it\/wp-content\/uploads\/maltempo-alluvione.jpg","contentUrl":"https:\/\/www.intoscana.it\/wp-content\/uploads\/maltempo-alluvione.jpg","width":1024,"height":768},{"@type":"BreadcrumbList","@id":"https:\/\/www.intoscana.it\/it\/maltempo-danni-2019\/#breadcrumb","itemListElement":[{"@type":"ListItem","position":1,"name":"Home","item":"https:\/\/www.intoscana.it\/it\/"},{"@type":"ListItem","position":2,"name":"Maltempo: dalla Regione 4,4 milioni alle imprese danneggiate nel 2019"}]},{"@type":"WebSite","@id":"https:\/\/www.intoscana.it\/it\/#website","url":"https:\/\/www.intoscana.it\/it\/","name":"intoscana","description":"","potentialAction":[{"@type":"SearchAction","target":{"@type":"EntryPoint","urlTemplate":"https:\/\/www.intoscana.it\/it\/?s={search_term_string}"},"query-input":{"@type":"PropertyValueSpecification","valueRequired":true,"valueName":"search_term_string"}}],"inLanguage":"it-IT"},{"@type":"Person","@id":"https:\/\/www.intoscana.it\/it\/#\/schema\/person\/9223810753230f20bd670fdd322661f8","name":"Redazione","url":"https:\/\/www.intoscana.it\/it\/author\/redazione\/"}]}},"_links":{"self":[{"href":"https:\/\/www.intoscana.it\/it\/wp-json\/wp\/v2\/posts\/64762","targetHints":{"allow":["GET"]}}],"collection":[{"href":"https:\/\/www.intoscana.it\/it\/wp-json\/wp\/v2\/posts"}],"about":[{"href":"https:\/\/www.intoscana.it\/it\/wp-json\/wp\/v2\/types\/post"}],"author":[{"embeddable":true,"href":"https:\/\/www.intoscana.it\/it\/wp-json\/wp\/v2\/users\/525"}],"replies":[{"embeddable":true,"href":"https:\/\/www.intoscana.it\/it\/wp-json\/wp\/v2\/comments?post=64762"}],"version-history":[{"count":0,"href":"https:\/\/www.intoscana.it\/it\/wp-json\/wp\/v2\/posts\/64762\/revisions"}],"wp:featuredmedia":[{"embeddable":true,"href":"https:\/\/www.intoscana.it\/it\/wp-json\/wp\/v2\/media\/102225"}],"wp:attachment":[{"href":"https:\/\/www.intoscana.it\/it\/wp-json\/wp\/v2\/media?parent=64762"}],"wp:term":[{"taxonomy":"category","embeddable":true,"href":"https:\/\/www.intoscana.it\/it\/wp-json\/wp\/v2\/categories?post=64762"},{"taxonomy":"post_tag","embeddable":true,"href":"https:\/\/www.intoscana.it\/it\/wp-json\/wp\/v2\/tags?post=64762"}],"curies":[{"name":"wp","href":"https:\/\/api.w.org\/{rel}","templated":true}]}}