{"id":64766,"date":"2020-03-04T10:33:56","date_gmt":"2020-03-04T10:33:56","guid":{"rendered":"http:\/\/www.intoscana.it\/giovani-disabili-e-cani-bagnino-insieme-per-i-salvataggi-in-spiaggia\/"},"modified":"2020-05-19T16:01:50","modified_gmt":"2020-05-19T14:01:50","slug":"cani-bagnino-disabili","status":"publish","type":"post","link":"https:\/\/www.intoscana.it\/it\/cani-bagnino-disabili\/","title":{"rendered":"Giovani disabili e cani bagnino insieme per i salvataggi in spiaggia"},"content":{"rendered":"<p><strong>Giovani disabili e cani bagnino addestrati, insieme, in spiaggia pronti a salvare i bagnanti in caso di necessit\u00e0. Li vedremo in azione la prossima estate sul litorale di Marina di Pietrasanta<\/strong>, il primo comune della Versilia a beneficiare dei risultati del progetto promosso dalla<strong> cooperativa sociale Le Briccole<\/strong> in collaborazione con la Scuola Cani di Salvataggio di Firenze che in questo ambito ha maturato una grande esperienza. <br \/>La scuola opera principalmente nel campo della formazione delle unit\u00e0 cinofile ad uso della Protezione Civile e ha presidi fissi e mobili sulla costa toscana che garantiscono una maggior sicurezza per i bagnanti.<\/p>\n<p>Il progetto, sostenuto dal Comune di Pietrasanta e dalla Consulta del Volontariato, punta a favorire <strong>una maggiore autonomia a livello psicomotorio e sociale dei ragazzi della cooperativa e delle loro famiglie<\/strong> attraverso &#8220;l&#8217;impiego&#8221; sul campo, quello della spiaggia, in qualit\u00e0 di aiuto bagnino a fianco degli amici a quattro zampe (e dei bagnini-istruttori ovviamente).&nbsp; &#8220;\u00c8 un progetto molto bello e di grande intelligenza &#8211; spiegano gli assessori coinvolti, quello al sociale Elisa Bartoli e quello all&#8217;associazionismo Andrea Cosci &#8211; il cane bagnino ha caratteristiche uniche: porta con se qualit\u00e0 indispensabili come la solidariet\u00e0 e l&#8217;altruismo. Saranno dei compagni di viaggio incredibili per i ragazzi della cooperativa sociale&#8221;.<\/p>\n<p><strong>I ragazzi delle Briccole e cani bagnino si ritroveranno sulla spiaggia del Bagno Pietrasanta e del Club Velico<\/strong>. Sar\u00e0 quella la loro &#8216;scuola&#8217;. Al termine del progetto, che parte luned\u00ec 9 marzo dalla spiaggia di Fiumetto e che \u00e8 curato dalla psicologa Silvia Schiraldi, i ragazzi saranno coinvolti come &#8216;aiuto bagnino&#8217; a fianco dei cani della Scuola Italiana di Salvataggio.<\/p>\n","protected":false},"excerpt":{"rendered":"<p>Il progetto partir\u00e0 dalla prossima estate sul litorale di Marina di Pietrasanta, grazie all&#8217;impegno della cooperativa Le Briccole<\/p>\n","protected":false},"author":525,"featured_media":102229,"comment_status":"open","ping_status":"open","sticky":false,"template":"","format":"standard","meta":{"_acf_changed":false,"footnotes":""},"categories":[494,7],"tags":[],"class_list":["post-64766","post","type-post","status-publish","format-standard","has-post-thumbnail","hentry","category-attualita","category-societa"],"acf":[],"yoast_head":"<!-- This site is optimized with the Yoast SEO Premium plugin v24.2 (Yoast SEO v25.6) - https:\/\/yoast.com\/wordpress\/plugins\/seo\/ -->\n<title>Giovani disabili e cani bagnino insieme per i salvataggi in spiaggia - intoscana<\/title>\n<meta name=\"robots\" content=\"index, follow, max-snippet:-1, max-image-preview:large, max-video-preview:-1\" \/>\n<link rel=\"canonical\" href=\"https:\/\/www.intoscana.it\/it\/cani-bagnino-disabili\/\" \/>\n<meta property=\"og:locale\" content=\"it_IT\" \/>\n<meta property=\"og:type\" content=\"article\" \/>\n<meta property=\"og:title\" content=\"Giovani disabili e cani bagnino insieme per i salvataggi in spiaggia\" \/>\n<meta property=\"og:description\" content=\"Il progetto partir\u00e0 dalla prossima estate sul litorale di Marina di Pietrasanta, grazie all&#039;impegno della cooperativa Le Briccole\" \/>\n<meta property=\"og:url\" content=\"https:\/\/www.intoscana.it\/it\/cani-bagnino-disabili\/\" \/>\n<meta property=\"og:site_name\" content=\"intoscana\" \/>\n<meta property=\"article:publisher\" content=\"https:\/\/www.facebook.com\/intoscana.it\" \/>\n<meta property=\"article:published_time\" content=\"2020-03-04T10:33:56+00:00\" \/>\n<meta property=\"article:modified_time\" content=\"2020-05-19T14:01:50+00:00\" \/>\n<meta property=\"og:image\" content=\"https:\/\/www.intoscana.it\/wp-content\/uploads\/shutterstock_319554935.jpg\" \/>\n\t<meta property=\"og:image:width\" content=\"2000\" \/>\n\t<meta property=\"og:image:height\" content=\"1527\" \/>\n\t<meta property=\"og:image:type\" content=\"image\/jpeg\" \/>\n<meta name=\"author\" content=\"Redazione\" \/>\n<meta name=\"twitter:card\" content=\"summary_large_image\" \/>\n<meta name=\"twitter:creator\" content=\"@intoscana\" \/>\n<meta name=\"twitter:site\" content=\"@intoscana\" \/>\n<meta name=\"twitter:label1\" content=\"Written by\" \/>\n\t<meta name=\"twitter:data1\" content=\"Redazione\" \/>\n\t<meta name=\"twitter:label2\" content=\"Est. reading time\" \/>\n\t<meta name=\"twitter:data2\" content=\"1 minuto\" \/>\n<script type=\"application\/ld+json\" class=\"yoast-schema-graph\">{\"@context\":\"https:\/\/schema.org\",\"@graph\":[{\"@type\":\"WebPage\",\"@id\":\"https:\/\/www.intoscana.it\/it\/cani-bagnino-disabili\/\",\"url\":\"https:\/\/www.intoscana.it\/it\/cani-bagnino-disabili\/\",\"name\":\"Giovani disabili e cani bagnino insieme per i salvataggi in spiaggia - intoscana\",\"isPartOf\":{\"@id\":\"https:\/\/www.intoscana.it\/it\/#website\"},\"primaryImageOfPage\":{\"@id\":\"https:\/\/www.intoscana.it\/it\/cani-bagnino-disabili\/#primaryimage\"},\"image\":{\"@id\":\"https:\/\/www.intoscana.it\/it\/cani-bagnino-disabili\/#primaryimage\"},\"thumbnailUrl\":\"https:\/\/www.intoscana.it\/wp-content\/uploads\/shutterstock_319554935.jpg\",\"datePublished\":\"2020-03-04T10:33:56+00:00\",\"dateModified\":\"2020-05-19T14:01:50+00:00\",\"author\":{\"@id\":\"https:\/\/www.intoscana.it\/it\/#\/schema\/person\/9223810753230f20bd670fdd322661f8\"},\"breadcrumb\":{\"@id\":\"https:\/\/www.intoscana.it\/it\/cani-bagnino-disabili\/#breadcrumb\"},\"inLanguage\":\"it-IT\",\"potentialAction\":[{\"@type\":\"ReadAction\",\"target\":[\"https:\/\/www.intoscana.it\/it\/cani-bagnino-disabili\/\"]}]},{\"@type\":\"ImageObject\",\"inLanguage\":\"it-IT\",\"@id\":\"https:\/\/www.intoscana.it\/it\/cani-bagnino-disabili\/#primaryimage\",\"url\":\"https:\/\/www.intoscana.it\/wp-content\/uploads\/shutterstock_319554935.jpg\",\"contentUrl\":\"https:\/\/www.intoscana.it\/wp-content\/uploads\/shutterstock_319554935.jpg\",\"width\":2000,\"height\":1527},{\"@type\":\"BreadcrumbList\",\"@id\":\"https:\/\/www.intoscana.it\/it\/cani-bagnino-disabili\/#breadcrumb\",\"itemListElement\":[{\"@type\":\"ListItem\",\"position\":1,\"name\":\"Home\",\"item\":\"https:\/\/www.intoscana.it\/it\/\"},{\"@type\":\"ListItem\",\"position\":2,\"name\":\"Giovani disabili e cani bagnino insieme per i salvataggi in spiaggia\"}]},{\"@type\":\"WebSite\",\"@id\":\"https:\/\/www.intoscana.it\/it\/#website\",\"url\":\"https:\/\/www.intoscana.it\/it\/\",\"name\":\"intoscana\",\"description\":\"\",\"potentialAction\":[{\"@type\":\"SearchAction\",\"target\":{\"@type\":\"EntryPoint\",\"urlTemplate\":\"https:\/\/www.intoscana.it\/it\/?s={search_term_string}\"},\"query-input\":{\"@type\":\"PropertyValueSpecification\",\"valueRequired\":true,\"valueName\":\"search_term_string\"}}],\"inLanguage\":\"it-IT\"},{\"@type\":\"Person\",\"@id\":\"https:\/\/www.intoscana.it\/it\/#\/schema\/person\/9223810753230f20bd670fdd322661f8\",\"name\":\"Redazione\",\"url\":\"https:\/\/www.intoscana.it\/it\/author\/redazione\/\"}]}<\/script>\n<!-- \/ Yoast SEO Premium plugin. -->","yoast_head_json":{"title":"Giovani disabili e cani bagnino insieme per i salvataggi in spiaggia - intoscana","robots":{"index":"index","follow":"follow","max-snippet":"max-snippet:-1","max-image-preview":"max-image-preview:large","max-video-preview":"max-video-preview:-1"},"canonical":"https:\/\/www.intoscana.it\/it\/cani-bagnino-disabili\/","og_locale":"it_IT","og_type":"article","og_title":"Giovani disabili e cani bagnino insieme per i salvataggi in spiaggia","og_description":"Il progetto partir\u00e0 dalla prossima estate sul litorale di Marina di Pietrasanta, grazie all'impegno della cooperativa Le Briccole","og_url":"https:\/\/www.intoscana.it\/it\/cani-bagnino-disabili\/","og_site_name":"intoscana","article_publisher":"https:\/\/www.facebook.com\/intoscana.it","article_published_time":"2020-03-04T10:33:56+00:00","article_modified_time":"2020-05-19T14:01:50+00:00","og_image":[{"width":2000,"height":1527,"url":"https:\/\/www.intoscana.it\/wp-content\/uploads\/shutterstock_319554935.jpg","type":"image\/jpeg"}],"author":"Redazione","twitter_card":"summary_large_image","twitter_creator":"@intoscana","twitter_site":"@intoscana","twitter_misc":{"Written by":"Redazione","Est. reading time":"1 minuto"},"schema":{"@context":"https:\/\/schema.org","@graph":[{"@type":"WebPage","@id":"https:\/\/www.intoscana.it\/it\/cani-bagnino-disabili\/","url":"https:\/\/www.intoscana.it\/it\/cani-bagnino-disabili\/","name":"Giovani disabili e cani bagnino insieme per i salvataggi in spiaggia - intoscana","isPartOf":{"@id":"https:\/\/www.intoscana.it\/it\/#website"},"primaryImageOfPage":{"@id":"https:\/\/www.intoscana.it\/it\/cani-bagnino-disabili\/#primaryimage"},"image":{"@id":"https:\/\/www.intoscana.it\/it\/cani-bagnino-disabili\/#primaryimage"},"thumbnailUrl":"https:\/\/www.intoscana.it\/wp-content\/uploads\/shutterstock_319554935.jpg","datePublished":"2020-03-04T10:33:56+00:00","dateModified":"2020-05-19T14:01:50+00:00","author":{"@id":"https:\/\/www.intoscana.it\/it\/#\/schema\/person\/9223810753230f20bd670fdd322661f8"},"breadcrumb":{"@id":"https:\/\/www.intoscana.it\/it\/cani-bagnino-disabili\/#breadcrumb"},"inLanguage":"it-IT","potentialAction":[{"@type":"ReadAction","target":["https:\/\/www.intoscana.it\/it\/cani-bagnino-disabili\/"]}]},{"@type":"ImageObject","inLanguage":"it-IT","@id":"https:\/\/www.intoscana.it\/it\/cani-bagnino-disabili\/#primaryimage","url":"https:\/\/www.intoscana.it\/wp-content\/uploads\/shutterstock_319554935.jpg","contentUrl":"https:\/\/www.intoscana.it\/wp-content\/uploads\/shutterstock_319554935.jpg","width":2000,"height":1527},{"@type":"BreadcrumbList","@id":"https:\/\/www.intoscana.it\/it\/cani-bagnino-disabili\/#breadcrumb","itemListElement":[{"@type":"ListItem","position":1,"name":"Home","item":"https:\/\/www.intoscana.it\/it\/"},{"@type":"ListItem","position":2,"name":"Giovani disabili e cani bagnino insieme per i salvataggi in spiaggia"}]},{"@type":"WebSite","@id":"https:\/\/www.intoscana.it\/it\/#website","url":"https:\/\/www.intoscana.it\/it\/","name":"intoscana","description":"","potentialAction":[{"@type":"SearchAction","target":{"@type":"EntryPoint","urlTemplate":"https:\/\/www.intoscana.it\/it\/?s={search_term_string}"},"query-input":{"@type":"PropertyValueSpecification","valueRequired":true,"valueName":"search_term_string"}}],"inLanguage":"it-IT"},{"@type":"Person","@id":"https:\/\/www.intoscana.it\/it\/#\/schema\/person\/9223810753230f20bd670fdd322661f8","name":"Redazione","url":"https:\/\/www.intoscana.it\/it\/author\/redazione\/"}]}},"_links":{"self":[{"href":"https:\/\/www.intoscana.it\/it\/wp-json\/wp\/v2\/posts\/64766","targetHints":{"allow":["GET"]}}],"collection":[{"href":"https:\/\/www.intoscana.it\/it\/wp-json\/wp\/v2\/posts"}],"about":[{"href":"https:\/\/www.intoscana.it\/it\/wp-json\/wp\/v2\/types\/post"}],"author":[{"embeddable":true,"href":"https:\/\/www.intoscana.it\/it\/wp-json\/wp\/v2\/users\/525"}],"replies":[{"embeddable":true,"href":"https:\/\/www.intoscana.it\/it\/wp-json\/wp\/v2\/comments?post=64766"}],"version-history":[{"count":0,"href":"https:\/\/www.intoscana.it\/it\/wp-json\/wp\/v2\/posts\/64766\/revisions"}],"wp:featuredmedia":[{"embeddable":true,"href":"https:\/\/www.intoscana.it\/it\/wp-json\/wp\/v2\/media\/102229"}],"wp:attachment":[{"href":"https:\/\/www.intoscana.it\/it\/wp-json\/wp\/v2\/media?parent=64766"}],"wp:term":[{"taxonomy":"category","embeddable":true,"href":"https:\/\/www.intoscana.it\/it\/wp-json\/wp\/v2\/categories?post=64766"},{"taxonomy":"post_tag","embeddable":true,"href":"https:\/\/www.intoscana.it\/it\/wp-json\/wp\/v2\/tags?post=64766"}],"curies":[{"name":"wp","href":"https:\/\/api.w.org\/{rel}","templated":true}]}}