{"id":64789,"date":"2019-06-28T09:45:43","date_gmt":"2019-06-28T09:45:43","guid":{"rendered":"http:\/\/www.intoscana.it\/livorno-apre-il-porto-alla-sea-watch-firenze-pronta-ad-accogliere-i-migranti\/"},"modified":"2020-05-19T16:01:51","modified_gmt":"2020-05-19T14:01:51","slug":"sea-watch-livorno-firenze","status":"publish","type":"post","link":"https:\/\/www.intoscana.it\/it\/sea-watch-livorno-firenze\/","title":{"rendered":"Livorno apre il porto alla Sea Watch, Firenze pronta ad accogliere i migranti"},"content":{"rendered":"<p><strong>Livorno e Firenze<\/strong> unite nella solidariet\u00e0 alla <strong>Sea Watch<\/strong> la barca che si trova attualmente vicino a <strong>Lampedusa<\/strong>&nbsp;in attesa di istruzioni e che ospita a bordo <strong>42 migranti in attesa di sbarcare stremati dai tanti giorni trascorsi in mare.&nbsp;<\/strong><\/p>\n<p>&#8220;<strong>La citt\u00e0 di Livorno, con il suo porto, \u00e8 aperta, la Sea Watch pu\u00f2 approdare qua!<\/strong> Livorno \u00e8 la citt\u00e0 delle Nazioni, democratica e tollerante, per definizione e per nascita. Il mare non \u00e8 un confine, ma apertura e accoglienza. #restiamoumani&#8221;. H<strong>a scritto su facebook il sindaco di Livorno, Luca Salvetti.<\/strong>&nbsp;&#8220;<strong>\u00c8 doveroso che una citt\u00e0 come Livorno, sia disponibile all&#8217;accoglienza<\/strong>. Qui si tratta di rapportarsi ad una situazione di emergenza. L&#8217;hashtag restiamoumani nel post ci deve far pensare&#8221;.&nbsp; &#8220;Ho fatto il marinaio in Capitaneria &#8211; ha aggiunto Salvetti &#8211; e so perfettamente chi pu\u00f2 entrare in porto.<strong> La mia dichiarazione politica \u00e8 espressione della gente comune che deve riscoprire i valori dell&#8217;accoglienza, la politica si fa smuovendo le coscienze<\/strong>. Il sistema di ospitalit\u00e0 \u00e8 ampio e non pu\u00f2 essere gestito da un solo comune&#8221;.<\/p>\n<p><strong>Nella giornata di ieri il sindaco di Firenze Dario Nardella <\/strong>ha telefonato al sindaco di Livorno Salvetti<strong> dando la disponibilit\u00e0 ad accogliere una parte dei 42 migranti della Sea Watch.<\/strong>&nbsp;&#8220;Firenze si affianca a Livorno e tende la mano ai migranti della <strong>Sea Watch<\/strong>, uomini e donne che possono anche rischiare la vita e hanno bisogno di assistenza. Non si lasciano esseri umani in mare&#8221;. Ha scritto su facebook l&#8217;assessore al welfare e al sociale del Comune di Firenze, <strong>Andrea Vannucci,<\/strong> che ha aggiunto: &#8220;<strong>La nostra storia \u00e8 quella di una citt\u00e0 aperta e per questo siamo gi\u00e0 pronti ad accogliere 12 delle 42 persone a bordo&#8221;<\/strong>.&nbsp;<\/p>\n<p><strong>&#8220;Il messaggio di Firenze non pu\u00f2 che essere un messaggio umanitario<\/strong>, la cosa assurda \u00e8 che con questo governo l&#8217;Italia non accoglie chi chiede asilo politico o chiede il rispetto dei diritti umanitari e non espelle chi, immigrato irregolare, delinque e viola sistematicamente le leggi. Questo \u00e8 il Governo che respinge i disperati e che tiene in Italia i delinquenti&#8221;. Ha dichiarato Dario Nardella e ha ribadito che &#8220;<strong>i porti sono sempre aperti. Dire che si tengono chiusi i porti \u00e8 una grande stupidaggine, \u00e8 una balla gigantesca sulla quale \u00e8 stata costruita una vera e propria campagna politica&#8221;.<\/strong><\/p>\n<p>Intanto i <strong>42 migranti<\/strong> a bordo hanno dovuto passare un&#8217;altra notte sulla nave dopo la bocciatura del ricorso in cui chiedevano di sbarcare da parte della C<strong>orte di Giustizia Europea<\/strong>. La decisione adesso \u00e8 in mano alle autorit\u00e0 italiane ed europee. La giovane tedesca alla guida della nave, oltre alla <strong>multa fino a 50mila euro, rischierebbe come ipotesi di reato le accuse di rifiuto di obbedienza a nave da guerra, per il quale la pena massima \u00e8 di due anni,<\/strong> e resistenza o violenza contro nave da guerra per il quale il codice della navigazione prevede fino a 10 anni. Le potrebbe venir contestato anche il <strong>reato di favoreggiamento dell&#8217;immigrazione clandestina<\/strong> per il cui sono previsti dai 5 ai 15 anni.&nbsp;<\/p>\n","protected":false},"excerpt":{"rendered":"<p>42 migranti sono in attesa di sbarcare a tre miglia dall&#8217;isola di Lampedusa, l&#8217;imbarcazione della ong ha chiesto un porto sicuro all&#8217;Italia dopo aver rifiutato l&#8217;approdo in Libia<\/p>\n","protected":false},"author":525,"featured_media":102252,"comment_status":"open","ping_status":"open","sticky":false,"template":"","format":"standard","meta":{"_acf_changed":false,"footnotes":""},"categories":[494,7],"tags":[],"class_list":["post-64789","post","type-post","status-publish","format-standard","has-post-thumbnail","hentry","category-attualita","category-societa"],"acf":[],"yoast_head":"<!-- This site is optimized with the Yoast SEO Premium plugin v24.2 (Yoast SEO v25.6) - https:\/\/yoast.com\/wordpress\/plugins\/seo\/ -->\n<title>Livorno apre il porto alla Sea Watch, Firenze pronta ad accogliere i migranti - intoscana<\/title>\n<meta name=\"description\" content=\"Il sindaco di Livorno apre il porto alla Sea Watch, Firenze \u00e8 pronta ad accogliere dodici migranti\" \/>\n<meta name=\"robots\" content=\"index, follow, max-snippet:-1, max-image-preview:large, max-video-preview:-1\" \/>\n<link rel=\"canonical\" href=\"https:\/\/www.intoscana.it\/it\/sea-watch-livorno-firenze\/\" \/>\n<meta property=\"og:locale\" content=\"it_IT\" \/>\n<meta property=\"og:type\" content=\"article\" \/>\n<meta property=\"og:title\" content=\"Livorno apre il porto alla Sea Watch, Firenze pronta ad accogliere i migranti\" \/>\n<meta property=\"og:description\" content=\"Il sindaco di Livorno apre il porto alla Sea Watch, Firenze \u00e8 pronta ad accogliere dodici migranti\" \/>\n<meta property=\"og:url\" content=\"https:\/\/www.intoscana.it\/it\/sea-watch-livorno-firenze\/\" \/>\n<meta property=\"og:site_name\" content=\"intoscana\" \/>\n<meta property=\"article:publisher\" content=\"https:\/\/www.facebook.com\/intoscana.it\" \/>\n<meta property=\"article:published_time\" content=\"2019-06-28T09:45:43+00:00\" \/>\n<meta property=\"article:modified_time\" content=\"2020-05-19T14:01:51+00:00\" \/>\n<meta property=\"og:image\" content=\"https:\/\/www.intoscana.it\/wp-content\/uploads\/sea-watch.jpg\" \/>\n\t<meta property=\"og:image:width\" content=\"2000\" \/>\n\t<meta property=\"og:image:height\" content=\"1254\" \/>\n\t<meta property=\"og:image:type\" content=\"image\/jpeg\" \/>\n<meta name=\"author\" content=\"Redazione\" \/>\n<meta name=\"twitter:card\" content=\"summary_large_image\" \/>\n<meta name=\"twitter:creator\" content=\"@intoscana\" \/>\n<meta name=\"twitter:site\" content=\"@intoscana\" \/>\n<meta name=\"twitter:label1\" content=\"Written by\" \/>\n\t<meta name=\"twitter:data1\" content=\"Redazione\" \/>\n\t<meta name=\"twitter:label2\" content=\"Est. reading time\" \/>\n\t<meta name=\"twitter:data2\" content=\"2 minuti\" \/>\n<script type=\"application\/ld+json\" class=\"yoast-schema-graph\">{\"@context\":\"https:\/\/schema.org\",\"@graph\":[{\"@type\":\"WebPage\",\"@id\":\"https:\/\/www.intoscana.it\/it\/sea-watch-livorno-firenze\/\",\"url\":\"https:\/\/www.intoscana.it\/it\/sea-watch-livorno-firenze\/\",\"name\":\"Livorno apre il porto alla Sea Watch, Firenze pronta ad accogliere i migranti - intoscana\",\"isPartOf\":{\"@id\":\"https:\/\/www.intoscana.it\/it\/#website\"},\"primaryImageOfPage\":{\"@id\":\"https:\/\/www.intoscana.it\/it\/sea-watch-livorno-firenze\/#primaryimage\"},\"image\":{\"@id\":\"https:\/\/www.intoscana.it\/it\/sea-watch-livorno-firenze\/#primaryimage\"},\"thumbnailUrl\":\"https:\/\/www.intoscana.it\/wp-content\/uploads\/sea-watch.jpg\",\"datePublished\":\"2019-06-28T09:45:43+00:00\",\"dateModified\":\"2020-05-19T14:01:51+00:00\",\"author\":{\"@id\":\"https:\/\/www.intoscana.it\/it\/#\/schema\/person\/9223810753230f20bd670fdd322661f8\"},\"description\":\"Il sindaco di Livorno apre il porto alla Sea Watch, Firenze \u00e8 pronta ad accogliere dodici migranti\",\"breadcrumb\":{\"@id\":\"https:\/\/www.intoscana.it\/it\/sea-watch-livorno-firenze\/#breadcrumb\"},\"inLanguage\":\"it-IT\",\"potentialAction\":[{\"@type\":\"ReadAction\",\"target\":[\"https:\/\/www.intoscana.it\/it\/sea-watch-livorno-firenze\/\"]}]},{\"@type\":\"ImageObject\",\"inLanguage\":\"it-IT\",\"@id\":\"https:\/\/www.intoscana.it\/it\/sea-watch-livorno-firenze\/#primaryimage\",\"url\":\"https:\/\/www.intoscana.it\/wp-content\/uploads\/sea-watch.jpg\",\"contentUrl\":\"https:\/\/www.intoscana.it\/wp-content\/uploads\/sea-watch.jpg\",\"width\":2000,\"height\":1254,\"caption\":\"Sea Watch\"},{\"@type\":\"BreadcrumbList\",\"@id\":\"https:\/\/www.intoscana.it\/it\/sea-watch-livorno-firenze\/#breadcrumb\",\"itemListElement\":[{\"@type\":\"ListItem\",\"position\":1,\"name\":\"Home\",\"item\":\"https:\/\/www.intoscana.it\/it\/\"},{\"@type\":\"ListItem\",\"position\":2,\"name\":\"Livorno apre il porto alla Sea Watch, Firenze pronta ad accogliere i migranti\"}]},{\"@type\":\"WebSite\",\"@id\":\"https:\/\/www.intoscana.it\/it\/#website\",\"url\":\"https:\/\/www.intoscana.it\/it\/\",\"name\":\"intoscana\",\"description\":\"\",\"potentialAction\":[{\"@type\":\"SearchAction\",\"target\":{\"@type\":\"EntryPoint\",\"urlTemplate\":\"https:\/\/www.intoscana.it\/it\/?s={search_term_string}\"},\"query-input\":{\"@type\":\"PropertyValueSpecification\",\"valueRequired\":true,\"valueName\":\"search_term_string\"}}],\"inLanguage\":\"it-IT\"},{\"@type\":\"Person\",\"@id\":\"https:\/\/www.intoscana.it\/it\/#\/schema\/person\/9223810753230f20bd670fdd322661f8\",\"name\":\"Redazione\",\"url\":\"https:\/\/www.intoscana.it\/it\/author\/redazione\/\"}]}<\/script>\n<!-- \/ Yoast SEO Premium plugin. -->","yoast_head_json":{"title":"Livorno apre il porto alla Sea Watch, Firenze pronta ad accogliere i migranti - intoscana","description":"Il sindaco di Livorno apre il porto alla Sea Watch, Firenze \u00e8 pronta ad accogliere dodici migranti","robots":{"index":"index","follow":"follow","max-snippet":"max-snippet:-1","max-image-preview":"max-image-preview:large","max-video-preview":"max-video-preview:-1"},"canonical":"https:\/\/www.intoscana.it\/it\/sea-watch-livorno-firenze\/","og_locale":"it_IT","og_type":"article","og_title":"Livorno apre il porto alla Sea Watch, Firenze pronta ad accogliere i migranti","og_description":"Il sindaco di Livorno apre il porto alla Sea Watch, Firenze \u00e8 pronta ad accogliere dodici migranti","og_url":"https:\/\/www.intoscana.it\/it\/sea-watch-livorno-firenze\/","og_site_name":"intoscana","article_publisher":"https:\/\/www.facebook.com\/intoscana.it","article_published_time":"2019-06-28T09:45:43+00:00","article_modified_time":"2020-05-19T14:01:51+00:00","og_image":[{"width":2000,"height":1254,"url":"https:\/\/www.intoscana.it\/wp-content\/uploads\/sea-watch.jpg","type":"image\/jpeg"}],"author":"Redazione","twitter_card":"summary_large_image","twitter_creator":"@intoscana","twitter_site":"@intoscana","twitter_misc":{"Written by":"Redazione","Est. reading time":"2 minuti"},"schema":{"@context":"https:\/\/schema.org","@graph":[{"@type":"WebPage","@id":"https:\/\/www.intoscana.it\/it\/sea-watch-livorno-firenze\/","url":"https:\/\/www.intoscana.it\/it\/sea-watch-livorno-firenze\/","name":"Livorno apre il porto alla Sea Watch, Firenze pronta ad accogliere i migranti - intoscana","isPartOf":{"@id":"https:\/\/www.intoscana.it\/it\/#website"},"primaryImageOfPage":{"@id":"https:\/\/www.intoscana.it\/it\/sea-watch-livorno-firenze\/#primaryimage"},"image":{"@id":"https:\/\/www.intoscana.it\/it\/sea-watch-livorno-firenze\/#primaryimage"},"thumbnailUrl":"https:\/\/www.intoscana.it\/wp-content\/uploads\/sea-watch.jpg","datePublished":"2019-06-28T09:45:43+00:00","dateModified":"2020-05-19T14:01:51+00:00","author":{"@id":"https:\/\/www.intoscana.it\/it\/#\/schema\/person\/9223810753230f20bd670fdd322661f8"},"description":"Il sindaco di Livorno apre il porto alla Sea Watch, Firenze \u00e8 pronta ad accogliere dodici migranti","breadcrumb":{"@id":"https:\/\/www.intoscana.it\/it\/sea-watch-livorno-firenze\/#breadcrumb"},"inLanguage":"it-IT","potentialAction":[{"@type":"ReadAction","target":["https:\/\/www.intoscana.it\/it\/sea-watch-livorno-firenze\/"]}]},{"@type":"ImageObject","inLanguage":"it-IT","@id":"https:\/\/www.intoscana.it\/it\/sea-watch-livorno-firenze\/#primaryimage","url":"https:\/\/www.intoscana.it\/wp-content\/uploads\/sea-watch.jpg","contentUrl":"https:\/\/www.intoscana.it\/wp-content\/uploads\/sea-watch.jpg","width":2000,"height":1254,"caption":"Sea Watch"},{"@type":"BreadcrumbList","@id":"https:\/\/www.intoscana.it\/it\/sea-watch-livorno-firenze\/#breadcrumb","itemListElement":[{"@type":"ListItem","position":1,"name":"Home","item":"https:\/\/www.intoscana.it\/it\/"},{"@type":"ListItem","position":2,"name":"Livorno apre il porto alla Sea Watch, Firenze pronta ad accogliere i migranti"}]},{"@type":"WebSite","@id":"https:\/\/www.intoscana.it\/it\/#website","url":"https:\/\/www.intoscana.it\/it\/","name":"intoscana","description":"","potentialAction":[{"@type":"SearchAction","target":{"@type":"EntryPoint","urlTemplate":"https:\/\/www.intoscana.it\/it\/?s={search_term_string}"},"query-input":{"@type":"PropertyValueSpecification","valueRequired":true,"valueName":"search_term_string"}}],"inLanguage":"it-IT"},{"@type":"Person","@id":"https:\/\/www.intoscana.it\/it\/#\/schema\/person\/9223810753230f20bd670fdd322661f8","name":"Redazione","url":"https:\/\/www.intoscana.it\/it\/author\/redazione\/"}]}},"_links":{"self":[{"href":"https:\/\/www.intoscana.it\/it\/wp-json\/wp\/v2\/posts\/64789","targetHints":{"allow":["GET"]}}],"collection":[{"href":"https:\/\/www.intoscana.it\/it\/wp-json\/wp\/v2\/posts"}],"about":[{"href":"https:\/\/www.intoscana.it\/it\/wp-json\/wp\/v2\/types\/post"}],"author":[{"embeddable":true,"href":"https:\/\/www.intoscana.it\/it\/wp-json\/wp\/v2\/users\/525"}],"replies":[{"embeddable":true,"href":"https:\/\/www.intoscana.it\/it\/wp-json\/wp\/v2\/comments?post=64789"}],"version-history":[{"count":0,"href":"https:\/\/www.intoscana.it\/it\/wp-json\/wp\/v2\/posts\/64789\/revisions"}],"wp:featuredmedia":[{"embeddable":true,"href":"https:\/\/www.intoscana.it\/it\/wp-json\/wp\/v2\/media\/102252"}],"wp:attachment":[{"href":"https:\/\/www.intoscana.it\/it\/wp-json\/wp\/v2\/media?parent=64789"}],"wp:term":[{"taxonomy":"category","embeddable":true,"href":"https:\/\/www.intoscana.it\/it\/wp-json\/wp\/v2\/categories?post=64789"},{"taxonomy":"post_tag","embeddable":true,"href":"https:\/\/www.intoscana.it\/it\/wp-json\/wp\/v2\/tags?post=64789"}],"curies":[{"name":"wp","href":"https:\/\/api.w.org\/{rel}","templated":true}]}}