{"id":64809,"date":"2019-10-16T11:58:27","date_gmt":"2019-10-16T11:58:27","guid":{"rendered":"http:\/\/www.intoscana.it\/lunicef-premia-prato-citta-a-misura-di-bambino-tra-mobilita-e-sicurezza\/"},"modified":"2020-05-19T16:01:55","modified_gmt":"2020-05-19T14:01:55","slug":"unicef-prato","status":"publish","type":"post","link":"https:\/\/www.intoscana.it\/it\/unicef-prato\/","title":{"rendered":"L&#8217;Unicef premia Prato: citt\u00e0 a misura di bambino, tra mobilit\u00e0 e sicurezza"},"content":{"rendered":"<p><strong>Prato \u00e8 una citt\u00e0 a misura di bambino, che tiene conto delle esigenze dei pi\u00f9 piccoli. La citt\u00e0 toscana \u00e8 l&#8217;unico comune italiano insieme a Palermo che \u00e8 stato premiato ieri dall&#8217;Unicef<\/strong> in occasione del primo vertice internazionale sulle citt\u00e0 amiche di bambini in corso in Germania, a Colonia.<\/p>\n<p>Il vertice riunisce sindaci, esperti tecnici e giovani di tutto il mondo per discutere di approcci innovativi per far avanzare i diritti dei bambini attraverso l&#8217;impegno locale e per identificare e scambiare buone pratiche a livello locale. A trent&#8217;anni dall&#8217; adozione della Convenzione delle Nazioni Unite sui diritti dell&#8217;infanzia, l&#8217;obiettivo \u00e8 quello di migliorare le strategie per costruire citt\u00e0 sostenibili e a misura di bambino di domani.<\/p>\n<p>I motivi che hanno spinto Unicef a premiare la citt\u00e0 toscana sono legati al fatto che <strong>i bambini siano stati coinvolti nel nuovo &#8220;Piano urbano di mobilit\u00e0 sostenibile&#8221;<\/strong> che ha visto interessati studenti e docenti di alcune scuole primarie e scuole superiori nella progettazione di sistemi di mobilit\u00e0 a misura di studente. <br \/>noltre <strong>Prato \u00e8 la prima citt\u00e0 italiana ad aver redatto un piano di protezione civile &#8220;a misura di bambino&#8221;, <\/strong>includendo misure adeguate ai pi\u00f9 piccoli e agli adolescenti in situazioni di emergenza.<\/p>\n<p><strong>&#8220;Una citt\u00e0 europea deve essere una citt\u00e0 inclusiva sotto ogni punto di vista,<\/strong> dove la progettazione per lo sviluppo del territorio pensi soprattutto alle nuove generazioni &#8211; spiega il sindaco Matteo Biffoni, che ieri era presente a Colonia &#8211; ed \u00e8 per questo che a Prato abbiamo deciso di coinvolgere innanzitutto i bambini nella redazione del Piano operativo che ridisegna l&#8217;urbanistica cittadina. <strong>Grazie al supporto del comitato Unicef Prato abbiamo avviato laboratori specifici all&#8217;interno del percorso partecipativo Prato al Futuro<\/strong> per sperimentare in ottica collaborativa strumenti di partecipazione attiva rivolti ai bambini e ai ragazzi e, parallelamente, ai loro principali mediatori come insegnanti, educatori o volontari&#8221;.<\/p>\n","protected":false},"excerpt":{"rendered":"<p>La citt\u00e0 toscana ha ricevuto il riconoscimento per il nuovo Piano urbano di mobilit\u00e0 sostenibile che ha coinvolto i giovani studenti e per il piano di protezione civile con misure adeguate ai pi\u00f9 piccoli<\/p>\n","protected":false},"author":525,"featured_media":102272,"comment_status":"open","ping_status":"open","sticky":false,"template":"","format":"standard","meta":{"_acf_changed":false,"footnotes":""},"categories":[494,7],"tags":[259],"class_list":["post-64809","post","type-post","status-publish","format-standard","has-post-thumbnail","hentry","category-attualita","category-societa","tag-prato"],"acf":[],"yoast_head":"<!-- This site is optimized with the Yoast SEO Premium plugin v24.2 (Yoast SEO v25.6) - https:\/\/yoast.com\/wordpress\/plugins\/seo\/ -->\n<title>L&#039;Unicef premia Prato: citt\u00e0 a misura di bambino, tra mobilit\u00e0 e sicurezza - intoscana<\/title>\n<meta name=\"robots\" content=\"index, follow, max-snippet:-1, max-image-preview:large, max-video-preview:-1\" \/>\n<link rel=\"canonical\" href=\"https:\/\/www.intoscana.it\/it\/unicef-prato\/\" \/>\n<meta property=\"og:locale\" content=\"it_IT\" \/>\n<meta property=\"og:type\" content=\"article\" \/>\n<meta property=\"og:title\" content=\"L&#039;Unicef premia Prato: citt\u00e0 a misura di bambino, tra mobilit\u00e0 e sicurezza\" \/>\n<meta property=\"og:description\" content=\"La citt\u00e0 toscana ha ricevuto il riconoscimento per il nuovo Piano urbano di mobilit\u00e0 sostenibile che ha coinvolto i giovani studenti e per il piano di protezione civile con misure adeguate ai pi\u00f9 piccoli\" \/>\n<meta property=\"og:url\" content=\"https:\/\/www.intoscana.it\/it\/unicef-prato\/\" \/>\n<meta property=\"og:site_name\" content=\"intoscana\" \/>\n<meta property=\"article:publisher\" content=\"https:\/\/www.facebook.com\/intoscana.it\" \/>\n<meta property=\"article:published_time\" content=\"2019-10-16T11:58:27+00:00\" \/>\n<meta property=\"article:modified_time\" content=\"2020-05-19T14:01:55+00:00\" \/>\n<meta property=\"og:image\" content=\"https:\/\/www.intoscana.it\/wp-content\/uploads\/Prato-10.jpg\" \/>\n\t<meta property=\"og:image:width\" content=\"900\" \/>\n\t<meta property=\"og:image:height\" content=\"599\" \/>\n\t<meta property=\"og:image:type\" content=\"image\/jpeg\" \/>\n<meta name=\"author\" content=\"Redazione\" \/>\n<meta name=\"twitter:card\" content=\"summary_large_image\" \/>\n<meta name=\"twitter:creator\" content=\"@intoscana\" \/>\n<meta name=\"twitter:site\" content=\"@intoscana\" \/>\n<meta name=\"twitter:label1\" content=\"Written by\" \/>\n\t<meta name=\"twitter:data1\" content=\"Redazione\" \/>\n\t<meta name=\"twitter:label2\" content=\"Est. reading time\" \/>\n\t<meta name=\"twitter:data2\" content=\"2 minuti\" \/>\n<script type=\"application\/ld+json\" class=\"yoast-schema-graph\">{\"@context\":\"https:\/\/schema.org\",\"@graph\":[{\"@type\":\"WebPage\",\"@id\":\"https:\/\/www.intoscana.it\/it\/unicef-prato\/\",\"url\":\"https:\/\/www.intoscana.it\/it\/unicef-prato\/\",\"name\":\"L'Unicef premia Prato: citt\u00e0 a misura di bambino, tra mobilit\u00e0 e sicurezza - intoscana\",\"isPartOf\":{\"@id\":\"https:\/\/www.intoscana.it\/it\/#website\"},\"primaryImageOfPage\":{\"@id\":\"https:\/\/www.intoscana.it\/it\/unicef-prato\/#primaryimage\"},\"image\":{\"@id\":\"https:\/\/www.intoscana.it\/it\/unicef-prato\/#primaryimage\"},\"thumbnailUrl\":\"https:\/\/www.intoscana.it\/wp-content\/uploads\/Prato-10.jpg\",\"datePublished\":\"2019-10-16T11:58:27+00:00\",\"dateModified\":\"2020-05-19T14:01:55+00:00\",\"author\":{\"@id\":\"https:\/\/www.intoscana.it\/it\/#\/schema\/person\/9223810753230f20bd670fdd322661f8\"},\"breadcrumb\":{\"@id\":\"https:\/\/www.intoscana.it\/it\/unicef-prato\/#breadcrumb\"},\"inLanguage\":\"it-IT\",\"potentialAction\":[{\"@type\":\"ReadAction\",\"target\":[\"https:\/\/www.intoscana.it\/it\/unicef-prato\/\"]}]},{\"@type\":\"ImageObject\",\"inLanguage\":\"it-IT\",\"@id\":\"https:\/\/www.intoscana.it\/it\/unicef-prato\/#primaryimage\",\"url\":\"https:\/\/www.intoscana.it\/wp-content\/uploads\/Prato-10.jpg\",\"contentUrl\":\"https:\/\/www.intoscana.it\/wp-content\/uploads\/Prato-10.jpg\",\"width\":900,\"height\":599,\"caption\":\"Prato\"},{\"@type\":\"BreadcrumbList\",\"@id\":\"https:\/\/www.intoscana.it\/it\/unicef-prato\/#breadcrumb\",\"itemListElement\":[{\"@type\":\"ListItem\",\"position\":1,\"name\":\"Home\",\"item\":\"https:\/\/www.intoscana.it\/it\/\"},{\"@type\":\"ListItem\",\"position\":2,\"name\":\"L&#8217;Unicef premia Prato: citt\u00e0 a misura di bambino, tra mobilit\u00e0 e sicurezza\"}]},{\"@type\":\"WebSite\",\"@id\":\"https:\/\/www.intoscana.it\/it\/#website\",\"url\":\"https:\/\/www.intoscana.it\/it\/\",\"name\":\"intoscana\",\"description\":\"\",\"potentialAction\":[{\"@type\":\"SearchAction\",\"target\":{\"@type\":\"EntryPoint\",\"urlTemplate\":\"https:\/\/www.intoscana.it\/it\/?s={search_term_string}\"},\"query-input\":{\"@type\":\"PropertyValueSpecification\",\"valueRequired\":true,\"valueName\":\"search_term_string\"}}],\"inLanguage\":\"it-IT\"},{\"@type\":\"Person\",\"@id\":\"https:\/\/www.intoscana.it\/it\/#\/schema\/person\/9223810753230f20bd670fdd322661f8\",\"name\":\"Redazione\",\"url\":\"https:\/\/www.intoscana.it\/it\/author\/redazione\/\"}]}<\/script>\n<!-- \/ Yoast SEO Premium plugin. -->","yoast_head_json":{"title":"L'Unicef premia Prato: citt\u00e0 a misura di bambino, tra mobilit\u00e0 e sicurezza - intoscana","robots":{"index":"index","follow":"follow","max-snippet":"max-snippet:-1","max-image-preview":"max-image-preview:large","max-video-preview":"max-video-preview:-1"},"canonical":"https:\/\/www.intoscana.it\/it\/unicef-prato\/","og_locale":"it_IT","og_type":"article","og_title":"L'Unicef premia Prato: citt\u00e0 a misura di bambino, tra mobilit\u00e0 e sicurezza","og_description":"La citt\u00e0 toscana ha ricevuto il riconoscimento per il nuovo Piano urbano di mobilit\u00e0 sostenibile che ha coinvolto i giovani studenti e per il piano di protezione civile con misure adeguate ai pi\u00f9 piccoli","og_url":"https:\/\/www.intoscana.it\/it\/unicef-prato\/","og_site_name":"intoscana","article_publisher":"https:\/\/www.facebook.com\/intoscana.it","article_published_time":"2019-10-16T11:58:27+00:00","article_modified_time":"2020-05-19T14:01:55+00:00","og_image":[{"width":900,"height":599,"url":"https:\/\/www.intoscana.it\/wp-content\/uploads\/Prato-10.jpg","type":"image\/jpeg"}],"author":"Redazione","twitter_card":"summary_large_image","twitter_creator":"@intoscana","twitter_site":"@intoscana","twitter_misc":{"Written by":"Redazione","Est. reading time":"2 minuti"},"schema":{"@context":"https:\/\/schema.org","@graph":[{"@type":"WebPage","@id":"https:\/\/www.intoscana.it\/it\/unicef-prato\/","url":"https:\/\/www.intoscana.it\/it\/unicef-prato\/","name":"L'Unicef premia Prato: citt\u00e0 a misura di bambino, tra mobilit\u00e0 e sicurezza - intoscana","isPartOf":{"@id":"https:\/\/www.intoscana.it\/it\/#website"},"primaryImageOfPage":{"@id":"https:\/\/www.intoscana.it\/it\/unicef-prato\/#primaryimage"},"image":{"@id":"https:\/\/www.intoscana.it\/it\/unicef-prato\/#primaryimage"},"thumbnailUrl":"https:\/\/www.intoscana.it\/wp-content\/uploads\/Prato-10.jpg","datePublished":"2019-10-16T11:58:27+00:00","dateModified":"2020-05-19T14:01:55+00:00","author":{"@id":"https:\/\/www.intoscana.it\/it\/#\/schema\/person\/9223810753230f20bd670fdd322661f8"},"breadcrumb":{"@id":"https:\/\/www.intoscana.it\/it\/unicef-prato\/#breadcrumb"},"inLanguage":"it-IT","potentialAction":[{"@type":"ReadAction","target":["https:\/\/www.intoscana.it\/it\/unicef-prato\/"]}]},{"@type":"ImageObject","inLanguage":"it-IT","@id":"https:\/\/www.intoscana.it\/it\/unicef-prato\/#primaryimage","url":"https:\/\/www.intoscana.it\/wp-content\/uploads\/Prato-10.jpg","contentUrl":"https:\/\/www.intoscana.it\/wp-content\/uploads\/Prato-10.jpg","width":900,"height":599,"caption":"Prato"},{"@type":"BreadcrumbList","@id":"https:\/\/www.intoscana.it\/it\/unicef-prato\/#breadcrumb","itemListElement":[{"@type":"ListItem","position":1,"name":"Home","item":"https:\/\/www.intoscana.it\/it\/"},{"@type":"ListItem","position":2,"name":"L&#8217;Unicef premia Prato: citt\u00e0 a misura di bambino, tra mobilit\u00e0 e sicurezza"}]},{"@type":"WebSite","@id":"https:\/\/www.intoscana.it\/it\/#website","url":"https:\/\/www.intoscana.it\/it\/","name":"intoscana","description":"","potentialAction":[{"@type":"SearchAction","target":{"@type":"EntryPoint","urlTemplate":"https:\/\/www.intoscana.it\/it\/?s={search_term_string}"},"query-input":{"@type":"PropertyValueSpecification","valueRequired":true,"valueName":"search_term_string"}}],"inLanguage":"it-IT"},{"@type":"Person","@id":"https:\/\/www.intoscana.it\/it\/#\/schema\/person\/9223810753230f20bd670fdd322661f8","name":"Redazione","url":"https:\/\/www.intoscana.it\/it\/author\/redazione\/"}]}},"_links":{"self":[{"href":"https:\/\/www.intoscana.it\/it\/wp-json\/wp\/v2\/posts\/64809","targetHints":{"allow":["GET"]}}],"collection":[{"href":"https:\/\/www.intoscana.it\/it\/wp-json\/wp\/v2\/posts"}],"about":[{"href":"https:\/\/www.intoscana.it\/it\/wp-json\/wp\/v2\/types\/post"}],"author":[{"embeddable":true,"href":"https:\/\/www.intoscana.it\/it\/wp-json\/wp\/v2\/users\/525"}],"replies":[{"embeddable":true,"href":"https:\/\/www.intoscana.it\/it\/wp-json\/wp\/v2\/comments?post=64809"}],"version-history":[{"count":0,"href":"https:\/\/www.intoscana.it\/it\/wp-json\/wp\/v2\/posts\/64809\/revisions"}],"wp:featuredmedia":[{"embeddable":true,"href":"https:\/\/www.intoscana.it\/it\/wp-json\/wp\/v2\/media\/102272"}],"wp:attachment":[{"href":"https:\/\/www.intoscana.it\/it\/wp-json\/wp\/v2\/media?parent=64809"}],"wp:term":[{"taxonomy":"category","embeddable":true,"href":"https:\/\/www.intoscana.it\/it\/wp-json\/wp\/v2\/categories?post=64809"},{"taxonomy":"post_tag","embeddable":true,"href":"https:\/\/www.intoscana.it\/it\/wp-json\/wp\/v2\/tags?post=64809"}],"curies":[{"name":"wp","href":"https:\/\/api.w.org\/{rel}","templated":true}]}}