{"id":64822,"date":"2019-12-24T10:16:15","date_gmt":"2019-12-24T10:16:15","guid":{"rendered":"http:\/\/www.intoscana.it\/centro-pecci-di-prato-bini-smaghi-e-il-nuovo-presidente-del-cda\/"},"modified":"2020-05-19T16:01:58","modified_gmt":"2020-05-19T14:01:58","slug":"lorenzo-bini-smaghi-pecci-prato","status":"publish","type":"post","link":"https:\/\/www.intoscana.it\/it\/lorenzo-bini-smaghi-pecci-prato\/","title":{"rendered":"Centro Pecci di Prato: Bini Smaghi \u00e8 il nuovo presidente del CDA"},"content":{"rendered":"<p><strong>L&#8217;economista Lorenzo Bini Smaghi,<\/strong> presidente di Societ\u00e9 Gen\u00e9rale, \u00e8 il nuovo presidente della Fondazione per le Arti Contemporanee in Toscana, e insieme ai nuovi membri del cda <strong>Gherardo Biagioni, Edoardo Donatini, Jacopo Gori, Alessio Marco Ranaldo<\/strong> amministrer\u00e0 il <strong>Centro per l&#8217;arte contemporanea Luigi Pecci di Prato<\/strong> per il prossimo triennio.<\/p>\n<p>La nomina del <strong>nuovo presidente e del cda,<\/strong> a quasi due anni dalla nomina della direttrice Cristiana Perrella, spiega la stessa nota, &#8220;si configura in un meditato percorso di cambiamento e innovazione che riguarda tutti gli aspetti del Centro Pecci, dalla mission, alle attivit\u00e0, alle collaborazioni, al board&#8221;. <\/p>\n<p><strong>&#8220;Credo che la fiducia che ci \u00e8 stata accordata non verr\u00e0 delusa<\/strong>&#8220;: cos\u00ec l&#8217;economista fiorentino Lorenzo Bini Smaghi nel suo discorso di insediamento alla presidenza della Fondazione per le Arti Contemporanee in Toscana, l&#8217;ente che sovrintende il museo Luigi Pecci di Prato.<\/p>\n<p><strong>&#8220;Sono stato convinto ad accettare questa sfida<\/strong> &#8211; ha aggiunto Bini Smaghi &#8211; <strong>perch\u00e9 guarda al futuro. Con l&#8217;aiuto di tutti i pratesi e i toscani faremo un grande lavoro per investire sul contemporaneo&#8221;.<\/strong><\/p>\n","protected":false},"excerpt":{"rendered":"<p>L&#8217;economista italiano \u00e8 il nuovo presidente della Fondazione per le Arti Contemporanee in Toscana<\/p>\n","protected":false},"author":525,"featured_media":102286,"comment_status":"open","ping_status":"open","sticky":false,"template":"","format":"standard","meta":{"_acf_changed":false,"footnotes":""},"categories":[494,7],"tags":[259],"class_list":["post-64822","post","type-post","status-publish","format-standard","has-post-thumbnail","hentry","category-attualita","category-societa","tag-prato"],"acf":[],"yoast_head":"<!-- This site is optimized with the Yoast SEO Premium plugin v24.2 (Yoast SEO v25.6) - https:\/\/yoast.com\/wordpress\/plugins\/seo\/ -->\n<title>Centro Pecci di Prato: Bini Smaghi \u00e8 il nuovo presidente del CDA - intoscana<\/title>\n<meta name=\"robots\" content=\"index, follow, max-snippet:-1, max-image-preview:large, max-video-preview:-1\" \/>\n<link rel=\"canonical\" href=\"https:\/\/www.intoscana.it\/it\/lorenzo-bini-smaghi-pecci-prato\/\" \/>\n<meta property=\"og:locale\" content=\"it_IT\" \/>\n<meta property=\"og:type\" content=\"article\" \/>\n<meta property=\"og:title\" content=\"Centro Pecci di Prato: Bini Smaghi \u00e8 il nuovo presidente del CDA\" \/>\n<meta property=\"og:description\" content=\"L&#039;economista italiano \u00e8 il nuovo presidente della Fondazione per le Arti Contemporanee in Toscana\" \/>\n<meta property=\"og:url\" content=\"https:\/\/www.intoscana.it\/it\/lorenzo-bini-smaghi-pecci-prato\/\" \/>\n<meta property=\"og:site_name\" content=\"intoscana\" \/>\n<meta property=\"article:publisher\" content=\"https:\/\/www.facebook.com\/intoscana.it\" \/>\n<meta property=\"article:published_time\" content=\"2019-12-24T10:16:15+00:00\" \/>\n<meta property=\"article:modified_time\" content=\"2020-05-19T14:01:58+00:00\" \/>\n<meta property=\"og:image\" content=\"https:\/\/www.intoscana.it\/wp-content\/uploads\/image-3.jpgfdetail_558h720w1280pfhwd5eb06a-3.jpg\" \/>\n\t<meta property=\"og:image:width\" content=\"960\" \/>\n\t<meta property=\"og:image:height\" content=\"540\" \/>\n\t<meta property=\"og:image:type\" content=\"image\/jpeg\" \/>\n<meta name=\"author\" content=\"Redazione\" \/>\n<meta name=\"twitter:card\" content=\"summary_large_image\" \/>\n<meta name=\"twitter:creator\" content=\"@intoscana\" \/>\n<meta name=\"twitter:site\" content=\"@intoscana\" \/>\n<meta name=\"twitter:label1\" content=\"Written by\" \/>\n\t<meta name=\"twitter:data1\" content=\"Redazione\" \/>\n\t<meta name=\"twitter:label2\" content=\"Est. reading time\" \/>\n\t<meta name=\"twitter:data2\" content=\"1 minuto\" \/>\n<script type=\"application\/ld+json\" class=\"yoast-schema-graph\">{\"@context\":\"https:\/\/schema.org\",\"@graph\":[{\"@type\":\"WebPage\",\"@id\":\"https:\/\/www.intoscana.it\/it\/lorenzo-bini-smaghi-pecci-prato\/\",\"url\":\"https:\/\/www.intoscana.it\/it\/lorenzo-bini-smaghi-pecci-prato\/\",\"name\":\"Centro Pecci di Prato: Bini Smaghi \u00e8 il nuovo presidente del CDA - intoscana\",\"isPartOf\":{\"@id\":\"https:\/\/www.intoscana.it\/it\/#website\"},\"primaryImageOfPage\":{\"@id\":\"https:\/\/www.intoscana.it\/it\/lorenzo-bini-smaghi-pecci-prato\/#primaryimage\"},\"image\":{\"@id\":\"https:\/\/www.intoscana.it\/it\/lorenzo-bini-smaghi-pecci-prato\/#primaryimage\"},\"thumbnailUrl\":\"https:\/\/www.intoscana.it\/wp-content\/uploads\/image-3.jpgfdetail_558h720w1280pfhwd5eb06a-3.jpg\",\"datePublished\":\"2019-12-24T10:16:15+00:00\",\"dateModified\":\"2020-05-19T14:01:58+00:00\",\"author\":{\"@id\":\"https:\/\/www.intoscana.it\/it\/#\/schema\/person\/9223810753230f20bd670fdd322661f8\"},\"breadcrumb\":{\"@id\":\"https:\/\/www.intoscana.it\/it\/lorenzo-bini-smaghi-pecci-prato\/#breadcrumb\"},\"inLanguage\":\"it-IT\",\"potentialAction\":[{\"@type\":\"ReadAction\",\"target\":[\"https:\/\/www.intoscana.it\/it\/lorenzo-bini-smaghi-pecci-prato\/\"]}]},{\"@type\":\"ImageObject\",\"inLanguage\":\"it-IT\",\"@id\":\"https:\/\/www.intoscana.it\/it\/lorenzo-bini-smaghi-pecci-prato\/#primaryimage\",\"url\":\"https:\/\/www.intoscana.it\/wp-content\/uploads\/image-3.jpgfdetail_558h720w1280pfhwd5eb06a-3.jpg\",\"contentUrl\":\"https:\/\/www.intoscana.it\/wp-content\/uploads\/image-3.jpgfdetail_558h720w1280pfhwd5eb06a-3.jpg\",\"width\":960,\"height\":540,\"caption\":\"Lorenzo Bini Smaghi\"},{\"@type\":\"BreadcrumbList\",\"@id\":\"https:\/\/www.intoscana.it\/it\/lorenzo-bini-smaghi-pecci-prato\/#breadcrumb\",\"itemListElement\":[{\"@type\":\"ListItem\",\"position\":1,\"name\":\"Home\",\"item\":\"https:\/\/www.intoscana.it\/it\/\"},{\"@type\":\"ListItem\",\"position\":2,\"name\":\"Centro Pecci di Prato: Bini Smaghi \u00e8 il nuovo presidente del CDA\"}]},{\"@type\":\"WebSite\",\"@id\":\"https:\/\/www.intoscana.it\/it\/#website\",\"url\":\"https:\/\/www.intoscana.it\/it\/\",\"name\":\"intoscana\",\"description\":\"\",\"potentialAction\":[{\"@type\":\"SearchAction\",\"target\":{\"@type\":\"EntryPoint\",\"urlTemplate\":\"https:\/\/www.intoscana.it\/it\/?s={search_term_string}\"},\"query-input\":{\"@type\":\"PropertyValueSpecification\",\"valueRequired\":true,\"valueName\":\"search_term_string\"}}],\"inLanguage\":\"it-IT\"},{\"@type\":\"Person\",\"@id\":\"https:\/\/www.intoscana.it\/it\/#\/schema\/person\/9223810753230f20bd670fdd322661f8\",\"name\":\"Redazione\",\"url\":\"https:\/\/www.intoscana.it\/it\/author\/redazione\/\"}]}<\/script>\n<!-- \/ Yoast SEO Premium plugin. -->","yoast_head_json":{"title":"Centro Pecci di Prato: Bini Smaghi \u00e8 il nuovo presidente del CDA - intoscana","robots":{"index":"index","follow":"follow","max-snippet":"max-snippet:-1","max-image-preview":"max-image-preview:large","max-video-preview":"max-video-preview:-1"},"canonical":"https:\/\/www.intoscana.it\/it\/lorenzo-bini-smaghi-pecci-prato\/","og_locale":"it_IT","og_type":"article","og_title":"Centro Pecci di Prato: Bini Smaghi \u00e8 il nuovo presidente del CDA","og_description":"L'economista italiano \u00e8 il nuovo presidente della Fondazione per le Arti Contemporanee in Toscana","og_url":"https:\/\/www.intoscana.it\/it\/lorenzo-bini-smaghi-pecci-prato\/","og_site_name":"intoscana","article_publisher":"https:\/\/www.facebook.com\/intoscana.it","article_published_time":"2019-12-24T10:16:15+00:00","article_modified_time":"2020-05-19T14:01:58+00:00","og_image":[{"width":960,"height":540,"url":"https:\/\/www.intoscana.it\/wp-content\/uploads\/image-3.jpgfdetail_558h720w1280pfhwd5eb06a-3.jpg","type":"image\/jpeg"}],"author":"Redazione","twitter_card":"summary_large_image","twitter_creator":"@intoscana","twitter_site":"@intoscana","twitter_misc":{"Written by":"Redazione","Est. reading time":"1 minuto"},"schema":{"@context":"https:\/\/schema.org","@graph":[{"@type":"WebPage","@id":"https:\/\/www.intoscana.it\/it\/lorenzo-bini-smaghi-pecci-prato\/","url":"https:\/\/www.intoscana.it\/it\/lorenzo-bini-smaghi-pecci-prato\/","name":"Centro Pecci di Prato: Bini Smaghi \u00e8 il nuovo presidente del CDA - intoscana","isPartOf":{"@id":"https:\/\/www.intoscana.it\/it\/#website"},"primaryImageOfPage":{"@id":"https:\/\/www.intoscana.it\/it\/lorenzo-bini-smaghi-pecci-prato\/#primaryimage"},"image":{"@id":"https:\/\/www.intoscana.it\/it\/lorenzo-bini-smaghi-pecci-prato\/#primaryimage"},"thumbnailUrl":"https:\/\/www.intoscana.it\/wp-content\/uploads\/image-3.jpgfdetail_558h720w1280pfhwd5eb06a-3.jpg","datePublished":"2019-12-24T10:16:15+00:00","dateModified":"2020-05-19T14:01:58+00:00","author":{"@id":"https:\/\/www.intoscana.it\/it\/#\/schema\/person\/9223810753230f20bd670fdd322661f8"},"breadcrumb":{"@id":"https:\/\/www.intoscana.it\/it\/lorenzo-bini-smaghi-pecci-prato\/#breadcrumb"},"inLanguage":"it-IT","potentialAction":[{"@type":"ReadAction","target":["https:\/\/www.intoscana.it\/it\/lorenzo-bini-smaghi-pecci-prato\/"]}]},{"@type":"ImageObject","inLanguage":"it-IT","@id":"https:\/\/www.intoscana.it\/it\/lorenzo-bini-smaghi-pecci-prato\/#primaryimage","url":"https:\/\/www.intoscana.it\/wp-content\/uploads\/image-3.jpgfdetail_558h720w1280pfhwd5eb06a-3.jpg","contentUrl":"https:\/\/www.intoscana.it\/wp-content\/uploads\/image-3.jpgfdetail_558h720w1280pfhwd5eb06a-3.jpg","width":960,"height":540,"caption":"Lorenzo Bini Smaghi"},{"@type":"BreadcrumbList","@id":"https:\/\/www.intoscana.it\/it\/lorenzo-bini-smaghi-pecci-prato\/#breadcrumb","itemListElement":[{"@type":"ListItem","position":1,"name":"Home","item":"https:\/\/www.intoscana.it\/it\/"},{"@type":"ListItem","position":2,"name":"Centro Pecci di Prato: Bini Smaghi \u00e8 il nuovo presidente del CDA"}]},{"@type":"WebSite","@id":"https:\/\/www.intoscana.it\/it\/#website","url":"https:\/\/www.intoscana.it\/it\/","name":"intoscana","description":"","potentialAction":[{"@type":"SearchAction","target":{"@type":"EntryPoint","urlTemplate":"https:\/\/www.intoscana.it\/it\/?s={search_term_string}"},"query-input":{"@type":"PropertyValueSpecification","valueRequired":true,"valueName":"search_term_string"}}],"inLanguage":"it-IT"},{"@type":"Person","@id":"https:\/\/www.intoscana.it\/it\/#\/schema\/person\/9223810753230f20bd670fdd322661f8","name":"Redazione","url":"https:\/\/www.intoscana.it\/it\/author\/redazione\/"}]}},"_links":{"self":[{"href":"https:\/\/www.intoscana.it\/it\/wp-json\/wp\/v2\/posts\/64822","targetHints":{"allow":["GET"]}}],"collection":[{"href":"https:\/\/www.intoscana.it\/it\/wp-json\/wp\/v2\/posts"}],"about":[{"href":"https:\/\/www.intoscana.it\/it\/wp-json\/wp\/v2\/types\/post"}],"author":[{"embeddable":true,"href":"https:\/\/www.intoscana.it\/it\/wp-json\/wp\/v2\/users\/525"}],"replies":[{"embeddable":true,"href":"https:\/\/www.intoscana.it\/it\/wp-json\/wp\/v2\/comments?post=64822"}],"version-history":[{"count":0,"href":"https:\/\/www.intoscana.it\/it\/wp-json\/wp\/v2\/posts\/64822\/revisions"}],"wp:featuredmedia":[{"embeddable":true,"href":"https:\/\/www.intoscana.it\/it\/wp-json\/wp\/v2\/media\/102286"}],"wp:attachment":[{"href":"https:\/\/www.intoscana.it\/it\/wp-json\/wp\/v2\/media?parent=64822"}],"wp:term":[{"taxonomy":"category","embeddable":true,"href":"https:\/\/www.intoscana.it\/it\/wp-json\/wp\/v2\/categories?post=64822"},{"taxonomy":"post_tag","embeddable":true,"href":"https:\/\/www.intoscana.it\/it\/wp-json\/wp\/v2\/tags?post=64822"}],"curies":[{"name":"wp","href":"https:\/\/api.w.org\/{rel}","templated":true}]}}