{"id":64825,"date":"2020-02-22T08:10:03","date_gmt":"2020-02-22T08:10:03","guid":{"rendered":"http:\/\/www.intoscana.it\/comeri-vestita-una-mostra-racconta-la-violenza-sulle-donne\/"},"modified":"2020-05-19T16:01:59","modified_gmt":"2020-05-19T14:01:59","slug":"come-eri-vestita-mostra","status":"publish","type":"post","link":"https:\/\/www.intoscana.it\/it\/come-eri-vestita-mostra\/","title":{"rendered":"Com\u2019eri vestita? Una mostra racconta la violenza sulle donne"},"content":{"rendered":"<p><strong>Storie di abusi, storie di violenza, storie di donne che hanno dovuto sopportare e che diventano adesso occasione di riflessione, di sensibilizzazione, di prevenzione.<\/strong> Arriva a Monte San Savino (Arezzo) &#8220;What Were You Wearing &#8211; Com\u2019eri vestita?&#8221;, la mostra internazionale che nasce nel 2013 da un progetto di Jen Brockman, direttrice del Centro per la prevenzione e formazione sessuale di Kansas, e di Mary A. Wyandt-Hiebert, responsabile delle iniziative di programmazione presso il Centro di educazione contro gli stupri dell\u2019Universit\u00e0 dell\u2019Arkansas, che viene diffuso in Italia grazie al lavoro dell\u2019Associazione Libere Sinergie che ne propone un adattamento al contesto socio culturale del nostro Paese.<\/p>\n<p><strong>Sono gli abiti che la vittima indossava al momento della violenza subita, a offrire il pretesto espositivo:<\/strong> ne nasce una galleria di drammatiche testimonianze che vengono offerte al pubblico tradotte in italiano ed inglese.<\/p>\n<p><strong>L\u2019obiettivo \u00e8 quello di sensibilizzare sul tema della violenza sulle donne, sradicando il pregiudizio che la vittima avrebbe potuto evitare lo stupro se solo avesse indossato abiti meno provocanti.<\/strong> Da qui il titolo del progetto, una domanda che assume toni anch\u2019essi violenti, quel \u201ccom\u2019eri vestita?\u201d, capace di diventare ulteriore \u201cprovocazione\u201d inaccettabile.<\/p>\n<p><strong>I visitatori possono cos\u00ec identificarsi nelle storie narrate e confrontarsi con alcuni stereotipi:<\/strong> \u00abNon \u00e8 l\u2019abito che si ha indosso che causa una violenza sessuale \u2013 osserva la curatrice Jen Brockman \u2013 ma \u00e8 una persona a causare il danno. Essere in grado di donare serenit\u00e0 alle vittime e suscitare maggiore consapevolezza nel pubblico e nella comunit\u00e0 \u00e8 la vera motivazione del progetto\u00bb.<\/p>\n<p><strong>A Monte San Savino &#8220;What Were You Wearing &#8211; Com\u2019eri vestita?&#8221; coinvolge l\u2019intero paese e si arricchisce di una particolarit\u00e0:<\/strong> per la prima volta, a \u201cvestire\u201d i racconti che sono oggetto dell\u2019esposizione, saranno gli abiti prestati per l&#8217;occasione da ragazze e donne della cittadina toscana.<\/p>\n<p><strong>Originale anche l\u2019allestimento, che sar\u00e0 itinerante e interesser\u00e0 le vetrine dei negozi del centro storico.<\/strong> Qui saranno collocati gli abiti e i relativi racconti, permettendo a chiunque di soffermarsi a riflettere. Intanto in filodiffusione in tutto il paese, saranno le stesse ragazze toscane a dare voce alle storie delle donne che hanno subito violenza, nell\u2019intento di raggiungere anche il passante pi\u00f9 distratto.<\/p>\n<p>L\u2019intero centro storico toscano per giorni risuoner\u00e0 di voci, parole, racconti dolorosi: un percorso potente e quanto mai necessario che invita alla riflessione, alla condivisione, alla responsabilit\u00e0. L\u2019iniziativa, che sar\u00e0 inaugurata il prossimo 7 marzo, si colloca all\u2019interno del calendario di eventi &#8220;Marzo: il mese delle donne&#8221;, ideato e costruito dall\u2019amministrazione comunale di Monte San Savino. La mostra rester\u00e0 esposta fino al 31 marzo 2020.<\/p>\n","protected":false},"excerpt":{"rendered":"<p>What were you wearing? Monte San Savino (Arezzo) ospita dal 7 marzo il progetto di Jen Brockman e di Mary A. Wyandt-Hiebert, in Italia grazie all\u2019Associazione Libere Sinergie<\/p>\n","protected":false},"author":525,"featured_media":102289,"comment_status":"open","ping_status":"open","sticky":false,"template":"","format":"standard","meta":{"_acf_changed":false,"footnotes":""},"categories":[494,7],"tags":[196,411,238],"class_list":["post-64825","post","type-post","status-publish","format-standard","has-post-thumbnail","hentry","category-attualita","category-societa","tag-arezzo","tag-donne","tag-mostra"],"acf":[],"yoast_head":"<!-- This site is optimized with the Yoast SEO Premium plugin v24.2 (Yoast SEO v25.6) - https:\/\/yoast.com\/wordpress\/plugins\/seo\/ -->\n<title>Com\u2019eri vestita? Una mostra racconta la violenza sulle donne - intoscana<\/title>\n<meta name=\"robots\" content=\"index, follow, max-snippet:-1, max-image-preview:large, max-video-preview:-1\" \/>\n<link rel=\"canonical\" href=\"https:\/\/www.intoscana.it\/it\/come-eri-vestita-mostra\/\" \/>\n<meta property=\"og:locale\" content=\"it_IT\" \/>\n<meta property=\"og:type\" content=\"article\" \/>\n<meta property=\"og:title\" content=\"Com\u2019eri vestita? Una mostra racconta la violenza sulle donne\" \/>\n<meta property=\"og:description\" content=\"What were you wearing? Monte San Savino (Arezzo) ospita dal 7 marzo il progetto di Jen Brockman e di Mary A. Wyandt-Hiebert, in Italia grazie all\u2019Associazione Libere Sinergie\" \/>\n<meta property=\"og:url\" content=\"https:\/\/www.intoscana.it\/it\/come-eri-vestita-mostra\/\" \/>\n<meta property=\"og:site_name\" content=\"intoscana\" \/>\n<meta property=\"article:publisher\" content=\"https:\/\/www.facebook.com\/intoscana.it\" \/>\n<meta property=\"article:published_time\" content=\"2020-02-22T08:10:03+00:00\" \/>\n<meta property=\"article:modified_time\" content=\"2020-05-19T14:01:59+00:00\" \/>\n<meta property=\"og:image\" content=\"https:\/\/www.intoscana.it\/wp-content\/uploads\/com-eri-vestita.jpg\" \/>\n\t<meta property=\"og:image:width\" content=\"700\" \/>\n\t<meta property=\"og:image:height\" content=\"448\" \/>\n\t<meta property=\"og:image:type\" content=\"image\/jpeg\" \/>\n<meta name=\"author\" content=\"Redazione\" \/>\n<meta name=\"twitter:card\" content=\"summary_large_image\" \/>\n<meta name=\"twitter:creator\" content=\"@intoscana\" \/>\n<meta name=\"twitter:site\" content=\"@intoscana\" \/>\n<meta name=\"twitter:label1\" content=\"Written by\" \/>\n\t<meta name=\"twitter:data1\" content=\"Redazione\" \/>\n\t<meta name=\"twitter:label2\" content=\"Est. reading time\" \/>\n\t<meta name=\"twitter:data2\" content=\"2 minuti\" \/>\n<script type=\"application\/ld+json\" class=\"yoast-schema-graph\">{\"@context\":\"https:\/\/schema.org\",\"@graph\":[{\"@type\":\"WebPage\",\"@id\":\"https:\/\/www.intoscana.it\/it\/come-eri-vestita-mostra\/\",\"url\":\"https:\/\/www.intoscana.it\/it\/come-eri-vestita-mostra\/\",\"name\":\"Com\u2019eri vestita? Una mostra racconta la violenza sulle donne - intoscana\",\"isPartOf\":{\"@id\":\"https:\/\/www.intoscana.it\/it\/#website\"},\"primaryImageOfPage\":{\"@id\":\"https:\/\/www.intoscana.it\/it\/come-eri-vestita-mostra\/#primaryimage\"},\"image\":{\"@id\":\"https:\/\/www.intoscana.it\/it\/come-eri-vestita-mostra\/#primaryimage\"},\"thumbnailUrl\":\"https:\/\/www.intoscana.it\/wp-content\/uploads\/com-eri-vestita.jpg\",\"datePublished\":\"2020-02-22T08:10:03+00:00\",\"dateModified\":\"2020-05-19T14:01:59+00:00\",\"author\":{\"@id\":\"https:\/\/www.intoscana.it\/it\/#\/schema\/person\/9223810753230f20bd670fdd322661f8\"},\"breadcrumb\":{\"@id\":\"https:\/\/www.intoscana.it\/it\/come-eri-vestita-mostra\/#breadcrumb\"},\"inLanguage\":\"it-IT\",\"potentialAction\":[{\"@type\":\"ReadAction\",\"target\":[\"https:\/\/www.intoscana.it\/it\/come-eri-vestita-mostra\/\"]}]},{\"@type\":\"ImageObject\",\"inLanguage\":\"it-IT\",\"@id\":\"https:\/\/www.intoscana.it\/it\/come-eri-vestita-mostra\/#primaryimage\",\"url\":\"https:\/\/www.intoscana.it\/wp-content\/uploads\/com-eri-vestita.jpg\",\"contentUrl\":\"https:\/\/www.intoscana.it\/wp-content\/uploads\/com-eri-vestita.jpg\",\"width\":700,\"height\":448},{\"@type\":\"BreadcrumbList\",\"@id\":\"https:\/\/www.intoscana.it\/it\/come-eri-vestita-mostra\/#breadcrumb\",\"itemListElement\":[{\"@type\":\"ListItem\",\"position\":1,\"name\":\"Home\",\"item\":\"https:\/\/www.intoscana.it\/it\/\"},{\"@type\":\"ListItem\",\"position\":2,\"name\":\"Com\u2019eri vestita? Una mostra racconta la violenza sulle donne\"}]},{\"@type\":\"WebSite\",\"@id\":\"https:\/\/www.intoscana.it\/it\/#website\",\"url\":\"https:\/\/www.intoscana.it\/it\/\",\"name\":\"intoscana\",\"description\":\"\",\"potentialAction\":[{\"@type\":\"SearchAction\",\"target\":{\"@type\":\"EntryPoint\",\"urlTemplate\":\"https:\/\/www.intoscana.it\/it\/?s={search_term_string}\"},\"query-input\":{\"@type\":\"PropertyValueSpecification\",\"valueRequired\":true,\"valueName\":\"search_term_string\"}}],\"inLanguage\":\"it-IT\"},{\"@type\":\"Person\",\"@id\":\"https:\/\/www.intoscana.it\/it\/#\/schema\/person\/9223810753230f20bd670fdd322661f8\",\"name\":\"Redazione\",\"url\":\"https:\/\/www.intoscana.it\/it\/author\/redazione\/\"}]}<\/script>\n<!-- \/ Yoast SEO Premium plugin. -->","yoast_head_json":{"title":"Com\u2019eri vestita? Una mostra racconta la violenza sulle donne - intoscana","robots":{"index":"index","follow":"follow","max-snippet":"max-snippet:-1","max-image-preview":"max-image-preview:large","max-video-preview":"max-video-preview:-1"},"canonical":"https:\/\/www.intoscana.it\/it\/come-eri-vestita-mostra\/","og_locale":"it_IT","og_type":"article","og_title":"Com\u2019eri vestita? Una mostra racconta la violenza sulle donne","og_description":"What were you wearing? Monte San Savino (Arezzo) ospita dal 7 marzo il progetto di Jen Brockman e di Mary A. Wyandt-Hiebert, in Italia grazie all\u2019Associazione Libere Sinergie","og_url":"https:\/\/www.intoscana.it\/it\/come-eri-vestita-mostra\/","og_site_name":"intoscana","article_publisher":"https:\/\/www.facebook.com\/intoscana.it","article_published_time":"2020-02-22T08:10:03+00:00","article_modified_time":"2020-05-19T14:01:59+00:00","og_image":[{"width":700,"height":448,"url":"https:\/\/www.intoscana.it\/wp-content\/uploads\/com-eri-vestita.jpg","type":"image\/jpeg"}],"author":"Redazione","twitter_card":"summary_large_image","twitter_creator":"@intoscana","twitter_site":"@intoscana","twitter_misc":{"Written by":"Redazione","Est. reading time":"2 minuti"},"schema":{"@context":"https:\/\/schema.org","@graph":[{"@type":"WebPage","@id":"https:\/\/www.intoscana.it\/it\/come-eri-vestita-mostra\/","url":"https:\/\/www.intoscana.it\/it\/come-eri-vestita-mostra\/","name":"Com\u2019eri vestita? Una mostra racconta la violenza sulle donne - intoscana","isPartOf":{"@id":"https:\/\/www.intoscana.it\/it\/#website"},"primaryImageOfPage":{"@id":"https:\/\/www.intoscana.it\/it\/come-eri-vestita-mostra\/#primaryimage"},"image":{"@id":"https:\/\/www.intoscana.it\/it\/come-eri-vestita-mostra\/#primaryimage"},"thumbnailUrl":"https:\/\/www.intoscana.it\/wp-content\/uploads\/com-eri-vestita.jpg","datePublished":"2020-02-22T08:10:03+00:00","dateModified":"2020-05-19T14:01:59+00:00","author":{"@id":"https:\/\/www.intoscana.it\/it\/#\/schema\/person\/9223810753230f20bd670fdd322661f8"},"breadcrumb":{"@id":"https:\/\/www.intoscana.it\/it\/come-eri-vestita-mostra\/#breadcrumb"},"inLanguage":"it-IT","potentialAction":[{"@type":"ReadAction","target":["https:\/\/www.intoscana.it\/it\/come-eri-vestita-mostra\/"]}]},{"@type":"ImageObject","inLanguage":"it-IT","@id":"https:\/\/www.intoscana.it\/it\/come-eri-vestita-mostra\/#primaryimage","url":"https:\/\/www.intoscana.it\/wp-content\/uploads\/com-eri-vestita.jpg","contentUrl":"https:\/\/www.intoscana.it\/wp-content\/uploads\/com-eri-vestita.jpg","width":700,"height":448},{"@type":"BreadcrumbList","@id":"https:\/\/www.intoscana.it\/it\/come-eri-vestita-mostra\/#breadcrumb","itemListElement":[{"@type":"ListItem","position":1,"name":"Home","item":"https:\/\/www.intoscana.it\/it\/"},{"@type":"ListItem","position":2,"name":"Com\u2019eri vestita? Una mostra racconta la violenza sulle donne"}]},{"@type":"WebSite","@id":"https:\/\/www.intoscana.it\/it\/#website","url":"https:\/\/www.intoscana.it\/it\/","name":"intoscana","description":"","potentialAction":[{"@type":"SearchAction","target":{"@type":"EntryPoint","urlTemplate":"https:\/\/www.intoscana.it\/it\/?s={search_term_string}"},"query-input":{"@type":"PropertyValueSpecification","valueRequired":true,"valueName":"search_term_string"}}],"inLanguage":"it-IT"},{"@type":"Person","@id":"https:\/\/www.intoscana.it\/it\/#\/schema\/person\/9223810753230f20bd670fdd322661f8","name":"Redazione","url":"https:\/\/www.intoscana.it\/it\/author\/redazione\/"}]}},"_links":{"self":[{"href":"https:\/\/www.intoscana.it\/it\/wp-json\/wp\/v2\/posts\/64825","targetHints":{"allow":["GET"]}}],"collection":[{"href":"https:\/\/www.intoscana.it\/it\/wp-json\/wp\/v2\/posts"}],"about":[{"href":"https:\/\/www.intoscana.it\/it\/wp-json\/wp\/v2\/types\/post"}],"author":[{"embeddable":true,"href":"https:\/\/www.intoscana.it\/it\/wp-json\/wp\/v2\/users\/525"}],"replies":[{"embeddable":true,"href":"https:\/\/www.intoscana.it\/it\/wp-json\/wp\/v2\/comments?post=64825"}],"version-history":[{"count":0,"href":"https:\/\/www.intoscana.it\/it\/wp-json\/wp\/v2\/posts\/64825\/revisions"}],"wp:featuredmedia":[{"embeddable":true,"href":"https:\/\/www.intoscana.it\/it\/wp-json\/wp\/v2\/media\/102289"}],"wp:attachment":[{"href":"https:\/\/www.intoscana.it\/it\/wp-json\/wp\/v2\/media?parent=64825"}],"wp:term":[{"taxonomy":"category","embeddable":true,"href":"https:\/\/www.intoscana.it\/it\/wp-json\/wp\/v2\/categories?post=64825"},{"taxonomy":"post_tag","embeddable":true,"href":"https:\/\/www.intoscana.it\/it\/wp-json\/wp\/v2\/tags?post=64825"}],"curies":[{"name":"wp","href":"https:\/\/api.w.org\/{rel}","templated":true}]}}