{"id":64837,"date":"2019-01-21T11:51:20","date_gmt":"2019-01-21T11:51:20","guid":{"rendered":"http:\/\/www.intoscana.it\/partito-il-treno-della-memoria-rossi-ai-giovani-reagite-allindifferenza\/"},"modified":"2020-05-18T09:43:46","modified_gmt":"2020-05-18T07:43:46","slug":"partito-il-treno-della-memoria-rossi-ai-giovani-reagite-allindifferenza","status":"publish","type":"post","link":"https:\/\/www.intoscana.it\/it\/partito-il-treno-della-memoria-rossi-ai-giovani-reagite-allindifferenza\/","title":{"rendered":"Partito il Treno della Memoria, Rossi ai giovani: &#8216;Reagite all&#8217;indifferenza&#8217;"},"content":{"rendered":"<p><strong>Domenica 20 gennaio il Treno della Memoria<\/strong> organizzato dalla <strong>Regione Toscana<\/strong>&nbsp;con a bordo circa<strong> 550 studenti toscani<\/strong> ha lasciato la stazione di <strong>Santa Maria Novella a Firenze,<\/strong> alla volta della <strong>Polonia.<\/strong> Sar\u00e0 un viaggio lento, lungo diciannove ore: da Firenze attraverso gli Appennini verso la pianura padana, quindi il Brennero, l&#8217;Austria fino a Kufstein,un pezzo di Germania, ancora l&#8217;Austria da Salisburgo verso Vienna, un paio di ore attraverso la repubblica ceca, nella notte, e poi l&#8217;<strong>arrivo ad Oswiecim alle 7.53.<\/strong><\/p>\n<p> Un&#8217;ora prima <strong>Enrico Rossi<\/strong>&nbsp;<strong>il presidente della Toscana,<\/strong> che li raggiunger\u00e0 marted\u00ec sera a Cracovia, aveva salutato gli oltre cinquecentocinquanta ragazzi alla partenza, invitandoli a <strong>non essere indifferenti di fronte agli orrori e alle tragedie che ancora oggi accadono nel mondo,<\/strong> ogni volta che vengono calpestati i diritti delle persone.&nbsp;<\/p>\n<p> &#8220;Quando settanta e pi\u00f9 anni fa Auschwitz e gli altri campi di sterminio nazisti sono stati aperti, &#8211; <strong>ha sottolineato Rossi<\/strong> &#8211; tutt&#8217;attorno c&#8217;erano villaggi, come oggi. Si vedevano il fumo e i treni carichi di persone arrivare, si sentiva l&#8217;odore della carne bruciata. C&#8217;era il fumo e la gente sapeva. O sospettava. Come potevano sopportare? Perch\u00e9 non hanno reagito, vi chiederete&#8221;. Hanno semplicemente voltato gli occhi dalla parte opposta. L&#8217;indifferenza \u00e8 un male e il treno della memoria toscano vuole essere un antidoto anche per questa piaga. &#8220;I testimoni sopravvissuti a quell&#8217;orrore \u2013 dice ancora Rossi &#8211; vi aiuteranno: a capire, a porvi quantomeno domande. E tornerete diversi da come siete partiti&#8221;.<\/p>\n<p> Lo confermano e lo ripetono ogni volta, a chi glielo chiede, anche <strong>Andra e Tatiana, le due sorelline scampate a Birkenau<\/strong> e agli esperimenti del <strong>dottor Mengele:<\/strong> loro che di viaggi della memoria con la Toscana ne hanno gi\u00e0 fatti nove ed altri con altre regioni. Tatiana far\u00e0 il viaggio con gli studenti, Andra li attender\u00e0 in Polonia.<\/p>\n<p> &#8220;Dal viaggio della memoria si torna diversi: cambiati e in meglio&#8221; hanno dichiarato. &#8220;Quando si parte c&#8217;\u00e8 una bella allegria \u2013 raccontano -. <strong>Vedi i ragazzi preparati e consapevoli certo, ma sereni, tranquilli e curiosi soprattutto&#8221;<\/strong>. &#8220;Poi per\u00f2 &#8211; riprendono \u2013 quando si torna i loro occhi sono diversi e lo vedi da subito, gi\u00e0 sul treno. Lo notiamo noi, lo capiscono loro e se ne rendono conto anche i genitori una volta a casa&#8221;.&nbsp;<\/p>\n<p><a href=\"https:\/\/www.lanazione.it\/firenze\/cronaca\/treno-memoria-2019-1.4400250\" target=\"_blank\" rel=\"noopener noreferrer\"><strong>Foto Umberto Visintini\/New Press Photo, fonte www.lanazione.it<\/strong><\/a><\/p>\n","protected":false},"excerpt":{"rendered":"<p>550 studenti toscani visiteranno i campi di concentramento in Polonia<\/p>\n","protected":false},"author":525,"featured_media":102301,"comment_status":"open","ping_status":"open","sticky":false,"template":"","format":"standard","meta":{"_acf_changed":false,"footnotes":""},"categories":[494,7],"tags":[133,221,151],"class_list":["post-64837","post","type-post","status-publish","format-standard","has-post-thumbnail","hentry","category-attualita","category-societa","tag-enrico-rossi","tag-giovani","tag-regione-toscana"],"acf":[],"yoast_head":"<!-- This site is optimized with the Yoast SEO Premium plugin v24.2 (Yoast SEO v25.6) - https:\/\/yoast.com\/wordpress\/plugins\/seo\/ -->\n<title>Partito il Treno della Memoria, Rossi ai giovani: &#039;Reagite all&#039;indifferenza&#039; - intoscana<\/title>\n<meta name=\"description\" content=\"Partito il Treno della Memoria, Rossi ai giovani: &#039;Reagite all&#039;indifferenza&#039;\" \/>\n<meta name=\"robots\" content=\"index, follow, max-snippet:-1, max-image-preview:large, max-video-preview:-1\" \/>\n<link rel=\"canonical\" href=\"https:\/\/www.intoscana.it\/it\/partito-il-treno-della-memoria-rossi-ai-giovani-reagite-allindifferenza\/\" \/>\n<meta property=\"og:locale\" content=\"it_IT\" \/>\n<meta property=\"og:type\" content=\"article\" \/>\n<meta property=\"og:title\" content=\"Partito il Treno della Memoria, Rossi ai giovani: &#039;Reagite all&#039;indifferenza&#039;\" \/>\n<meta property=\"og:description\" content=\"Partito il Treno della Memoria, Rossi ai giovani: &#039;Reagite all&#039;indifferenza&#039;\" \/>\n<meta property=\"og:url\" content=\"https:\/\/www.intoscana.it\/it\/partito-il-treno-della-memoria-rossi-ai-giovani-reagite-allindifferenza\/\" \/>\n<meta property=\"og:site_name\" content=\"intoscana\" \/>\n<meta property=\"article:publisher\" content=\"https:\/\/www.facebook.com\/intoscana.it\" \/>\n<meta property=\"article:published_time\" content=\"2019-01-21T11:51:20+00:00\" \/>\n<meta property=\"article:modified_time\" content=\"2020-05-18T07:43:46+00:00\" \/>\n<meta property=\"og:image\" content=\"https:\/\/www.intoscana.it\/wp-content\/uploads\/immagini.quotidiano.net_-11.jpg\" \/>\n\t<meta property=\"og:image:width\" content=\"1280\" \/>\n\t<meta property=\"og:image:height\" content=\"860\" \/>\n\t<meta property=\"og:image:type\" content=\"image\/jpeg\" \/>\n<meta name=\"author\" content=\"Redazione\" \/>\n<meta name=\"twitter:card\" content=\"summary_large_image\" \/>\n<meta name=\"twitter:creator\" content=\"@intoscana\" \/>\n<meta name=\"twitter:site\" content=\"@intoscana\" \/>\n<meta name=\"twitter:label1\" content=\"Written by\" \/>\n\t<meta name=\"twitter:data1\" content=\"Redazione\" \/>\n\t<meta name=\"twitter:label2\" content=\"Est. reading time\" \/>\n\t<meta name=\"twitter:data2\" content=\"2 minuti\" \/>\n<script type=\"application\/ld+json\" class=\"yoast-schema-graph\">{\"@context\":\"https:\/\/schema.org\",\"@graph\":[{\"@type\":\"WebPage\",\"@id\":\"https:\/\/www.intoscana.it\/it\/partito-il-treno-della-memoria-rossi-ai-giovani-reagite-allindifferenza\/\",\"url\":\"https:\/\/www.intoscana.it\/it\/partito-il-treno-della-memoria-rossi-ai-giovani-reagite-allindifferenza\/\",\"name\":\"Partito il Treno della Memoria, Rossi ai giovani: 'Reagite all'indifferenza' - intoscana\",\"isPartOf\":{\"@id\":\"https:\/\/www.intoscana.it\/it\/#website\"},\"primaryImageOfPage\":{\"@id\":\"https:\/\/www.intoscana.it\/it\/partito-il-treno-della-memoria-rossi-ai-giovani-reagite-allindifferenza\/#primaryimage\"},\"image\":{\"@id\":\"https:\/\/www.intoscana.it\/it\/partito-il-treno-della-memoria-rossi-ai-giovani-reagite-allindifferenza\/#primaryimage\"},\"thumbnailUrl\":\"https:\/\/www.intoscana.it\/wp-content\/uploads\/immagini.quotidiano.net_-11.jpg\",\"datePublished\":\"2019-01-21T11:51:20+00:00\",\"dateModified\":\"2020-05-18T07:43:46+00:00\",\"author\":{\"@id\":\"https:\/\/www.intoscana.it\/it\/#\/schema\/person\/9223810753230f20bd670fdd322661f8\"},\"description\":\"Partito il Treno della Memoria, Rossi ai giovani: 'Reagite all'indifferenza'\",\"breadcrumb\":{\"@id\":\"https:\/\/www.intoscana.it\/it\/partito-il-treno-della-memoria-rossi-ai-giovani-reagite-allindifferenza\/#breadcrumb\"},\"inLanguage\":\"it-IT\",\"potentialAction\":[{\"@type\":\"ReadAction\",\"target\":[\"https:\/\/www.intoscana.it\/it\/partito-il-treno-della-memoria-rossi-ai-giovani-reagite-allindifferenza\/\"]}]},{\"@type\":\"ImageObject\",\"inLanguage\":\"it-IT\",\"@id\":\"https:\/\/www.intoscana.it\/it\/partito-il-treno-della-memoria-rossi-ai-giovani-reagite-allindifferenza\/#primaryimage\",\"url\":\"https:\/\/www.intoscana.it\/wp-content\/uploads\/immagini.quotidiano.net_-11.jpg\",\"contentUrl\":\"https:\/\/www.intoscana.it\/wp-content\/uploads\/immagini.quotidiano.net_-11.jpg\",\"width\":1280,\"height\":860},{\"@type\":\"BreadcrumbList\",\"@id\":\"https:\/\/www.intoscana.it\/it\/partito-il-treno-della-memoria-rossi-ai-giovani-reagite-allindifferenza\/#breadcrumb\",\"itemListElement\":[{\"@type\":\"ListItem\",\"position\":1,\"name\":\"Home\",\"item\":\"https:\/\/www.intoscana.it\/it\/\"},{\"@type\":\"ListItem\",\"position\":2,\"name\":\"Partito il Treno della Memoria, Rossi ai giovani: &#8216;Reagite all&#8217;indifferenza&#8217;\"}]},{\"@type\":\"WebSite\",\"@id\":\"https:\/\/www.intoscana.it\/it\/#website\",\"url\":\"https:\/\/www.intoscana.it\/it\/\",\"name\":\"intoscana\",\"description\":\"\",\"potentialAction\":[{\"@type\":\"SearchAction\",\"target\":{\"@type\":\"EntryPoint\",\"urlTemplate\":\"https:\/\/www.intoscana.it\/it\/?s={search_term_string}\"},\"query-input\":{\"@type\":\"PropertyValueSpecification\",\"valueRequired\":true,\"valueName\":\"search_term_string\"}}],\"inLanguage\":\"it-IT\"},{\"@type\":\"Person\",\"@id\":\"https:\/\/www.intoscana.it\/it\/#\/schema\/person\/9223810753230f20bd670fdd322661f8\",\"name\":\"Redazione\",\"url\":\"https:\/\/www.intoscana.it\/it\/author\/redazione\/\"}]}<\/script>\n<!-- \/ Yoast SEO Premium plugin. -->","yoast_head_json":{"title":"Partito il Treno della Memoria, Rossi ai giovani: 'Reagite all'indifferenza' - intoscana","description":"Partito il Treno della Memoria, Rossi ai giovani: 'Reagite all'indifferenza'","robots":{"index":"index","follow":"follow","max-snippet":"max-snippet:-1","max-image-preview":"max-image-preview:large","max-video-preview":"max-video-preview:-1"},"canonical":"https:\/\/www.intoscana.it\/it\/partito-il-treno-della-memoria-rossi-ai-giovani-reagite-allindifferenza\/","og_locale":"it_IT","og_type":"article","og_title":"Partito il Treno della Memoria, Rossi ai giovani: 'Reagite all'indifferenza'","og_description":"Partito il Treno della Memoria, Rossi ai giovani: 'Reagite all'indifferenza'","og_url":"https:\/\/www.intoscana.it\/it\/partito-il-treno-della-memoria-rossi-ai-giovani-reagite-allindifferenza\/","og_site_name":"intoscana","article_publisher":"https:\/\/www.facebook.com\/intoscana.it","article_published_time":"2019-01-21T11:51:20+00:00","article_modified_time":"2020-05-18T07:43:46+00:00","og_image":[{"width":1280,"height":860,"url":"https:\/\/www.intoscana.it\/wp-content\/uploads\/immagini.quotidiano.net_-11.jpg","type":"image\/jpeg"}],"author":"Redazione","twitter_card":"summary_large_image","twitter_creator":"@intoscana","twitter_site":"@intoscana","twitter_misc":{"Written by":"Redazione","Est. reading time":"2 minuti"},"schema":{"@context":"https:\/\/schema.org","@graph":[{"@type":"WebPage","@id":"https:\/\/www.intoscana.it\/it\/partito-il-treno-della-memoria-rossi-ai-giovani-reagite-allindifferenza\/","url":"https:\/\/www.intoscana.it\/it\/partito-il-treno-della-memoria-rossi-ai-giovani-reagite-allindifferenza\/","name":"Partito il Treno della Memoria, Rossi ai giovani: 'Reagite all'indifferenza' - intoscana","isPartOf":{"@id":"https:\/\/www.intoscana.it\/it\/#website"},"primaryImageOfPage":{"@id":"https:\/\/www.intoscana.it\/it\/partito-il-treno-della-memoria-rossi-ai-giovani-reagite-allindifferenza\/#primaryimage"},"image":{"@id":"https:\/\/www.intoscana.it\/it\/partito-il-treno-della-memoria-rossi-ai-giovani-reagite-allindifferenza\/#primaryimage"},"thumbnailUrl":"https:\/\/www.intoscana.it\/wp-content\/uploads\/immagini.quotidiano.net_-11.jpg","datePublished":"2019-01-21T11:51:20+00:00","dateModified":"2020-05-18T07:43:46+00:00","author":{"@id":"https:\/\/www.intoscana.it\/it\/#\/schema\/person\/9223810753230f20bd670fdd322661f8"},"description":"Partito il Treno della Memoria, Rossi ai giovani: 'Reagite all'indifferenza'","breadcrumb":{"@id":"https:\/\/www.intoscana.it\/it\/partito-il-treno-della-memoria-rossi-ai-giovani-reagite-allindifferenza\/#breadcrumb"},"inLanguage":"it-IT","potentialAction":[{"@type":"ReadAction","target":["https:\/\/www.intoscana.it\/it\/partito-il-treno-della-memoria-rossi-ai-giovani-reagite-allindifferenza\/"]}]},{"@type":"ImageObject","inLanguage":"it-IT","@id":"https:\/\/www.intoscana.it\/it\/partito-il-treno-della-memoria-rossi-ai-giovani-reagite-allindifferenza\/#primaryimage","url":"https:\/\/www.intoscana.it\/wp-content\/uploads\/immagini.quotidiano.net_-11.jpg","contentUrl":"https:\/\/www.intoscana.it\/wp-content\/uploads\/immagini.quotidiano.net_-11.jpg","width":1280,"height":860},{"@type":"BreadcrumbList","@id":"https:\/\/www.intoscana.it\/it\/partito-il-treno-della-memoria-rossi-ai-giovani-reagite-allindifferenza\/#breadcrumb","itemListElement":[{"@type":"ListItem","position":1,"name":"Home","item":"https:\/\/www.intoscana.it\/it\/"},{"@type":"ListItem","position":2,"name":"Partito il Treno della Memoria, Rossi ai giovani: &#8216;Reagite all&#8217;indifferenza&#8217;"}]},{"@type":"WebSite","@id":"https:\/\/www.intoscana.it\/it\/#website","url":"https:\/\/www.intoscana.it\/it\/","name":"intoscana","description":"","potentialAction":[{"@type":"SearchAction","target":{"@type":"EntryPoint","urlTemplate":"https:\/\/www.intoscana.it\/it\/?s={search_term_string}"},"query-input":{"@type":"PropertyValueSpecification","valueRequired":true,"valueName":"search_term_string"}}],"inLanguage":"it-IT"},{"@type":"Person","@id":"https:\/\/www.intoscana.it\/it\/#\/schema\/person\/9223810753230f20bd670fdd322661f8","name":"Redazione","url":"https:\/\/www.intoscana.it\/it\/author\/redazione\/"}]}},"_links":{"self":[{"href":"https:\/\/www.intoscana.it\/it\/wp-json\/wp\/v2\/posts\/64837","targetHints":{"allow":["GET"]}}],"collection":[{"href":"https:\/\/www.intoscana.it\/it\/wp-json\/wp\/v2\/posts"}],"about":[{"href":"https:\/\/www.intoscana.it\/it\/wp-json\/wp\/v2\/types\/post"}],"author":[{"embeddable":true,"href":"https:\/\/www.intoscana.it\/it\/wp-json\/wp\/v2\/users\/525"}],"replies":[{"embeddable":true,"href":"https:\/\/www.intoscana.it\/it\/wp-json\/wp\/v2\/comments?post=64837"}],"version-history":[{"count":0,"href":"https:\/\/www.intoscana.it\/it\/wp-json\/wp\/v2\/posts\/64837\/revisions"}],"wp:featuredmedia":[{"embeddable":true,"href":"https:\/\/www.intoscana.it\/it\/wp-json\/wp\/v2\/media\/102301"}],"wp:attachment":[{"href":"https:\/\/www.intoscana.it\/it\/wp-json\/wp\/v2\/media?parent=64837"}],"wp:term":[{"taxonomy":"category","embeddable":true,"href":"https:\/\/www.intoscana.it\/it\/wp-json\/wp\/v2\/categories?post=64837"},{"taxonomy":"post_tag","embeddable":true,"href":"https:\/\/www.intoscana.it\/it\/wp-json\/wp\/v2\/tags?post=64837"}],"curies":[{"name":"wp","href":"https:\/\/api.w.org\/{rel}","templated":true}]}}