{"id":64838,"date":"2019-01-25T10:14:43","date_gmt":"2019-01-25T10:14:43","guid":{"rendered":"http:\/\/www.intoscana.it\/e-morto-silvano-sarti-uno-degli-ultimi-partigiani-toscani\/"},"modified":"2020-05-18T09:43:46","modified_gmt":"2020-05-18T07:43:46","slug":"e-morto-silvano-sarti-uno-degli-ultimi-partigiani-toscani","status":"publish","type":"post","link":"https:\/\/www.intoscana.it\/it\/e-morto-silvano-sarti-uno-degli-ultimi-partigiani-toscani\/","title":{"rendered":"\u00c8 morto Silvano Sarti, uno degli ultimi partigiani toscani"},"content":{"rendered":"<p><strong>La notte del 24 gennaio \u00e8 morto a 95 anni Silvano Sarti,<\/strong> il <strong>partigiano &#8216;Pillo&#8217;,<\/strong> gi\u00e0 presidente dell&#8217;<strong>Anpi di Firenze,<\/strong>&nbsp;<strong>era nato a Scandicci (Firenze)<\/strong> nel 1925. <strong>Nel 1944 si un\u00ec alla<\/strong> <strong>brigata Sinigaglia<\/strong> per <strong>combattere l\u2019invasore nazista.<\/strong>&nbsp;<strong>Medaglia d&#8217;oro al valore militare<\/strong>, dopo la guerra scelse l\u2019<strong>impegno sindacale<\/strong>, poi la <strong>testimonianza<\/strong> continuando fino all&#8217;ultimo giorno di vita ad anadare nelle scuole per raccontare ai giovani quello che aveva vissuto in prima persona.<\/p>\n<p><iframe loading=\"lazy\" src=\"https:\/\/www.youtube.com\/embed\/OC0SEVBiYu4\" width=\"560\" height=\"315\" frameborder=\"0\" allowfullscreen=\"allowfullscreen\"><\/iframe><\/p>\n<p>&#8220;\u00c8 stato fino all&#8217;ultimo <strong>un appassionato combattente antifascista e un testimone dei valori repubblicani e costituzionali.<\/strong> Ci lascia in un momento in cui nel nostro Paese le ragioni di quella sua battaglia tornano prepotentemente in primo piano. Il suo esempio e il suo ricordo ci saranno preziosi&#8221;. Cos\u00ec il <strong>presidente della Regione Toscana Enrico Rossi <\/strong>ha commentato la scomparsa del partigiano \u2018Pillo&#8217;, presidente onorario dell&#8217;Anpi di Firenze.<\/p>\n<p>&#8220;C&#8217;era ancora tanto bisogno della sua passione e del suo entusiasmo \u2013<strong> ha commentato l&#8217;assessore al diritto alla salute Stefania Saccardi<\/strong> -. Ho conosciuto Silvano e mi ha sempre colpito la sua capacit\u00e0 di dialogo e di confronto e soprattutto la sua voglia continua di proporre ai giovani di oggi quei valori che lo avevano spinto, lui allora giovanissimo, a combattere per liberare la sua citt\u00e0 e il suo paese. <strong>Quella di \u2018Pillo&#8217; \u00e8 una storia \u2013 ha concluso \u2013 che Firenze non dimenticher\u00e0&#8221;.<\/strong><\/p>\n<p><strong>Condoglianze per la scomparsa di Sarti<\/strong> sono state espresse anche dal <strong>sindaco Dario Nardella<\/strong>: &#8220;Il partigiano Silvano Sarti ci ha lasciati &#8211; scrive sulla sua pagina Facebook Nardella &#8211; . &#8216;Pillo&#8217; se ne \u00e8 andato in questa fredda notte fiorentina, in silenzio.<strong> Un uomo alto, forte, energico, \u00e8 stato piegato dal tempo<\/strong>, lui&#8221; che &#8220;aveva combattuto con i partigiani per liberare la nostra Firenze dai nazifascisti, medaglia d&#8217;oro al valore militare&#8221;, che &#8220;ha passato tutta la sua vita a parlare con i giovani, a discutere con gli operai, sempre in prima linea&#8221;, che incarnava i valori pi\u00f9 genuini dell&#8217;essere fiorentino&#8221;. &#8220;Ce lo ricorderemo cos\u00ec &#8211; prosegue Nardella -, <strong>con il foulard rosso al collo, il sorriso tenero sul volto scolpito dalla vita, spesso dura, la voglia di parlare, di raccontare senza fermarsi mai.<\/strong> Aveva paura di perdere la voce Silvano, per non poter pi\u00f9 raccontare la violenza del fascismo, l&#8217;odio degli oppressori,<strong> il coraggio di chi non si \u00e8 piegato e ha scelto la libert\u00e0<\/strong>&#8220;.<\/p>\n","protected":false},"excerpt":{"rendered":"<p>Lo chiamavano il partigiano &#8216;Pillo&#8217;, gi\u00e0 presidente dell&#8217;Anci, combatt\u00e8 per liberare Firenze&nbsp;<\/p>\n","protected":false},"author":525,"featured_media":102302,"comment_status":"open","ping_status":"open","sticky":false,"template":"","format":"standard","meta":{"_acf_changed":false,"footnotes":""},"categories":[494,7],"tags":[],"class_list":["post-64838","post","type-post","status-publish","format-standard","has-post-thumbnail","hentry","category-attualita","category-societa"],"acf":[],"yoast_head":"<!-- This site is optimized with the Yoast SEO Premium plugin v24.2 (Yoast SEO v25.6) - https:\/\/yoast.com\/wordpress\/plugins\/seo\/ -->\n<title>\u00c8 morto Silvano Sarti, uno degli ultimi partigiani toscani - intoscana<\/title>\n<meta name=\"description\" content=\"\u00c8 morto Silvano Sarti, uno degli ultimi partigiani toscani\" \/>\n<meta name=\"robots\" content=\"index, follow, max-snippet:-1, max-image-preview:large, max-video-preview:-1\" \/>\n<link rel=\"canonical\" href=\"https:\/\/www.intoscana.it\/it\/e-morto-silvano-sarti-uno-degli-ultimi-partigiani-toscani\/\" \/>\n<meta property=\"og:locale\" content=\"it_IT\" \/>\n<meta property=\"og:type\" content=\"article\" \/>\n<meta property=\"og:title\" content=\"\u00c8 morto Silvano Sarti, uno degli ultimi partigiani toscani\" \/>\n<meta property=\"og:description\" content=\"\u00c8 morto Silvano Sarti, uno degli ultimi partigiani toscani\" \/>\n<meta property=\"og:url\" content=\"https:\/\/www.intoscana.it\/it\/e-morto-silvano-sarti-uno-degli-ultimi-partigiani-toscani\/\" \/>\n<meta property=\"og:site_name\" content=\"intoscana\" \/>\n<meta property=\"article:publisher\" content=\"https:\/\/www.facebook.com\/intoscana.it\" \/>\n<meta property=\"article:published_time\" content=\"2019-01-25T10:14:43+00:00\" \/>\n<meta property=\"article:modified_time\" content=\"2020-05-18T07:43:46+00:00\" \/>\n<meta property=\"og:image\" content=\"https:\/\/www.intoscana.it\/wp-content\/uploads\/31-silvano-sarti-anpi.jpg\" \/>\n\t<meta property=\"og:image:width\" content=\"720\" \/>\n\t<meta property=\"og:image:height\" content=\"479\" \/>\n\t<meta property=\"og:image:type\" content=\"image\/jpeg\" \/>\n<meta name=\"author\" content=\"Redazione\" \/>\n<meta name=\"twitter:card\" content=\"summary_large_image\" \/>\n<meta name=\"twitter:creator\" content=\"@intoscana\" \/>\n<meta name=\"twitter:site\" content=\"@intoscana\" \/>\n<meta name=\"twitter:label1\" content=\"Written by\" \/>\n\t<meta name=\"twitter:data1\" content=\"Redazione\" \/>\n\t<meta name=\"twitter:label2\" content=\"Est. reading time\" \/>\n\t<meta name=\"twitter:data2\" content=\"2 minuti\" \/>\n<script type=\"application\/ld+json\" class=\"yoast-schema-graph\">{\"@context\":\"https:\/\/schema.org\",\"@graph\":[{\"@type\":\"WebPage\",\"@id\":\"https:\/\/www.intoscana.it\/it\/e-morto-silvano-sarti-uno-degli-ultimi-partigiani-toscani\/\",\"url\":\"https:\/\/www.intoscana.it\/it\/e-morto-silvano-sarti-uno-degli-ultimi-partigiani-toscani\/\",\"name\":\"\u00c8 morto Silvano Sarti, uno degli ultimi partigiani toscani - intoscana\",\"isPartOf\":{\"@id\":\"https:\/\/www.intoscana.it\/it\/#website\"},\"primaryImageOfPage\":{\"@id\":\"https:\/\/www.intoscana.it\/it\/e-morto-silvano-sarti-uno-degli-ultimi-partigiani-toscani\/#primaryimage\"},\"image\":{\"@id\":\"https:\/\/www.intoscana.it\/it\/e-morto-silvano-sarti-uno-degli-ultimi-partigiani-toscani\/#primaryimage\"},\"thumbnailUrl\":\"https:\/\/www.intoscana.it\/wp-content\/uploads\/31-silvano-sarti-anpi.jpg\",\"datePublished\":\"2019-01-25T10:14:43+00:00\",\"dateModified\":\"2020-05-18T07:43:46+00:00\",\"author\":{\"@id\":\"https:\/\/www.intoscana.it\/it\/#\/schema\/person\/9223810753230f20bd670fdd322661f8\"},\"description\":\"\u00c8 morto Silvano Sarti, uno degli ultimi partigiani toscani\",\"breadcrumb\":{\"@id\":\"https:\/\/www.intoscana.it\/it\/e-morto-silvano-sarti-uno-degli-ultimi-partigiani-toscani\/#breadcrumb\"},\"inLanguage\":\"it-IT\",\"potentialAction\":[{\"@type\":\"ReadAction\",\"target\":[\"https:\/\/www.intoscana.it\/it\/e-morto-silvano-sarti-uno-degli-ultimi-partigiani-toscani\/\"]}]},{\"@type\":\"ImageObject\",\"inLanguage\":\"it-IT\",\"@id\":\"https:\/\/www.intoscana.it\/it\/e-morto-silvano-sarti-uno-degli-ultimi-partigiani-toscani\/#primaryimage\",\"url\":\"https:\/\/www.intoscana.it\/wp-content\/uploads\/31-silvano-sarti-anpi.jpg\",\"contentUrl\":\"https:\/\/www.intoscana.it\/wp-content\/uploads\/31-silvano-sarti-anpi.jpg\",\"width\":720,\"height\":479},{\"@type\":\"BreadcrumbList\",\"@id\":\"https:\/\/www.intoscana.it\/it\/e-morto-silvano-sarti-uno-degli-ultimi-partigiani-toscani\/#breadcrumb\",\"itemListElement\":[{\"@type\":\"ListItem\",\"position\":1,\"name\":\"Home\",\"item\":\"https:\/\/www.intoscana.it\/it\/\"},{\"@type\":\"ListItem\",\"position\":2,\"name\":\"\u00c8 morto Silvano Sarti, uno degli ultimi partigiani toscani\"}]},{\"@type\":\"WebSite\",\"@id\":\"https:\/\/www.intoscana.it\/it\/#website\",\"url\":\"https:\/\/www.intoscana.it\/it\/\",\"name\":\"intoscana\",\"description\":\"\",\"potentialAction\":[{\"@type\":\"SearchAction\",\"target\":{\"@type\":\"EntryPoint\",\"urlTemplate\":\"https:\/\/www.intoscana.it\/it\/?s={search_term_string}\"},\"query-input\":{\"@type\":\"PropertyValueSpecification\",\"valueRequired\":true,\"valueName\":\"search_term_string\"}}],\"inLanguage\":\"it-IT\"},{\"@type\":\"Person\",\"@id\":\"https:\/\/www.intoscana.it\/it\/#\/schema\/person\/9223810753230f20bd670fdd322661f8\",\"name\":\"Redazione\",\"url\":\"https:\/\/www.intoscana.it\/it\/author\/redazione\/\"}]}<\/script>\n<!-- \/ Yoast SEO Premium plugin. -->","yoast_head_json":{"title":"\u00c8 morto Silvano Sarti, uno degli ultimi partigiani toscani - intoscana","description":"\u00c8 morto Silvano Sarti, uno degli ultimi partigiani toscani","robots":{"index":"index","follow":"follow","max-snippet":"max-snippet:-1","max-image-preview":"max-image-preview:large","max-video-preview":"max-video-preview:-1"},"canonical":"https:\/\/www.intoscana.it\/it\/e-morto-silvano-sarti-uno-degli-ultimi-partigiani-toscani\/","og_locale":"it_IT","og_type":"article","og_title":"\u00c8 morto Silvano Sarti, uno degli ultimi partigiani toscani","og_description":"\u00c8 morto Silvano Sarti, uno degli ultimi partigiani toscani","og_url":"https:\/\/www.intoscana.it\/it\/e-morto-silvano-sarti-uno-degli-ultimi-partigiani-toscani\/","og_site_name":"intoscana","article_publisher":"https:\/\/www.facebook.com\/intoscana.it","article_published_time":"2019-01-25T10:14:43+00:00","article_modified_time":"2020-05-18T07:43:46+00:00","og_image":[{"width":720,"height":479,"url":"https:\/\/www.intoscana.it\/wp-content\/uploads\/31-silvano-sarti-anpi.jpg","type":"image\/jpeg"}],"author":"Redazione","twitter_card":"summary_large_image","twitter_creator":"@intoscana","twitter_site":"@intoscana","twitter_misc":{"Written by":"Redazione","Est. reading time":"2 minuti"},"schema":{"@context":"https:\/\/schema.org","@graph":[{"@type":"WebPage","@id":"https:\/\/www.intoscana.it\/it\/e-morto-silvano-sarti-uno-degli-ultimi-partigiani-toscani\/","url":"https:\/\/www.intoscana.it\/it\/e-morto-silvano-sarti-uno-degli-ultimi-partigiani-toscani\/","name":"\u00c8 morto Silvano Sarti, uno degli ultimi partigiani toscani - intoscana","isPartOf":{"@id":"https:\/\/www.intoscana.it\/it\/#website"},"primaryImageOfPage":{"@id":"https:\/\/www.intoscana.it\/it\/e-morto-silvano-sarti-uno-degli-ultimi-partigiani-toscani\/#primaryimage"},"image":{"@id":"https:\/\/www.intoscana.it\/it\/e-morto-silvano-sarti-uno-degli-ultimi-partigiani-toscani\/#primaryimage"},"thumbnailUrl":"https:\/\/www.intoscana.it\/wp-content\/uploads\/31-silvano-sarti-anpi.jpg","datePublished":"2019-01-25T10:14:43+00:00","dateModified":"2020-05-18T07:43:46+00:00","author":{"@id":"https:\/\/www.intoscana.it\/it\/#\/schema\/person\/9223810753230f20bd670fdd322661f8"},"description":"\u00c8 morto Silvano Sarti, uno degli ultimi partigiani toscani","breadcrumb":{"@id":"https:\/\/www.intoscana.it\/it\/e-morto-silvano-sarti-uno-degli-ultimi-partigiani-toscani\/#breadcrumb"},"inLanguage":"it-IT","potentialAction":[{"@type":"ReadAction","target":["https:\/\/www.intoscana.it\/it\/e-morto-silvano-sarti-uno-degli-ultimi-partigiani-toscani\/"]}]},{"@type":"ImageObject","inLanguage":"it-IT","@id":"https:\/\/www.intoscana.it\/it\/e-morto-silvano-sarti-uno-degli-ultimi-partigiani-toscani\/#primaryimage","url":"https:\/\/www.intoscana.it\/wp-content\/uploads\/31-silvano-sarti-anpi.jpg","contentUrl":"https:\/\/www.intoscana.it\/wp-content\/uploads\/31-silvano-sarti-anpi.jpg","width":720,"height":479},{"@type":"BreadcrumbList","@id":"https:\/\/www.intoscana.it\/it\/e-morto-silvano-sarti-uno-degli-ultimi-partigiani-toscani\/#breadcrumb","itemListElement":[{"@type":"ListItem","position":1,"name":"Home","item":"https:\/\/www.intoscana.it\/it\/"},{"@type":"ListItem","position":2,"name":"\u00c8 morto Silvano Sarti, uno degli ultimi partigiani toscani"}]},{"@type":"WebSite","@id":"https:\/\/www.intoscana.it\/it\/#website","url":"https:\/\/www.intoscana.it\/it\/","name":"intoscana","description":"","potentialAction":[{"@type":"SearchAction","target":{"@type":"EntryPoint","urlTemplate":"https:\/\/www.intoscana.it\/it\/?s={search_term_string}"},"query-input":{"@type":"PropertyValueSpecification","valueRequired":true,"valueName":"search_term_string"}}],"inLanguage":"it-IT"},{"@type":"Person","@id":"https:\/\/www.intoscana.it\/it\/#\/schema\/person\/9223810753230f20bd670fdd322661f8","name":"Redazione","url":"https:\/\/www.intoscana.it\/it\/author\/redazione\/"}]}},"_links":{"self":[{"href":"https:\/\/www.intoscana.it\/it\/wp-json\/wp\/v2\/posts\/64838","targetHints":{"allow":["GET"]}}],"collection":[{"href":"https:\/\/www.intoscana.it\/it\/wp-json\/wp\/v2\/posts"}],"about":[{"href":"https:\/\/www.intoscana.it\/it\/wp-json\/wp\/v2\/types\/post"}],"author":[{"embeddable":true,"href":"https:\/\/www.intoscana.it\/it\/wp-json\/wp\/v2\/users\/525"}],"replies":[{"embeddable":true,"href":"https:\/\/www.intoscana.it\/it\/wp-json\/wp\/v2\/comments?post=64838"}],"version-history":[{"count":0,"href":"https:\/\/www.intoscana.it\/it\/wp-json\/wp\/v2\/posts\/64838\/revisions"}],"wp:featuredmedia":[{"embeddable":true,"href":"https:\/\/www.intoscana.it\/it\/wp-json\/wp\/v2\/media\/102302"}],"wp:attachment":[{"href":"https:\/\/www.intoscana.it\/it\/wp-json\/wp\/v2\/media?parent=64838"}],"wp:term":[{"taxonomy":"category","embeddable":true,"href":"https:\/\/www.intoscana.it\/it\/wp-json\/wp\/v2\/categories?post=64838"},{"taxonomy":"post_tag","embeddable":true,"href":"https:\/\/www.intoscana.it\/it\/wp-json\/wp\/v2\/tags?post=64838"}],"curies":[{"name":"wp","href":"https:\/\/api.w.org\/{rel}","templated":true}]}}