{"id":64852,"date":"2019-05-17T13:54:31","date_gmt":"2019-05-17T13:54:31","guid":{"rendered":"http:\/\/www.intoscana.it\/dalla-perdita-dei-figli-un-libro-e-il-ricavato-va-ai-giovani-di-amatrice\/"},"modified":"2020-05-18T09:43:50","modified_gmt":"2020-05-18T07:43:50","slug":"dalla-perdita-dei-figli-un-libro-e-il-ricavato-va-ai-giovani-di-amatrice","status":"publish","type":"post","link":"https:\/\/www.intoscana.it\/it\/dalla-perdita-dei-figli-un-libro-e-il-ricavato-va-ai-giovani-di-amatrice\/","title":{"rendered":"Dalla perdita dei figli, un libro. E il ricavato va ai giovani di Amatrice"},"content":{"rendered":"<p>Da un punto di vista puramente scientifico, il dolore \u00e8 uno stimolo positivo a reagire contro qualcosa che pu\u00f2 ferirci, dunque una spinta alla sopravvivenza, un impulso alla vita. Per tanti aspetti, invece \u2013 quelli fatti di interiorit\u00e0, emozioni, vissuti \u2013 il dolore \u00e8 qualcosa di indicibile che non si pu\u00f2 n\u00e9 alleviare n\u00e9 tantomeno eludere. Si pu\u00f2 cercare, per\u00f2, di dargli un senso ed \u00e8 quello che hanno fatto <strong>sei mamme, di cui quattro toscane, raccontando la loro perdita pi\u00f9 grande, quella di un figlio, in un libro, <em>Lettere senza confini<\/em>, curato dalla giornalista fiorentina Gaia Simonetti<\/strong>. La raccolta di storie, fatta di messaggi indirizzati ai ragazzi che non ci sono pi\u00f9, senza nessuna pretesa di attenuare il dolore o \u2013 meno che mai \u2013 cancellarlo, ci dice chiaramente che la sofferenza pu\u00f2 essere trasformata.<\/p>\n<p><strong>Queste mamme &#8220;spezzate&#8221; si sono ritrovate intorno a un tavolo, con Gaia a coordinarle<\/strong> o, come ci dice lei stessa, a fare da collante al loro desiderio di raccontare. &#8220;Tutto \u00e8 iniziato con mamma Paola e con una mia personale esperienza di dolore, quella di una mamma che ha perso il figlio che aspettava&#8221;, ci spiega. Da qui, Gaia e Paola hanno contattato altre donne con vicende simili (per quanto tutte uniche) e si sono date come punto di partenza la condivisione.<\/p>\n<p><strong>Barbara, Giovanna, Paola e Stefania, a cui si sono aggiunte da Amatrice la mamma di Filippo e da Mantova la mamma di Elena.<\/strong> Giovanna ha perso Mauro, morto in un incidente stradale il giorno in cui compiva gli anni. Paola ha visto strapparsi via Michela con un femminicidio. Lorenzo, invece, ha lasciato mamma Stefania per la follia di un ubriaco alla guida. <strong>Gaia racconta storie per professione, ma per narrare il dolore concorda che forse non c\u2019\u00e8 una ricetta universale.&nbsp;<\/strong>In questo caso \u00e8 bastato un punto di partenza e poi tutto \u00e8 andato da s\u00e9: aprire il cuore e, soprattutto, declinare ogni racconto alla speranza, ripercorrendo s\u00ec tappe e memorie di tristezza e tormento, ma con il futuro sempre in testa.<\/p>\n<p>E proprio al futuro sono declinati quasi sempre i verbi usati nel libro dalle madri, che parlano ai figli di tutto ci\u00f2 che fanno oggi senza di loro: progetti benefici, associazioni contro la violenza sulle donne, sensibilizzazione alla sicurezza stradale. <strong>&#8220;Il nostro libro \u00e8 anche un tendere la mano ad altre mamme che convivono con questa prova della vita&#8221;, dice Gaia.<\/strong> E i risultati sono andati oltre la semplice stesura del libro: attraverso questo percorso fatto di unione e condivisione, quello che rimane tra queste donne \u00e8 una grande amicizia, una sorta di famiglia che ha affrontato una sfida di gruppo e che ce l\u2019ha fatta.<\/p>\n<p>Queste mamme, con tutto il loro bagaglio di sofferenza, oggi promuovono fortemente la vita e hanno saputo raggiungere importanti traguardi. <strong>Il prossimo 1\u00b0 giugno, a Rieti, consegneranno una borsa di studio a dei ragazzi di Amatrice, proprio grazie ai proventi del libro.<\/strong> &#8220;Questo \u00e8 solo il finale di un\u2019esperienza frutto di una grande dose di coraggio, una lezione di vita&#8221;, conclude Gaia. Ci dice anche che sono tre le parole che ricorrono frequentemente nel libro: dono, promessa e speranza. Ed \u00e8 proprio da queste e dal progetto del libro che queste madri, di fronte alla vita che ti costringe ad andare avanti, hanno scelto di ripartire.<\/p>\n","protected":false},"excerpt":{"rendered":"<p>&#8216;Lettere senza confini&#8217;, il volume con le dolorose storie delle madri curato dalla giornalista Gaia Simonetti, permetter\u00e0 adesso di far studiare i ragazzi terremotati<\/p>\n","protected":false},"author":519,"featured_media":102316,"comment_status":"open","ping_status":"open","sticky":false,"template":"","format":"standard","meta":{"_acf_changed":false,"footnotes":""},"categories":[494,7],"tags":[],"class_list":["post-64852","post","type-post","status-publish","format-standard","has-post-thumbnail","hentry","category-attualita","category-societa"],"acf":[],"yoast_head":"<!-- This site is optimized with the Yoast SEO Premium plugin v24.2 (Yoast SEO v25.6) - https:\/\/yoast.com\/wordpress\/plugins\/seo\/ -->\n<title>Dalla perdita dei figli, un libro. E il ricavato va ai giovani di Amatrice - intoscana<\/title>\n<meta name=\"description\" content=\"Un volume con dolorose storie di madri, curato dalla giornalista Gaia Simonetti, permetter\u00e0 con il ricavato di far studiare i ragazzi terremotati di Amatrice.\" \/>\n<meta name=\"robots\" content=\"index, follow, max-snippet:-1, max-image-preview:large, max-video-preview:-1\" \/>\n<link rel=\"canonical\" href=\"https:\/\/www.intoscana.it\/it\/dalla-perdita-dei-figli-un-libro-e-il-ricavato-va-ai-giovani-di-amatrice\/\" \/>\n<meta property=\"og:locale\" content=\"it_IT\" \/>\n<meta property=\"og:type\" content=\"article\" \/>\n<meta property=\"og:title\" content=\"Dalla perdita dei figli, un libro. E il ricavato va ai giovani di Amatrice\" \/>\n<meta property=\"og:description\" content=\"Un volume con dolorose storie di madri, curato dalla giornalista Gaia Simonetti, permetter\u00e0 con il ricavato di far studiare i ragazzi terremotati di Amatrice.\" \/>\n<meta property=\"og:url\" content=\"https:\/\/www.intoscana.it\/it\/dalla-perdita-dei-figli-un-libro-e-il-ricavato-va-ai-giovani-di-amatrice\/\" \/>\n<meta property=\"og:site_name\" content=\"intoscana\" \/>\n<meta property=\"article:publisher\" content=\"https:\/\/www.facebook.com\/intoscana.it\" \/>\n<meta property=\"article:published_time\" content=\"2019-05-17T13:54:31+00:00\" \/>\n<meta property=\"article:modified_time\" content=\"2020-05-18T07:43:50+00:00\" \/>\n<meta property=\"og:image\" content=\"https:\/\/www.intoscana.it\/wp-content\/uploads\/le-mamme-del-libro.jpg\" \/>\n\t<meta property=\"og:image:width\" content=\"1599\" \/>\n\t<meta property=\"og:image:height\" content=\"1200\" \/>\n\t<meta property=\"og:image:type\" content=\"image\/jpeg\" \/>\n<meta name=\"author\" content=\"Eleonora Lopiano\" \/>\n<meta name=\"twitter:card\" content=\"summary_large_image\" \/>\n<meta name=\"twitter:creator\" content=\"@intoscana\" \/>\n<meta name=\"twitter:site\" content=\"@intoscana\" \/>\n<meta name=\"twitter:label1\" content=\"Written by\" \/>\n\t<meta name=\"twitter:data1\" content=\"Eleonora Lopiano\" \/>\n\t<meta name=\"twitter:label2\" content=\"Est. reading time\" \/>\n\t<meta name=\"twitter:data2\" content=\"3 minuti\" \/>\n<script type=\"application\/ld+json\" class=\"yoast-schema-graph\">{\"@context\":\"https:\/\/schema.org\",\"@graph\":[{\"@type\":\"WebPage\",\"@id\":\"https:\/\/www.intoscana.it\/it\/dalla-perdita-dei-figli-un-libro-e-il-ricavato-va-ai-giovani-di-amatrice\/\",\"url\":\"https:\/\/www.intoscana.it\/it\/dalla-perdita-dei-figli-un-libro-e-il-ricavato-va-ai-giovani-di-amatrice\/\",\"name\":\"Dalla perdita dei figli, un libro. E il ricavato va ai giovani di Amatrice - intoscana\",\"isPartOf\":{\"@id\":\"https:\/\/www.intoscana.it\/it\/#website\"},\"primaryImageOfPage\":{\"@id\":\"https:\/\/www.intoscana.it\/it\/dalla-perdita-dei-figli-un-libro-e-il-ricavato-va-ai-giovani-di-amatrice\/#primaryimage\"},\"image\":{\"@id\":\"https:\/\/www.intoscana.it\/it\/dalla-perdita-dei-figli-un-libro-e-il-ricavato-va-ai-giovani-di-amatrice\/#primaryimage\"},\"thumbnailUrl\":\"https:\/\/www.intoscana.it\/wp-content\/uploads\/le-mamme-del-libro.jpg\",\"datePublished\":\"2019-05-17T13:54:31+00:00\",\"dateModified\":\"2020-05-18T07:43:50+00:00\",\"author\":{\"@id\":\"https:\/\/www.intoscana.it\/it\/#\/schema\/person\/198d970360d832c0d976863b367b25e6\"},\"description\":\"Un volume con dolorose storie di madri, curato dalla giornalista Gaia Simonetti, permetter\u00e0 con il ricavato di far studiare i ragazzi terremotati di Amatrice.\",\"breadcrumb\":{\"@id\":\"https:\/\/www.intoscana.it\/it\/dalla-perdita-dei-figli-un-libro-e-il-ricavato-va-ai-giovani-di-amatrice\/#breadcrumb\"},\"inLanguage\":\"it-IT\",\"potentialAction\":[{\"@type\":\"ReadAction\",\"target\":[\"https:\/\/www.intoscana.it\/it\/dalla-perdita-dei-figli-un-libro-e-il-ricavato-va-ai-giovani-di-amatrice\/\"]}]},{\"@type\":\"ImageObject\",\"inLanguage\":\"it-IT\",\"@id\":\"https:\/\/www.intoscana.it\/it\/dalla-perdita-dei-figli-un-libro-e-il-ricavato-va-ai-giovani-di-amatrice\/#primaryimage\",\"url\":\"https:\/\/www.intoscana.it\/wp-content\/uploads\/le-mamme-del-libro.jpg\",\"contentUrl\":\"https:\/\/www.intoscana.it\/wp-content\/uploads\/le-mamme-del-libro.jpg\",\"width\":1599,\"height\":1200},{\"@type\":\"BreadcrumbList\",\"@id\":\"https:\/\/www.intoscana.it\/it\/dalla-perdita-dei-figli-un-libro-e-il-ricavato-va-ai-giovani-di-amatrice\/#breadcrumb\",\"itemListElement\":[{\"@type\":\"ListItem\",\"position\":1,\"name\":\"Home\",\"item\":\"https:\/\/www.intoscana.it\/it\/\"},{\"@type\":\"ListItem\",\"position\":2,\"name\":\"Dalla perdita dei figli, un libro. E il ricavato va ai giovani di Amatrice\"}]},{\"@type\":\"WebSite\",\"@id\":\"https:\/\/www.intoscana.it\/it\/#website\",\"url\":\"https:\/\/www.intoscana.it\/it\/\",\"name\":\"intoscana\",\"description\":\"\",\"potentialAction\":[{\"@type\":\"SearchAction\",\"target\":{\"@type\":\"EntryPoint\",\"urlTemplate\":\"https:\/\/www.intoscana.it\/it\/?s={search_term_string}\"},\"query-input\":{\"@type\":\"PropertyValueSpecification\",\"valueRequired\":true,\"valueName\":\"search_term_string\"}}],\"inLanguage\":\"it-IT\"},{\"@type\":\"Person\",\"@id\":\"https:\/\/www.intoscana.it\/it\/#\/schema\/person\/198d970360d832c0d976863b367b25e6\",\"name\":\"Eleonora Lopiano\",\"url\":\"https:\/\/www.intoscana.it\/it\/author\/eleonora-lopiano\/\"}]}<\/script>\n<!-- \/ Yoast SEO Premium plugin. -->","yoast_head_json":{"title":"Dalla perdita dei figli, un libro. E il ricavato va ai giovani di Amatrice - intoscana","description":"Un volume con dolorose storie di madri, curato dalla giornalista Gaia Simonetti, permetter\u00e0 con il ricavato di far studiare i ragazzi terremotati di Amatrice.","robots":{"index":"index","follow":"follow","max-snippet":"max-snippet:-1","max-image-preview":"max-image-preview:large","max-video-preview":"max-video-preview:-1"},"canonical":"https:\/\/www.intoscana.it\/it\/dalla-perdita-dei-figli-un-libro-e-il-ricavato-va-ai-giovani-di-amatrice\/","og_locale":"it_IT","og_type":"article","og_title":"Dalla perdita dei figli, un libro. E il ricavato va ai giovani di Amatrice","og_description":"Un volume con dolorose storie di madri, curato dalla giornalista Gaia Simonetti, permetter\u00e0 con il ricavato di far studiare i ragazzi terremotati di Amatrice.","og_url":"https:\/\/www.intoscana.it\/it\/dalla-perdita-dei-figli-un-libro-e-il-ricavato-va-ai-giovani-di-amatrice\/","og_site_name":"intoscana","article_publisher":"https:\/\/www.facebook.com\/intoscana.it","article_published_time":"2019-05-17T13:54:31+00:00","article_modified_time":"2020-05-18T07:43:50+00:00","og_image":[{"width":1599,"height":1200,"url":"https:\/\/www.intoscana.it\/wp-content\/uploads\/le-mamme-del-libro.jpg","type":"image\/jpeg"}],"author":"Eleonora Lopiano","twitter_card":"summary_large_image","twitter_creator":"@intoscana","twitter_site":"@intoscana","twitter_misc":{"Written by":"Eleonora Lopiano","Est. reading time":"3 minuti"},"schema":{"@context":"https:\/\/schema.org","@graph":[{"@type":"WebPage","@id":"https:\/\/www.intoscana.it\/it\/dalla-perdita-dei-figli-un-libro-e-il-ricavato-va-ai-giovani-di-amatrice\/","url":"https:\/\/www.intoscana.it\/it\/dalla-perdita-dei-figli-un-libro-e-il-ricavato-va-ai-giovani-di-amatrice\/","name":"Dalla perdita dei figli, un libro. E il ricavato va ai giovani di Amatrice - intoscana","isPartOf":{"@id":"https:\/\/www.intoscana.it\/it\/#website"},"primaryImageOfPage":{"@id":"https:\/\/www.intoscana.it\/it\/dalla-perdita-dei-figli-un-libro-e-il-ricavato-va-ai-giovani-di-amatrice\/#primaryimage"},"image":{"@id":"https:\/\/www.intoscana.it\/it\/dalla-perdita-dei-figli-un-libro-e-il-ricavato-va-ai-giovani-di-amatrice\/#primaryimage"},"thumbnailUrl":"https:\/\/www.intoscana.it\/wp-content\/uploads\/le-mamme-del-libro.jpg","datePublished":"2019-05-17T13:54:31+00:00","dateModified":"2020-05-18T07:43:50+00:00","author":{"@id":"https:\/\/www.intoscana.it\/it\/#\/schema\/person\/198d970360d832c0d976863b367b25e6"},"description":"Un volume con dolorose storie di madri, curato dalla giornalista Gaia Simonetti, permetter\u00e0 con il ricavato di far studiare i ragazzi terremotati di Amatrice.","breadcrumb":{"@id":"https:\/\/www.intoscana.it\/it\/dalla-perdita-dei-figli-un-libro-e-il-ricavato-va-ai-giovani-di-amatrice\/#breadcrumb"},"inLanguage":"it-IT","potentialAction":[{"@type":"ReadAction","target":["https:\/\/www.intoscana.it\/it\/dalla-perdita-dei-figli-un-libro-e-il-ricavato-va-ai-giovani-di-amatrice\/"]}]},{"@type":"ImageObject","inLanguage":"it-IT","@id":"https:\/\/www.intoscana.it\/it\/dalla-perdita-dei-figli-un-libro-e-il-ricavato-va-ai-giovani-di-amatrice\/#primaryimage","url":"https:\/\/www.intoscana.it\/wp-content\/uploads\/le-mamme-del-libro.jpg","contentUrl":"https:\/\/www.intoscana.it\/wp-content\/uploads\/le-mamme-del-libro.jpg","width":1599,"height":1200},{"@type":"BreadcrumbList","@id":"https:\/\/www.intoscana.it\/it\/dalla-perdita-dei-figli-un-libro-e-il-ricavato-va-ai-giovani-di-amatrice\/#breadcrumb","itemListElement":[{"@type":"ListItem","position":1,"name":"Home","item":"https:\/\/www.intoscana.it\/it\/"},{"@type":"ListItem","position":2,"name":"Dalla perdita dei figli, un libro. E il ricavato va ai giovani di Amatrice"}]},{"@type":"WebSite","@id":"https:\/\/www.intoscana.it\/it\/#website","url":"https:\/\/www.intoscana.it\/it\/","name":"intoscana","description":"","potentialAction":[{"@type":"SearchAction","target":{"@type":"EntryPoint","urlTemplate":"https:\/\/www.intoscana.it\/it\/?s={search_term_string}"},"query-input":{"@type":"PropertyValueSpecification","valueRequired":true,"valueName":"search_term_string"}}],"inLanguage":"it-IT"},{"@type":"Person","@id":"https:\/\/www.intoscana.it\/it\/#\/schema\/person\/198d970360d832c0d976863b367b25e6","name":"Eleonora Lopiano","url":"https:\/\/www.intoscana.it\/it\/author\/eleonora-lopiano\/"}]}},"_links":{"self":[{"href":"https:\/\/www.intoscana.it\/it\/wp-json\/wp\/v2\/posts\/64852","targetHints":{"allow":["GET"]}}],"collection":[{"href":"https:\/\/www.intoscana.it\/it\/wp-json\/wp\/v2\/posts"}],"about":[{"href":"https:\/\/www.intoscana.it\/it\/wp-json\/wp\/v2\/types\/post"}],"author":[{"embeddable":true,"href":"https:\/\/www.intoscana.it\/it\/wp-json\/wp\/v2\/users\/519"}],"replies":[{"embeddable":true,"href":"https:\/\/www.intoscana.it\/it\/wp-json\/wp\/v2\/comments?post=64852"}],"version-history":[{"count":0,"href":"https:\/\/www.intoscana.it\/it\/wp-json\/wp\/v2\/posts\/64852\/revisions"}],"wp:featuredmedia":[{"embeddable":true,"href":"https:\/\/www.intoscana.it\/it\/wp-json\/wp\/v2\/media\/102316"}],"wp:attachment":[{"href":"https:\/\/www.intoscana.it\/it\/wp-json\/wp\/v2\/media?parent=64852"}],"wp:term":[{"taxonomy":"category","embeddable":true,"href":"https:\/\/www.intoscana.it\/it\/wp-json\/wp\/v2\/categories?post=64852"},{"taxonomy":"post_tag","embeddable":true,"href":"https:\/\/www.intoscana.it\/it\/wp-json\/wp\/v2\/tags?post=64852"}],"curies":[{"name":"wp","href":"https:\/\/api.w.org\/{rel}","templated":true}]}}