{"id":64855,"date":"2019-05-10T14:26:17","date_gmt":"2019-05-10T14:26:17","guid":{"rendered":"http:\/\/www.intoscana.it\/migliaia-di-giovani-e-leader-internazionali-a-firenze-per-il-festival-deuropa\/"},"modified":"2020-05-18T09:43:51","modified_gmt":"2020-05-18T07:43:51","slug":"migliaia-di-giovani-e-leader-internazionali-a-firenze-per-il-festival-deuropa","status":"publish","type":"post","link":"https:\/\/www.intoscana.it\/it\/migliaia-di-giovani-e-leader-internazionali-a-firenze-per-il-festival-deuropa\/","title":{"rendered":"Migliaia di giovani e leader internazionali a Firenze per il Festival d&#8217;Europa"},"content":{"rendered":"<p><strong>Dai candidati per la presidenza della Commissione Europea alla carica dei 130 giovani ambasciatori Erasmus<\/strong>; dalla <strong>Marcia globale per i diritti umani<\/strong> fino alle celebrazioni della <strong>Giornata dell\u2019Europa<\/strong> passando per la <strong>Notte Blu.<\/strong> E ancora, convegni, mostre, laboratori, concerti e flashmob: sono solo alcuni dei protagonisti e delle iniziative che hanno invaso Firenze <strong>dal 1\u00b0 al 10 maggio per la quinta edizione del Festival d\u2019Europa.<\/strong> Un cartellone ricco di eventi per discutere il futuro dell\u2019Unione Europea e le sue politiche economiche, legislative e culturali in varie location in citt\u00e0: da Palazzo Vecchio alle Murate, da Palazzo Guadagni Strozzi Sacrati al Polo universitario di Novoli, da Villa Salviati alla Badia Fiesolana, dalla Stazione Leopolda a piazza della Repubblica e Palazzo Medici Riccardi.<\/p>\n\n<p>Centrale il ruolo di \u201c<strong>The State of the Union\u201d<\/strong>, organizzato dall\u2019Istituto Universitario Europeo (IUE) che ha coinvolto decine di relatori tra cui ministri, economisti, accademici e figure di primo piano del panorama internazionale. Da segnalare, il dibattito tra i principali candidati per la carica di presidente della Commissione Europea (Spitzenkandidaten debate) e la tavola rotonda organizzata dalla Regione Toscana \u201c<strong>Verso un\u2019economia circolare: ambizioni europee e iniziative territoriali per migliorare la vita dei cittadini\u201d.<\/strong><\/p>\n<p>Tanti anche gli appuntamenti targati Erasmus, con la manifestazione <strong>Erasmus4Ever Erasmus4Future<\/strong> che si \u00e8 articolata in vari eventi, dall\u2019incontro con i 130 ambasciatori \u201cAlumni\u201d ex Erasmus provenienti da 15 Paesi europei alla conferenza internazionale \u201c<strong>United in Diversity\u201d<\/strong> nel Salone dei Cinquecento di Palazzo Vecchio con l\u2019inedito contributo in chiave teatrale di <strong>David Riondino.<\/strong><\/p>\n<p><strong>Decine gli eventi della Notte Blu<\/strong>, la kermesse che ha animato complesso delle Murate il 9 e 10 maggio e che si \u00e8 chiusa con il concerto dei <strong>Loren, la band fiorentina del momento.<\/strong> Tra questi, il talk show \u201c<strong>Europa: falsi miti e prospettive\u201d<\/strong>. il<strong> flashmob di YouinEU,<\/strong> progetto cofinanziato dal Parlamento Europeo e che ha creato per l\u2019occasione il sito stavoltavoto.eu, e l\u2019incontro ospitato dalla Libreria Nardini \u201c<strong>Esilio e diritto d\u2019asilo\u201d.<\/strong><\/p>\n<p>A chiudere la manifestazione dedicata all\u2019Europa, la <strong>Marcia globale per i diritti umani nell\u2019ambito del progetto europeo \u201cWalk the Global Walk\u201d,<\/strong> promosso dalla <strong>Regione Toscana e da Oxfam Italia<\/strong> e cofinanziato dall\u2019UE, nel corso della quale 700 studenti da 12 paesi europei hanno marciato per chiedere un mondo pi\u00f9 sostenibile e citt\u00e0 pi\u00f9 vivibili e inclusive.<\/p>\n<a class=\"fotogallery\" href=\"#modalgallery\" rel=\"modal:open\">sfoglia la gallery <i class=\"fas fa-chevron-right\"><\/i><\/a>\n    <div class=\"modal\" id=\"modalgallery\">\n        <div class=\"gallery\">\n          <div class=\"galleryimg\">\n            <div class=\"slidegallerybig\"> <div class=\"itemimg\">\n            <div class=\"wrapimg\">\n            <img decoding=\"async\" src=\"https:\/\/www.intoscana.it\/wp-content\/uploads\/img_7131.jpg\">\n            <\/div>\n            <\/div> <div class=\"itemimg\">\n            <div class=\"wrapimg\">\n            <img decoding=\"async\" src=\"https:\/\/www.intoscana.it\/wp-content\/uploads\/img_7130-1.jpg\">\n            <\/div>\n            <\/div> <div class=\"itemimg\">\n            <div class=\"wrapimg\">\n            <img decoding=\"async\" src=\"https:\/\/www.intoscana.it\/wp-content\/uploads\/img_7121.jpg\">\n            <\/div>\n            <\/div> <div class=\"itemimg\">\n            <div class=\"wrapimg\">\n            <img decoding=\"async\" src=\"https:\/\/www.intoscana.it\/wp-content\/uploads\/img_7136-scaled.jpg\">\n            <\/div>\n            <\/div>\n            <\/div>\n          <\/div>\n          <div class=\"asidemenu\">\n            <div class=\"action\">\n              <div class=\"countlidegallery\"><\/div>\n              <div class=\"closegallery\" href=\"#modalgallery\" rel=\"modal:close\"><i class=\"far fa-times\"><\/i><\/div>\n            <\/div>\n            <div class=\"title\">\n              <h2>Migliaia di giovani e leader internazionali a Firenze per il Festival d'Europa<\/h2>\n              <div class=\"socialarticolo\"> \n            <div class=\"contsocialico\">\n              <ul>\n                <li><a target=\"_blank\" href=\"https:\/\/www.facebook.com\/sharer\/sharer.php?u=https:\/\/www.intoscana.it\/it\/migliaia-di-giovani-e-leader-internazionali-a-firenze-per-il-festival-deuropa\/\"> <i class=\"fab fa-facebook-f\"><\/i><\/a><\/li>\n                <li><a target=\"_blank\" href=\"https:\/\/twitter.com\/home?status=https:\/\/www.intoscana.it\/it\/migliaia-di-giovani-e-leader-internazionali-a-firenze-per-il-festival-deuropa\/\"> <i class=\"fab fa-twitter\"><\/i><\/a><\/li>\n                <li>\n                  <div class=\"shareall\" target=\"_blank\" href=\"\"> <i class=\"fas fa-share-alt\"><\/i><\/div>\n                  <div class=\"sharemore\">\n                    <ul>\n                      <li><a target=\"_blank\" href=\"https:\/\/www.linkedin.com\/shareArticle?url=https:\/\/www.intoscana.it\/it\/migliaia-di-giovani-e-leader-internazionali-a-firenze-per-il-festival-deuropa\/\"> <i class=\"fab fa-linkedin\"><\/i><\/a><\/li>\n                      <li><a target=\"_blank\" href=\"http:\/\/www.pinterest.com\/pin\/create\/bookmarklet\/?url=https:\/\/www.intoscana.it\/it\/migliaia-di-giovani-e-leader-internazionali-a-firenze-per-il-festival-deuropa\/\"> <i class=\"fab fa-pinterest\"><\/i><\/a><\/li>\n                      <li><a target=\"_blank\" href=\"mailto?subject=Migliaia di giovani e leader internazionali a Firenze per il Festival d&#039;Europa&body=https:\/\/www.intoscana.it\/it\/migliaia-di-giovani-e-leader-internazionali-a-firenze-per-il-festival-deuropa\/\"> <i class=\"fas fa-envelope\"><\/i><\/a><\/li>\n                    <\/ul>\n                    <div class=\"closesharemore\">\n                    <i class=\"fas fa-times\"><\/i>\n                    <\/div>\n                  <\/div>\n                <\/li>\n              <\/ul>\n            <\/div>\n          <\/div>\n        <\/div>\n          <\/div>\n        <\/div>\n      <\/div>\n","protected":false},"excerpt":{"rendered":"<p>Si chiude la quinta edizione, decine gli appuntamenti in citt\u00e0 dal 1\u00b0 al 10 maggio, tra mostre, flashmob, dibattiti e concerti,a partire da The State of the Union fino alla Marcia Globale per i diritti umani<\/p>\n","protected":false},"author":525,"featured_media":102319,"comment_status":"open","ping_status":"open","sticky":false,"template":"","format":"standard","meta":{"_acf_changed":false,"footnotes":""},"categories":[494,7],"tags":[365],"class_list":["post-64855","post","type-post","status-publish","format-standard","has-post-thumbnail","hentry","category-attualita","category-societa","tag-festival-deuropa"],"acf":[],"yoast_head":"<!-- This site is optimized with the Yoast SEO Premium plugin v24.2 (Yoast SEO v25.6) - https:\/\/yoast.com\/wordpress\/plugins\/seo\/ -->\n<title>Migliaia di giovani e leader internazionali a Firenze per il Festival d&#039;Europa - intoscana<\/title>\n<meta name=\"description\" content=\"Migliaia di giovani e leader internazionali a Firenze per il Festival d&#039;Europa\" \/>\n<meta name=\"robots\" content=\"index, follow, max-snippet:-1, max-image-preview:large, max-video-preview:-1\" \/>\n<link rel=\"canonical\" href=\"https:\/\/www.intoscana.it\/it\/migliaia-di-giovani-e-leader-internazionali-a-firenze-per-il-festival-deuropa\/\" \/>\n<meta property=\"og:locale\" content=\"it_IT\" \/>\n<meta property=\"og:type\" content=\"article\" \/>\n<meta property=\"og:title\" content=\"Migliaia di giovani e leader internazionali a Firenze per il Festival d&#039;Europa\" \/>\n<meta property=\"og:description\" content=\"Migliaia di giovani e leader internazionali a Firenze per il Festival d&#039;Europa\" \/>\n<meta property=\"og:url\" content=\"https:\/\/www.intoscana.it\/it\/migliaia-di-giovani-e-leader-internazionali-a-firenze-per-il-festival-deuropa\/\" \/>\n<meta property=\"og:site_name\" content=\"intoscana\" \/>\n<meta property=\"article:publisher\" content=\"https:\/\/www.facebook.com\/intoscana.it\" \/>\n<meta property=\"article:published_time\" content=\"2019-05-10T14:26:17+00:00\" \/>\n<meta property=\"article:modified_time\" content=\"2020-05-18T07:43:51+00:00\" \/>\n<meta property=\"og:image\" content=\"https:\/\/www.intoscana.it\/wp-content\/uploads\/img_7119.jpg\" \/>\n\t<meta property=\"og:image:width\" content=\"2000\" \/>\n\t<meta property=\"og:image:height\" content=\"2000\" \/>\n\t<meta property=\"og:image:type\" content=\"image\/jpeg\" \/>\n<meta name=\"author\" content=\"Redazione\" \/>\n<meta name=\"twitter:card\" content=\"summary_large_image\" \/>\n<meta name=\"twitter:creator\" content=\"@intoscana\" \/>\n<meta name=\"twitter:site\" content=\"@intoscana\" \/>\n<meta name=\"twitter:label1\" content=\"Written by\" \/>\n\t<meta name=\"twitter:data1\" content=\"Redazione\" \/>\n\t<meta name=\"twitter:label2\" content=\"Est. reading time\" \/>\n\t<meta name=\"twitter:data2\" content=\"2 minuti\" \/>\n<script type=\"application\/ld+json\" class=\"yoast-schema-graph\">{\"@context\":\"https:\/\/schema.org\",\"@graph\":[{\"@type\":\"WebPage\",\"@id\":\"https:\/\/www.intoscana.it\/it\/migliaia-di-giovani-e-leader-internazionali-a-firenze-per-il-festival-deuropa\/\",\"url\":\"https:\/\/www.intoscana.it\/it\/migliaia-di-giovani-e-leader-internazionali-a-firenze-per-il-festival-deuropa\/\",\"name\":\"Migliaia di giovani e leader internazionali a Firenze per il Festival d'Europa - intoscana\",\"isPartOf\":{\"@id\":\"https:\/\/www.intoscana.it\/it\/#website\"},\"primaryImageOfPage\":{\"@id\":\"https:\/\/www.intoscana.it\/it\/migliaia-di-giovani-e-leader-internazionali-a-firenze-per-il-festival-deuropa\/#primaryimage\"},\"image\":{\"@id\":\"https:\/\/www.intoscana.it\/it\/migliaia-di-giovani-e-leader-internazionali-a-firenze-per-il-festival-deuropa\/#primaryimage\"},\"thumbnailUrl\":\"https:\/\/www.intoscana.it\/wp-content\/uploads\/img_7119.jpg\",\"datePublished\":\"2019-05-10T14:26:17+00:00\",\"dateModified\":\"2020-05-18T07:43:51+00:00\",\"author\":{\"@id\":\"https:\/\/www.intoscana.it\/it\/#\/schema\/person\/9223810753230f20bd670fdd322661f8\"},\"description\":\"Migliaia di giovani e leader internazionali a Firenze per il Festival d'Europa\",\"breadcrumb\":{\"@id\":\"https:\/\/www.intoscana.it\/it\/migliaia-di-giovani-e-leader-internazionali-a-firenze-per-il-festival-deuropa\/#breadcrumb\"},\"inLanguage\":\"it-IT\",\"potentialAction\":[{\"@type\":\"ReadAction\",\"target\":[\"https:\/\/www.intoscana.it\/it\/migliaia-di-giovani-e-leader-internazionali-a-firenze-per-il-festival-deuropa\/\"]}]},{\"@type\":\"ImageObject\",\"inLanguage\":\"it-IT\",\"@id\":\"https:\/\/www.intoscana.it\/it\/migliaia-di-giovani-e-leader-internazionali-a-firenze-per-il-festival-deuropa\/#primaryimage\",\"url\":\"https:\/\/www.intoscana.it\/wp-content\/uploads\/img_7119.jpg\",\"contentUrl\":\"https:\/\/www.intoscana.it\/wp-content\/uploads\/img_7119.jpg\",\"width\":2000,\"height\":2000},{\"@type\":\"BreadcrumbList\",\"@id\":\"https:\/\/www.intoscana.it\/it\/migliaia-di-giovani-e-leader-internazionali-a-firenze-per-il-festival-deuropa\/#breadcrumb\",\"itemListElement\":[{\"@type\":\"ListItem\",\"position\":1,\"name\":\"Home\",\"item\":\"https:\/\/www.intoscana.it\/it\/\"},{\"@type\":\"ListItem\",\"position\":2,\"name\":\"Migliaia di giovani e leader internazionali a Firenze per il Festival d&#8217;Europa\"}]},{\"@type\":\"WebSite\",\"@id\":\"https:\/\/www.intoscana.it\/it\/#website\",\"url\":\"https:\/\/www.intoscana.it\/it\/\",\"name\":\"intoscana\",\"description\":\"\",\"potentialAction\":[{\"@type\":\"SearchAction\",\"target\":{\"@type\":\"EntryPoint\",\"urlTemplate\":\"https:\/\/www.intoscana.it\/it\/?s={search_term_string}\"},\"query-input\":{\"@type\":\"PropertyValueSpecification\",\"valueRequired\":true,\"valueName\":\"search_term_string\"}}],\"inLanguage\":\"it-IT\"},{\"@type\":\"Person\",\"@id\":\"https:\/\/www.intoscana.it\/it\/#\/schema\/person\/9223810753230f20bd670fdd322661f8\",\"name\":\"Redazione\",\"url\":\"https:\/\/www.intoscana.it\/it\/author\/redazione\/\"}]}<\/script>\n<!-- \/ Yoast SEO Premium plugin. -->","yoast_head_json":{"title":"Migliaia di giovani e leader internazionali a Firenze per il Festival d'Europa - intoscana","description":"Migliaia di giovani e leader internazionali a Firenze per il Festival d'Europa","robots":{"index":"index","follow":"follow","max-snippet":"max-snippet:-1","max-image-preview":"max-image-preview:large","max-video-preview":"max-video-preview:-1"},"canonical":"https:\/\/www.intoscana.it\/it\/migliaia-di-giovani-e-leader-internazionali-a-firenze-per-il-festival-deuropa\/","og_locale":"it_IT","og_type":"article","og_title":"Migliaia di giovani e leader internazionali a Firenze per il Festival d'Europa","og_description":"Migliaia di giovani e leader internazionali a Firenze per il Festival d'Europa","og_url":"https:\/\/www.intoscana.it\/it\/migliaia-di-giovani-e-leader-internazionali-a-firenze-per-il-festival-deuropa\/","og_site_name":"intoscana","article_publisher":"https:\/\/www.facebook.com\/intoscana.it","article_published_time":"2019-05-10T14:26:17+00:00","article_modified_time":"2020-05-18T07:43:51+00:00","og_image":[{"width":2000,"height":2000,"url":"https:\/\/www.intoscana.it\/wp-content\/uploads\/img_7119.jpg","type":"image\/jpeg"}],"author":"Redazione","twitter_card":"summary_large_image","twitter_creator":"@intoscana","twitter_site":"@intoscana","twitter_misc":{"Written by":"Redazione","Est. reading time":"2 minuti"},"schema":{"@context":"https:\/\/schema.org","@graph":[{"@type":"WebPage","@id":"https:\/\/www.intoscana.it\/it\/migliaia-di-giovani-e-leader-internazionali-a-firenze-per-il-festival-deuropa\/","url":"https:\/\/www.intoscana.it\/it\/migliaia-di-giovani-e-leader-internazionali-a-firenze-per-il-festival-deuropa\/","name":"Migliaia di giovani e leader internazionali a Firenze per il Festival d'Europa - intoscana","isPartOf":{"@id":"https:\/\/www.intoscana.it\/it\/#website"},"primaryImageOfPage":{"@id":"https:\/\/www.intoscana.it\/it\/migliaia-di-giovani-e-leader-internazionali-a-firenze-per-il-festival-deuropa\/#primaryimage"},"image":{"@id":"https:\/\/www.intoscana.it\/it\/migliaia-di-giovani-e-leader-internazionali-a-firenze-per-il-festival-deuropa\/#primaryimage"},"thumbnailUrl":"https:\/\/www.intoscana.it\/wp-content\/uploads\/img_7119.jpg","datePublished":"2019-05-10T14:26:17+00:00","dateModified":"2020-05-18T07:43:51+00:00","author":{"@id":"https:\/\/www.intoscana.it\/it\/#\/schema\/person\/9223810753230f20bd670fdd322661f8"},"description":"Migliaia di giovani e leader internazionali a Firenze per il Festival d'Europa","breadcrumb":{"@id":"https:\/\/www.intoscana.it\/it\/migliaia-di-giovani-e-leader-internazionali-a-firenze-per-il-festival-deuropa\/#breadcrumb"},"inLanguage":"it-IT","potentialAction":[{"@type":"ReadAction","target":["https:\/\/www.intoscana.it\/it\/migliaia-di-giovani-e-leader-internazionali-a-firenze-per-il-festival-deuropa\/"]}]},{"@type":"ImageObject","inLanguage":"it-IT","@id":"https:\/\/www.intoscana.it\/it\/migliaia-di-giovani-e-leader-internazionali-a-firenze-per-il-festival-deuropa\/#primaryimage","url":"https:\/\/www.intoscana.it\/wp-content\/uploads\/img_7119.jpg","contentUrl":"https:\/\/www.intoscana.it\/wp-content\/uploads\/img_7119.jpg","width":2000,"height":2000},{"@type":"BreadcrumbList","@id":"https:\/\/www.intoscana.it\/it\/migliaia-di-giovani-e-leader-internazionali-a-firenze-per-il-festival-deuropa\/#breadcrumb","itemListElement":[{"@type":"ListItem","position":1,"name":"Home","item":"https:\/\/www.intoscana.it\/it\/"},{"@type":"ListItem","position":2,"name":"Migliaia di giovani e leader internazionali a Firenze per il Festival d&#8217;Europa"}]},{"@type":"WebSite","@id":"https:\/\/www.intoscana.it\/it\/#website","url":"https:\/\/www.intoscana.it\/it\/","name":"intoscana","description":"","potentialAction":[{"@type":"SearchAction","target":{"@type":"EntryPoint","urlTemplate":"https:\/\/www.intoscana.it\/it\/?s={search_term_string}"},"query-input":{"@type":"PropertyValueSpecification","valueRequired":true,"valueName":"search_term_string"}}],"inLanguage":"it-IT"},{"@type":"Person","@id":"https:\/\/www.intoscana.it\/it\/#\/schema\/person\/9223810753230f20bd670fdd322661f8","name":"Redazione","url":"https:\/\/www.intoscana.it\/it\/author\/redazione\/"}]}},"_links":{"self":[{"href":"https:\/\/www.intoscana.it\/it\/wp-json\/wp\/v2\/posts\/64855","targetHints":{"allow":["GET"]}}],"collection":[{"href":"https:\/\/www.intoscana.it\/it\/wp-json\/wp\/v2\/posts"}],"about":[{"href":"https:\/\/www.intoscana.it\/it\/wp-json\/wp\/v2\/types\/post"}],"author":[{"embeddable":true,"href":"https:\/\/www.intoscana.it\/it\/wp-json\/wp\/v2\/users\/525"}],"replies":[{"embeddable":true,"href":"https:\/\/www.intoscana.it\/it\/wp-json\/wp\/v2\/comments?post=64855"}],"version-history":[{"count":0,"href":"https:\/\/www.intoscana.it\/it\/wp-json\/wp\/v2\/posts\/64855\/revisions"}],"wp:featuredmedia":[{"embeddable":true,"href":"https:\/\/www.intoscana.it\/it\/wp-json\/wp\/v2\/media\/102319"}],"wp:attachment":[{"href":"https:\/\/www.intoscana.it\/it\/wp-json\/wp\/v2\/media?parent=64855"}],"wp:term":[{"taxonomy":"category","embeddable":true,"href":"https:\/\/www.intoscana.it\/it\/wp-json\/wp\/v2\/categories?post=64855"},{"taxonomy":"post_tag","embeddable":true,"href":"https:\/\/www.intoscana.it\/it\/wp-json\/wp\/v2\/tags?post=64855"}],"curies":[{"name":"wp","href":"https:\/\/api.w.org\/{rel}","templated":true}]}}