{"id":64865,"date":"2019-07-19T11:51:56","date_gmt":"2019-07-19T11:51:56","guid":{"rendered":"http:\/\/www.intoscana.it\/il-disabile-che-ospita-in-casa-limmigrato-il-bello-della-solidarieta\/"},"modified":"2020-05-19T16:02:03","modified_gmt":"2020-05-19T14:02:03","slug":"disabile-ospita-immigrato","status":"publish","type":"post","link":"https:\/\/www.intoscana.it\/it\/disabile-ospita-immigrato\/","title":{"rendered":"Il disabile che ospita in casa l&#8217;immigrato, il bello della solidariet\u00e0"},"content":{"rendered":"<p><strong>Lui si chiama Claudio, \u00e8 italiano, disabile intellettivo, ha 56 anni. L\u2019altro si chiama Chedli, \u00e8 tunisino, 55 anni, disoccupato<\/strong>. Claudio, a causa della sua disabilit\u00e0, non pu\u00f2 essere totalmente autosufficiente. E cos\u00ec, ha scelto di ospitare nella propria casa Chedli, che partecipa simbolicamente alle spese per le utenze e che pu\u00f2 dare una mano ad assistere Claudio.<\/p>\n<p><strong>Claudio e Chedli vivono insieme da un anno e sono diventati come fratelli.<\/strong> L\u2019uno indispensabile all\u2019altro. Due marginalit\u00e0 e due solitudini che si incontrano. Claudio non potrebbe essere autosufficiente senza Chedli, Chedli non avrebbe una casa senza Claudio.<\/p>\n<p><strong>Una convivenza resa possibile grazie all&#8217; associazione <a href=\"http:\/\/www.abitaresolidaleauser.it\/\" target=\"_blank\" rel=\"noopener noreferrer\">Auser Volontariato Abitare Solidale<\/a> che nasce dall\u2019idea di trasformare il \u201cproblema abitativo\u201d in nuove opportunit\u00e0 per la costruzione di una comunit\u00e0 pi\u00f9 coesa e solidale.<\/strong> Abitare Solidale ha come obiettivo l\u2019attivazione di percorsi di coabitazione tra anziani e non solo, residenti in case con pi\u00f9 di una camera da letto, e quanti abbiano bisogno di alloggio e vivano una situazione di momentanea difficolt\u00e0. Un rapporto di convivenza basato su un patto abitativo che prevede un reciproco scambio di servizi, in sostituzione del tradizionale contratto d\u2019affitto.<\/p>\n<p><strong>Claudio si fa aiutare da Chedli in tutto: cucinare, lavare, stirare, rigovernare, spazzare.<\/strong> \u00abDa solo non riuscirei a fare tutte queste cose\u00bb dice Claudio. \u00abSe riesco ad avere una vita cos\u00ec bella lo devo interamente a Chedli, che mi sostiene in tutto, a lui mi sono molto affezionato\u00bb. Chedli in passato ha lavorato come fornaio e come pizzaiolo, in cucina \u00e8 bravissimo. \u00abI suoi piatti sono squisiti, mi piace la pizza e il cous cous, la sera mangiamo sempre insieme e cucina sempre lui, non vedo l\u2019ora di mangiare\u00bb aggiunge Claudio.<\/p>\n<p><strong>Anche Chedli \u00e8 molto riconoscente nei suoi confronti:<\/strong> \u00abSe non ci fosse lui, rischierei di stare in mezzo a una strada, sto cercando lavoro ma alla mia et\u00e0 sono pochi a darti una possibilit\u00e0 di assunzione\u00bb. Claudio invece lavora come addetto alle pulizie in una casa di cura, \u00e8 stato assunto come categoria protetta.<\/p>\n<p><strong>La casa, in zona Campo di Marte a Firenze, \u00e8 affittata da Claudio da un privato ed \u00e8 grande quanto basta:<\/strong> un salottino, una sala da pranzo e due stanze, quella di Claudio con un letto matrimoniale, quella di Chedli con un lettino. Sia Claudio che Chedli, data la loro condizione di marginalit\u00e0, sono seguiti dai servizi sociali. I due sono diventati talmente legati l\u2019uno all\u2019altro che a luglio sono andati in vacanza insieme, una settimana a Rimini. \u00ab\u00c8 stata una settimana da urlo, ci siamo divertiti tantissimo\u00bb dicono i due. Entrambi sono felici di questa convivenza: \u00ab\u00c8 proprio vero che l\u2019unione fa la forza\u00bb ribadiscono. \u00abInsieme non siamo pi\u00f9 soli, possiamo chiacchierare, ridere, scherzare e vivere dignitosamente\u00bb.<\/p>\n<p><strong>\u00abLa storia di Claudio e Chedli ci dimostra come aprire la propria casa a un&#8217;altra persona significhi spalancare nuove opportunit\u00e0 di vita\u00bb ha detto Gabriele Danesi, coordinatore di Abitare Solidale.<\/strong> \u00abLa coabitazione \u00e8 proprio questo: avviare una piccola rivoluzione con gesti semplici, ma dal grande significato\u00bb.<\/p>\n<p><strong>Nel periodo estivo, Abitare Solidale non va in vacanza e cerca nuovi volontari.<\/strong> \u00abCerchiamo volontari che possano accompagnare le persone nella convivenza, affinch\u00e9 possano imparare a conoscersi e diventare coinquilini\u00bb. Le persone interessate possono chiamare il 320 4317644 o scrivere a <a href=\"mailto:abitaresolidaleauser@gmail.com\">abitaresolidaleauser@gmail.com<\/a>.<\/p>\n","protected":false},"excerpt":{"rendered":"<p>Quando l&#8217;ordinario diventa straordinario, grazie ad Auser. Storia di solidariet\u00e0 a Firenze, dove convivono il disabile Claudio e il tunisino Chedli. &#8216;Insieme siamo felici&#8217;, dicono<\/p>\n","protected":false},"author":525,"featured_media":102329,"comment_status":"open","ping_status":"open","sticky":false,"template":"","format":"standard","meta":{"_acf_changed":false,"footnotes":""},"categories":[494,7],"tags":[406,356,416],"class_list":["post-64865","post","type-post","status-publish","format-standard","has-post-thumbnail","hentry","category-attualita","category-societa","tag-disabilita","tag-solidarieta","tag-volontariato"],"acf":[],"yoast_head":"<!-- This site is optimized with the Yoast SEO Premium plugin v24.2 (Yoast SEO v25.6) - https:\/\/yoast.com\/wordpress\/plugins\/seo\/ -->\n<title>Il disabile che ospita in casa l&#039;immigrato, il bello della solidariet\u00e0 - intoscana<\/title>\n<meta name=\"robots\" content=\"index, follow, max-snippet:-1, max-image-preview:large, max-video-preview:-1\" \/>\n<link rel=\"canonical\" href=\"https:\/\/www.intoscana.it\/it\/disabile-ospita-immigrato\/\" \/>\n<meta property=\"og:locale\" content=\"it_IT\" \/>\n<meta property=\"og:type\" content=\"article\" \/>\n<meta property=\"og:title\" content=\"Il disabile che ospita in casa l&#039;immigrato, il bello della solidariet\u00e0\" \/>\n<meta property=\"og:description\" content=\"Quando l&#039;ordinario diventa straordinario, grazie ad Auser. Storia di solidariet\u00e0 a Firenze, dove convivono il disabile Claudio e il tunisino Chedli. &#039;Insieme siamo felici&#039;, dicono\" \/>\n<meta property=\"og:url\" content=\"https:\/\/www.intoscana.it\/it\/disabile-ospita-immigrato\/\" \/>\n<meta property=\"og:site_name\" content=\"intoscana\" \/>\n<meta property=\"article:publisher\" content=\"https:\/\/www.facebook.com\/intoscana.it\" \/>\n<meta property=\"article:published_time\" content=\"2019-07-19T11:51:56+00:00\" \/>\n<meta property=\"article:modified_time\" content=\"2020-05-19T14:02:03+00:00\" \/>\n<meta property=\"og:image\" content=\"https:\/\/www.intoscana.it\/wp-content\/uploads\/claudio_chedli.jpg\" \/>\n\t<meta property=\"og:image:width\" content=\"1000\" \/>\n\t<meta property=\"og:image:height\" content=\"750\" \/>\n\t<meta property=\"og:image:type\" content=\"image\/jpeg\" \/>\n<meta name=\"author\" content=\"Redazione\" \/>\n<meta name=\"twitter:card\" content=\"summary_large_image\" \/>\n<meta name=\"twitter:creator\" content=\"@intoscana\" \/>\n<meta name=\"twitter:site\" content=\"@intoscana\" \/>\n<meta name=\"twitter:label1\" content=\"Written by\" \/>\n\t<meta name=\"twitter:data1\" content=\"Redazione\" \/>\n\t<meta name=\"twitter:label2\" content=\"Est. reading time\" \/>\n\t<meta name=\"twitter:data2\" content=\"3 minuti\" \/>\n<script type=\"application\/ld+json\" class=\"yoast-schema-graph\">{\"@context\":\"https:\/\/schema.org\",\"@graph\":[{\"@type\":\"WebPage\",\"@id\":\"https:\/\/www.intoscana.it\/it\/disabile-ospita-immigrato\/\",\"url\":\"https:\/\/www.intoscana.it\/it\/disabile-ospita-immigrato\/\",\"name\":\"Il disabile che ospita in casa l'immigrato, il bello della solidariet\u00e0 - intoscana\",\"isPartOf\":{\"@id\":\"https:\/\/www.intoscana.it\/it\/#website\"},\"primaryImageOfPage\":{\"@id\":\"https:\/\/www.intoscana.it\/it\/disabile-ospita-immigrato\/#primaryimage\"},\"image\":{\"@id\":\"https:\/\/www.intoscana.it\/it\/disabile-ospita-immigrato\/#primaryimage\"},\"thumbnailUrl\":\"https:\/\/www.intoscana.it\/wp-content\/uploads\/claudio_chedli.jpg\",\"datePublished\":\"2019-07-19T11:51:56+00:00\",\"dateModified\":\"2020-05-19T14:02:03+00:00\",\"author\":{\"@id\":\"https:\/\/www.intoscana.it\/it\/#\/schema\/person\/9223810753230f20bd670fdd322661f8\"},\"breadcrumb\":{\"@id\":\"https:\/\/www.intoscana.it\/it\/disabile-ospita-immigrato\/#breadcrumb\"},\"inLanguage\":\"it-IT\",\"potentialAction\":[{\"@type\":\"ReadAction\",\"target\":[\"https:\/\/www.intoscana.it\/it\/disabile-ospita-immigrato\/\"]}]},{\"@type\":\"ImageObject\",\"inLanguage\":\"it-IT\",\"@id\":\"https:\/\/www.intoscana.it\/it\/disabile-ospita-immigrato\/#primaryimage\",\"url\":\"https:\/\/www.intoscana.it\/wp-content\/uploads\/claudio_chedli.jpg\",\"contentUrl\":\"https:\/\/www.intoscana.it\/wp-content\/uploads\/claudio_chedli.jpg\",\"width\":1000,\"height\":750,\"caption\":\"Chedli e Claudio\"},{\"@type\":\"BreadcrumbList\",\"@id\":\"https:\/\/www.intoscana.it\/it\/disabile-ospita-immigrato\/#breadcrumb\",\"itemListElement\":[{\"@type\":\"ListItem\",\"position\":1,\"name\":\"Home\",\"item\":\"https:\/\/www.intoscana.it\/it\/\"},{\"@type\":\"ListItem\",\"position\":2,\"name\":\"Il disabile che ospita in casa l&#8217;immigrato, il bello della solidariet\u00e0\"}]},{\"@type\":\"WebSite\",\"@id\":\"https:\/\/www.intoscana.it\/it\/#website\",\"url\":\"https:\/\/www.intoscana.it\/it\/\",\"name\":\"intoscana\",\"description\":\"\",\"potentialAction\":[{\"@type\":\"SearchAction\",\"target\":{\"@type\":\"EntryPoint\",\"urlTemplate\":\"https:\/\/www.intoscana.it\/it\/?s={search_term_string}\"},\"query-input\":{\"@type\":\"PropertyValueSpecification\",\"valueRequired\":true,\"valueName\":\"search_term_string\"}}],\"inLanguage\":\"it-IT\"},{\"@type\":\"Person\",\"@id\":\"https:\/\/www.intoscana.it\/it\/#\/schema\/person\/9223810753230f20bd670fdd322661f8\",\"name\":\"Redazione\",\"url\":\"https:\/\/www.intoscana.it\/it\/author\/redazione\/\"}]}<\/script>\n<!-- \/ Yoast SEO Premium plugin. -->","yoast_head_json":{"title":"Il disabile che ospita in casa l'immigrato, il bello della solidariet\u00e0 - intoscana","robots":{"index":"index","follow":"follow","max-snippet":"max-snippet:-1","max-image-preview":"max-image-preview:large","max-video-preview":"max-video-preview:-1"},"canonical":"https:\/\/www.intoscana.it\/it\/disabile-ospita-immigrato\/","og_locale":"it_IT","og_type":"article","og_title":"Il disabile che ospita in casa l'immigrato, il bello della solidariet\u00e0","og_description":"Quando l'ordinario diventa straordinario, grazie ad Auser. Storia di solidariet\u00e0 a Firenze, dove convivono il disabile Claudio e il tunisino Chedli. 'Insieme siamo felici', dicono","og_url":"https:\/\/www.intoscana.it\/it\/disabile-ospita-immigrato\/","og_site_name":"intoscana","article_publisher":"https:\/\/www.facebook.com\/intoscana.it","article_published_time":"2019-07-19T11:51:56+00:00","article_modified_time":"2020-05-19T14:02:03+00:00","og_image":[{"width":1000,"height":750,"url":"https:\/\/www.intoscana.it\/wp-content\/uploads\/claudio_chedli.jpg","type":"image\/jpeg"}],"author":"Redazione","twitter_card":"summary_large_image","twitter_creator":"@intoscana","twitter_site":"@intoscana","twitter_misc":{"Written by":"Redazione","Est. reading time":"3 minuti"},"schema":{"@context":"https:\/\/schema.org","@graph":[{"@type":"WebPage","@id":"https:\/\/www.intoscana.it\/it\/disabile-ospita-immigrato\/","url":"https:\/\/www.intoscana.it\/it\/disabile-ospita-immigrato\/","name":"Il disabile che ospita in casa l'immigrato, il bello della solidariet\u00e0 - intoscana","isPartOf":{"@id":"https:\/\/www.intoscana.it\/it\/#website"},"primaryImageOfPage":{"@id":"https:\/\/www.intoscana.it\/it\/disabile-ospita-immigrato\/#primaryimage"},"image":{"@id":"https:\/\/www.intoscana.it\/it\/disabile-ospita-immigrato\/#primaryimage"},"thumbnailUrl":"https:\/\/www.intoscana.it\/wp-content\/uploads\/claudio_chedli.jpg","datePublished":"2019-07-19T11:51:56+00:00","dateModified":"2020-05-19T14:02:03+00:00","author":{"@id":"https:\/\/www.intoscana.it\/it\/#\/schema\/person\/9223810753230f20bd670fdd322661f8"},"breadcrumb":{"@id":"https:\/\/www.intoscana.it\/it\/disabile-ospita-immigrato\/#breadcrumb"},"inLanguage":"it-IT","potentialAction":[{"@type":"ReadAction","target":["https:\/\/www.intoscana.it\/it\/disabile-ospita-immigrato\/"]}]},{"@type":"ImageObject","inLanguage":"it-IT","@id":"https:\/\/www.intoscana.it\/it\/disabile-ospita-immigrato\/#primaryimage","url":"https:\/\/www.intoscana.it\/wp-content\/uploads\/claudio_chedli.jpg","contentUrl":"https:\/\/www.intoscana.it\/wp-content\/uploads\/claudio_chedli.jpg","width":1000,"height":750,"caption":"Chedli e Claudio"},{"@type":"BreadcrumbList","@id":"https:\/\/www.intoscana.it\/it\/disabile-ospita-immigrato\/#breadcrumb","itemListElement":[{"@type":"ListItem","position":1,"name":"Home","item":"https:\/\/www.intoscana.it\/it\/"},{"@type":"ListItem","position":2,"name":"Il disabile che ospita in casa l&#8217;immigrato, il bello della solidariet\u00e0"}]},{"@type":"WebSite","@id":"https:\/\/www.intoscana.it\/it\/#website","url":"https:\/\/www.intoscana.it\/it\/","name":"intoscana","description":"","potentialAction":[{"@type":"SearchAction","target":{"@type":"EntryPoint","urlTemplate":"https:\/\/www.intoscana.it\/it\/?s={search_term_string}"},"query-input":{"@type":"PropertyValueSpecification","valueRequired":true,"valueName":"search_term_string"}}],"inLanguage":"it-IT"},{"@type":"Person","@id":"https:\/\/www.intoscana.it\/it\/#\/schema\/person\/9223810753230f20bd670fdd322661f8","name":"Redazione","url":"https:\/\/www.intoscana.it\/it\/author\/redazione\/"}]}},"_links":{"self":[{"href":"https:\/\/www.intoscana.it\/it\/wp-json\/wp\/v2\/posts\/64865","targetHints":{"allow":["GET"]}}],"collection":[{"href":"https:\/\/www.intoscana.it\/it\/wp-json\/wp\/v2\/posts"}],"about":[{"href":"https:\/\/www.intoscana.it\/it\/wp-json\/wp\/v2\/types\/post"}],"author":[{"embeddable":true,"href":"https:\/\/www.intoscana.it\/it\/wp-json\/wp\/v2\/users\/525"}],"replies":[{"embeddable":true,"href":"https:\/\/www.intoscana.it\/it\/wp-json\/wp\/v2\/comments?post=64865"}],"version-history":[{"count":0,"href":"https:\/\/www.intoscana.it\/it\/wp-json\/wp\/v2\/posts\/64865\/revisions"}],"wp:featuredmedia":[{"embeddable":true,"href":"https:\/\/www.intoscana.it\/it\/wp-json\/wp\/v2\/media\/102329"}],"wp:attachment":[{"href":"https:\/\/www.intoscana.it\/it\/wp-json\/wp\/v2\/media?parent=64865"}],"wp:term":[{"taxonomy":"category","embeddable":true,"href":"https:\/\/www.intoscana.it\/it\/wp-json\/wp\/v2\/categories?post=64865"},{"taxonomy":"post_tag","embeddable":true,"href":"https:\/\/www.intoscana.it\/it\/wp-json\/wp\/v2\/tags?post=64865"}],"curies":[{"name":"wp","href":"https:\/\/api.w.org\/{rel}","templated":true}]}}